{"id":46182,"date":"2025-01-30T06:30:00","date_gmt":"2025-01-30T12:30:00","guid":{"rendered":"https:\/\/www.igssgt.org\/noticias\/?p=46182"},"modified":"2025-01-27T14:54:52","modified_gmt":"2025-01-27T20:54:52","slug":"instalaciones-del-hospital-de-antigua-guatemala-sacatepequez-la-capitania-favorecen-a-los-pequenos","status":"publish","type":"post","link":"https:\/\/www.igssgt.org\/noticias\/2025\/01\/30\/instalaciones-del-hospital-de-antigua-guatemala-sacatepequez-la-capitania-favorecen-a-los-pequenos\/","title":{"rendered":"Instalaciones del Hospital de Antigua Guatemala, Sacatep\u00e9quez \u201cLa Capitan\u00eda\u201d favorecen a los peque\u00f1os"},"content":{"rendered":"\n<p class=\"has-drop-cap\">Ana Valeria de 1 a\u00f1o, fue la primera paciente pedi\u00e1trica internada en el \u00e1rea de encamamiento del Hospital de Antigua Guatemala, Sacatep\u00e9quez \u201cLa Capitan\u00eda\u201d, quien fue llevada al \u00e1rea de emergencia por su mam\u00e1, Emilia Eleb\u00f3n, de la aldea Zorzoya del municipio de San Lucas Sacatep\u00e9quez.<\/p>\n\n\n\n<figure id=\"attachment_46184\" aria-describedby=\"caption-attachment-46184\" style=\"width: 300px\" class=\"wp-caption alignright\"><img loading=\"lazy\" decoding=\"async\" class=\"wp-image-46184 size-medium\" src=\"\/wp-content\/uploads\/sites\/5\/2025\/01\/IGSS-Capitania-primer-paciente-pedia-2025-1-300x200.jpg\" alt=\"\" width=\"300\" height=\"200\" srcset=\"\/wp-content\/uploads\/sites\/5\/2025\/01\/IGSS-Capitania-primer-paciente-pedia-2025-1-300x200.jpg 300w, \/wp-content\/uploads\/sites\/5\/2025\/01\/IGSS-Capitania-primer-paciente-pedia-2025-1-1024x682.jpg 1024w, \/wp-content\/uploads\/sites\/5\/2025\/01\/IGSS-Capitania-primer-paciente-pedia-2025-1-768x512.jpg 768w, \/wp-content\/uploads\/sites\/5\/2025\/01\/IGSS-Capitania-primer-paciente-pedia-2025-1-1536x1023.jpg 1536w, \/wp-content\/uploads\/sites\/5\/2025\/01\/IGSS-Capitania-primer-paciente-pedia-2025-1-630x420.jpg 630w, \/wp-content\/uploads\/sites\/5\/2025\/01\/IGSS-Capitania-primer-paciente-pedia-2025-1-696x464.jpg 696w, \/wp-content\/uploads\/sites\/5\/2025\/01\/IGSS-Capitania-primer-paciente-pedia-2025-1-1068x712.jpg 1068w, \/wp-content\/uploads\/sites\/5\/2025\/01\/IGSS-Capitania-primer-paciente-pedia-2025-1-534x356.jpg 534w, \/wp-content\/uploads\/sites\/5\/2025\/01\/IGSS-Capitania-primer-paciente-pedia-2025-1.jpg 1600w\" sizes=\"auto, (max-width: 300px) 100vw, 300px\" \/><figcaption id=\"caption-attachment-46184\" class=\"wp-caption-text\">La doctora Sol Violeta L\u00f3pez atendiendo a la peque\u00f1a Ana Valeria.<\/figcaption><\/figure>\n<p>La Dra. Sol Violeta L\u00f3pez, pediatra del Hospital de Antigua Guatemala, Sacatep\u00e9quez \u201cLa Capitan\u00eda\u201d, indic\u00f3 que la paciente fue ingresada por diarrea asociada con v\u00f3mitos, con signos y s\u00edntomas de deshidrataci\u00f3n que ameritaba tratamiento a nivel intrahospitalario, se le brind\u00f3 atenci\u00f3n oportuna por parte de especialistas y personal param\u00e9dico permitiendo su egreso de manera satisfactoria.<\/p>\n<p>La mam\u00e1 de Ana Valeria, manifest\u00f3 su agradecimiento hacia el personal de la Unidad Hospitalaria por la atenci\u00f3n que recibieron, y por la habilitaci\u00f3n de estas instalaciones que representan una gran ayuda para no tener que trasladarse hasta la ciudad capital.<\/p>\n<figure id=\"attachment_46186\" aria-describedby=\"caption-attachment-46186\" style=\"width: 708px\" class=\"wp-caption alignnone\"><img loading=\"lazy\" decoding=\"async\" class=\"wp-image-46186\" src=\"\/wp-content\/uploads\/sites\/5\/2025\/01\/IGSS-Capitania-primer-paciente-pedia-2025-3-300x200.jpg\" alt=\"\" width=\"708\" height=\"472\" srcset=\"\/wp-content\/uploads\/sites\/5\/2025\/01\/IGSS-Capitania-primer-paciente-pedia-2025-3-300x200.jpg 300w, \/wp-content\/uploads\/sites\/5\/2025\/01\/IGSS-Capitania-primer-paciente-pedia-2025-3-1024x682.jpg 1024w, \/wp-content\/uploads\/sites\/5\/2025\/01\/IGSS-Capitania-primer-paciente-pedia-2025-3-768x512.jpg 768w, \/wp-content\/uploads\/sites\/5\/2025\/01\/IGSS-Capitania-primer-paciente-pedia-2025-3-1536x1023.jpg 1536w, \/wp-content\/uploads\/sites\/5\/2025\/01\/IGSS-Capitania-primer-paciente-pedia-2025-3-630x420.jpg 630w, \/wp-content\/uploads\/sites\/5\/2025\/01\/IGSS-Capitania-primer-paciente-pedia-2025-3-696x464.jpg 696w, \/wp-content\/uploads\/sites\/5\/2025\/01\/IGSS-Capitania-primer-paciente-pedia-2025-3-1068x712.jpg 1068w, \/wp-content\/uploads\/sites\/5\/2025\/01\/IGSS-Capitania-primer-paciente-pedia-2025-3-534x356.jpg 534w, \/wp-content\/uploads\/sites\/5\/2025\/01\/IGSS-Capitania-primer-paciente-pedia-2025-3.jpg 1600w\" sizes=\"auto, (max-width: 708px) 100vw, 708px\" \/><figcaption id=\"caption-attachment-46186\" class=\"wp-caption-text\">La primer paciente pedi\u00e1trica fue tratada y estabilizada satisfactoriamente por parte del personal.<\/figcaption><\/figure>\n<p>Este nuevo modelo de atenci\u00f3n a nivel nacional en pro de la poblaci\u00f3n asegurada de Sacatep\u00e9quez fue inaugurado a finales del a\u00f1o 2024 con el objetivo de reducir los traslados de pacientes hacia otras unidades del Seguro Social. \u00a0<\/p>\n<figure id=\"attachment_46187\" aria-describedby=\"caption-attachment-46187\" style=\"width: 705px\" class=\"wp-caption alignnone\"><img loading=\"lazy\" decoding=\"async\" class=\"wp-image-46187\" src=\"\/wp-content\/uploads\/sites\/5\/2025\/01\/IGSS-Capitania-primer-paciente-pedia-2025-2-300x200.jpg\" alt=\"\" width=\"705\" height=\"470\" srcset=\"\/wp-content\/uploads\/sites\/5\/2025\/01\/IGSS-Capitania-primer-paciente-pedia-2025-2-300x200.jpg 300w, \/wp-content\/uploads\/sites\/5\/2025\/01\/IGSS-Capitania-primer-paciente-pedia-2025-2-1024x682.jpg 1024w, \/wp-content\/uploads\/sites\/5\/2025\/01\/IGSS-Capitania-primer-paciente-pedia-2025-2-768x512.jpg 768w, \/wp-content\/uploads\/sites\/5\/2025\/01\/IGSS-Capitania-primer-paciente-pedia-2025-2-1536x1023.jpg 1536w, \/wp-content\/uploads\/sites\/5\/2025\/01\/IGSS-Capitania-primer-paciente-pedia-2025-2-630x420.jpg 630w, \/wp-content\/uploads\/sites\/5\/2025\/01\/IGSS-Capitania-primer-paciente-pedia-2025-2-696x464.jpg 696w, \/wp-content\/uploads\/sites\/5\/2025\/01\/IGSS-Capitania-primer-paciente-pedia-2025-2-1068x712.jpg 1068w, \/wp-content\/uploads\/sites\/5\/2025\/01\/IGSS-Capitania-primer-paciente-pedia-2025-2-534x356.jpg 534w, \/wp-content\/uploads\/sites\/5\/2025\/01\/IGSS-Capitania-primer-paciente-pedia-2025-2.jpg 1600w\" sizes=\"auto, (max-width: 705px) 100vw, 705px\" \/><figcaption id=\"caption-attachment-46187\" class=\"wp-caption-text\">EL personal multidisciplinario es parte fundamental para la descentralizaci\u00f3n de los servicios y as\u00ed atender las necesidades de los derechohabientes.<\/figcaption><\/figure>\n<p>\u00a0<\/p>\n","protected":false},"excerpt":{"rendered":"<p>Ana Valeria de 1 a\u00f1o, fue la primera paciente pedi\u00e1trica internada en el \u00e1rea de encamamiento del Hospital de Antigua Guatemala, Sacatep\u00e9quez \u201cLa Capitan\u00eda\u201d, quien fue llevada al \u00e1rea de emergencia por su mam\u00e1, Emilia Eleb\u00f3n, de la aldea Zorzoya del municipio de San Lucas Sacatep\u00e9quez. La Dra. Sol Violeta L\u00f3pez, pediatra del Hospital de [&hellip;]<\/p>\n","protected":false},"author":3269,"featured_media":46183,"comment_status":"closed","ping_status":"closed","sticky":false,"template":"","format":"standard","meta":{"footnotes":""},"categories":[3,4,18,24,1291,31,33],"tags":[1995,1992,490,698],"coauthors":[1970],"class_list":{"0":"post-46182","1":"post","2":"type-post","3":"status-publish","4":"format-standard","5":"has-post-thumbnail","7":"category-actualidad","8":"category-afiliados","9":"category-equipamiento-e-infraestructura","10":"category-pediatria","11":"category-prestaciones-en-salud","12":"category-salud","13":"category-servicios-de-salud","14":"tag-dra-sol-violeta-lopez","15":"tag-hospital-de-antigua-la-capitania","16":"tag-igss","17":"tag-pediatria"},"_links":{"self":[{"href":"https:\/\/www.igssgt.org\/noticias\/wp-json\/wp\/v2\/posts\/46182","targetHints":{"allow":["GET"]}}],"collection":[{"href":"https:\/\/www.igssgt.org\/noticias\/wp-json\/wp\/v2\/posts"}],"about":[{"href":"https:\/\/www.igssgt.org\/noticias\/wp-json\/wp\/v2\/types\/post"}],"author":[{"embeddable":true,"href":"https:\/\/www.igssgt.org\/noticias\/wp-json\/wp\/v2\/users\/3269"}],"replies":[{"embeddable":true,"href":"https:\/\/www.igssgt.org\/noticias\/wp-json\/wp\/v2\/comments?post=46182"}],"version-history":[{"count":2,"href":"https:\/\/www.igssgt.org\/noticias\/wp-json\/wp\/v2\/posts\/46182\/revisions"}],"predecessor-version":[{"id":46188,"href":"https:\/\/www.igssgt.org\/noticias\/wp-json\/wp\/v2\/posts\/46182\/revisions\/46188"}],"wp:featuredmedia":[{"embeddable":true,"href":"https:\/\/www.igssgt.org\/noticias\/wp-json\/wp\/v2\/media\/46183"}],"wp:attachment":[{"href":"https:\/\/www.igssgt.org\/noticias\/wp-json\/wp\/v2\/media?parent=46182"}],"wp:term":[{"taxonomy":"category","embeddable":true,"href":"https:\/\/www.igssgt.org\/noticias\/wp-json\/wp\/v2\/categories?post=46182"},{"taxonomy":"post_tag","embeddable":true,"href":"https:\/\/www.igssgt.org\/noticias\/wp-json\/wp\/v2\/tags?post=46182"},{"taxonomy":"author","embeddable":true,"href":"https:\/\/www.igssgt.org\/noticias\/wp-json\/wp\/v2\/coauthors?post=46182"}],"curies":[{"name":"wp","href":"https:\/\/api.w.org\/{rel}","templated":true}]}}