{"id":46200,"date":"2025-02-02T07:02:00","date_gmt":"2025-02-02T13:02:00","guid":{"rendered":"https:\/\/www.igssgt.org\/noticias\/?p=46200"},"modified":"2025-01-29T10:04:26","modified_gmt":"2025-01-29T16:04:26","slug":"conozca-como-afrontar-el-estres-y-la-ansiedad","status":"publish","type":"post","link":"https:\/\/www.igssgt.org\/noticias\/2025\/02\/02\/conozca-como-afrontar-el-estres-y-la-ansiedad\/","title":{"rendered":"Conozca c\u00f3mo afrontar el estr\u00e9s y la ansiedad"},"content":{"rendered":"\n<p class=\"has-drop-cap\">A diario, muchas personas se encuentran ante una encrucijada emocional, enfrentando desaf\u00edos psicol\u00f3gicos que pueden impactar en su bienestar.<\/p>\n\n\n\n\n\n<p>La presi\u00f3n social por cumplir con las expectativas y prop\u00f3sitos anuales a menudo desencadena niveles elevados de ansiedad y estr\u00e9s.<\/p>\n<p>Reconocer estos retos es fundamental para abordarlos con una perspectiva saludable. La Licenciada Amarilis Ovalle, psic\u00f3loga del Hospital IGSS de Escuintla, comparti\u00f3 su visi\u00f3n y estrategias para afrontar estas etapas de transformaci\u00f3n personal.<\/p>\n<figure id=\"attachment_46202\" aria-describedby=\"caption-attachment-46202\" style=\"width: 690px\" class=\"wp-caption alignnone\"><img loading=\"lazy\" decoding=\"async\" class=\"wp-image-46202\" src=\"\/wp-content\/uploads\/sites\/5\/2025\/01\/80ed68ae-ab56-4542-a0f3-cd3a28f87e61-1-300x200.jpg\" alt=\"\" width=\"690\" height=\"460\" srcset=\"\/wp-content\/uploads\/sites\/5\/2025\/01\/80ed68ae-ab56-4542-a0f3-cd3a28f87e61-1-300x200.jpg 300w, \/wp-content\/uploads\/sites\/5\/2025\/01\/80ed68ae-ab56-4542-a0f3-cd3a28f87e61-1-1024x682.jpg 1024w, \/wp-content\/uploads\/sites\/5\/2025\/01\/80ed68ae-ab56-4542-a0f3-cd3a28f87e61-1-768x512.jpg 768w, \/wp-content\/uploads\/sites\/5\/2025\/01\/80ed68ae-ab56-4542-a0f3-cd3a28f87e61-1-1536x1023.jpg 1536w, \/wp-content\/uploads\/sites\/5\/2025\/01\/80ed68ae-ab56-4542-a0f3-cd3a28f87e61-1-630x420.jpg 630w, \/wp-content\/uploads\/sites\/5\/2025\/01\/80ed68ae-ab56-4542-a0f3-cd3a28f87e61-1-696x464.jpg 696w, \/wp-content\/uploads\/sites\/5\/2025\/01\/80ed68ae-ab56-4542-a0f3-cd3a28f87e61-1-1068x712.jpg 1068w, \/wp-content\/uploads\/sites\/5\/2025\/01\/80ed68ae-ab56-4542-a0f3-cd3a28f87e61-1-534x356.jpg 534w, \/wp-content\/uploads\/sites\/5\/2025\/01\/80ed68ae-ab56-4542-a0f3-cd3a28f87e61-1.jpg 1600w\" sizes=\"auto, (max-width: 690px) 100vw, 690px\" \/><figcaption id=\"caption-attachment-46202\" class=\"wp-caption-text\">En el Hospital de Escuintla se ofrece apoyo y orientaci\u00f3n para manejar el estr\u00e9s y la ansiedad a los derechohabientes y afiliados de la costa sur.<\/figcaption><\/figure>\n<p>Ovalle explic\u00f3 que establecer prop\u00f3sitos puede ser motivador, pero tambi\u00e9n genera una carga emocional significativa, ya que las personas suelen medir su \u00e9xito en funci\u00f3n de estos objetivos.<\/p>\n<p>\u201cLa gesti\u00f3n de las emociones es esencial, la voluntad de movernos hacia el cambio debe balancearse con la realidad de nuestras capacidades\u201d, asegur\u00f3. Abogar por un enfoque consciente y realista frente a los prop\u00f3sitos ayuda a mitigar la ansiedad que puede surgir al no cumplir con las metas establecidas.<\/p>\n<p>Para manejar el estr\u00e9s y la ansiedad asociados, la licenciada aconseja que las personas se pregunten a s\u00ed mismas qu\u00e9 es lo que realmente desean lograr y cu\u00e1l es su verdadero prop\u00f3sito.<\/p>\n<p>\u00abEstablecer metas espec\u00edficas y alcanzables es un primer paso crucial\u00bb, agreg\u00f3 Ovalle. La planificaci\u00f3n y la escritura de esos objetivos son estrategias que permiten a los individuos tomar control de su camino y evitar la autoexigencia excesiva.<\/p>\n<figure id=\"attachment_46203\" aria-describedby=\"caption-attachment-46203\" style=\"width: 696px\" class=\"wp-caption alignnone\"><img loading=\"lazy\" decoding=\"async\" class=\"wp-image-46203\" src=\"\/wp-content\/uploads\/sites\/5\/2025\/01\/7a14a3dd-5331-4da4-9e3a-f673e1c0b959-300x200.jpg\" alt=\"\" width=\"696\" height=\"464\" srcset=\"\/wp-content\/uploads\/sites\/5\/2025\/01\/7a14a3dd-5331-4da4-9e3a-f673e1c0b959-300x200.jpg 300w, \/wp-content\/uploads\/sites\/5\/2025\/01\/7a14a3dd-5331-4da4-9e3a-f673e1c0b959-1024x682.jpg 1024w, \/wp-content\/uploads\/sites\/5\/2025\/01\/7a14a3dd-5331-4da4-9e3a-f673e1c0b959-768x512.jpg 768w, \/wp-content\/uploads\/sites\/5\/2025\/01\/7a14a3dd-5331-4da4-9e3a-f673e1c0b959-1536x1023.jpg 1536w, \/wp-content\/uploads\/sites\/5\/2025\/01\/7a14a3dd-5331-4da4-9e3a-f673e1c0b959-630x420.jpg 630w, \/wp-content\/uploads\/sites\/5\/2025\/01\/7a14a3dd-5331-4da4-9e3a-f673e1c0b959-696x464.jpg 696w, \/wp-content\/uploads\/sites\/5\/2025\/01\/7a14a3dd-5331-4da4-9e3a-f673e1c0b959-1068x712.jpg 1068w, \/wp-content\/uploads\/sites\/5\/2025\/01\/7a14a3dd-5331-4da4-9e3a-f673e1c0b959-534x356.jpg 534w, \/wp-content\/uploads\/sites\/5\/2025\/01\/7a14a3dd-5331-4da4-9e3a-f673e1c0b959.jpg 1600w\" sizes=\"auto, (max-width: 696px) 100vw, 696px\" \/><figcaption id=\"caption-attachment-46203\" class=\"wp-caption-text\">La licenciada Amarilis Ovalle, psic\u00f3loga del IGSS Escuintla, comparti\u00f3 estrategias para afrontar el estr\u00e9s y la ansiedad.<\/figcaption><\/figure>\n<p>Finalmente, la importancia de cuidar la salud mental se hace evidente, por lo que Ovalle enfatiz\u00f3 que la psicolog\u00eda ofrece herramientas valiosas para enfrentar estos desaf\u00edos.<\/p>\n<p>\u00a0\u201cBuscar ayuda profesional no es solo v\u00e1lido, sino una muestra de valent\u00eda\u201d, aclar\u00f3. Es imprescindible desprenderse de mitos sobre la psicolog\u00eda y reconocer el valor del apoyo emocional para navegar estos cambios, permitiendo as\u00ed un crecimiento aut\u00e9ntico y sostenible.<\/p>\n","protected":false},"excerpt":{"rendered":"<p>A diario, muchas personas se encuentran ante una encrucijada emocional, enfrentando desaf\u00edos psicol\u00f3gicos que pueden impactar en su bienestar. La presi\u00f3n social por cumplir con las expectativas y prop\u00f3sitos anuales a menudo desencadena niveles elevados de ansiedad y estr\u00e9s. Reconocer estos retos es fundamental para abordarlos con una perspectiva saludable. La Licenciada Amarilis Ovalle, psic\u00f3loga [&hellip;]<\/p>\n","protected":false},"author":3269,"featured_media":46201,"comment_status":"closed","ping_status":"closed","sticky":false,"template":"","format":"standard","meta":{"footnotes":""},"categories":[3,1130,15,31,33],"tags":[1515,1974,909,476,490,1166,1062],"coauthors":[1970],"class_list":{"0":"post-46200","1":"post","2":"type-post","3":"status-publish","4":"format-standard","5":"has-post-thumbnail","7":"category-actualidad","8":"category-consejos-medicos","9":"category-destacado","10":"category-salud","11":"category-servicios-de-salud","12":"tag-ansiedad","13":"tag-clinica-de-psicologia","14":"tag-estres","15":"tag-hospital-de-escuintla","16":"tag-igss","17":"tag-psicologia","18":"tag-salud-mental"},"_links":{"self":[{"href":"https:\/\/www.igssgt.org\/noticias\/wp-json\/wp\/v2\/posts\/46200","targetHints":{"allow":["GET"]}}],"collection":[{"href":"https:\/\/www.igssgt.org\/noticias\/wp-json\/wp\/v2\/posts"}],"about":[{"href":"https:\/\/www.igssgt.org\/noticias\/wp-json\/wp\/v2\/types\/post"}],"author":[{"embeddable":true,"href":"https:\/\/www.igssgt.org\/noticias\/wp-json\/wp\/v2\/users\/3269"}],"replies":[{"embeddable":true,"href":"https:\/\/www.igssgt.org\/noticias\/wp-json\/wp\/v2\/comments?post=46200"}],"version-history":[{"count":1,"href":"https:\/\/www.igssgt.org\/noticias\/wp-json\/wp\/v2\/posts\/46200\/revisions"}],"predecessor-version":[{"id":46204,"href":"https:\/\/www.igssgt.org\/noticias\/wp-json\/wp\/v2\/posts\/46200\/revisions\/46204"}],"wp:featuredmedia":[{"embeddable":true,"href":"https:\/\/www.igssgt.org\/noticias\/wp-json\/wp\/v2\/media\/46201"}],"wp:attachment":[{"href":"https:\/\/www.igssgt.org\/noticias\/wp-json\/wp\/v2\/media?parent=46200"}],"wp:term":[{"taxonomy":"category","embeddable":true,"href":"https:\/\/www.igssgt.org\/noticias\/wp-json\/wp\/v2\/categories?post=46200"},{"taxonomy":"post_tag","embeddable":true,"href":"https:\/\/www.igssgt.org\/noticias\/wp-json\/wp\/v2\/tags?post=46200"},{"taxonomy":"author","embeddable":true,"href":"https:\/\/www.igssgt.org\/noticias\/wp-json\/wp\/v2\/coauthors?post=46200"}],"curies":[{"name":"wp","href":"https:\/\/api.w.org\/{rel}","templated":true}]}}