{"id":4621,"date":"2018-04-23T16:30:46","date_gmt":"2018-04-23T22:30:46","guid":{"rendered":"http:\/\/noticias.igssgt.org\/?p=4621"},"modified":"2018-04-23T16:30:46","modified_gmt":"2018-04-23T22:30:46","slug":"el-igss-celebra-semana-mundial-de-la-inmunizacion","status":"publish","type":"post","link":"https:\/\/www.igssgt.org\/noticias\/2018\/04\/23\/el-igss-celebra-semana-mundial-de-la-inmunizacion\/","title":{"rendered":"El IGSS celebra Semana Mundial de la Inmunizaci\u00f3n"},"content":{"rendered":"<p><a href=\"\/noticias\/wp-content\/uploads\/sites\/5\/2018\/04\/Semana-de-Vacunacion-de-las-Americas-IGSS-2018-1.jpg\"><img loading=\"lazy\" decoding=\"async\" class=\"alignnone size-full wp-image-4622\" src=\"\/noticias\/wp-content\/uploads\/sites\/5\/2018\/04\/Semana-de-Vacunacion-de-las-Americas-IGSS-2018-1.jpg\" alt=\"\" width=\"1944\" height=\"1296\" srcset=\"\/wp-content\/uploads\/sites\/5\/2018\/04\/Semana-de-Vacunacion-de-las-Americas-IGSS-2018-1.jpg 1944w, \/wp-content\/uploads\/sites\/5\/2018\/04\/Semana-de-Vacunacion-de-las-Americas-IGSS-2018-1-1536x1024.jpg 1536w, \/wp-content\/uploads\/sites\/5\/2018\/04\/Semana-de-Vacunacion-de-las-Americas-IGSS-2018-1-300x200.jpg 300w, \/wp-content\/uploads\/sites\/5\/2018\/04\/Semana-de-Vacunacion-de-las-Americas-IGSS-2018-1-768x512.jpg 768w, \/wp-content\/uploads\/sites\/5\/2018\/04\/Semana-de-Vacunacion-de-las-Americas-IGSS-2018-1-1024x683.jpg 1024w, \/wp-content\/uploads\/sites\/5\/2018\/04\/Semana-de-Vacunacion-de-las-Americas-IGSS-2018-1-630x420.jpg 630w, \/wp-content\/uploads\/sites\/5\/2018\/04\/Semana-de-Vacunacion-de-las-Americas-IGSS-2018-1-696x464.jpg 696w, \/wp-content\/uploads\/sites\/5\/2018\/04\/Semana-de-Vacunacion-de-las-Americas-IGSS-2018-1-1068x712.jpg 1068w, \/wp-content\/uploads\/sites\/5\/2018\/04\/Semana-de-Vacunacion-de-las-Americas-IGSS-2018-1-534x356.jpg 534w, \/wp-content\/uploads\/sites\/5\/2018\/04\/Semana-de-Vacunacion-de-las-Americas-IGSS-2018-1-1920x1280.jpg 1920w\" sizes=\"auto, (max-width: 1944px) 100vw, 1944px\" \/><\/a><\/p>\n<p>Estar vacunado es estar protegido de enfermedades que pueden tener consecuencias graves o mortales, por esta raz\u00f3n el IGSS cada a\u00f1o se une a la conmemoraci\u00f3n de la Semana Mundial de la Inmunizaci\u00f3n, que se celebra del 24 al 30 de abril.<\/p>\n<div class=\"text_exposed_show\">\n<p>Durante esta semana las unidades m\u00e9dicas del Instituto desarrollan diversas actividades para instar a los derechohabientes a vacunarse. En 2018 el tema es \u201cProtegidos colectivamente, las vacunas funcionan\u201d.<\/p>\n<p>Las enfermedades que se pueden prevenir son: tuberculosis diseminada, hepatitis B, poliomielitis, diarrea por rotavirus, difteria, t\u00e9tanos, tosferina, meningitis, otitis y otras enfermedades causadas por Haemophilus influenzae tipo B; tambi\u00e9n sarampi\u00f3n, paperas y rub\u00e9ola; causadas por neumococo, gripe influenza estacional y rabia.<br \/>\nEsquema de vacunaci\u00f3n<\/p>\n<p>Las vacunas del esquema institucional est\u00e1n disponibles en las distintas Unidades de Atenci\u00f3n Medica del IGSS, son gratuitas y se aplican a ni\u00f1os, mujeres embarazadas y adultos de la siguiente manera:<\/p>\n<p>Durante el embarazo la madre debe aplicarse la vacuna de influenza estacional y la vacuna antitet\u00e1nica. En reci\u00e9n nacidos la lactancia materna es la primera inmunizaci\u00f3n, pero tambi\u00e9n hay que vacunarlos con la BCG y la antihepatitis B.<\/p>\n<p>A los dos meses se aplica la primera dosis de las vacunas contra la poliomielitis, pentavalente, rotavirus y neumococo; la segunda a los cuatro meses, y la tercera contra la poliomielitis y pentavalente se aplica a los meses de edad.<\/p>\n<p>Al a\u00f1o se aplica la primera dosis de SPR, MMR o triple viral y el refuerzo de neumococo, al a\u00f1o y medio el primer refuerzo de la tetravalente y la segunda dosis de SPR, MMR o triple viral. El segundo refuerzo de la tetravalente debe aplicarse a los cuatro a\u00f1os.<\/p>\n<p>Para los adultos el IGSS tiene disponibles las vacunas contra la hepatitis B, influenza estacional, antitoxina tet\u00e1nica, antineumoc\u00f3cica 23 valente y la antirr\u00e1bica.<\/p>\n<p>En el caso de los infantes es muy importante cuidar el carn\u00e9 de vacunaci\u00f3n, porque es el documento que sirve a los padres para llevar el control y constancia de las vacunas.<\/p>\n\r\n                <style type=\"text\/css\">\r\n                    \r\n                    #tdi_1  .td-doubleSlider-2 .td-item1 {\r\n                        background: url(\/wp-content\/uploads\/sites\/5\/2018\/04\/Semana-de-Vacunacion-de-las-Americas-IGSS-2018-4-80x60.jpg) 0 0 no-repeat;\r\n                    }\r\n                    #tdi_1  .td-doubleSlider-2 .td-item2 {\r\n                        background: url(\/wp-content\/uploads\/sites\/5\/2018\/04\/Semana-de-Vacunacion-de-las-Americas-IGSS-2018-3-80x60.jpg) 0 0 no-repeat;\r\n                    }\r\n                    #tdi_1  .td-doubleSlider-2 .td-item3 {\r\n                        background: url(\/wp-content\/uploads\/sites\/5\/2018\/04\/Semana-de-Vacunacion-de-las-Americas-IGSS-2018-2-80x60.jpg) 0 0 no-repeat;\r\n                    }\r\n                    #tdi_1  .td-doubleSlider-2 .td-item4 {\r\n                        background: url(\/wp-content\/uploads\/sites\/5\/2018\/04\/Semana-de-Vacunacion-de-las-Americas-IGSS-2018-5-80x60.jpg) 0 0 no-repeat;\r\n                    }\r\n                    #tdi_1  .td-doubleSlider-2 .td-item5 {\r\n                        background: url(\/wp-content\/uploads\/sites\/5\/2018\/04\/Semana-de-Vacunacion-de-las-Americas-IGSS-2018-1-80x60.jpg) 0 0 no-repeat;\r\n                    }\r\n                <\/style>\r\n\r\n                <div id=\"tdi_1\" class=\"td-gallery td-slide-on-2-columns\">\r\n                    <div class=\"post_td_gallery\">\r\n                        <div class=\"td-gallery-slide-top\">\r\n                           <div class=\"td-gallery-title\"><\/div>\r\n\r\n                            <div class=\"td-gallery-controls-wrapper\">\r\n                                <div class=\"td-gallery-slide-count\"><span class=\"td-gallery-slide-item-focus\">1<\/span> de 5<\/div>\r\n                                <div class=\"td-gallery-slide-prev-next-but\">\r\n                                    <i class = \"td-icon-left doubleSliderPrevButton\"><\/i>\r\n                                    <i class = \"td-icon-right doubleSliderNextButton\"><\/i>\r\n                                <\/div>\r\n                            <\/div>\r\n                        <\/div>\r\n\r\n                        <div class = \"td-doubleSlider-1 \">\r\n                            <div class = \"td-slider\">\r\n                                \r\n                    <div class = \"td-slide-item td-item1\">\r\n                        <figure class=\"td-slide-galery-figure td-slide-popup-gallery\">\r\n                            <a class=\"slide-gallery-image-link\" href=\"\/wp-content\/uploads\/sites\/5\/2018\/04\/Semana-de-Vacunacion-de-las-Americas-IGSS-2018-4.jpg\" title=\"Semana de Vacunacion de las Americas IGSS 2018-4\"  data-caption=\"\"  data-description=\"\">\r\n                                <img decoding=\"async\" src=\"\/wp-content\/uploads\/sites\/5\/2018\/04\/Semana-de-Vacunacion-de-las-Americas-IGSS-2018-4-630x420.jpg\" srcset=\"\/wp-content\/uploads\/sites\/5\/2018\/04\/Semana-de-Vacunacion-de-las-Americas-IGSS-2018-4-630x420.jpg 630w, \/wp-content\/uploads\/sites\/5\/2018\/04\/Semana-de-Vacunacion-de-las-Americas-IGSS-2018-4-1536x1024.jpg 1536w, \/wp-content\/uploads\/sites\/5\/2018\/04\/Semana-de-Vacunacion-de-las-Americas-IGSS-2018-4-300x200.jpg 300w, \/wp-content\/uploads\/sites\/5\/2018\/04\/Semana-de-Vacunacion-de-las-Americas-IGSS-2018-4-768x512.jpg 768w, \/wp-content\/uploads\/sites\/5\/2018\/04\/Semana-de-Vacunacion-de-las-Americas-IGSS-2018-4-1024x683.jpg 1024w, \/wp-content\/uploads\/sites\/5\/2018\/04\/Semana-de-Vacunacion-de-las-Americas-IGSS-2018-4-696x464.jpg 696w, \/wp-content\/uploads\/sites\/5\/2018\/04\/Semana-de-Vacunacion-de-las-Americas-IGSS-2018-4-1068x712.jpg 1068w, \/wp-content\/uploads\/sites\/5\/2018\/04\/Semana-de-Vacunacion-de-las-Americas-IGSS-2018-4-534x356.jpg 534w, \/wp-content\/uploads\/sites\/5\/2018\/04\/Semana-de-Vacunacion-de-las-Americas-IGSS-2018-4-1920x1280.jpg 1920w, \/wp-content\/uploads\/sites\/5\/2018\/04\/Semana-de-Vacunacion-de-las-Americas-IGSS-2018-4.jpg 2048w\" sizes=\"(max-width: 630px) 100vw, 630px\" alt=\"\">\r\n                            <\/a>\r\n                            \r\n                        <\/figure>\r\n                    <\/div>\r\n                    <div class = \"td-slide-item td-item2\">\r\n                        <figure class=\"td-slide-galery-figure td-slide-popup-gallery\">\r\n                            <a class=\"slide-gallery-image-link\" href=\"\/wp-content\/uploads\/sites\/5\/2018\/04\/Semana-de-Vacunacion-de-las-Americas-IGSS-2018-3.jpg\" title=\"Semana de Vacunacion de las Americas IGSS 2018-3\"  data-caption=\"\"  data-description=\"\">\r\n                                <img decoding=\"async\" src=\"\/wp-content\/uploads\/sites\/5\/2018\/04\/Semana-de-Vacunacion-de-las-Americas-IGSS-2018-3-630x420.jpg\" srcset=\"\/wp-content\/uploads\/sites\/5\/2018\/04\/Semana-de-Vacunacion-de-las-Americas-IGSS-2018-3-630x420.jpg 630w, \/wp-content\/uploads\/sites\/5\/2018\/04\/Semana-de-Vacunacion-de-las-Americas-IGSS-2018-3-1536x1024.jpg 1536w, \/wp-content\/uploads\/sites\/5\/2018\/04\/Semana-de-Vacunacion-de-las-Americas-IGSS-2018-3-300x200.jpg 300w, \/wp-content\/uploads\/sites\/5\/2018\/04\/Semana-de-Vacunacion-de-las-Americas-IGSS-2018-3-768x512.jpg 768w, \/wp-content\/uploads\/sites\/5\/2018\/04\/Semana-de-Vacunacion-de-las-Americas-IGSS-2018-3-1024x683.jpg 1024w, \/wp-content\/uploads\/sites\/5\/2018\/04\/Semana-de-Vacunacion-de-las-Americas-IGSS-2018-3-696x464.jpg 696w, \/wp-content\/uploads\/sites\/5\/2018\/04\/Semana-de-Vacunacion-de-las-Americas-IGSS-2018-3-1068x712.jpg 1068w, \/wp-content\/uploads\/sites\/5\/2018\/04\/Semana-de-Vacunacion-de-las-Americas-IGSS-2018-3-534x356.jpg 534w, \/wp-content\/uploads\/sites\/5\/2018\/04\/Semana-de-Vacunacion-de-las-Americas-IGSS-2018-3-1920x1280.jpg 1920w, \/wp-content\/uploads\/sites\/5\/2018\/04\/Semana-de-Vacunacion-de-las-Americas-IGSS-2018-3.jpg 1944w\" sizes=\"(max-width: 630px) 100vw, 630px\" alt=\"\">\r\n                            <\/a>\r\n                            \r\n                        <\/figure>\r\n                    <\/div>\r\n                    <div class = \"td-slide-item td-item3\">\r\n                        <figure class=\"td-slide-galery-figure td-slide-popup-gallery\">\r\n                            <a class=\"slide-gallery-image-link\" href=\"\/wp-content\/uploads\/sites\/5\/2018\/04\/Semana-de-Vacunacion-de-las-Americas-IGSS-2018-2.jpg\" title=\"Semana de Vacunacion de las Americas IGSS 2018-2\"  data-caption=\"\"  data-description=\"\">\r\n                                <img decoding=\"async\" src=\"\/wp-content\/uploads\/sites\/5\/2018\/04\/Semana-de-Vacunacion-de-las-Americas-IGSS-2018-2-630x420.jpg\" srcset=\"\/wp-content\/uploads\/sites\/5\/2018\/04\/Semana-de-Vacunacion-de-las-Americas-IGSS-2018-2-630x420.jpg 630w, \/wp-content\/uploads\/sites\/5\/2018\/04\/Semana-de-Vacunacion-de-las-Americas-IGSS-2018-2-1536x1024.jpg 1536w, \/wp-content\/uploads\/sites\/5\/2018\/04\/Semana-de-Vacunacion-de-las-Americas-IGSS-2018-2-300x200.jpg 300w, \/wp-content\/uploads\/sites\/5\/2018\/04\/Semana-de-Vacunacion-de-las-Americas-IGSS-2018-2-768x512.jpg 768w, \/wp-content\/uploads\/sites\/5\/2018\/04\/Semana-de-Vacunacion-de-las-Americas-IGSS-2018-2-1024x683.jpg 1024w, \/wp-content\/uploads\/sites\/5\/2018\/04\/Semana-de-Vacunacion-de-las-Americas-IGSS-2018-2-696x464.jpg 696w, \/wp-content\/uploads\/sites\/5\/2018\/04\/Semana-de-Vacunacion-de-las-Americas-IGSS-2018-2-1068x712.jpg 1068w, \/wp-content\/uploads\/sites\/5\/2018\/04\/Semana-de-Vacunacion-de-las-Americas-IGSS-2018-2-534x356.jpg 534w, \/wp-content\/uploads\/sites\/5\/2018\/04\/Semana-de-Vacunacion-de-las-Americas-IGSS-2018-2.jpg 1944w\" sizes=\"(max-width: 630px) 100vw, 630px\" alt=\"\">\r\n                            <\/a>\r\n                            \r\n                        <\/figure>\r\n                    <\/div>\r\n                    <div class = \"td-slide-item td-item4\">\r\n                        <figure class=\"td-slide-galery-figure td-slide-popup-gallery\">\r\n                            <a class=\"slide-gallery-image-link\" href=\"\/wp-content\/uploads\/sites\/5\/2018\/04\/Semana-de-Vacunacion-de-las-Americas-IGSS-2018-5.jpg\" title=\"Semana de Vacunacion de las Americas IGSS 2018-5\"  data-caption=\"\"  data-description=\"\">\r\n                                <img decoding=\"async\" src=\"\/wp-content\/uploads\/sites\/5\/2018\/04\/Semana-de-Vacunacion-de-las-Americas-IGSS-2018-5-630x420.jpg\" srcset=\"\/wp-content\/uploads\/sites\/5\/2018\/04\/Semana-de-Vacunacion-de-las-Americas-IGSS-2018-5-630x420.jpg 630w, \/wp-content\/uploads\/sites\/5\/2018\/04\/Semana-de-Vacunacion-de-las-Americas-IGSS-2018-5-1536x1024.jpg 1536w, \/wp-content\/uploads\/sites\/5\/2018\/04\/Semana-de-Vacunacion-de-las-Americas-IGSS-2018-5-300x200.jpg 300w, \/wp-content\/uploads\/sites\/5\/2018\/04\/Semana-de-Vacunacion-de-las-Americas-IGSS-2018-5-768x512.jpg 768w, \/wp-content\/uploads\/sites\/5\/2018\/04\/Semana-de-Vacunacion-de-las-Americas-IGSS-2018-5-1024x683.jpg 1024w, \/wp-content\/uploads\/sites\/5\/2018\/04\/Semana-de-Vacunacion-de-las-Americas-IGSS-2018-5-696x464.jpg 696w, \/wp-content\/uploads\/sites\/5\/2018\/04\/Semana-de-Vacunacion-de-las-Americas-IGSS-2018-5-1068x712.jpg 1068w, \/wp-content\/uploads\/sites\/5\/2018\/04\/Semana-de-Vacunacion-de-las-Americas-IGSS-2018-5-534x356.jpg 534w, \/wp-content\/uploads\/sites\/5\/2018\/04\/Semana-de-Vacunacion-de-las-Americas-IGSS-2018-5-1920x1280.jpg 1920w, \/wp-content\/uploads\/sites\/5\/2018\/04\/Semana-de-Vacunacion-de-las-Americas-IGSS-2018-5.jpg 2048w\" sizes=\"(max-width: 630px) 100vw, 630px\" alt=\"\">\r\n                            <\/a>\r\n                            \r\n                        <\/figure>\r\n                    <\/div>\r\n                    <div class = \"td-slide-item td-item5\">\r\n                        <figure class=\"td-slide-galery-figure td-slide-popup-gallery\">\r\n                            <a class=\"slide-gallery-image-link\" href=\"\/wp-content\/uploads\/sites\/5\/2018\/04\/Semana-de-Vacunacion-de-las-Americas-IGSS-2018-1.jpg\" title=\"Semana de Vacunacion de las Americas IGSS 2018-1\"  data-caption=\"\"  data-description=\"\">\r\n                                <img decoding=\"async\" src=\"\/wp-content\/uploads\/sites\/5\/2018\/04\/Semana-de-Vacunacion-de-las-Americas-IGSS-2018-1-630x420.jpg\" srcset=\"\/wp-content\/uploads\/sites\/5\/2018\/04\/Semana-de-Vacunacion-de-las-Americas-IGSS-2018-1-630x420.jpg 630w, \/wp-content\/uploads\/sites\/5\/2018\/04\/Semana-de-Vacunacion-de-las-Americas-IGSS-2018-1-1536x1024.jpg 1536w, \/wp-content\/uploads\/sites\/5\/2018\/04\/Semana-de-Vacunacion-de-las-Americas-IGSS-2018-1-300x200.jpg 300w, \/wp-content\/uploads\/sites\/5\/2018\/04\/Semana-de-Vacunacion-de-las-Americas-IGSS-2018-1-768x512.jpg 768w, \/wp-content\/uploads\/sites\/5\/2018\/04\/Semana-de-Vacunacion-de-las-Americas-IGSS-2018-1-1024x683.jpg 1024w, \/wp-content\/uploads\/sites\/5\/2018\/04\/Semana-de-Vacunacion-de-las-Americas-IGSS-2018-1-696x464.jpg 696w, \/wp-content\/uploads\/sites\/5\/2018\/04\/Semana-de-Vacunacion-de-las-Americas-IGSS-2018-1-1068x712.jpg 1068w, \/wp-content\/uploads\/sites\/5\/2018\/04\/Semana-de-Vacunacion-de-las-Americas-IGSS-2018-1-534x356.jpg 534w, \/wp-content\/uploads\/sites\/5\/2018\/04\/Semana-de-Vacunacion-de-las-Americas-IGSS-2018-1-1920x1280.jpg 1920w, \/wp-content\/uploads\/sites\/5\/2018\/04\/Semana-de-Vacunacion-de-las-Americas-IGSS-2018-1.jpg 1944w\" sizes=\"(max-width: 630px) 100vw, 630px\" alt=\"\">\r\n                            <\/a>\r\n                            \r\n                        <\/figure>\r\n                    <\/div>\r\n                            <\/div>\r\n                        <\/div>\r\n\r\n                        <div class = \"td-doubleSlider-2\">\r\n                            <div class = \"td-slider\">\r\n                                \r\n                    <div class = \"td-button td-item1\">\r\n                        <div class = \"td-border\"><\/div>\r\n                    <\/div>\r\n                    <div class = \"td-button td-item2\">\r\n                        <div class = \"td-border\"><\/div>\r\n                    <\/div>\r\n                    <div class = \"td-button td-item3\">\r\n                        <div class = \"td-border\"><\/div>\r\n                    <\/div>\r\n                    <div class = \"td-button td-item4\">\r\n                        <div class = \"td-border\"><\/div>\r\n                    <\/div>\r\n                    <div class = \"td-button td-item5\">\r\n                        <div class = \"td-border\"><\/div>\r\n                    <\/div>\r\n                            <\/div>\r\n                        <\/div>\r\n\r\n                    <\/div>\r\n\r\n                <\/div>\r\n                \n<hr \/>\n<p>&nbsp;<\/p>\n<\/div>\n","protected":false},"excerpt":{"rendered":"<p>Estar vacunado es estar protegido de enfermedades que pueden tener consecuencias graves o mortales, por esta raz\u00f3n el IGSS cada a\u00f1o se une a la conmemoraci\u00f3n de la Semana Mundial de la Inmunizaci\u00f3n, que se celebra del 24 al 30 de abril. Durante esta semana las unidades m\u00e9dicas del Instituto desarrollan diversas actividades para instar [&hellip;]<\/p>\n","protected":false},"author":4,"featured_media":4623,"comment_status":"open","ping_status":"open","sticky":false,"template":"","format":"standard","meta":{"footnotes":""},"categories":[3,45,24,27,29,36],"tags":[490,781,782],"coauthors":[],"class_list":{"0":"post-4621","1":"post","2":"type-post","3":"status-publish","4":"format-standard","5":"has-post-thumbnail","7":"category-actualidad","8":"category-jornadas-medicas","9":"category-pediatria","10":"category-prevencion-en-salud","11":"category-publicaciones","12":"category-unidades-medicas","13":"tag-igss","14":"tag-semana-de-vacunacion-de-las-americas","15":"tag-semana-mundial-de-la-inmunizacion"},"_links":{"self":[{"href":"https:\/\/www.igssgt.org\/noticias\/wp-json\/wp\/v2\/posts\/4621","targetHints":{"allow":["GET"]}}],"collection":[{"href":"https:\/\/www.igssgt.org\/noticias\/wp-json\/wp\/v2\/posts"}],"about":[{"href":"https:\/\/www.igssgt.org\/noticias\/wp-json\/wp\/v2\/types\/post"}],"author":[{"embeddable":true,"href":"https:\/\/www.igssgt.org\/noticias\/wp-json\/wp\/v2\/users\/4"}],"replies":[{"embeddable":true,"href":"https:\/\/www.igssgt.org\/noticias\/wp-json\/wp\/v2\/comments?post=4621"}],"version-history":[{"count":0,"href":"https:\/\/www.igssgt.org\/noticias\/wp-json\/wp\/v2\/posts\/4621\/revisions"}],"wp:featuredmedia":[{"embeddable":true,"href":"https:\/\/www.igssgt.org\/noticias\/wp-json\/wp\/v2\/media\/4623"}],"wp:attachment":[{"href":"https:\/\/www.igssgt.org\/noticias\/wp-json\/wp\/v2\/media?parent=4621"}],"wp:term":[{"taxonomy":"category","embeddable":true,"href":"https:\/\/www.igssgt.org\/noticias\/wp-json\/wp\/v2\/categories?post=4621"},{"taxonomy":"post_tag","embeddable":true,"href":"https:\/\/www.igssgt.org\/noticias\/wp-json\/wp\/v2\/tags?post=4621"},{"taxonomy":"author","embeddable":true,"href":"https:\/\/www.igssgt.org\/noticias\/wp-json\/wp\/v2\/coauthors?post=4621"}],"curies":[{"name":"wp","href":"https:\/\/api.w.org\/{rel}","templated":true}]}}