{"id":46246,"date":"2025-02-04T06:04:00","date_gmt":"2025-02-04T12:04:00","guid":{"rendered":"https:\/\/www.igssgt.org\/noticias\/?p=46246"},"modified":"2025-02-03T09:00:00","modified_gmt":"2025-02-03T15:00:00","slug":"el-igss-es-todo-un-referente-en-la-atencion-oncologica","status":"publish","type":"post","link":"https:\/\/www.igssgt.org\/noticias\/2025\/02\/04\/el-igss-es-todo-un-referente-en-la-atencion-oncologica\/","title":{"rendered":"El IGSS es todo un referente en la atenci\u00f3n oncol\u00f3gica"},"content":{"rendered":"\n<p class=\"has-drop-cap\">Cada 4 de febrero, la Organizaci\u00f3n Panamericana de la Salud (OPS) y la Organizaci\u00f3n Mundial de la Salud (OMS) unen esfuerzos con la Uni\u00f3n Internacional de Lucha contra el C\u00e1ncer para promover acciones que reduzcan el impacto global de esta enfermedad.<\/p>\n\n\n\n<p>En nuestro pa\u00eds, el Instituto Guatemalteco de Seguridad Social (IGSS) se ha posicionado como referente en la atenci\u00f3n oncol\u00f3gica, implementando estrategias innovadoras que combinan tecnolog\u00eda de vanguardia y atenci\u00f3n personalizada.<\/p>\n<figure id=\"attachment_46250\" aria-describedby=\"caption-attachment-46250\" style=\"width: 704px\" class=\"wp-caption alignnone\"><img loading=\"lazy\" decoding=\"async\" class=\"wp-image-46250\" src=\"\/wp-content\/uploads\/sites\/5\/2025\/02\/IGSS-Autonomia-Dia-contra-el-cancer-2025-1-300x200.jpg\" alt=\"\" width=\"704\" height=\"469\" srcset=\"\/wp-content\/uploads\/sites\/5\/2025\/02\/IGSS-Autonomia-Dia-contra-el-cancer-2025-1-300x200.jpg 300w, \/wp-content\/uploads\/sites\/5\/2025\/02\/IGSS-Autonomia-Dia-contra-el-cancer-2025-1-534x356.jpg 534w, \/wp-content\/uploads\/sites\/5\/2025\/02\/IGSS-Autonomia-Dia-contra-el-cancer-2025-1.jpg 630w\" sizes=\"auto, (max-width: 704px) 100vw, 704px\" \/><figcaption id=\"caption-attachment-46250\" class=\"wp-caption-text\">Cada 4 de febrero se conmemora el D\u00eda Mundial de la Lucha contra el C\u00e1ncer.<\/figcaption><\/figure>\n<p>A decir del doctor Luis Garc\u00eda Aceituno, onc\u00f3logo de la Unidad de Consulta Externa de Enfermedades Autonom\u00eda, uno de cada dos hombres y una de cada tres mujeres puede desarrollar c\u00e1ncer en alg\u00fan momento de su vida, siendo en los hombres el c\u00e1ncer de pr\u00f3stata el m\u00e1s frecuente y en las mujeres el de mama.<\/p>\n<p>Garc\u00eda, refiri\u00f3 que \u201cEl c\u00e1ncer puede ser una enfermedad curable si se detecta temprano, para ello es importante realizarse ex\u00e1menes peri\u00f3dicamente, como la mamograf\u00eda en las mujeres a partir de los 40 a\u00f1os, y en el caso de los hombres, ex\u00e1menes urol\u00f3gicos y mediciones de ant\u00edgenos prost\u00e1ticos a partir de los 50 a\u00f1os\u201d.<\/p>\n<figure id=\"attachment_46251\" aria-describedby=\"caption-attachment-46251\" style=\"width: 692px\" class=\"wp-caption alignnone\"><img loading=\"lazy\" decoding=\"async\" class=\"wp-image-46251\" src=\"\/wp-content\/uploads\/sites\/5\/2025\/02\/IGSS-Autonomia-Dia-contra-el-cancer-2025-2-300x200.jpg\" alt=\"\" width=\"692\" height=\"461\" srcset=\"\/wp-content\/uploads\/sites\/5\/2025\/02\/IGSS-Autonomia-Dia-contra-el-cancer-2025-2-300x200.jpg 300w, \/wp-content\/uploads\/sites\/5\/2025\/02\/IGSS-Autonomia-Dia-contra-el-cancer-2025-2-1024x683.jpg 1024w, \/wp-content\/uploads\/sites\/5\/2025\/02\/IGSS-Autonomia-Dia-contra-el-cancer-2025-2-768x512.jpg 768w, \/wp-content\/uploads\/sites\/5\/2025\/02\/IGSS-Autonomia-Dia-contra-el-cancer-2025-2-630x420.jpg 630w, \/wp-content\/uploads\/sites\/5\/2025\/02\/IGSS-Autonomia-Dia-contra-el-cancer-2025-2-696x464.jpg 696w, \/wp-content\/uploads\/sites\/5\/2025\/02\/IGSS-Autonomia-Dia-contra-el-cancer-2025-2-534x356.jpg 534w, \/wp-content\/uploads\/sites\/5\/2025\/02\/IGSS-Autonomia-Dia-contra-el-cancer-2025-2.jpg 1068w\" sizes=\"auto, (max-width: 692px) 100vw, 692px\" \/><figcaption id=\"caption-attachment-46251\" class=\"wp-caption-text\">Uno de cada 2 hombres puede padecer c\u00e1ncer de pr\u00f3stata y 1 de cada 3 mujeres c\u00e1ncer de mam\u00e1.<\/figcaption><\/figure>\n<p>El especialista resalt\u00f3 que el Seguro Social cuenta con un equipo multidisciplinario a cargo del tratamiento y cuidado de los pacientes con c\u00e1ncer; adem\u00e1s, recomend\u00f3 llevar una vida saludable, hacer ejercicio, comer sano y evitar fumar tabaco para minimizar los riesgos. \u00a0<\/p>\n<p><strong>Atenci\u00f3n ginecol\u00f3gica<\/strong><\/p>\n<p>El Hospital de Gineco Obstetricia tambi\u00e9n juega un papel importante en la lucha contra el c\u00e1ncer ginecol\u00f3gico.<\/p>\n<p>Seg\u00fan datos estad\u00edsticos, durante 2024 se brindaron un promedio de 11 mil 927 atenciones oncol\u00f3gicas, con un enfoque integral que abarc\u00f3 desde la prevenci\u00f3n hasta tratamientos avanzados, como quimioterapias, radioterapias y cirug\u00edas oncol\u00f3gicas.<\/p>\n<figure id=\"attachment_46252\" aria-describedby=\"caption-attachment-46252\" style=\"width: 709px\" class=\"wp-caption alignnone\"><img loading=\"lazy\" decoding=\"async\" class=\"wp-image-46252\" src=\"\/wp-content\/uploads\/sites\/5\/2025\/02\/IGSS-Autonomia-Dia-contra-el-cancer-2025-4-300x192.jpg\" alt=\"\" width=\"709\" height=\"454\" srcset=\"\/wp-content\/uploads\/sites\/5\/2025\/02\/IGSS-Autonomia-Dia-contra-el-cancer-2025-4-300x192.jpg 300w, \/wp-content\/uploads\/sites\/5\/2025\/02\/IGSS-Autonomia-Dia-contra-el-cancer-2025-4-1024x655.jpg 1024w, \/wp-content\/uploads\/sites\/5\/2025\/02\/IGSS-Autonomia-Dia-contra-el-cancer-2025-4-768x491.jpg 768w, \/wp-content\/uploads\/sites\/5\/2025\/02\/IGSS-Autonomia-Dia-contra-el-cancer-2025-4-1536x983.jpg 1536w, \/wp-content\/uploads\/sites\/5\/2025\/02\/IGSS-Autonomia-Dia-contra-el-cancer-2025-4-2048x1310.jpg 2048w, \/wp-content\/uploads\/sites\/5\/2025\/02\/IGSS-Autonomia-Dia-contra-el-cancer-2025-4-657x420.jpg 657w, \/wp-content\/uploads\/sites\/5\/2025\/02\/IGSS-Autonomia-Dia-contra-el-cancer-2025-4-696x445.jpg 696w, \/wp-content\/uploads\/sites\/5\/2025\/02\/IGSS-Autonomia-Dia-contra-el-cancer-2025-4-1068x683.jpg 1068w, \/wp-content\/uploads\/sites\/5\/2025\/02\/IGSS-Autonomia-Dia-contra-el-cancer-2025-4-1920x1228.jpg 1920w, \/wp-content\/uploads\/sites\/5\/2025\/02\/IGSS-Autonomia-Dia-contra-el-cancer-2025-4-534x342.jpg 534w\" sizes=\"auto, (max-width: 709px) 100vw, 709px\" \/><figcaption id=\"caption-attachment-46252\" class=\"wp-caption-text\">El Seguro Social recomienda una vida saludable y chequeos constantes para acceder a una calidad de vida.<\/figcaption><\/figure>\n<p>El doctor David Su\u00e1rez Mota, jefe del Servicio de Ginecolog\u00eda Oncol\u00f3gica, destac\u00f3 la importancia de la detecci\u00f3n temprana mediante tamizajes como mamograf\u00edas, ultrasonidos y pruebas de Papanicolaou en las unidades perif\u00e9ricas.<\/p>\n<p>Adem\u00e1s, detall\u00f3 que el IGSS diagnostic\u00f3 529 nuevos casos de c\u00e1ncer de mama y 379 de c\u00e1ncer ginecol\u00f3gico en ese mismo a\u00f1o, reflejando un esfuerzo continuo por mejorar la cobertura y calidad de los servicios.<\/p>\n<p><strong>Estrategias <\/strong><\/p>\n<p>El IGSS ha reforzado campa\u00f1as educativas que incluyen charlas, materiales informativos y publicaciones en redes sociales para promover chequeos anuales. \u201cLa revisi\u00f3n ginecol\u00f3gica y mamaria es crucial. Es mejor prevenir un c\u00e1ncer que padecerlo\u201d, resumi\u00f3 Su\u00e1rez, invitando a las aseguradas a acudir a las unidades m\u00e9dicas para sus evaluaciones.<\/p>\n<figure id=\"attachment_46253\" aria-describedby=\"caption-attachment-46253\" style=\"width: 701px\" class=\"wp-caption alignnone\"><img loading=\"lazy\" decoding=\"async\" class=\"wp-image-46253\" src=\"\/wp-content\/uploads\/sites\/5\/2025\/02\/IGSS-Autonomia-Dia-contra-el-cancer-2025-5-300x200.jpg\" alt=\"\" width=\"701\" height=\"467\" srcset=\"\/wp-content\/uploads\/sites\/5\/2025\/02\/IGSS-Autonomia-Dia-contra-el-cancer-2025-5-300x200.jpg 300w, \/wp-content\/uploads\/sites\/5\/2025\/02\/IGSS-Autonomia-Dia-contra-el-cancer-2025-5-1024x682.jpg 1024w, \/wp-content\/uploads\/sites\/5\/2025\/02\/IGSS-Autonomia-Dia-contra-el-cancer-2025-5-768x512.jpg 768w, \/wp-content\/uploads\/sites\/5\/2025\/02\/IGSS-Autonomia-Dia-contra-el-cancer-2025-5-630x420.jpg 630w, \/wp-content\/uploads\/sites\/5\/2025\/02\/IGSS-Autonomia-Dia-contra-el-cancer-2025-5-696x464.jpg 696w, \/wp-content\/uploads\/sites\/5\/2025\/02\/IGSS-Autonomia-Dia-contra-el-cancer-2025-5-1068x712.jpg 1068w, \/wp-content\/uploads\/sites\/5\/2025\/02\/IGSS-Autonomia-Dia-contra-el-cancer-2025-5-534x356.jpg 534w, \/wp-content\/uploads\/sites\/5\/2025\/02\/IGSS-Autonomia-Dia-contra-el-cancer-2025-5.jpg 1280w\" sizes=\"auto, (max-width: 701px) 100vw, 701px\" \/><figcaption id=\"caption-attachment-46253\" class=\"wp-caption-text\">La actividad f\u00edsica es de suma importancia para la aparici\u00f3n de enfermedades.<\/figcaption><\/figure>\n<p>Con estas acciones, el Seguro Social reafirma su compromiso en la lucha contra el c\u00e1ncer, ofreciendo a los guatemaltecos una atenci\u00f3n integral que prioriza la dignidad y calidad de vida de sus pacientes.<\/p>\n<p><strong>\u00a0<\/strong><\/p>\n","protected":false},"excerpt":{"rendered":"<p>Cada 4 de febrero, la Organizaci\u00f3n Panamericana de la Salud (OPS) y la Organizaci\u00f3n Mundial de la Salud (OMS) unen esfuerzos con la Uni\u00f3n Internacional de Lucha contra el C\u00e1ncer para promover acciones que reduzcan el impacto global de esta enfermedad. En nuestro pa\u00eds, el Instituto Guatemalteco de Seguridad Social (IGSS) se ha posicionado como [&hellip;]<\/p>\n","protected":false},"author":3269,"featured_media":46249,"comment_status":"closed","ping_status":"closed","sticky":false,"template":"","format":"standard","meta":{"footnotes":""},"categories":[3,4,1130,15,1020,22,1291,27,31,33],"tags":[1600,490,676,1920,829],"coauthors":[1970],"class_list":{"0":"post-46246","1":"post","2":"type-post","3":"status-publish","4":"format-standard","5":"has-post-thumbnail","7":"category-actualidad","8":"category-afiliados","9":"category-consejos-medicos","10":"category-destacado","11":"category-medicamentos","12":"category-opsoms","13":"category-prestaciones-en-salud","14":"category-prevencion-en-salud","15":"category-salud","16":"category-servicios-de-salud","17":"tag-dia-mundial-contra-el-cancer","18":"tag-igss","19":"tag-oncologia","20":"tag-quimioterapias","21":"tag-unidad-de-consulta-externa-autonomia"},"_links":{"self":[{"href":"https:\/\/www.igssgt.org\/noticias\/wp-json\/wp\/v2\/posts\/46246","targetHints":{"allow":["GET"]}}],"collection":[{"href":"https:\/\/www.igssgt.org\/noticias\/wp-json\/wp\/v2\/posts"}],"about":[{"href":"https:\/\/www.igssgt.org\/noticias\/wp-json\/wp\/v2\/types\/post"}],"author":[{"embeddable":true,"href":"https:\/\/www.igssgt.org\/noticias\/wp-json\/wp\/v2\/users\/3269"}],"replies":[{"embeddable":true,"href":"https:\/\/www.igssgt.org\/noticias\/wp-json\/wp\/v2\/comments?post=46246"}],"version-history":[{"count":2,"href":"https:\/\/www.igssgt.org\/noticias\/wp-json\/wp\/v2\/posts\/46246\/revisions"}],"predecessor-version":[{"id":46254,"href":"https:\/\/www.igssgt.org\/noticias\/wp-json\/wp\/v2\/posts\/46246\/revisions\/46254"}],"wp:featuredmedia":[{"embeddable":true,"href":"https:\/\/www.igssgt.org\/noticias\/wp-json\/wp\/v2\/media\/46249"}],"wp:attachment":[{"href":"https:\/\/www.igssgt.org\/noticias\/wp-json\/wp\/v2\/media?parent=46246"}],"wp:term":[{"taxonomy":"category","embeddable":true,"href":"https:\/\/www.igssgt.org\/noticias\/wp-json\/wp\/v2\/categories?post=46246"},{"taxonomy":"post_tag","embeddable":true,"href":"https:\/\/www.igssgt.org\/noticias\/wp-json\/wp\/v2\/tags?post=46246"},{"taxonomy":"author","embeddable":true,"href":"https:\/\/www.igssgt.org\/noticias\/wp-json\/wp\/v2\/coauthors?post=46246"}],"curies":[{"name":"wp","href":"https:\/\/api.w.org\/{rel}","templated":true}]}}