{"id":4635,"date":"2018-04-24T13:17:28","date_gmt":"2018-04-24T19:17:28","guid":{"rendered":"http:\/\/noticias.igssgt.org\/?p=4635"},"modified":"2018-04-24T13:17:28","modified_gmt":"2018-04-24T19:17:28","slug":"el-hospital-general-de-accidentes-conmemora-la-semana-de-la-vacunacion-de-las-americas","status":"publish","type":"post","link":"https:\/\/www.igssgt.org\/noticias\/2018\/04\/24\/el-hospital-general-de-accidentes-conmemora-la-semana-de-la-vacunacion-de-las-americas\/","title":{"rendered":"El Hospital  General de Accidentes conmemora la Semana de la Vacunaci\u00f3n de las Am\u00e9ricas"},"content":{"rendered":"<div class=\"_1mf _1mj\" data-offset-key=\"406tr-0-0\"><a href=\"\/noticias\/wp-content\/uploads\/sites\/5\/2018\/04\/Semana-Vacunacion-Hospital-General-de-Accidentes-IGSS-2018-8.jpeg\"><img loading=\"lazy\" decoding=\"async\" class=\"alignnone size-full wp-image-4643\" src=\"\/noticias\/wp-content\/uploads\/sites\/5\/2018\/04\/Semana-Vacunacion-Hospital-General-de-Accidentes-IGSS-2018-8.jpeg\" alt=\"\" width=\"1280\" height=\"960\" srcset=\"\/wp-content\/uploads\/sites\/5\/2018\/04\/Semana-Vacunacion-Hospital-General-de-Accidentes-IGSS-2018-8.jpeg 1280w, \/wp-content\/uploads\/sites\/5\/2018\/04\/Semana-Vacunacion-Hospital-General-de-Accidentes-IGSS-2018-8-300x225.jpeg 300w, \/wp-content\/uploads\/sites\/5\/2018\/04\/Semana-Vacunacion-Hospital-General-de-Accidentes-IGSS-2018-8-768x576.jpeg 768w, \/wp-content\/uploads\/sites\/5\/2018\/04\/Semana-Vacunacion-Hospital-General-de-Accidentes-IGSS-2018-8-1024x768.jpeg 1024w, \/wp-content\/uploads\/sites\/5\/2018\/04\/Semana-Vacunacion-Hospital-General-de-Accidentes-IGSS-2018-8-560x420.jpeg 560w, \/wp-content\/uploads\/sites\/5\/2018\/04\/Semana-Vacunacion-Hospital-General-de-Accidentes-IGSS-2018-8-80x60.jpeg 80w, \/wp-content\/uploads\/sites\/5\/2018\/04\/Semana-Vacunacion-Hospital-General-de-Accidentes-IGSS-2018-8-696x522.jpeg 696w, \/wp-content\/uploads\/sites\/5\/2018\/04\/Semana-Vacunacion-Hospital-General-de-Accidentes-IGSS-2018-8-1068x801.jpeg 1068w, \/wp-content\/uploads\/sites\/5\/2018\/04\/Semana-Vacunacion-Hospital-General-de-Accidentes-IGSS-2018-8-265x198.jpeg 265w, \/wp-content\/uploads\/sites\/5\/2018\/04\/Semana-Vacunacion-Hospital-General-de-Accidentes-IGSS-2018-8-534x401.jpeg 534w\" sizes=\"auto, (max-width: 1280px) 100vw, 1280px\" \/><\/a><\/div>\n<div class=\"_1mf _1mj\" data-offset-key=\"406tr-0-0\"><\/div>\n<div class=\"\" data-block=\"true\" data-editor=\"3vlt\" data-offset-key=\"406tr-0-0\">\n<div class=\"_1mf _1mj\" data-offset-key=\"406tr-0-0\">El Servicio de Pediatr\u00eda del Hospital General de Accidentes conmemor\u00f3 la Semana de Vacunaci\u00f3n en las Am\u00e9ricas y la Semana Mundial de la Vacunaci\u00f3n con una sesi\u00f3n informativa dirigida a madres de los peque\u00f1os pacientes y al personal de enfermer\u00eda sobre la importancia de las vacunas, bajo el lema \u201cRefuerza tus defensas\u201d. Esta sesi\u00f3n fue impartida por la doctora Evelyn Carolina Zepeda, pediatra de la unidad.<\/div>\n<\/div>\n<div class=\"\" data-block=\"true\" data-editor=\"3vlt\" data-offset-key=\"9nll5-0-0\">\n<div class=\"_1mf _1mj\" data-offset-key=\"9nll5-0-0\"><span data-offset-key=\"9nll5-0-0\">\u00a0<\/span><\/div>\n<\/div>\n<div class=\"\" data-block=\"true\" data-editor=\"3vlt\" data-offset-key=\"88b2i-0-0\">\n<div class=\"_1mf _1mj\" data-offset-key=\"88b2i-0-0\"><span data-offset-key=\"88b2i-0-0\">En esta jornada se destac\u00f3 la importancia de que ni\u00f1os menores de cinco a\u00f1os completen el esquema de vacunaci\u00f3n, hoy con \u00e9nfasis en la vacuna SPR (sarampi\u00f3n, paperas y rub\u00e9ola) ante el reciente caso de sarampi\u00f3n importado que se confirm\u00f3 en el pa\u00eds.<\/span><\/div>\n<\/div>\n<div class=\"\" data-block=\"true\" data-editor=\"3vlt\" data-offset-key=\"32uus-0-0\">\n<div class=\"_1mf _1mj\" data-offset-key=\"32uus-0-0\"><span data-offset-key=\"32uus-0-0\">\u00a0<\/span><\/div>\n<\/div>\n<div class=\"\" data-block=\"true\" data-editor=\"3vlt\" data-offset-key=\"2nlnn-0-0\">\n<div class=\"_1mf _1mj\" data-offset-key=\"2nlnn-0-0\"><span data-offset-key=\"2nlnn-0-0\">Estudiantes del Ejercicio Profesional Supervisado de Psicolog\u00eda de la Universidad de San Carlos de Guatemala complementaron la actividad al desarrollar una funci\u00f3n de t\u00edteres con el objetivo de reforzar la inocuidad de las vacunas e invitar a ni\u00f1os y adultos a vacunarse contra enfermedades prevenibles.<\/span><\/div>\n<\/div>\n<div class=\"\" data-block=\"true\" data-editor=\"3vlt\" data-offset-key=\"2eb31-0-0\">\n<div class=\"_1mf _1mj\" data-offset-key=\"2eb31-0-0\"><span data-offset-key=\"2eb31-0-0\">\u00a0<\/span><\/div>\n<\/div>\n<div class=\"\" data-block=\"true\" data-editor=\"3vlt\" data-offset-key=\"oveo-0-0\">\n<div class=\"_1mf _1mj\" data-offset-key=\"oveo-0-0\"><span data-offset-key=\"oveo-0-0\">Finalmente, estudiantes de la Escuela de Auxiliares de Enfermer\u00eda del Instituto Guatemalteco de Seguridad Social (IGSS) presentaron el sociodrama \u201cS\u00faper Vacuna\u201d, representando la lucha de este superh\u00e9roe contra el sarampi\u00f3n. <\/span><\/div>\n<\/div>\n<div class=\"\" data-block=\"true\" data-editor=\"3vlt\" data-offset-key=\"d88bb-0-0\">\n<div class=\"_1mf _1mj\" data-offset-key=\"d88bb-0-0\"><span data-offset-key=\"d88bb-0-0\">\u00a0<\/span><\/div>\n<\/div>\n<div class=\"\" data-block=\"true\" data-editor=\"3vlt\" data-offset-key=\"278a5-0-0\">\n<div class=\"_1mf _1mj\" data-offset-key=\"278a5-0-0\"><span data-offset-key=\"278a5-0-0\">La actividad estuvo acompa\u00f1ada por la directora de la Escuela de Auxiliares de Enfermer\u00eda del IGSS, licenciada Beatriz Rodr\u00edguez; la superintendente de Enfermer\u00eda del Hospital General de Accidentes Ceibal, licenciada Ericka Gonz\u00e1lez; la doctora Karen Beatriz Utilla, pediatra de la unidad, y la doctora Liliana Gonz\u00e1lez, coordinadora del Comit\u00e9 de Infecciones Intrahospitalarias. <\/span><\/div>\n<\/div>\n<div class=\"\" data-block=\"true\" data-editor=\"3vlt\" data-offset-key=\"3dv54-0-0\">\n<div class=\"_1mf _1mj\" data-offset-key=\"3dv54-0-0\"><span data-offset-key=\"3dv54-0-0\">\u00a0<\/span><\/div>\n<\/div>\n<div class=\"\" data-block=\"true\" data-editor=\"3vlt\" data-offset-key=\"2guoq-0-0\">\n<div class=\"_1mf _1mj\" data-offset-key=\"2guoq-0-0\"><span data-offset-key=\"2guoq-0-0\">El esquema de vacunaci\u00f3n que se administra en el IGSS incluye nueve vacunas (y sus refuerzos) para ni\u00f1os menores de 5 a\u00f1os, las inmunizaciones contra la influenza estacional y contra el t\u00e9tanos para embarazadas y las vacunas contra la influenza estacional y la hepatitis B para adultos mayores.<\/span><\/div>\n<div class=\"_1mf _1mj\" data-offset-key=\"2guoq-0-0\"><\/div>\n<div class=\"_1mf _1mj\" data-offset-key=\"2guoq-0-0\">\n\r\n                <style type=\"text\/css\">\r\n                    \r\n                    #tdi_1  .td-doubleSlider-2 .td-item1 {\r\n                        background: url(\/wp-content\/uploads\/sites\/5\/2018\/04\/Semana-Vacunacion-Hospital-General-de-Accidentes-IGSS-2018-10-80x60.jpeg) 0 0 no-repeat;\r\n                    }\r\n                    #tdi_1  .td-doubleSlider-2 .td-item2 {\r\n                        background: url(\/wp-content\/uploads\/sites\/5\/2018\/04\/Semana-Vacunacion-Hospital-General-de-Accidentes-IGSS-2018-5-80x60.jpeg) 0 0 no-repeat;\r\n                    }\r\n                    #tdi_1  .td-doubleSlider-2 .td-item3 {\r\n                        background: url(\/wp-content\/uploads\/sites\/5\/2018\/04\/Semana-Vacunacion-Hospital-General-de-Accidentes-IGSS-2018-3-80x60.jpeg) 0 0 no-repeat;\r\n                    }\r\n                    #tdi_1  .td-doubleSlider-2 .td-item4 {\r\n                        background: url(\/wp-content\/uploads\/sites\/5\/2018\/04\/Semana-Vacunacion-Hospital-General-de-Accidentes-IGSS-2018-8-80x60.jpeg) 0 0 no-repeat;\r\n                    }\r\n                    #tdi_1  .td-doubleSlider-2 .td-item5 {\r\n                        background: url(\/wp-content\/uploads\/sites\/5\/2018\/04\/Semana-Vacunacion-Hospital-General-de-Accidentes-IGSS-2018-7-80x60.jpeg) 0 0 no-repeat;\r\n                    }\r\n                    #tdi_1  .td-doubleSlider-2 .td-item6 {\r\n                        background: url(\/wp-content\/uploads\/sites\/5\/2018\/04\/Semana-Vacunacion-Hospital-General-de-Accidentes-IGSS-2018-1-80x60.jpeg) 0 0 no-repeat;\r\n                    }\r\n                    #tdi_1  .td-doubleSlider-2 .td-item7 {\r\n                        background: url(\/wp-content\/uploads\/sites\/5\/2018\/04\/Semana-Vacunacion-Hospital-General-de-Accidentes-IGSS-2018-2-80x60.jpeg) 0 0 no-repeat;\r\n                    }\r\n                    #tdi_1  .td-doubleSlider-2 .td-item8 {\r\n                        background: url(\/wp-content\/uploads\/sites\/5\/2018\/04\/Semana-Vacunacion-Hospital-General-de-Accidentes-IGSS-2018-4-80x60.jpeg) 0 0 no-repeat;\r\n                    }\r\n                    #tdi_1  .td-doubleSlider-2 .td-item9 {\r\n                        background: url(\/wp-content\/uploads\/sites\/5\/2018\/04\/Semana-Vacunacion-Hospital-General-de-Accidentes-IGSS-2018-6-80x60.jpeg) 0 0 no-repeat;\r\n                    }\r\n                    #tdi_1  .td-doubleSlider-2 .td-item10 {\r\n                        background: url(\/wp-content\/uploads\/sites\/5\/2018\/04\/Semana-Vacunacion-Hospital-General-de-Accidentes-IGSS-2018-9-80x60.jpeg) 0 0 no-repeat;\r\n                    }\r\n                <\/style>\r\n\r\n                <div id=\"tdi_1\" class=\"td-gallery td-slide-on-2-columns\">\r\n                    <div class=\"post_td_gallery\">\r\n                        <div class=\"td-gallery-slide-top\">\r\n                           <div class=\"td-gallery-title\"><\/div>\r\n\r\n                            <div class=\"td-gallery-controls-wrapper\">\r\n                                <div class=\"td-gallery-slide-count\"><span class=\"td-gallery-slide-item-focus\">1<\/span> de 10<\/div>\r\n                                <div class=\"td-gallery-slide-prev-next-but\">\r\n                                    <i class = \"td-icon-left doubleSliderPrevButton\"><\/i>\r\n                                    <i class = \"td-icon-right doubleSliderNextButton\"><\/i>\r\n                                <\/div>\r\n                            <\/div>\r\n                        <\/div>\r\n\r\n                        <div class = \"td-doubleSlider-1 \">\r\n                            <div class = \"td-slider\">\r\n                                \r\n                    <div class = \"td-slide-item td-item1\">\r\n                        <figure class=\"td-slide-galery-figure td-slide-popup-gallery\">\r\n                            <a class=\"slide-gallery-image-link\" href=\"\/wp-content\/uploads\/sites\/5\/2018\/04\/Semana-Vacunacion-Hospital-General-de-Accidentes-IGSS-2018-10.jpeg\" title=\"Semana Vacunacion Hospital General de Accidentes IGSS 2018-10\"  data-caption=\"\"  data-description=\"\">\r\n                                <img decoding=\"async\" src=\"\/wp-content\/uploads\/sites\/5\/2018\/04\/Semana-Vacunacion-Hospital-General-de-Accidentes-IGSS-2018-10-560x420.jpeg\" srcset=\"\/wp-content\/uploads\/sites\/5\/2018\/04\/Semana-Vacunacion-Hospital-General-de-Accidentes-IGSS-2018-10-560x420.jpeg 560w, \/wp-content\/uploads\/sites\/5\/2018\/04\/Semana-Vacunacion-Hospital-General-de-Accidentes-IGSS-2018-10-300x225.jpeg 300w, \/wp-content\/uploads\/sites\/5\/2018\/04\/Semana-Vacunacion-Hospital-General-de-Accidentes-IGSS-2018-10-768x576.jpeg 768w, \/wp-content\/uploads\/sites\/5\/2018\/04\/Semana-Vacunacion-Hospital-General-de-Accidentes-IGSS-2018-10-1024x768.jpeg 1024w, \/wp-content\/uploads\/sites\/5\/2018\/04\/Semana-Vacunacion-Hospital-General-de-Accidentes-IGSS-2018-10-80x60.jpeg 80w, \/wp-content\/uploads\/sites\/5\/2018\/04\/Semana-Vacunacion-Hospital-General-de-Accidentes-IGSS-2018-10-696x522.jpeg 696w, \/wp-content\/uploads\/sites\/5\/2018\/04\/Semana-Vacunacion-Hospital-General-de-Accidentes-IGSS-2018-10-1068x801.jpeg 1068w, \/wp-content\/uploads\/sites\/5\/2018\/04\/Semana-Vacunacion-Hospital-General-de-Accidentes-IGSS-2018-10-265x198.jpeg 265w, \/wp-content\/uploads\/sites\/5\/2018\/04\/Semana-Vacunacion-Hospital-General-de-Accidentes-IGSS-2018-10-534x401.jpeg 534w, \/wp-content\/uploads\/sites\/5\/2018\/04\/Semana-Vacunacion-Hospital-General-de-Accidentes-IGSS-2018-10.jpeg 1280w\" sizes=\"(max-width: 560px) 100vw, 560px\" alt=\"\">\r\n                            <\/a>\r\n                            \r\n                        <\/figure>\r\n                    <\/div>\r\n                    <div class = \"td-slide-item td-item2\">\r\n                        <figure class=\"td-slide-galery-figure td-slide-popup-gallery\">\r\n                            <a class=\"slide-gallery-image-link\" href=\"\/wp-content\/uploads\/sites\/5\/2018\/04\/Semana-Vacunacion-Hospital-General-de-Accidentes-IGSS-2018-5.jpeg\" title=\"Semana Vacunacion Hospital General de Accidentes IGSS 2018-5\"  data-caption=\"\"  data-description=\"\">\r\n                                <img decoding=\"async\" src=\"\/wp-content\/uploads\/sites\/5\/2018\/04\/Semana-Vacunacion-Hospital-General-de-Accidentes-IGSS-2018-5-560x420.jpeg\" srcset=\"\/wp-content\/uploads\/sites\/5\/2018\/04\/Semana-Vacunacion-Hospital-General-de-Accidentes-IGSS-2018-5-560x420.jpeg 560w, \/wp-content\/uploads\/sites\/5\/2018\/04\/Semana-Vacunacion-Hospital-General-de-Accidentes-IGSS-2018-5-300x225.jpeg 300w, \/wp-content\/uploads\/sites\/5\/2018\/04\/Semana-Vacunacion-Hospital-General-de-Accidentes-IGSS-2018-5-768x576.jpeg 768w, \/wp-content\/uploads\/sites\/5\/2018\/04\/Semana-Vacunacion-Hospital-General-de-Accidentes-IGSS-2018-5-1024x768.jpeg 1024w, \/wp-content\/uploads\/sites\/5\/2018\/04\/Semana-Vacunacion-Hospital-General-de-Accidentes-IGSS-2018-5-80x60.jpeg 80w, \/wp-content\/uploads\/sites\/5\/2018\/04\/Semana-Vacunacion-Hospital-General-de-Accidentes-IGSS-2018-5-696x522.jpeg 696w, \/wp-content\/uploads\/sites\/5\/2018\/04\/Semana-Vacunacion-Hospital-General-de-Accidentes-IGSS-2018-5-1068x801.jpeg 1068w, \/wp-content\/uploads\/sites\/5\/2018\/04\/Semana-Vacunacion-Hospital-General-de-Accidentes-IGSS-2018-5-265x198.jpeg 265w, \/wp-content\/uploads\/sites\/5\/2018\/04\/Semana-Vacunacion-Hospital-General-de-Accidentes-IGSS-2018-5-534x401.jpeg 534w, \/wp-content\/uploads\/sites\/5\/2018\/04\/Semana-Vacunacion-Hospital-General-de-Accidentes-IGSS-2018-5.jpeg 1280w\" sizes=\"(max-width: 560px) 100vw, 560px\" alt=\"\">\r\n                            <\/a>\r\n                            \r\n                        <\/figure>\r\n                    <\/div>\r\n                    <div class = \"td-slide-item td-item3\">\r\n                        <figure class=\"td-slide-galery-figure td-slide-popup-gallery\">\r\n                            <a class=\"slide-gallery-image-link\" href=\"\/wp-content\/uploads\/sites\/5\/2018\/04\/Semana-Vacunacion-Hospital-General-de-Accidentes-IGSS-2018-3.jpeg\" title=\"Semana Vacunacion Hospital General de Accidentes IGSS 2018-3\"  data-caption=\"\"  data-description=\"\">\r\n                                <img decoding=\"async\" src=\"\/wp-content\/uploads\/sites\/5\/2018\/04\/Semana-Vacunacion-Hospital-General-de-Accidentes-IGSS-2018-3-560x420.jpeg\" srcset=\"\/wp-content\/uploads\/sites\/5\/2018\/04\/Semana-Vacunacion-Hospital-General-de-Accidentes-IGSS-2018-3-560x420.jpeg 560w, \/wp-content\/uploads\/sites\/5\/2018\/04\/Semana-Vacunacion-Hospital-General-de-Accidentes-IGSS-2018-3-300x225.jpeg 300w, \/wp-content\/uploads\/sites\/5\/2018\/04\/Semana-Vacunacion-Hospital-General-de-Accidentes-IGSS-2018-3-768x576.jpeg 768w, \/wp-content\/uploads\/sites\/5\/2018\/04\/Semana-Vacunacion-Hospital-General-de-Accidentes-IGSS-2018-3-1024x768.jpeg 1024w, \/wp-content\/uploads\/sites\/5\/2018\/04\/Semana-Vacunacion-Hospital-General-de-Accidentes-IGSS-2018-3-80x60.jpeg 80w, \/wp-content\/uploads\/sites\/5\/2018\/04\/Semana-Vacunacion-Hospital-General-de-Accidentes-IGSS-2018-3-696x522.jpeg 696w, \/wp-content\/uploads\/sites\/5\/2018\/04\/Semana-Vacunacion-Hospital-General-de-Accidentes-IGSS-2018-3-1068x801.jpeg 1068w, \/wp-content\/uploads\/sites\/5\/2018\/04\/Semana-Vacunacion-Hospital-General-de-Accidentes-IGSS-2018-3-265x198.jpeg 265w, \/wp-content\/uploads\/sites\/5\/2018\/04\/Semana-Vacunacion-Hospital-General-de-Accidentes-IGSS-2018-3-534x401.jpeg 534w, \/wp-content\/uploads\/sites\/5\/2018\/04\/Semana-Vacunacion-Hospital-General-de-Accidentes-IGSS-2018-3.jpeg 1280w\" sizes=\"(max-width: 560px) 100vw, 560px\" alt=\"\">\r\n                            <\/a>\r\n                            \r\n                        <\/figure>\r\n                    <\/div>\r\n                    <div class = \"td-slide-item td-item4\">\r\n                        <figure class=\"td-slide-galery-figure td-slide-popup-gallery\">\r\n                            <a class=\"slide-gallery-image-link\" href=\"\/wp-content\/uploads\/sites\/5\/2018\/04\/Semana-Vacunacion-Hospital-General-de-Accidentes-IGSS-2018-8.jpeg\" title=\"Semana Vacunacion Hospital General de Accidentes IGSS 2018-8\"  data-caption=\"\"  data-description=\"\">\r\n                                <img decoding=\"async\" src=\"\/wp-content\/uploads\/sites\/5\/2018\/04\/Semana-Vacunacion-Hospital-General-de-Accidentes-IGSS-2018-8-560x420.jpeg\" srcset=\"\/wp-content\/uploads\/sites\/5\/2018\/04\/Semana-Vacunacion-Hospital-General-de-Accidentes-IGSS-2018-8-560x420.jpeg 560w, \/wp-content\/uploads\/sites\/5\/2018\/04\/Semana-Vacunacion-Hospital-General-de-Accidentes-IGSS-2018-8-300x225.jpeg 300w, \/wp-content\/uploads\/sites\/5\/2018\/04\/Semana-Vacunacion-Hospital-General-de-Accidentes-IGSS-2018-8-768x576.jpeg 768w, \/wp-content\/uploads\/sites\/5\/2018\/04\/Semana-Vacunacion-Hospital-General-de-Accidentes-IGSS-2018-8-1024x768.jpeg 1024w, \/wp-content\/uploads\/sites\/5\/2018\/04\/Semana-Vacunacion-Hospital-General-de-Accidentes-IGSS-2018-8-80x60.jpeg 80w, \/wp-content\/uploads\/sites\/5\/2018\/04\/Semana-Vacunacion-Hospital-General-de-Accidentes-IGSS-2018-8-696x522.jpeg 696w, \/wp-content\/uploads\/sites\/5\/2018\/04\/Semana-Vacunacion-Hospital-General-de-Accidentes-IGSS-2018-8-1068x801.jpeg 1068w, \/wp-content\/uploads\/sites\/5\/2018\/04\/Semana-Vacunacion-Hospital-General-de-Accidentes-IGSS-2018-8-265x198.jpeg 265w, \/wp-content\/uploads\/sites\/5\/2018\/04\/Semana-Vacunacion-Hospital-General-de-Accidentes-IGSS-2018-8-534x401.jpeg 534w, \/wp-content\/uploads\/sites\/5\/2018\/04\/Semana-Vacunacion-Hospital-General-de-Accidentes-IGSS-2018-8.jpeg 1280w\" sizes=\"(max-width: 560px) 100vw, 560px\" alt=\"\">\r\n                            <\/a>\r\n                            \r\n                        <\/figure>\r\n                    <\/div>\r\n                    <div class = \"td-slide-item td-item5\">\r\n                        <figure class=\"td-slide-galery-figure td-slide-popup-gallery\">\r\n                            <a class=\"slide-gallery-image-link\" href=\"\/wp-content\/uploads\/sites\/5\/2018\/04\/Semana-Vacunacion-Hospital-General-de-Accidentes-IGSS-2018-7.jpeg\" title=\"Semana Vacunacion Hospital General de Accidentes IGSS 2018-7\"  data-caption=\"\"  data-description=\"\">\r\n                                <img decoding=\"async\" src=\"\/wp-content\/uploads\/sites\/5\/2018\/04\/Semana-Vacunacion-Hospital-General-de-Accidentes-IGSS-2018-7-560x420.jpeg\" srcset=\"\/wp-content\/uploads\/sites\/5\/2018\/04\/Semana-Vacunacion-Hospital-General-de-Accidentes-IGSS-2018-7-560x420.jpeg 560w, \/wp-content\/uploads\/sites\/5\/2018\/04\/Semana-Vacunacion-Hospital-General-de-Accidentes-IGSS-2018-7-300x225.jpeg 300w, \/wp-content\/uploads\/sites\/5\/2018\/04\/Semana-Vacunacion-Hospital-General-de-Accidentes-IGSS-2018-7-768x576.jpeg 768w, \/wp-content\/uploads\/sites\/5\/2018\/04\/Semana-Vacunacion-Hospital-General-de-Accidentes-IGSS-2018-7-1024x768.jpeg 1024w, \/wp-content\/uploads\/sites\/5\/2018\/04\/Semana-Vacunacion-Hospital-General-de-Accidentes-IGSS-2018-7-80x60.jpeg 80w, \/wp-content\/uploads\/sites\/5\/2018\/04\/Semana-Vacunacion-Hospital-General-de-Accidentes-IGSS-2018-7-696x522.jpeg 696w, \/wp-content\/uploads\/sites\/5\/2018\/04\/Semana-Vacunacion-Hospital-General-de-Accidentes-IGSS-2018-7-1068x801.jpeg 1068w, \/wp-content\/uploads\/sites\/5\/2018\/04\/Semana-Vacunacion-Hospital-General-de-Accidentes-IGSS-2018-7-265x198.jpeg 265w, \/wp-content\/uploads\/sites\/5\/2018\/04\/Semana-Vacunacion-Hospital-General-de-Accidentes-IGSS-2018-7-534x401.jpeg 534w, \/wp-content\/uploads\/sites\/5\/2018\/04\/Semana-Vacunacion-Hospital-General-de-Accidentes-IGSS-2018-7.jpeg 1280w\" sizes=\"(max-width: 560px) 100vw, 560px\" alt=\"\">\r\n                            <\/a>\r\n                            \r\n                        <\/figure>\r\n                    <\/div>\r\n                    <div class = \"td-slide-item td-item6\">\r\n                        <figure class=\"td-slide-galery-figure td-slide-popup-gallery\">\r\n                            <a class=\"slide-gallery-image-link\" href=\"\/wp-content\/uploads\/sites\/5\/2018\/04\/Semana-Vacunacion-Hospital-General-de-Accidentes-IGSS-2018-1.jpeg\" title=\"Semana Vacunacion Hospital General de Accidentes IGSS 2018-1\"  data-caption=\"\"  data-description=\"\">\r\n                                <img decoding=\"async\" src=\"\/wp-content\/uploads\/sites\/5\/2018\/04\/Semana-Vacunacion-Hospital-General-de-Accidentes-IGSS-2018-1-560x420.jpeg\" srcset=\"\/wp-content\/uploads\/sites\/5\/2018\/04\/Semana-Vacunacion-Hospital-General-de-Accidentes-IGSS-2018-1-560x420.jpeg 560w, \/wp-content\/uploads\/sites\/5\/2018\/04\/Semana-Vacunacion-Hospital-General-de-Accidentes-IGSS-2018-1-300x225.jpeg 300w, \/wp-content\/uploads\/sites\/5\/2018\/04\/Semana-Vacunacion-Hospital-General-de-Accidentes-IGSS-2018-1-768x576.jpeg 768w, \/wp-content\/uploads\/sites\/5\/2018\/04\/Semana-Vacunacion-Hospital-General-de-Accidentes-IGSS-2018-1-1024x768.jpeg 1024w, \/wp-content\/uploads\/sites\/5\/2018\/04\/Semana-Vacunacion-Hospital-General-de-Accidentes-IGSS-2018-1-80x60.jpeg 80w, \/wp-content\/uploads\/sites\/5\/2018\/04\/Semana-Vacunacion-Hospital-General-de-Accidentes-IGSS-2018-1-696x522.jpeg 696w, \/wp-content\/uploads\/sites\/5\/2018\/04\/Semana-Vacunacion-Hospital-General-de-Accidentes-IGSS-2018-1-1068x801.jpeg 1068w, \/wp-content\/uploads\/sites\/5\/2018\/04\/Semana-Vacunacion-Hospital-General-de-Accidentes-IGSS-2018-1-265x198.jpeg 265w, \/wp-content\/uploads\/sites\/5\/2018\/04\/Semana-Vacunacion-Hospital-General-de-Accidentes-IGSS-2018-1-534x401.jpeg 534w, \/wp-content\/uploads\/sites\/5\/2018\/04\/Semana-Vacunacion-Hospital-General-de-Accidentes-IGSS-2018-1.jpeg 1280w\" sizes=\"(max-width: 560px) 100vw, 560px\" alt=\"\">\r\n                            <\/a>\r\n                            \r\n                        <\/figure>\r\n                    <\/div>\r\n                    <div class = \"td-slide-item td-item7\">\r\n                        <figure class=\"td-slide-galery-figure td-slide-popup-gallery\">\r\n                            <a class=\"slide-gallery-image-link\" href=\"\/wp-content\/uploads\/sites\/5\/2018\/04\/Semana-Vacunacion-Hospital-General-de-Accidentes-IGSS-2018-2.jpeg\" title=\"Semana Vacunacion Hospital General de Accidentes IGSS 2018-2\"  data-caption=\"\"  data-description=\"\">\r\n                                <img decoding=\"async\" src=\"\/wp-content\/uploads\/sites\/5\/2018\/04\/Semana-Vacunacion-Hospital-General-de-Accidentes-IGSS-2018-2-560x420.jpeg\" srcset=\"\/wp-content\/uploads\/sites\/5\/2018\/04\/Semana-Vacunacion-Hospital-General-de-Accidentes-IGSS-2018-2-560x420.jpeg 560w, \/wp-content\/uploads\/sites\/5\/2018\/04\/Semana-Vacunacion-Hospital-General-de-Accidentes-IGSS-2018-2-300x225.jpeg 300w, \/wp-content\/uploads\/sites\/5\/2018\/04\/Semana-Vacunacion-Hospital-General-de-Accidentes-IGSS-2018-2-768x576.jpeg 768w, \/wp-content\/uploads\/sites\/5\/2018\/04\/Semana-Vacunacion-Hospital-General-de-Accidentes-IGSS-2018-2-1024x768.jpeg 1024w, \/wp-content\/uploads\/sites\/5\/2018\/04\/Semana-Vacunacion-Hospital-General-de-Accidentes-IGSS-2018-2-80x60.jpeg 80w, \/wp-content\/uploads\/sites\/5\/2018\/04\/Semana-Vacunacion-Hospital-General-de-Accidentes-IGSS-2018-2-696x522.jpeg 696w, \/wp-content\/uploads\/sites\/5\/2018\/04\/Semana-Vacunacion-Hospital-General-de-Accidentes-IGSS-2018-2-1068x801.jpeg 1068w, \/wp-content\/uploads\/sites\/5\/2018\/04\/Semana-Vacunacion-Hospital-General-de-Accidentes-IGSS-2018-2-265x198.jpeg 265w, \/wp-content\/uploads\/sites\/5\/2018\/04\/Semana-Vacunacion-Hospital-General-de-Accidentes-IGSS-2018-2-534x401.jpeg 534w, \/wp-content\/uploads\/sites\/5\/2018\/04\/Semana-Vacunacion-Hospital-General-de-Accidentes-IGSS-2018-2.jpeg 1280w\" sizes=\"(max-width: 560px) 100vw, 560px\" alt=\"\">\r\n                            <\/a>\r\n                            \r\n                        <\/figure>\r\n                    <\/div>\r\n                    <div class = \"td-slide-item td-item8\">\r\n                        <figure class=\"td-slide-galery-figure td-slide-popup-gallery\">\r\n                            <a class=\"slide-gallery-image-link\" href=\"\/wp-content\/uploads\/sites\/5\/2018\/04\/Semana-Vacunacion-Hospital-General-de-Accidentes-IGSS-2018-4.jpeg\" title=\"Semana Vacunacion Hospital General de Accidentes IGSS 2018-4\"  data-caption=\"\"  data-description=\"\">\r\n                                <img decoding=\"async\" src=\"\/wp-content\/uploads\/sites\/5\/2018\/04\/Semana-Vacunacion-Hospital-General-de-Accidentes-IGSS-2018-4-560x420.jpeg\" srcset=\"\/wp-content\/uploads\/sites\/5\/2018\/04\/Semana-Vacunacion-Hospital-General-de-Accidentes-IGSS-2018-4-560x420.jpeg 560w, \/wp-content\/uploads\/sites\/5\/2018\/04\/Semana-Vacunacion-Hospital-General-de-Accidentes-IGSS-2018-4-300x225.jpeg 300w, \/wp-content\/uploads\/sites\/5\/2018\/04\/Semana-Vacunacion-Hospital-General-de-Accidentes-IGSS-2018-4-768x576.jpeg 768w, \/wp-content\/uploads\/sites\/5\/2018\/04\/Semana-Vacunacion-Hospital-General-de-Accidentes-IGSS-2018-4-1024x768.jpeg 1024w, \/wp-content\/uploads\/sites\/5\/2018\/04\/Semana-Vacunacion-Hospital-General-de-Accidentes-IGSS-2018-4-80x60.jpeg 80w, \/wp-content\/uploads\/sites\/5\/2018\/04\/Semana-Vacunacion-Hospital-General-de-Accidentes-IGSS-2018-4-696x522.jpeg 696w, \/wp-content\/uploads\/sites\/5\/2018\/04\/Semana-Vacunacion-Hospital-General-de-Accidentes-IGSS-2018-4-1068x801.jpeg 1068w, \/wp-content\/uploads\/sites\/5\/2018\/04\/Semana-Vacunacion-Hospital-General-de-Accidentes-IGSS-2018-4-265x198.jpeg 265w, \/wp-content\/uploads\/sites\/5\/2018\/04\/Semana-Vacunacion-Hospital-General-de-Accidentes-IGSS-2018-4-534x401.jpeg 534w, \/wp-content\/uploads\/sites\/5\/2018\/04\/Semana-Vacunacion-Hospital-General-de-Accidentes-IGSS-2018-4.jpeg 1280w\" sizes=\"(max-width: 560px) 100vw, 560px\" alt=\"\">\r\n                            <\/a>\r\n                            \r\n                        <\/figure>\r\n                    <\/div>\r\n                    <div class = \"td-slide-item td-item9\">\r\n                        <figure class=\"td-slide-galery-figure td-slide-popup-gallery\">\r\n                            <a class=\"slide-gallery-image-link\" href=\"\/wp-content\/uploads\/sites\/5\/2018\/04\/Semana-Vacunacion-Hospital-General-de-Accidentes-IGSS-2018-6.jpeg\" title=\"Semana Vacunacion Hospital General de Accidentes IGSS 2018-6\"  data-caption=\"\"  data-description=\"\">\r\n                                <img decoding=\"async\" src=\"\/wp-content\/uploads\/sites\/5\/2018\/04\/Semana-Vacunacion-Hospital-General-de-Accidentes-IGSS-2018-6-560x420.jpeg\" srcset=\"\/wp-content\/uploads\/sites\/5\/2018\/04\/Semana-Vacunacion-Hospital-General-de-Accidentes-IGSS-2018-6-560x420.jpeg 560w, \/wp-content\/uploads\/sites\/5\/2018\/04\/Semana-Vacunacion-Hospital-General-de-Accidentes-IGSS-2018-6-300x225.jpeg 300w, \/wp-content\/uploads\/sites\/5\/2018\/04\/Semana-Vacunacion-Hospital-General-de-Accidentes-IGSS-2018-6-768x576.jpeg 768w, \/wp-content\/uploads\/sites\/5\/2018\/04\/Semana-Vacunacion-Hospital-General-de-Accidentes-IGSS-2018-6-1024x768.jpeg 1024w, \/wp-content\/uploads\/sites\/5\/2018\/04\/Semana-Vacunacion-Hospital-General-de-Accidentes-IGSS-2018-6-80x60.jpeg 80w, \/wp-content\/uploads\/sites\/5\/2018\/04\/Semana-Vacunacion-Hospital-General-de-Accidentes-IGSS-2018-6-696x522.jpeg 696w, \/wp-content\/uploads\/sites\/5\/2018\/04\/Semana-Vacunacion-Hospital-General-de-Accidentes-IGSS-2018-6-1068x801.jpeg 1068w, \/wp-content\/uploads\/sites\/5\/2018\/04\/Semana-Vacunacion-Hospital-General-de-Accidentes-IGSS-2018-6-265x198.jpeg 265w, \/wp-content\/uploads\/sites\/5\/2018\/04\/Semana-Vacunacion-Hospital-General-de-Accidentes-IGSS-2018-6-534x401.jpeg 534w, \/wp-content\/uploads\/sites\/5\/2018\/04\/Semana-Vacunacion-Hospital-General-de-Accidentes-IGSS-2018-6.jpeg 1280w\" sizes=\"(max-width: 560px) 100vw, 560px\" alt=\"\">\r\n                            <\/a>\r\n                            \r\n                        <\/figure>\r\n                    <\/div>\r\n                    <div class = \"td-slide-item td-item10\">\r\n                        <figure class=\"td-slide-galery-figure td-slide-popup-gallery\">\r\n                            <a class=\"slide-gallery-image-link\" href=\"\/wp-content\/uploads\/sites\/5\/2018\/04\/Semana-Vacunacion-Hospital-General-de-Accidentes-IGSS-2018-9.jpeg\" title=\"Semana Vacunacion Hospital General de Accidentes IGSS 2018-9\"  data-caption=\"\"  data-description=\"\">\r\n                                <img decoding=\"async\" src=\"\/wp-content\/uploads\/sites\/5\/2018\/04\/Semana-Vacunacion-Hospital-General-de-Accidentes-IGSS-2018-9-560x420.jpeg\" srcset=\"\/wp-content\/uploads\/sites\/5\/2018\/04\/Semana-Vacunacion-Hospital-General-de-Accidentes-IGSS-2018-9-560x420.jpeg 560w, \/wp-content\/uploads\/sites\/5\/2018\/04\/Semana-Vacunacion-Hospital-General-de-Accidentes-IGSS-2018-9-300x225.jpeg 300w, \/wp-content\/uploads\/sites\/5\/2018\/04\/Semana-Vacunacion-Hospital-General-de-Accidentes-IGSS-2018-9-768x576.jpeg 768w, \/wp-content\/uploads\/sites\/5\/2018\/04\/Semana-Vacunacion-Hospital-General-de-Accidentes-IGSS-2018-9-1024x768.jpeg 1024w, \/wp-content\/uploads\/sites\/5\/2018\/04\/Semana-Vacunacion-Hospital-General-de-Accidentes-IGSS-2018-9-80x60.jpeg 80w, \/wp-content\/uploads\/sites\/5\/2018\/04\/Semana-Vacunacion-Hospital-General-de-Accidentes-IGSS-2018-9-696x522.jpeg 696w, \/wp-content\/uploads\/sites\/5\/2018\/04\/Semana-Vacunacion-Hospital-General-de-Accidentes-IGSS-2018-9-1068x801.jpeg 1068w, \/wp-content\/uploads\/sites\/5\/2018\/04\/Semana-Vacunacion-Hospital-General-de-Accidentes-IGSS-2018-9-265x198.jpeg 265w, \/wp-content\/uploads\/sites\/5\/2018\/04\/Semana-Vacunacion-Hospital-General-de-Accidentes-IGSS-2018-9-534x401.jpeg 534w, \/wp-content\/uploads\/sites\/5\/2018\/04\/Semana-Vacunacion-Hospital-General-de-Accidentes-IGSS-2018-9.jpeg 1280w\" sizes=\"(max-width: 560px) 100vw, 560px\" alt=\"\">\r\n                            <\/a>\r\n                            \r\n                        <\/figure>\r\n                    <\/div>\r\n                            <\/div>\r\n                        <\/div>\r\n\r\n                        <div class = \"td-doubleSlider-2\">\r\n                            <div class = \"td-slider\">\r\n                                \r\n                    <div class = \"td-button td-item1\">\r\n                        <div class = \"td-border\"><\/div>\r\n                    <\/div>\r\n                    <div class = \"td-button td-item2\">\r\n                        <div class = \"td-border\"><\/div>\r\n                    <\/div>\r\n                    <div class = \"td-button td-item3\">\r\n                        <div class = \"td-border\"><\/div>\r\n                    <\/div>\r\n                    <div class = \"td-button td-item4\">\r\n                        <div class = \"td-border\"><\/div>\r\n                    <\/div>\r\n                    <div class = \"td-button td-item5\">\r\n                        <div class = \"td-border\"><\/div>\r\n                    <\/div>\r\n                    <div class = \"td-button td-item6\">\r\n                        <div class = \"td-border\"><\/div>\r\n                    <\/div>\r\n                    <div class = \"td-button td-item7\">\r\n                        <div class = \"td-border\"><\/div>\r\n                    <\/div>\r\n                    <div class = \"td-button td-item8\">\r\n                        <div class = \"td-border\"><\/div>\r\n                    <\/div>\r\n                    <div class = \"td-button td-item9\">\r\n                        <div class = \"td-border\"><\/div>\r\n                    <\/div>\r\n                    <div class = \"td-button td-item10\">\r\n                        <div class = \"td-border\"><\/div>\r\n                    <\/div>\r\n                            <\/div>\r\n                        <\/div>\r\n\r\n                    <\/div>\r\n\r\n                <\/div>\r\n                \n<hr \/>\n<p>&nbsp;<\/p>\n<\/div>\n<\/div>\n","protected":false},"excerpt":{"rendered":"<p>El Servicio de Pediatr\u00eda del Hospital General de Accidentes conmemor\u00f3 la Semana de Vacunaci\u00f3n en las Am\u00e9ricas y la Semana Mundial de la Vacunaci\u00f3n con una sesi\u00f3n informativa dirigida a madres de los peque\u00f1os pacientes y al personal de enfermer\u00eda sobre la importancia de las vacunas, bajo el lema \u201cRefuerza tus defensas\u201d. Esta sesi\u00f3n fue [&hellip;]<\/p>\n","protected":false},"author":4,"featured_media":4639,"comment_status":"open","ping_status":"open","sticky":false,"template":"","format":"standard","meta":{"footnotes":""},"categories":[3,45,24,27,29,36],"tags":[355,480,490,580,781],"coauthors":[],"class_list":{"0":"post-4635","1":"post","2":"type-post","3":"status-publish","4":"format-standard","5":"has-post-thumbnail","7":"category-actualidad","8":"category-jornadas-medicas","9":"category-pediatria","10":"category-prevencion-en-salud","11":"category-publicaciones","12":"category-unidades-medicas","13":"tag-dra-evelyn-carolina-zepeda","14":"tag-hospital-general-de-accidentes-ceibal","15":"tag-igss","16":"tag-licda-beatriz-rodriguez","17":"tag-semana-de-vacunacion-de-las-americas"},"_links":{"self":[{"href":"https:\/\/www.igssgt.org\/noticias\/wp-json\/wp\/v2\/posts\/4635","targetHints":{"allow":["GET"]}}],"collection":[{"href":"https:\/\/www.igssgt.org\/noticias\/wp-json\/wp\/v2\/posts"}],"about":[{"href":"https:\/\/www.igssgt.org\/noticias\/wp-json\/wp\/v2\/types\/post"}],"author":[{"embeddable":true,"href":"https:\/\/www.igssgt.org\/noticias\/wp-json\/wp\/v2\/users\/4"}],"replies":[{"embeddable":true,"href":"https:\/\/www.igssgt.org\/noticias\/wp-json\/wp\/v2\/comments?post=4635"}],"version-history":[{"count":0,"href":"https:\/\/www.igssgt.org\/noticias\/wp-json\/wp\/v2\/posts\/4635\/revisions"}],"wp:featuredmedia":[{"embeddable":true,"href":"https:\/\/www.igssgt.org\/noticias\/wp-json\/wp\/v2\/media\/4639"}],"wp:attachment":[{"href":"https:\/\/www.igssgt.org\/noticias\/wp-json\/wp\/v2\/media?parent=4635"}],"wp:term":[{"taxonomy":"category","embeddable":true,"href":"https:\/\/www.igssgt.org\/noticias\/wp-json\/wp\/v2\/categories?post=4635"},{"taxonomy":"post_tag","embeddable":true,"href":"https:\/\/www.igssgt.org\/noticias\/wp-json\/wp\/v2\/tags?post=4635"},{"taxonomy":"author","embeddable":true,"href":"https:\/\/www.igssgt.org\/noticias\/wp-json\/wp\/v2\/coauthors?post=4635"}],"curies":[{"name":"wp","href":"https:\/\/api.w.org\/{rel}","templated":true}]}}