{"id":46385,"date":"2025-02-12T06:12:00","date_gmt":"2025-02-12T12:12:00","guid":{"rendered":"https:\/\/www.igssgt.org\/noticias\/?p=46385"},"modified":"2025-02-10T11:41:20","modified_gmt":"2025-02-10T17:41:20","slug":"igss-acerca-la-vacunacion-a-trabajadores-del-campo-en-retalhuleu","status":"publish","type":"post","link":"https:\/\/www.igssgt.org\/noticias\/2025\/02\/12\/igss-acerca-la-vacunacion-a-trabajadores-del-campo-en-retalhuleu\/","title":{"rendered":"IGSS acerca la vacunaci\u00f3n a trabajadores del campo en Retalhuleu"},"content":{"rendered":"\n<p class=\"has-drop-cap\">Como parte de las acciones para fortalecer la prevenci\u00f3n de enfermedades entre la poblaci\u00f3n afiliada, el Instituto Guatemalteco de Seguridad Social (IGSS) llev\u00f3 a cabo una jornada de vacunaci\u00f3n contra la influenza en fincas aleda\u00f1as al Ingenio Magdalena, en Retalhuleu.<\/p>\n\n\n<p>La actividad fue coordinada por un equipo multidisciplinario del Hospital de Coatepeque, con el apoyo de la Direcci\u00f3n Departamental del IGSS en Quetzaltenango, y tuvo como objetivo proteger la salud de los trabajadores del campo, quienes debido a su labor diaria est\u00e1n expuestos a cambios clim\u00e1ticos y otros factores de riesgo.<\/p>\n<figure id=\"attachment_46387\" aria-describedby=\"caption-attachment-46387\" style=\"width: 707px\" class=\"wp-caption alignnone\"><img loading=\"lazy\" decoding=\"async\" class=\"wp-image-46387\" src=\"\/wp-content\/uploads\/sites\/5\/2025\/02\/IGSS-Hospital-Quetzasltenengo-Vacunacion-2025-2-300x168.jpg\" alt=\"\" width=\"707\" height=\"396\" srcset=\"\/wp-content\/uploads\/sites\/5\/2025\/02\/IGSS-Hospital-Quetzasltenengo-Vacunacion-2025-2-300x168.jpg 300w, \/wp-content\/uploads\/sites\/5\/2025\/02\/IGSS-Hospital-Quetzasltenengo-Vacunacion-2025-2-1024x575.jpg 1024w, \/wp-content\/uploads\/sites\/5\/2025\/02\/IGSS-Hospital-Quetzasltenengo-Vacunacion-2025-2-768x431.jpg 768w, \/wp-content\/uploads\/sites\/5\/2025\/02\/IGSS-Hospital-Quetzasltenengo-Vacunacion-2025-2-1536x862.jpg 1536w, \/wp-content\/uploads\/sites\/5\/2025\/02\/IGSS-Hospital-Quetzasltenengo-Vacunacion-2025-2-2048x1150.jpg 2048w, \/wp-content\/uploads\/sites\/5\/2025\/02\/IGSS-Hospital-Quetzasltenengo-Vacunacion-2025-2-748x420.jpg 748w, \/wp-content\/uploads\/sites\/5\/2025\/02\/IGSS-Hospital-Quetzasltenengo-Vacunacion-2025-2-696x391.jpg 696w, \/wp-content\/uploads\/sites\/5\/2025\/02\/IGSS-Hospital-Quetzasltenengo-Vacunacion-2025-2-1068x599.jpg 1068w, \/wp-content\/uploads\/sites\/5\/2025\/02\/IGSS-Hospital-Quetzasltenengo-Vacunacion-2025-2-1920x1078.jpg 1920w, \/wp-content\/uploads\/sites\/5\/2025\/02\/IGSS-Hospital-Quetzasltenengo-Vacunacion-2025-2-534x300.jpg 534w\" sizes=\"auto, (max-width: 707px) 100vw, 707px\" \/><figcaption id=\"caption-attachment-46387\" class=\"wp-caption-text\">La brigada de vacunaci\u00f3n del Hospital de Coatepeque en coordinaci\u00f3n con la Direcci\u00f3n Departamental de Quetzaltenango, realiz\u00f3 la jornada durante 2 d\u00edas.<\/figcaption><\/figure>\n<p>La doctora Andrea Morales, epidemi\u00f3loga del IGSS, explic\u00f3 que estas brigadas buscan facilitar el acceso a la inmunizaci\u00f3n, acercando los servicios a los afiliados para evitar complicaciones derivadas de enfermedades prevenibles.<\/p>\n<p>\u201cEstas jornadas se realizaron con el objetivo de inmunizar a los trabajadores de campo y, al mismo tiempo, facilitarles el acceso a los servicios de prevenci\u00f3n a trav\u00e9s de brigadas especializadas que garanticen una atenci\u00f3n eficaz\u201d, indic\u00f3 la especialista.<\/p>\n<figure id=\"attachment_46388\" aria-describedby=\"caption-attachment-46388\" style=\"width: 714px\" class=\"wp-caption alignnone\"><img loading=\"lazy\" decoding=\"async\" class=\"wp-image-46388\" src=\"\/wp-content\/uploads\/sites\/5\/2025\/02\/IGSS-Hospital-Quetzasltenengo-Vacunacion-2025-0-300x168.jpg\" alt=\"\" width=\"714\" height=\"400\" srcset=\"\/wp-content\/uploads\/sites\/5\/2025\/02\/IGSS-Hospital-Quetzasltenengo-Vacunacion-2025-0-300x168.jpg 300w, \/wp-content\/uploads\/sites\/5\/2025\/02\/IGSS-Hospital-Quetzasltenengo-Vacunacion-2025-0-1024x575.jpg 1024w, \/wp-content\/uploads\/sites\/5\/2025\/02\/IGSS-Hospital-Quetzasltenengo-Vacunacion-2025-0-768x431.jpg 768w, \/wp-content\/uploads\/sites\/5\/2025\/02\/IGSS-Hospital-Quetzasltenengo-Vacunacion-2025-0-1536x862.jpg 1536w, \/wp-content\/uploads\/sites\/5\/2025\/02\/IGSS-Hospital-Quetzasltenengo-Vacunacion-2025-0-2048x1150.jpg 2048w, \/wp-content\/uploads\/sites\/5\/2025\/02\/IGSS-Hospital-Quetzasltenengo-Vacunacion-2025-0-748x420.jpg 748w, \/wp-content\/uploads\/sites\/5\/2025\/02\/IGSS-Hospital-Quetzasltenengo-Vacunacion-2025-0-696x391.jpg 696w, \/wp-content\/uploads\/sites\/5\/2025\/02\/IGSS-Hospital-Quetzasltenengo-Vacunacion-2025-0-1068x599.jpg 1068w, \/wp-content\/uploads\/sites\/5\/2025\/02\/IGSS-Hospital-Quetzasltenengo-Vacunacion-2025-0-1920x1078.jpg 1920w, \/wp-content\/uploads\/sites\/5\/2025\/02\/IGSS-Hospital-Quetzasltenengo-Vacunacion-2025-0-534x300.jpg 534w\" sizes=\"auto, (max-width: 714px) 100vw, 714px\" \/><figcaption id=\"caption-attachment-46388\" class=\"wp-caption-text\">La inmunizaci\u00f3n es importante para la prevenci\u00f3n de algunas enfermedades y sus complicaciones.<\/figcaption><\/figure>\n<p>Durante la jornada, que se llev\u00f3 a cabo en un periodo de dos d\u00edas, se administraron vacunas contra la influenza y se estableci\u00f3 un control para dar seguimiento a los trabajadores inmunizados, garantizando la aplicaci\u00f3n de refuerzos en futuras visitas.<\/p>\n<p><strong>Afiliados agradecen la iniciativa<\/strong><\/p>\n<p>Los beneficiados resaltaron la importancia de contar con estos servicios en sus lugares de trabajo.<\/p>\n<figure id=\"attachment_46389\" aria-describedby=\"caption-attachment-46389\" style=\"width: 752px\" class=\"wp-caption alignnone\"><img loading=\"lazy\" decoding=\"async\" class=\"wp-image-46389\" src=\"\/wp-content\/uploads\/sites\/5\/2025\/02\/IGSS-Hospital-Quetzasltenengo-Vacunacion-2025-9-300x168.jpg\" alt=\"\" width=\"752\" height=\"421\" srcset=\"\/wp-content\/uploads\/sites\/5\/2025\/02\/IGSS-Hospital-Quetzasltenengo-Vacunacion-2025-9-300x168.jpg 300w, \/wp-content\/uploads\/sites\/5\/2025\/02\/IGSS-Hospital-Quetzasltenengo-Vacunacion-2025-9-1024x575.jpg 1024w, \/wp-content\/uploads\/sites\/5\/2025\/02\/IGSS-Hospital-Quetzasltenengo-Vacunacion-2025-9-768x431.jpg 768w, \/wp-content\/uploads\/sites\/5\/2025\/02\/IGSS-Hospital-Quetzasltenengo-Vacunacion-2025-9-1536x862.jpg 1536w, \/wp-content\/uploads\/sites\/5\/2025\/02\/IGSS-Hospital-Quetzasltenengo-Vacunacion-2025-9-2048x1150.jpg 2048w, \/wp-content\/uploads\/sites\/5\/2025\/02\/IGSS-Hospital-Quetzasltenengo-Vacunacion-2025-9-748x420.jpg 748w, \/wp-content\/uploads\/sites\/5\/2025\/02\/IGSS-Hospital-Quetzasltenengo-Vacunacion-2025-9-696x391.jpg 696w, \/wp-content\/uploads\/sites\/5\/2025\/02\/IGSS-Hospital-Quetzasltenengo-Vacunacion-2025-9-1068x599.jpg 1068w, \/wp-content\/uploads\/sites\/5\/2025\/02\/IGSS-Hospital-Quetzasltenengo-Vacunacion-2025-9-1920x1078.jpg 1920w, \/wp-content\/uploads\/sites\/5\/2025\/02\/IGSS-Hospital-Quetzasltenengo-Vacunacion-2025-9-534x300.jpg 534w\" sizes=\"auto, (max-width: 752px) 100vw, 752px\" \/><figcaption id=\"caption-attachment-46389\" class=\"wp-caption-text\">M\u00e1s de 300 trabajadores fueron inmunizados durante las jornadas de vacunaci\u00f3n contra el virus de la influenza.<\/figcaption><\/figure>\n<p>\u201cLes agradecemos en nombre de todo el personal por preocuparse por nuestra salud. En el campo estamos expuestos a los cambios de clima y con esta vacuna podemos estar m\u00e1s protegidos\u201d, expres\u00f3 Brandon Monz\u00f3n, afiliado y trabajador del Ingenio Magdalena.<\/p>\n<p>El IGSS protege la salud de los trabajadores guatemaltecos y continuar\u00e1 desarrollando estrategias para fortalecer la prevenci\u00f3n de enfermedades a trav\u00e9s de la inmunizaci\u00f3n en diferentes sectores laborales del pa\u00eds.<\/p>\n\r\n                <style type=\"text\/css\">\r\n                    \r\n                    #tdi_1  .td-doubleSlider-2 .td-item1 {\r\n                        background: url(\/wp-content\/uploads\/sites\/5\/2025\/02\/IGSS-Hospital-Quetzasltenengo-Vacunacion-2025-5-80x60.jpg) 0 0 no-repeat;\r\n                    }\r\n                    #tdi_1  .td-doubleSlider-2 .td-item2 {\r\n                        background: url(\/wp-content\/uploads\/sites\/5\/2025\/02\/IGSS-Hospital-Quetzasltenengo-Vacunacion-2025-0-1-80x60.jpg) 0 0 no-repeat;\r\n                    }\r\n                    #tdi_1  .td-doubleSlider-2 .td-item3 {\r\n                        background: url(\/wp-content\/uploads\/sites\/5\/2025\/02\/IGSS-Hospital-Quetzasltenengo-Vacunacion-2025-10-80x60.jpg) 0 0 no-repeat;\r\n                    }\r\n                    #tdi_1  .td-doubleSlider-2 .td-item4 {\r\n                        background: url(\/wp-content\/uploads\/sites\/5\/2025\/02\/IGSS-Hospital-Quetzasltenengo-Vacunacion-2025-8-80x60.jpg) 0 0 no-repeat;\r\n                    }\r\n                    #tdi_1  .td-doubleSlider-2 .td-item5 {\r\n                        background: url(\/wp-content\/uploads\/sites\/5\/2025\/02\/IGSS-Hospital-Quetzasltenengo-Vacunacion-2025-4-80x60.jpg) 0 0 no-repeat;\r\n                    }\r\n                    #tdi_1  .td-doubleSlider-2 .td-item6 {\r\n                        background: url(\/wp-content\/uploads\/sites\/5\/2025\/02\/IGSS-Hospital-Quetzasltenengo-Vacunacion-2025-11-80x60.jpg) 0 0 no-repeat;\r\n                    }\r\n                    #tdi_1  .td-doubleSlider-2 .td-item7 {\r\n                        background: url(\/wp-content\/uploads\/sites\/5\/2025\/02\/IGSS-Hospital-Quetzasltenengo-Vacunacion-2025-6-80x60.jpg) 0 0 no-repeat;\r\n                    }\r\n                    #tdi_1  .td-doubleSlider-2 .td-item8 {\r\n                        background: url(\/wp-content\/uploads\/sites\/5\/2025\/02\/IGSS-Hospital-Quetzasltenengo-Vacunacion-2025-7-80x60.jpg) 0 0 no-repeat;\r\n                    }\r\n                    #tdi_1  .td-doubleSlider-2 .td-item9 {\r\n                        background: url(\/wp-content\/uploads\/sites\/5\/2025\/02\/IGSS-Hospital-Quetzasltenengo-Vacunacion-2025-12-80x60.jpg) 0 0 no-repeat;\r\n                    }\r\n                <\/style>\r\n\r\n                <div id=\"tdi_1\" class=\"td-gallery td-slide-on-2-columns\">\r\n                    <div class=\"post_td_gallery\">\r\n                        <div class=\"td-gallery-slide-top\">\r\n                           <div class=\"td-gallery-title\">M\u00e1s fotos de la exitosa Jornada de Vacunaci\u00f3n<\/div>\r\n\r\n                            <div class=\"td-gallery-controls-wrapper\">\r\n                                <div class=\"td-gallery-slide-count\"><span class=\"td-gallery-slide-item-focus\">1<\/span> de 9<\/div>\r\n                                <div class=\"td-gallery-slide-prev-next-but\">\r\n                                    <i class = \"td-icon-left doubleSliderPrevButton\"><\/i>\r\n                                    <i class = \"td-icon-right doubleSliderNextButton\"><\/i>\r\n                                <\/div>\r\n                            <\/div>\r\n                        <\/div>\r\n\r\n                        <div class = \"td-doubleSlider-1 \">\r\n                            <div class = \"td-slider\">\r\n                                \r\n                    <div class = \"td-slide-item td-item1\">\r\n                        <figure class=\"td-slide-galery-figure td-slide-popup-gallery\">\r\n                            <a class=\"slide-gallery-image-link\" href=\"\/wp-content\/uploads\/sites\/5\/2025\/02\/IGSS-Hospital-Quetzasltenengo-Vacunacion-2025-5.jpg\" title=\"IGSS Hospital Quetzasltenengo Vacunacion 2025-5\"  data-caption=\"\"  data-description=\"\">\r\n                                <img decoding=\"async\" src=\"\/wp-content\/uploads\/sites\/5\/2025\/02\/IGSS-Hospital-Quetzasltenengo-Vacunacion-2025-5-748x420.jpg\" srcset=\"\/wp-content\/uploads\/sites\/5\/2025\/02\/IGSS-Hospital-Quetzasltenengo-Vacunacion-2025-5-748x420.jpg 748w, \/wp-content\/uploads\/sites\/5\/2025\/02\/IGSS-Hospital-Quetzasltenengo-Vacunacion-2025-5-300x168.jpg 300w, \/wp-content\/uploads\/sites\/5\/2025\/02\/IGSS-Hospital-Quetzasltenengo-Vacunacion-2025-5-1024x575.jpg 1024w, \/wp-content\/uploads\/sites\/5\/2025\/02\/IGSS-Hospital-Quetzasltenengo-Vacunacion-2025-5-768x431.jpg 768w, \/wp-content\/uploads\/sites\/5\/2025\/02\/IGSS-Hospital-Quetzasltenengo-Vacunacion-2025-5-1536x862.jpg 1536w, \/wp-content\/uploads\/sites\/5\/2025\/02\/IGSS-Hospital-Quetzasltenengo-Vacunacion-2025-5-2048x1150.jpg 2048w, \/wp-content\/uploads\/sites\/5\/2025\/02\/IGSS-Hospital-Quetzasltenengo-Vacunacion-2025-5-696x391.jpg 696w, \/wp-content\/uploads\/sites\/5\/2025\/02\/IGSS-Hospital-Quetzasltenengo-Vacunacion-2025-5-1068x599.jpg 1068w, \/wp-content\/uploads\/sites\/5\/2025\/02\/IGSS-Hospital-Quetzasltenengo-Vacunacion-2025-5-1920x1078.jpg 1920w, \/wp-content\/uploads\/sites\/5\/2025\/02\/IGSS-Hospital-Quetzasltenengo-Vacunacion-2025-5-534x300.jpg 534w\" sizes=\"(max-width: 748px) 100vw, 748px\" alt=\"\">\r\n                            <\/a>\r\n                            \r\n                        <\/figure>\r\n                    <\/div>\r\n                    <div class = \"td-slide-item td-item2\">\r\n                        <figure class=\"td-slide-galery-figure td-slide-popup-gallery\">\r\n                            <a class=\"slide-gallery-image-link\" href=\"\/wp-content\/uploads\/sites\/5\/2025\/02\/IGSS-Hospital-Quetzasltenengo-Vacunacion-2025-0-1.jpg\" title=\"IGSS Hospital Quetzasltenengo Vacunacion 2025-0\"  data-caption=\"\"  data-description=\"\">\r\n                                <img decoding=\"async\" src=\"\/wp-content\/uploads\/sites\/5\/2025\/02\/IGSS-Hospital-Quetzasltenengo-Vacunacion-2025-0-1-748x420.jpg\" srcset=\"\/wp-content\/uploads\/sites\/5\/2025\/02\/IGSS-Hospital-Quetzasltenengo-Vacunacion-2025-0-1-748x420.jpg 748w, \/wp-content\/uploads\/sites\/5\/2025\/02\/IGSS-Hospital-Quetzasltenengo-Vacunacion-2025-0-1-300x168.jpg 300w, \/wp-content\/uploads\/sites\/5\/2025\/02\/IGSS-Hospital-Quetzasltenengo-Vacunacion-2025-0-1-1024x575.jpg 1024w, \/wp-content\/uploads\/sites\/5\/2025\/02\/IGSS-Hospital-Quetzasltenengo-Vacunacion-2025-0-1-768x431.jpg 768w, \/wp-content\/uploads\/sites\/5\/2025\/02\/IGSS-Hospital-Quetzasltenengo-Vacunacion-2025-0-1-1536x862.jpg 1536w, \/wp-content\/uploads\/sites\/5\/2025\/02\/IGSS-Hospital-Quetzasltenengo-Vacunacion-2025-0-1-2048x1150.jpg 2048w, \/wp-content\/uploads\/sites\/5\/2025\/02\/IGSS-Hospital-Quetzasltenengo-Vacunacion-2025-0-1-696x391.jpg 696w, \/wp-content\/uploads\/sites\/5\/2025\/02\/IGSS-Hospital-Quetzasltenengo-Vacunacion-2025-0-1-1068x599.jpg 1068w, \/wp-content\/uploads\/sites\/5\/2025\/02\/IGSS-Hospital-Quetzasltenengo-Vacunacion-2025-0-1-1920x1078.jpg 1920w, \/wp-content\/uploads\/sites\/5\/2025\/02\/IGSS-Hospital-Quetzasltenengo-Vacunacion-2025-0-1-534x300.jpg 534w\" sizes=\"(max-width: 748px) 100vw, 748px\" alt=\"\">\r\n                            <\/a>\r\n                            \r\n                        <\/figure>\r\n                    <\/div>\r\n                    <div class = \"td-slide-item td-item3\">\r\n                        <figure class=\"td-slide-galery-figure td-slide-popup-gallery\">\r\n                            <a class=\"slide-gallery-image-link\" href=\"\/wp-content\/uploads\/sites\/5\/2025\/02\/IGSS-Hospital-Quetzasltenengo-Vacunacion-2025-10.jpg\" title=\"IGSS Hospital Quetzasltenengo Vacunacion 2025-10\"  data-caption=\"\"  data-description=\"\">\r\n                                <img decoding=\"async\" src=\"\/wp-content\/uploads\/sites\/5\/2025\/02\/IGSS-Hospital-Quetzasltenengo-Vacunacion-2025-10-748x420.jpg\" srcset=\"\/wp-content\/uploads\/sites\/5\/2025\/02\/IGSS-Hospital-Quetzasltenengo-Vacunacion-2025-10-748x420.jpg 748w, \/wp-content\/uploads\/sites\/5\/2025\/02\/IGSS-Hospital-Quetzasltenengo-Vacunacion-2025-10-300x168.jpg 300w, \/wp-content\/uploads\/sites\/5\/2025\/02\/IGSS-Hospital-Quetzasltenengo-Vacunacion-2025-10-1024x575.jpg 1024w, \/wp-content\/uploads\/sites\/5\/2025\/02\/IGSS-Hospital-Quetzasltenengo-Vacunacion-2025-10-768x431.jpg 768w, \/wp-content\/uploads\/sites\/5\/2025\/02\/IGSS-Hospital-Quetzasltenengo-Vacunacion-2025-10-1536x862.jpg 1536w, \/wp-content\/uploads\/sites\/5\/2025\/02\/IGSS-Hospital-Quetzasltenengo-Vacunacion-2025-10-2048x1150.jpg 2048w, \/wp-content\/uploads\/sites\/5\/2025\/02\/IGSS-Hospital-Quetzasltenengo-Vacunacion-2025-10-696x391.jpg 696w, \/wp-content\/uploads\/sites\/5\/2025\/02\/IGSS-Hospital-Quetzasltenengo-Vacunacion-2025-10-1068x599.jpg 1068w, \/wp-content\/uploads\/sites\/5\/2025\/02\/IGSS-Hospital-Quetzasltenengo-Vacunacion-2025-10-1920x1078.jpg 1920w, \/wp-content\/uploads\/sites\/5\/2025\/02\/IGSS-Hospital-Quetzasltenengo-Vacunacion-2025-10-534x300.jpg 534w\" sizes=\"(max-width: 748px) 100vw, 748px\" alt=\"\">\r\n                            <\/a>\r\n                            \r\n                        <\/figure>\r\n                    <\/div>\r\n                    <div class = \"td-slide-item td-item4\">\r\n                        <figure class=\"td-slide-galery-figure td-slide-popup-gallery\">\r\n                            <a class=\"slide-gallery-image-link\" href=\"\/wp-content\/uploads\/sites\/5\/2025\/02\/IGSS-Hospital-Quetzasltenengo-Vacunacion-2025-8.jpg\" title=\"IGSS Hospital Quetzasltenengo Vacunacion 2025-8\"  data-caption=\"\"  data-description=\"\">\r\n                                <img decoding=\"async\" src=\"\/wp-content\/uploads\/sites\/5\/2025\/02\/IGSS-Hospital-Quetzasltenengo-Vacunacion-2025-8-748x420.jpg\" srcset=\"\/wp-content\/uploads\/sites\/5\/2025\/02\/IGSS-Hospital-Quetzasltenengo-Vacunacion-2025-8-748x420.jpg 748w, \/wp-content\/uploads\/sites\/5\/2025\/02\/IGSS-Hospital-Quetzasltenengo-Vacunacion-2025-8-300x168.jpg 300w, \/wp-content\/uploads\/sites\/5\/2025\/02\/IGSS-Hospital-Quetzasltenengo-Vacunacion-2025-8-1024x575.jpg 1024w, \/wp-content\/uploads\/sites\/5\/2025\/02\/IGSS-Hospital-Quetzasltenengo-Vacunacion-2025-8-768x431.jpg 768w, \/wp-content\/uploads\/sites\/5\/2025\/02\/IGSS-Hospital-Quetzasltenengo-Vacunacion-2025-8-1536x862.jpg 1536w, \/wp-content\/uploads\/sites\/5\/2025\/02\/IGSS-Hospital-Quetzasltenengo-Vacunacion-2025-8-2048x1150.jpg 2048w, \/wp-content\/uploads\/sites\/5\/2025\/02\/IGSS-Hospital-Quetzasltenengo-Vacunacion-2025-8-696x391.jpg 696w, \/wp-content\/uploads\/sites\/5\/2025\/02\/IGSS-Hospital-Quetzasltenengo-Vacunacion-2025-8-1068x599.jpg 1068w, \/wp-content\/uploads\/sites\/5\/2025\/02\/IGSS-Hospital-Quetzasltenengo-Vacunacion-2025-8-1920x1078.jpg 1920w, \/wp-content\/uploads\/sites\/5\/2025\/02\/IGSS-Hospital-Quetzasltenengo-Vacunacion-2025-8-534x300.jpg 534w\" sizes=\"(max-width: 748px) 100vw, 748px\" alt=\"\">\r\n                            <\/a>\r\n                            \r\n                        <\/figure>\r\n                    <\/div>\r\n                    <div class = \"td-slide-item td-item5\">\r\n                        <figure class=\"td-slide-galery-figure td-slide-popup-gallery\">\r\n                            <a class=\"slide-gallery-image-link\" href=\"\/wp-content\/uploads\/sites\/5\/2025\/02\/IGSS-Hospital-Quetzasltenengo-Vacunacion-2025-4.jpg\" title=\"IGSS Hospital Quetzasltenengo Vacunacion 2025-4\"  data-caption=\"\"  data-description=\"\">\r\n                                <img decoding=\"async\" src=\"\/wp-content\/uploads\/sites\/5\/2025\/02\/IGSS-Hospital-Quetzasltenengo-Vacunacion-2025-4-748x420.jpg\" srcset=\"\/wp-content\/uploads\/sites\/5\/2025\/02\/IGSS-Hospital-Quetzasltenengo-Vacunacion-2025-4-748x420.jpg 748w, \/wp-content\/uploads\/sites\/5\/2025\/02\/IGSS-Hospital-Quetzasltenengo-Vacunacion-2025-4-300x168.jpg 300w, \/wp-content\/uploads\/sites\/5\/2025\/02\/IGSS-Hospital-Quetzasltenengo-Vacunacion-2025-4-1024x575.jpg 1024w, \/wp-content\/uploads\/sites\/5\/2025\/02\/IGSS-Hospital-Quetzasltenengo-Vacunacion-2025-4-768x431.jpg 768w, \/wp-content\/uploads\/sites\/5\/2025\/02\/IGSS-Hospital-Quetzasltenengo-Vacunacion-2025-4-1536x862.jpg 1536w, \/wp-content\/uploads\/sites\/5\/2025\/02\/IGSS-Hospital-Quetzasltenengo-Vacunacion-2025-4-2048x1150.jpg 2048w, \/wp-content\/uploads\/sites\/5\/2025\/02\/IGSS-Hospital-Quetzasltenengo-Vacunacion-2025-4-696x391.jpg 696w, \/wp-content\/uploads\/sites\/5\/2025\/02\/IGSS-Hospital-Quetzasltenengo-Vacunacion-2025-4-1068x599.jpg 1068w, \/wp-content\/uploads\/sites\/5\/2025\/02\/IGSS-Hospital-Quetzasltenengo-Vacunacion-2025-4-1920x1078.jpg 1920w, \/wp-content\/uploads\/sites\/5\/2025\/02\/IGSS-Hospital-Quetzasltenengo-Vacunacion-2025-4-534x300.jpg 534w\" sizes=\"(max-width: 748px) 100vw, 748px\" alt=\"\">\r\n                            <\/a>\r\n                            \r\n                        <\/figure>\r\n                    <\/div>\r\n                    <div class = \"td-slide-item td-item6\">\r\n                        <figure class=\"td-slide-galery-figure td-slide-popup-gallery\">\r\n                            <a class=\"slide-gallery-image-link\" href=\"\/wp-content\/uploads\/sites\/5\/2025\/02\/IGSS-Hospital-Quetzasltenengo-Vacunacion-2025-11.jpg\" title=\"IGSS Hospital Quetzasltenengo Vacunacion 2025-11\"  data-caption=\"\"  data-description=\"\">\r\n                                <img decoding=\"async\" src=\"\/wp-content\/uploads\/sites\/5\/2025\/02\/IGSS-Hospital-Quetzasltenengo-Vacunacion-2025-11-748x420.jpg\" srcset=\"\/wp-content\/uploads\/sites\/5\/2025\/02\/IGSS-Hospital-Quetzasltenengo-Vacunacion-2025-11-748x420.jpg 748w, \/wp-content\/uploads\/sites\/5\/2025\/02\/IGSS-Hospital-Quetzasltenengo-Vacunacion-2025-11-300x168.jpg 300w, \/wp-content\/uploads\/sites\/5\/2025\/02\/IGSS-Hospital-Quetzasltenengo-Vacunacion-2025-11-1024x575.jpg 1024w, \/wp-content\/uploads\/sites\/5\/2025\/02\/IGSS-Hospital-Quetzasltenengo-Vacunacion-2025-11-768x431.jpg 768w, \/wp-content\/uploads\/sites\/5\/2025\/02\/IGSS-Hospital-Quetzasltenengo-Vacunacion-2025-11-1536x862.jpg 1536w, \/wp-content\/uploads\/sites\/5\/2025\/02\/IGSS-Hospital-Quetzasltenengo-Vacunacion-2025-11-2048x1150.jpg 2048w, \/wp-content\/uploads\/sites\/5\/2025\/02\/IGSS-Hospital-Quetzasltenengo-Vacunacion-2025-11-696x391.jpg 696w, \/wp-content\/uploads\/sites\/5\/2025\/02\/IGSS-Hospital-Quetzasltenengo-Vacunacion-2025-11-1068x599.jpg 1068w, \/wp-content\/uploads\/sites\/5\/2025\/02\/IGSS-Hospital-Quetzasltenengo-Vacunacion-2025-11-1920x1078.jpg 1920w, \/wp-content\/uploads\/sites\/5\/2025\/02\/IGSS-Hospital-Quetzasltenengo-Vacunacion-2025-11-534x300.jpg 534w\" sizes=\"(max-width: 748px) 100vw, 748px\" alt=\"\">\r\n                            <\/a>\r\n                            \r\n                        <\/figure>\r\n                    <\/div>\r\n                    <div class = \"td-slide-item td-item7\">\r\n                        <figure class=\"td-slide-galery-figure td-slide-popup-gallery\">\r\n                            <a class=\"slide-gallery-image-link\" href=\"\/wp-content\/uploads\/sites\/5\/2025\/02\/IGSS-Hospital-Quetzasltenengo-Vacunacion-2025-6.jpg\" title=\"IGSS Hospital Quetzasltenengo Vacunacion 2025-6\"  data-caption=\"\"  data-description=\"\">\r\n                                <img decoding=\"async\" src=\"\/wp-content\/uploads\/sites\/5\/2025\/02\/IGSS-Hospital-Quetzasltenengo-Vacunacion-2025-6-748x420.jpg\" srcset=\"\/wp-content\/uploads\/sites\/5\/2025\/02\/IGSS-Hospital-Quetzasltenengo-Vacunacion-2025-6-748x420.jpg 748w, \/wp-content\/uploads\/sites\/5\/2025\/02\/IGSS-Hospital-Quetzasltenengo-Vacunacion-2025-6-300x168.jpg 300w, \/wp-content\/uploads\/sites\/5\/2025\/02\/IGSS-Hospital-Quetzasltenengo-Vacunacion-2025-6-1024x575.jpg 1024w, \/wp-content\/uploads\/sites\/5\/2025\/02\/IGSS-Hospital-Quetzasltenengo-Vacunacion-2025-6-768x431.jpg 768w, \/wp-content\/uploads\/sites\/5\/2025\/02\/IGSS-Hospital-Quetzasltenengo-Vacunacion-2025-6-1536x862.jpg 1536w, \/wp-content\/uploads\/sites\/5\/2025\/02\/IGSS-Hospital-Quetzasltenengo-Vacunacion-2025-6-2048x1150.jpg 2048w, \/wp-content\/uploads\/sites\/5\/2025\/02\/IGSS-Hospital-Quetzasltenengo-Vacunacion-2025-6-696x391.jpg 696w, \/wp-content\/uploads\/sites\/5\/2025\/02\/IGSS-Hospital-Quetzasltenengo-Vacunacion-2025-6-1068x599.jpg 1068w, \/wp-content\/uploads\/sites\/5\/2025\/02\/IGSS-Hospital-Quetzasltenengo-Vacunacion-2025-6-1920x1078.jpg 1920w, \/wp-content\/uploads\/sites\/5\/2025\/02\/IGSS-Hospital-Quetzasltenengo-Vacunacion-2025-6-534x300.jpg 534w\" sizes=\"(max-width: 748px) 100vw, 748px\" alt=\"\">\r\n                            <\/a>\r\n                            \r\n                        <\/figure>\r\n                    <\/div>\r\n                    <div class = \"td-slide-item td-item8\">\r\n                        <figure class=\"td-slide-galery-figure td-slide-popup-gallery\">\r\n                            <a class=\"slide-gallery-image-link\" href=\"\/wp-content\/uploads\/sites\/5\/2025\/02\/IGSS-Hospital-Quetzasltenengo-Vacunacion-2025-7.jpg\" title=\"IGSS Hospital Quetzasltenengo Vacunacion 2025-7\"  data-caption=\"\"  data-description=\"\">\r\n                                <img decoding=\"async\" src=\"\/wp-content\/uploads\/sites\/5\/2025\/02\/IGSS-Hospital-Quetzasltenengo-Vacunacion-2025-7-748x420.jpg\" srcset=\"\/wp-content\/uploads\/sites\/5\/2025\/02\/IGSS-Hospital-Quetzasltenengo-Vacunacion-2025-7-748x420.jpg 748w, \/wp-content\/uploads\/sites\/5\/2025\/02\/IGSS-Hospital-Quetzasltenengo-Vacunacion-2025-7-300x168.jpg 300w, \/wp-content\/uploads\/sites\/5\/2025\/02\/IGSS-Hospital-Quetzasltenengo-Vacunacion-2025-7-1024x575.jpg 1024w, \/wp-content\/uploads\/sites\/5\/2025\/02\/IGSS-Hospital-Quetzasltenengo-Vacunacion-2025-7-768x431.jpg 768w, \/wp-content\/uploads\/sites\/5\/2025\/02\/IGSS-Hospital-Quetzasltenengo-Vacunacion-2025-7-1536x862.jpg 1536w, \/wp-content\/uploads\/sites\/5\/2025\/02\/IGSS-Hospital-Quetzasltenengo-Vacunacion-2025-7-2048x1150.jpg 2048w, \/wp-content\/uploads\/sites\/5\/2025\/02\/IGSS-Hospital-Quetzasltenengo-Vacunacion-2025-7-696x391.jpg 696w, \/wp-content\/uploads\/sites\/5\/2025\/02\/IGSS-Hospital-Quetzasltenengo-Vacunacion-2025-7-1068x599.jpg 1068w, \/wp-content\/uploads\/sites\/5\/2025\/02\/IGSS-Hospital-Quetzasltenengo-Vacunacion-2025-7-1920x1078.jpg 1920w, \/wp-content\/uploads\/sites\/5\/2025\/02\/IGSS-Hospital-Quetzasltenengo-Vacunacion-2025-7-534x300.jpg 534w\" sizes=\"(max-width: 748px) 100vw, 748px\" alt=\"\">\r\n                            <\/a>\r\n                            \r\n                        <\/figure>\r\n                    <\/div>\r\n                    <div class = \"td-slide-item td-item9\">\r\n                        <figure class=\"td-slide-galery-figure td-slide-popup-gallery\">\r\n                            <a class=\"slide-gallery-image-link\" href=\"\/wp-content\/uploads\/sites\/5\/2025\/02\/IGSS-Hospital-Quetzasltenengo-Vacunacion-2025-12.jpg\" title=\"IGSS Hospital Quetzasltenengo Vacunacion 2025-12\"  data-caption=\"\"  data-description=\"\">\r\n                                <img decoding=\"async\" src=\"\/wp-content\/uploads\/sites\/5\/2025\/02\/IGSS-Hospital-Quetzasltenengo-Vacunacion-2025-12-748x420.jpg\" srcset=\"\/wp-content\/uploads\/sites\/5\/2025\/02\/IGSS-Hospital-Quetzasltenengo-Vacunacion-2025-12-748x420.jpg 748w, \/wp-content\/uploads\/sites\/5\/2025\/02\/IGSS-Hospital-Quetzasltenengo-Vacunacion-2025-12-300x168.jpg 300w, \/wp-content\/uploads\/sites\/5\/2025\/02\/IGSS-Hospital-Quetzasltenengo-Vacunacion-2025-12-1024x575.jpg 1024w, \/wp-content\/uploads\/sites\/5\/2025\/02\/IGSS-Hospital-Quetzasltenengo-Vacunacion-2025-12-768x431.jpg 768w, \/wp-content\/uploads\/sites\/5\/2025\/02\/IGSS-Hospital-Quetzasltenengo-Vacunacion-2025-12-1536x862.jpg 1536w, \/wp-content\/uploads\/sites\/5\/2025\/02\/IGSS-Hospital-Quetzasltenengo-Vacunacion-2025-12-2048x1150.jpg 2048w, \/wp-content\/uploads\/sites\/5\/2025\/02\/IGSS-Hospital-Quetzasltenengo-Vacunacion-2025-12-696x391.jpg 696w, \/wp-content\/uploads\/sites\/5\/2025\/02\/IGSS-Hospital-Quetzasltenengo-Vacunacion-2025-12-1068x599.jpg 1068w, \/wp-content\/uploads\/sites\/5\/2025\/02\/IGSS-Hospital-Quetzasltenengo-Vacunacion-2025-12-1920x1078.jpg 1920w, \/wp-content\/uploads\/sites\/5\/2025\/02\/IGSS-Hospital-Quetzasltenengo-Vacunacion-2025-12-534x300.jpg 534w\" sizes=\"(max-width: 748px) 100vw, 748px\" alt=\"\">\r\n                            <\/a>\r\n                            \r\n                        <\/figure>\r\n                    <\/div>\r\n                            <\/div>\r\n                        <\/div>\r\n\r\n                        <div class = \"td-doubleSlider-2\">\r\n                            <div class = \"td-slider\">\r\n                                \r\n                    <div class = \"td-button td-item1\">\r\n                        <div class = \"td-border\"><\/div>\r\n                    <\/div>\r\n                    <div class = \"td-button td-item2\">\r\n                        <div class = \"td-border\"><\/div>\r\n                    <\/div>\r\n                    <div class = \"td-button td-item3\">\r\n                        <div class = \"td-border\"><\/div>\r\n                    <\/div>\r\n                    <div class = \"td-button td-item4\">\r\n                        <div class = \"td-border\"><\/div>\r\n                    <\/div>\r\n                    <div class = \"td-button td-item5\">\r\n                        <div class = \"td-border\"><\/div>\r\n                    <\/div>\r\n                    <div class = \"td-button td-item6\">\r\n                        <div class = \"td-border\"><\/div>\r\n                    <\/div>\r\n                    <div class = \"td-button td-item7\">\r\n                        <div class = \"td-border\"><\/div>\r\n                    <\/div>\r\n                    <div class = \"td-button td-item8\">\r\n                        <div class = \"td-border\"><\/div>\r\n                    <\/div>\r\n                    <div class = \"td-button td-item9\">\r\n                        <div class = \"td-border\"><\/div>\r\n                    <\/div>\r\n                            <\/div>\r\n                        <\/div>\r\n\r\n                    <\/div>\r\n\r\n                <\/div>\r\n                ","protected":false},"excerpt":{"rendered":"<p>Como parte de las acciones para fortalecer la prevenci\u00f3n de enfermedades entre la poblaci\u00f3n afiliada, el Instituto Guatemalteco de Seguridad Social (IGSS) llev\u00f3 a cabo una jornada de vacunaci\u00f3n contra la influenza en fincas aleda\u00f1as al Ingenio Magdalena, en Retalhuleu. La actividad fue coordinada por un equipo multidisciplinario del Hospital de Coatepeque, con el apoyo [&hellip;]<\/p>\n","protected":false},"author":3269,"featured_media":46386,"comment_status":"closed","ping_status":"closed","sticky":false,"template":"","format":"standard","meta":{"footnotes":""},"categories":[3,4,1130,15,45,1020,1291,27,31,1915,33],"tags":[482,490,847,1908],"coauthors":[1970],"class_list":{"0":"post-46385","1":"post","2":"type-post","3":"status-publish","4":"format-standard","5":"has-post-thumbnail","7":"category-actualidad","8":"category-afiliados","9":"category-consejos-medicos","10":"category-destacado","11":"category-jornadas-medicas","12":"category-medicamentos","13":"category-prestaciones-en-salud","14":"category-prevencion-en-salud","15":"category-salud","16":"category-salud-y-seguridad-ocupacional","17":"category-servicios-de-salud","18":"tag-hospital-general-de-quetzaltenango","19":"tag-igss","20":"tag-vacunacion","21":"tag-vacunas-igss"},"_links":{"self":[{"href":"https:\/\/www.igssgt.org\/noticias\/wp-json\/wp\/v2\/posts\/46385","targetHints":{"allow":["GET"]}}],"collection":[{"href":"https:\/\/www.igssgt.org\/noticias\/wp-json\/wp\/v2\/posts"}],"about":[{"href":"https:\/\/www.igssgt.org\/noticias\/wp-json\/wp\/v2\/types\/post"}],"author":[{"embeddable":true,"href":"https:\/\/www.igssgt.org\/noticias\/wp-json\/wp\/v2\/users\/3269"}],"replies":[{"embeddable":true,"href":"https:\/\/www.igssgt.org\/noticias\/wp-json\/wp\/v2\/comments?post=46385"}],"version-history":[{"count":1,"href":"https:\/\/www.igssgt.org\/noticias\/wp-json\/wp\/v2\/posts\/46385\/revisions"}],"predecessor-version":[{"id":46399,"href":"https:\/\/www.igssgt.org\/noticias\/wp-json\/wp\/v2\/posts\/46385\/revisions\/46399"}],"wp:featuredmedia":[{"embeddable":true,"href":"https:\/\/www.igssgt.org\/noticias\/wp-json\/wp\/v2\/media\/46386"}],"wp:attachment":[{"href":"https:\/\/www.igssgt.org\/noticias\/wp-json\/wp\/v2\/media?parent=46385"}],"wp:term":[{"taxonomy":"category","embeddable":true,"href":"https:\/\/www.igssgt.org\/noticias\/wp-json\/wp\/v2\/categories?post=46385"},{"taxonomy":"post_tag","embeddable":true,"href":"https:\/\/www.igssgt.org\/noticias\/wp-json\/wp\/v2\/tags?post=46385"},{"taxonomy":"author","embeddable":true,"href":"https:\/\/www.igssgt.org\/noticias\/wp-json\/wp\/v2\/coauthors?post=46385"}],"curies":[{"name":"wp","href":"https:\/\/api.w.org\/{rel}","templated":true}]}}