{"id":46400,"date":"2025-02-10T11:05:00","date_gmt":"2025-02-10T17:05:00","guid":{"rendered":"https:\/\/www.igssgt.org\/noticias\/?p=46400"},"modified":"2025-02-10T12:47:13","modified_gmt":"2025-02-10T18:47:13","slug":"seguro-social-atiende-a-afectados-de-accidente-vial","status":"publish","type":"post","link":"https:\/\/www.igssgt.org\/noticias\/2025\/02\/10\/seguro-social-atiende-a-afectados-de-accidente-vial\/","title":{"rendered":"Seguro Social atiende a afectados de accidente vial"},"content":{"rendered":"\n<p class=\"has-drop-cap\">El Instituto Guatemalteco de Seguridad Social (IGSS) lamenta profundamente la tragedia ocurrida la madrugada de este lunes 10 de febrero en la calzada La Paz &#8211; r\u00edo Las Vacas, bajo el puente de Belice.<\/p>\n\n\n\n<p>Como instituci\u00f3n, expresamos nuestra solidaridad con los familiares de las v\u00edctimas y con todas las personas afectadas por este lamentable suceso.<\/p>\n<p>Ante esta emergencia, el IGSS informa que el equipo multidisciplinario activ\u00f3 los protocolos de atenci\u00f3n, para brindar asistencia oportuna a los cinco afectados que fueron trasladados por los cuerpos de socorro a la Emergencia del Hospital General Dr. Juan Jos\u00e9 Ar\u00e9valo Bermejo, ubicado en la zona 6 de la capital.<\/p>\n<p>A su ingreso, los pacientes fueron atendidos en el \u00c1rea de Triaje, donde se les realiz\u00f3 una evaluaci\u00f3n inicial, se les brindaron primeros auxilios y se efectuaron los estudios diagn\u00f3sticos primarios necesarios.<\/p>\n<p>Tras ser estabilizados, fueron trasladados al Hospital de Accidentes Ceibal, donde contin\u00faan recibiendo atenci\u00f3n m\u00e9dica especializada.<\/p>\n<p>El IGSS reafirma su compromiso de velar por la salud y el bienestar de la poblaci\u00f3n afiliada, garantizando una respuesta inmediata y efectiva ante situaciones de emergencia.<\/p>\n<p>Seguiremos informando a la poblaci\u00f3n a trav\u00e9s de nuestros canales oficiales.<\/p>\n\r\n                <style type=\"text\/css\">\r\n                    \r\n                    #tdi_1  .td-doubleSlider-2 .td-item1 {\r\n                        background: url(\/wp-content\/uploads\/sites\/5\/2025\/02\/Conferencia-de-prensa-IGSS-atencion-heridos-accidente-vial-20253-80x60.jpg) 0 0 no-repeat;\r\n                    }\r\n                    #tdi_1  .td-doubleSlider-2 .td-item2 {\r\n                        background: url(\/wp-content\/uploads\/sites\/5\/2025\/02\/Conferencia-de-prensa-IGSS-atencion-heridos-accidente-vial-20252-80x60.jpg) 0 0 no-repeat;\r\n                    }\r\n                    #tdi_1  .td-doubleSlider-2 .td-item3 {\r\n                        background: url(\/wp-content\/uploads\/sites\/5\/2025\/02\/Conferencia-de-prensa-IGSS-atencion-heridos-accidente-vial-20251-80x60.jpg) 0 0 no-repeat;\r\n                    }\r\n                <\/style>\r\n\r\n                <div id=\"tdi_1\" class=\"td-gallery td-slide-on-2-columns\">\r\n                    <div class=\"post_td_gallery\">\r\n                        <div class=\"td-gallery-slide-top\">\r\n                           <div class=\"td-gallery-title\">Galer\u00eda de Im\u00e1genes<\/div>\r\n\r\n                            <div class=\"td-gallery-controls-wrapper\">\r\n                                <div class=\"td-gallery-slide-count\"><span class=\"td-gallery-slide-item-focus\">1<\/span> de 3<\/div>\r\n                                <div class=\"td-gallery-slide-prev-next-but\">\r\n                                    <i class = \"td-icon-left doubleSliderPrevButton\"><\/i>\r\n                                    <i class = \"td-icon-right doubleSliderNextButton\"><\/i>\r\n                                <\/div>\r\n                            <\/div>\r\n                        <\/div>\r\n\r\n                        <div class = \"td-doubleSlider-1 \">\r\n                            <div class = \"td-slider\">\r\n                                \r\n                    <div class = \"td-slide-item td-item1\">\r\n                        <figure class=\"td-slide-galery-figure td-slide-popup-gallery\">\r\n                            <a class=\"slide-gallery-image-link\" href=\"\/wp-content\/uploads\/sites\/5\/2025\/02\/Conferencia-de-prensa-IGSS-atencion-heridos-accidente-vial-20253.jpg\" title=\"Conferencia de prensa IGSS atencion heridos accidente vial 20253\"  data-caption=\"\"  data-description=\"\">\r\n                                <img decoding=\"async\" src=\"\/wp-content\/uploads\/sites\/5\/2025\/02\/Conferencia-de-prensa-IGSS-atencion-heridos-accidente-vial-20253-560x420.jpg\" srcset=\"\/wp-content\/uploads\/sites\/5\/2025\/02\/Conferencia-de-prensa-IGSS-atencion-heridos-accidente-vial-20253-560x420.jpg 560w, \/wp-content\/uploads\/sites\/5\/2025\/02\/Conferencia-de-prensa-IGSS-atencion-heridos-accidente-vial-20253-300x225.jpg 300w, \/wp-content\/uploads\/sites\/5\/2025\/02\/Conferencia-de-prensa-IGSS-atencion-heridos-accidente-vial-20253-1024x768.jpg 1024w, \/wp-content\/uploads\/sites\/5\/2025\/02\/Conferencia-de-prensa-IGSS-atencion-heridos-accidente-vial-20253-768x576.jpg 768w, \/wp-content\/uploads\/sites\/5\/2025\/02\/Conferencia-de-prensa-IGSS-atencion-heridos-accidente-vial-20253-80x60.jpg 80w, \/wp-content\/uploads\/sites\/5\/2025\/02\/Conferencia-de-prensa-IGSS-atencion-heridos-accidente-vial-20253-696x522.jpg 696w, \/wp-content\/uploads\/sites\/5\/2025\/02\/Conferencia-de-prensa-IGSS-atencion-heridos-accidente-vial-20253-1068x801.jpg 1068w, \/wp-content\/uploads\/sites\/5\/2025\/02\/Conferencia-de-prensa-IGSS-atencion-heridos-accidente-vial-20253-265x198.jpg 265w, \/wp-content\/uploads\/sites\/5\/2025\/02\/Conferencia-de-prensa-IGSS-atencion-heridos-accidente-vial-20253-534x401.jpg 534w, \/wp-content\/uploads\/sites\/5\/2025\/02\/Conferencia-de-prensa-IGSS-atencion-heridos-accidente-vial-20253.jpg 1280w\" sizes=\"(max-width: 560px) 100vw, 560px\" alt=\"\">\r\n                            <\/a>\r\n                            \r\n                        <\/figure>\r\n                    <\/div>\r\n                    <div class = \"td-slide-item td-item2\">\r\n                        <figure class=\"td-slide-galery-figure td-slide-popup-gallery\">\r\n                            <a class=\"slide-gallery-image-link\" href=\"\/wp-content\/uploads\/sites\/5\/2025\/02\/Conferencia-de-prensa-IGSS-atencion-heridos-accidente-vial-20252.jpg\" title=\"Conferencia de prensa IGSS atencion heridos accidente vial 20252\"  data-caption=\"\"  data-description=\"\">\r\n                                <img decoding=\"async\" src=\"\/wp-content\/uploads\/sites\/5\/2025\/02\/Conferencia-de-prensa-IGSS-atencion-heridos-accidente-vial-20252-315x420.jpg\" srcset=\"\/wp-content\/uploads\/sites\/5\/2025\/02\/Conferencia-de-prensa-IGSS-atencion-heridos-accidente-vial-20252-315x420.jpg 315w, \/wp-content\/uploads\/sites\/5\/2025\/02\/Conferencia-de-prensa-IGSS-atencion-heridos-accidente-vial-20252-225x300.jpg 225w, \/wp-content\/uploads\/sites\/5\/2025\/02\/Conferencia-de-prensa-IGSS-atencion-heridos-accidente-vial-20252-768x1024.jpg 768w, \/wp-content\/uploads\/sites\/5\/2025\/02\/Conferencia-de-prensa-IGSS-atencion-heridos-accidente-vial-20252-696x928.jpg 696w, \/wp-content\/uploads\/sites\/5\/2025\/02\/Conferencia-de-prensa-IGSS-atencion-heridos-accidente-vial-20252-347x462.jpg 347w, \/wp-content\/uploads\/sites\/5\/2025\/02\/Conferencia-de-prensa-IGSS-atencion-heridos-accidente-vial-20252.jpg 960w\" sizes=\"(max-width: 315px) 100vw, 315px\" alt=\"\">\r\n                            <\/a>\r\n                            \r\n                        <\/figure>\r\n                    <\/div>\r\n                    <div class = \"td-slide-item td-item3\">\r\n                        <figure class=\"td-slide-galery-figure td-slide-popup-gallery\">\r\n                            <a class=\"slide-gallery-image-link\" href=\"\/wp-content\/uploads\/sites\/5\/2025\/02\/Conferencia-de-prensa-IGSS-atencion-heridos-accidente-vial-20251.jpg\" title=\"Conferencia de prensa IGSS atencion heridos accidente vial 20251\"  data-caption=\"\"  data-description=\"\">\r\n                                <img decoding=\"async\" src=\"\/wp-content\/uploads\/sites\/5\/2025\/02\/Conferencia-de-prensa-IGSS-atencion-heridos-accidente-vial-20251-560x420.jpg\" srcset=\"\/wp-content\/uploads\/sites\/5\/2025\/02\/Conferencia-de-prensa-IGSS-atencion-heridos-accidente-vial-20251-560x420.jpg 560w, \/wp-content\/uploads\/sites\/5\/2025\/02\/Conferencia-de-prensa-IGSS-atencion-heridos-accidente-vial-20251-300x225.jpg 300w, \/wp-content\/uploads\/sites\/5\/2025\/02\/Conferencia-de-prensa-IGSS-atencion-heridos-accidente-vial-20251-1024x768.jpg 1024w, \/wp-content\/uploads\/sites\/5\/2025\/02\/Conferencia-de-prensa-IGSS-atencion-heridos-accidente-vial-20251-768x576.jpg 768w, \/wp-content\/uploads\/sites\/5\/2025\/02\/Conferencia-de-prensa-IGSS-atencion-heridos-accidente-vial-20251-80x60.jpg 80w, \/wp-content\/uploads\/sites\/5\/2025\/02\/Conferencia-de-prensa-IGSS-atencion-heridos-accidente-vial-20251-696x522.jpg 696w, \/wp-content\/uploads\/sites\/5\/2025\/02\/Conferencia-de-prensa-IGSS-atencion-heridos-accidente-vial-20251-1068x801.jpg 1068w, \/wp-content\/uploads\/sites\/5\/2025\/02\/Conferencia-de-prensa-IGSS-atencion-heridos-accidente-vial-20251-265x198.jpg 265w, \/wp-content\/uploads\/sites\/5\/2025\/02\/Conferencia-de-prensa-IGSS-atencion-heridos-accidente-vial-20251-534x401.jpg 534w, \/wp-content\/uploads\/sites\/5\/2025\/02\/Conferencia-de-prensa-IGSS-atencion-heridos-accidente-vial-20251.jpg 1280w\" sizes=\"(max-width: 560px) 100vw, 560px\" alt=\"\">\r\n                            <\/a>\r\n                            \r\n                        <\/figure>\r\n                    <\/div>\r\n                            <\/div>\r\n                        <\/div>\r\n\r\n                        <div class = \"td-doubleSlider-2\">\r\n                            <div class = \"td-slider\">\r\n                                \r\n                    <div class = \"td-button td-item1\">\r\n                        <div class = \"td-border\"><\/div>\r\n                    <\/div>\r\n                    <div class = \"td-button td-item2\">\r\n                        <div class = \"td-border\"><\/div>\r\n                    <\/div>\r\n                    <div class = \"td-button td-item3\">\r\n                        <div class = \"td-border\"><\/div>\r\n                    <\/div>\r\n                            <\/div>\r\n                        <\/div>\r\n\r\n                    <\/div>\r\n\r\n                <\/div>\r\n                \n<p>\u00a0<\/p>\n","protected":false},"excerpt":{"rendered":"<p>El Instituto Guatemalteco de Seguridad Social (IGSS) lamenta profundamente la tragedia ocurrida la madrugada de este lunes 10 de febrero en la calzada La Paz &#8211; r\u00edo Las Vacas, bajo el puente de Belice. Como instituci\u00f3n, expresamos nuestra solidaridad con los familiares de las v\u00edctimas y con todas las personas afectadas por este lamentable suceso. [&hellip;]<\/p>\n","protected":false},"author":4,"featured_media":46401,"comment_status":"closed","ping_status":"closed","sticky":false,"template":"","format":"standard","meta":{"footnotes":""},"categories":[3],"tags":[],"coauthors":[],"class_list":{"0":"post-46400","1":"post","2":"type-post","3":"status-publish","4":"format-standard","5":"has-post-thumbnail","7":"category-actualidad"},"_links":{"self":[{"href":"https:\/\/www.igssgt.org\/noticias\/wp-json\/wp\/v2\/posts\/46400","targetHints":{"allow":["GET"]}}],"collection":[{"href":"https:\/\/www.igssgt.org\/noticias\/wp-json\/wp\/v2\/posts"}],"about":[{"href":"https:\/\/www.igssgt.org\/noticias\/wp-json\/wp\/v2\/types\/post"}],"author":[{"embeddable":true,"href":"https:\/\/www.igssgt.org\/noticias\/wp-json\/wp\/v2\/users\/4"}],"replies":[{"embeddable":true,"href":"https:\/\/www.igssgt.org\/noticias\/wp-json\/wp\/v2\/comments?post=46400"}],"version-history":[{"count":1,"href":"https:\/\/www.igssgt.org\/noticias\/wp-json\/wp\/v2\/posts\/46400\/revisions"}],"predecessor-version":[{"id":46405,"href":"https:\/\/www.igssgt.org\/noticias\/wp-json\/wp\/v2\/posts\/46400\/revisions\/46405"}],"wp:featuredmedia":[{"embeddable":true,"href":"https:\/\/www.igssgt.org\/noticias\/wp-json\/wp\/v2\/media\/46401"}],"wp:attachment":[{"href":"https:\/\/www.igssgt.org\/noticias\/wp-json\/wp\/v2\/media?parent=46400"}],"wp:term":[{"taxonomy":"category","embeddable":true,"href":"https:\/\/www.igssgt.org\/noticias\/wp-json\/wp\/v2\/categories?post=46400"},{"taxonomy":"post_tag","embeddable":true,"href":"https:\/\/www.igssgt.org\/noticias\/wp-json\/wp\/v2\/tags?post=46400"},{"taxonomy":"author","embeddable":true,"href":"https:\/\/www.igssgt.org\/noticias\/wp-json\/wp\/v2\/coauthors?post=46400"}],"curies":[{"name":"wp","href":"https:\/\/api.w.org\/{rel}","templated":true}]}}