{"id":46419,"date":"2025-02-13T06:05:00","date_gmt":"2025-02-13T12:05:00","guid":{"rendered":"https:\/\/www.igssgt.org\/noticias\/?p=46419"},"modified":"2025-02-11T09:14:51","modified_gmt":"2025-02-11T15:14:51","slug":"fortalecen-la-prevencion-del-cancer-con-jornada-educativa","status":"publish","type":"post","link":"https:\/\/www.igssgt.org\/noticias\/2025\/02\/13\/fortalecen-la-prevencion-del-cancer-con-jornada-educativa\/","title":{"rendered":"<strong>Fortalecen la prevenci\u00f3n del C\u00e1ncer con jornada educativa<\/strong>"},"content":{"rendered":"\n<p class=\"has-drop-cap\">El Hospital de Escuintla desarroll\u00f3 una jornada educativa con tem\u00e1tica del c\u00e1ncer dirigida a pacientes y familiares en las salas de espera y encamamientos de medicina interna.<\/p>\n\n\n<p style=\"text-align: justify\"><span style=\"font-family: 'Arial',sans-serif\">La licenciada Ana Galindo, educadora en salud, en coordinaci\u00f3n con los promotores de salud de la unidad, lider\u00f3 esta iniciativa con el objetivo de concienciar sobre la importancia de la prevenci\u00f3n y detecci\u00f3n temprana de la enfermedad.<\/span><\/p>\n<figure id=\"attachment_46420\" aria-describedby=\"caption-attachment-46420\" style=\"width: 705px\" class=\"wp-caption alignnone\"><img loading=\"lazy\" decoding=\"async\" class=\"wp-image-46420\" src=\"\/wp-content\/uploads\/sites\/5\/2025\/02\/55b1679e-8dc9-457b-807c-86b250ccc852-300x200.jpg\" alt=\"\" width=\"705\" height=\"470\" srcset=\"\/wp-content\/uploads\/sites\/5\/2025\/02\/55b1679e-8dc9-457b-807c-86b250ccc852-300x200.jpg 300w, \/wp-content\/uploads\/sites\/5\/2025\/02\/55b1679e-8dc9-457b-807c-86b250ccc852-1024x682.jpg 1024w, \/wp-content\/uploads\/sites\/5\/2025\/02\/55b1679e-8dc9-457b-807c-86b250ccc852-768x512.jpg 768w, \/wp-content\/uploads\/sites\/5\/2025\/02\/55b1679e-8dc9-457b-807c-86b250ccc852-1536x1023.jpg 1536w, \/wp-content\/uploads\/sites\/5\/2025\/02\/55b1679e-8dc9-457b-807c-86b250ccc852-630x420.jpg 630w, \/wp-content\/uploads\/sites\/5\/2025\/02\/55b1679e-8dc9-457b-807c-86b250ccc852-696x464.jpg 696w, \/wp-content\/uploads\/sites\/5\/2025\/02\/55b1679e-8dc9-457b-807c-86b250ccc852-1068x712.jpg 1068w, \/wp-content\/uploads\/sites\/5\/2025\/02\/55b1679e-8dc9-457b-807c-86b250ccc852-534x356.jpg 534w, \/wp-content\/uploads\/sites\/5\/2025\/02\/55b1679e-8dc9-457b-807c-86b250ccc852.jpg 1600w\" sizes=\"auto, (max-width: 705px) 100vw, 705px\" \/><figcaption id=\"caption-attachment-46420\" class=\"wp-caption-text\">La licenciada Galindo, educadora en salud, lider\u00f3 una charla informativa en el Hospital de Escuintla.<\/figcaption><\/figure>\n<p style=\"text-align: justify\"><span style=\"font-family: 'Arial',sans-serif\">Durante la jornada, se impartieron charlas informativas en las que se abordaron factores de riesgo, s\u00edntomas de alerta y h\u00e1bitos saludables que pueden reducir la incidencia del c\u00e1ncer. <\/span><\/p>\n<p style=\"text-align: justify\"><span style=\"font-family: 'Arial',sans-serif\">Se entregaron trifoliares con recomendaciones clave, como mantener una alimentaci\u00f3n equilibrada, evitar el consumo de tabaco y alcohol, realizar actividad f\u00edsica con regularidad y acudir a chequeos m\u00e9dicos peri\u00f3dicos. Adem\u00e1s, se destac\u00f3 la relevancia del autoexamen para la detecci\u00f3n temprana del c\u00e1ncer de mama y de pr\u00f3stata.<\/span><\/p>\n<figure id=\"attachment_46421\" aria-describedby=\"caption-attachment-46421\" style=\"width: 698px\" class=\"wp-caption alignnone\"><img loading=\"lazy\" decoding=\"async\" class=\"wp-image-46421\" src=\"\/wp-content\/uploads\/sites\/5\/2025\/02\/c38c5034-7861-45a8-a183-9a20a4ea3b66-300x200.jpg\" alt=\"\" width=\"698\" height=\"465\" srcset=\"\/wp-content\/uploads\/sites\/5\/2025\/02\/c38c5034-7861-45a8-a183-9a20a4ea3b66-300x200.jpg 300w, \/wp-content\/uploads\/sites\/5\/2025\/02\/c38c5034-7861-45a8-a183-9a20a4ea3b66-1024x682.jpg 1024w, \/wp-content\/uploads\/sites\/5\/2025\/02\/c38c5034-7861-45a8-a183-9a20a4ea3b66-768x512.jpg 768w, \/wp-content\/uploads\/sites\/5\/2025\/02\/c38c5034-7861-45a8-a183-9a20a4ea3b66-1536x1023.jpg 1536w, \/wp-content\/uploads\/sites\/5\/2025\/02\/c38c5034-7861-45a8-a183-9a20a4ea3b66-630x420.jpg 630w, \/wp-content\/uploads\/sites\/5\/2025\/02\/c38c5034-7861-45a8-a183-9a20a4ea3b66-696x464.jpg 696w, \/wp-content\/uploads\/sites\/5\/2025\/02\/c38c5034-7861-45a8-a183-9a20a4ea3b66-1068x712.jpg 1068w, \/wp-content\/uploads\/sites\/5\/2025\/02\/c38c5034-7861-45a8-a183-9a20a4ea3b66-534x356.jpg 534w, \/wp-content\/uploads\/sites\/5\/2025\/02\/c38c5034-7861-45a8-a183-9a20a4ea3b66.jpg 1600w\" sizes=\"auto, (max-width: 698px) 100vw, 698px\" \/><figcaption id=\"caption-attachment-46421\" class=\"wp-caption-text\">Pacientes y familiares participaron en la jornada educativa, donde recibieron informaci\u00f3n clave sobre prevenci\u00f3n, factores de riesgo y detecci\u00f3n temprana de la enfermedad.<\/figcaption><\/figure>\n<p style=\"text-align: justify\"><span style=\"font-family: 'Arial',sans-serif\">La iniciativa busca sensibilizar a la poblaci\u00f3n sobre la importancia del diagn\u00f3stico oportuno y el acceso a informaci\u00f3n confiable para mejorar las oportunidades de tratamiento y recuperaci\u00f3n.<\/span><\/p>\n<figure id=\"attachment_46422\" aria-describedby=\"caption-attachment-46422\" style=\"width: 715px\" class=\"wp-caption alignnone\"><img loading=\"lazy\" decoding=\"async\" class=\"wp-image-46422\" src=\"\/wp-content\/uploads\/sites\/5\/2025\/02\/cc512ef0-91a5-4c75-b636-dbc257ec9524-300x169.jpg\" alt=\"\" width=\"715\" height=\"403\" srcset=\"\/wp-content\/uploads\/sites\/5\/2025\/02\/cc512ef0-91a5-4c75-b636-dbc257ec9524-300x169.jpg 300w, \/wp-content\/uploads\/sites\/5\/2025\/02\/cc512ef0-91a5-4c75-b636-dbc257ec9524-1024x576.jpg 1024w, \/wp-content\/uploads\/sites\/5\/2025\/02\/cc512ef0-91a5-4c75-b636-dbc257ec9524-768x432.jpg 768w, \/wp-content\/uploads\/sites\/5\/2025\/02\/cc512ef0-91a5-4c75-b636-dbc257ec9524-1536x864.jpg 1536w, \/wp-content\/uploads\/sites\/5\/2025\/02\/cc512ef0-91a5-4c75-b636-dbc257ec9524-747x420.jpg 747w, \/wp-content\/uploads\/sites\/5\/2025\/02\/cc512ef0-91a5-4c75-b636-dbc257ec9524-696x392.jpg 696w, \/wp-content\/uploads\/sites\/5\/2025\/02\/cc512ef0-91a5-4c75-b636-dbc257ec9524-1068x601.jpg 1068w, \/wp-content\/uploads\/sites\/5\/2025\/02\/cc512ef0-91a5-4c75-b636-dbc257ec9524-534x300.jpg 534w, \/wp-content\/uploads\/sites\/5\/2025\/02\/cc512ef0-91a5-4c75-b636-dbc257ec9524.jpg 1600w\" sizes=\"auto, (max-width: 715px) 100vw, 715px\" \/><figcaption id=\"caption-attachment-46422\" class=\"wp-caption-text\">La actividad promovi\u00f3 la prevenci\u00f3n y detecci\u00f3n temprana a trav\u00e9s de informaci\u00f3n clara y accesible.<\/figcaption><\/figure>\n<p style=\"text-align: justify\"><span style=\"font-family: 'Arial',sans-serif\">Con estas acciones, el Hospital de Escuintla reafirma su compromiso con la promoci\u00f3n de la salud y la educaci\u00f3n preventiva, brindando a la comunidad herramientas para adoptar h\u00e1bitos que contribuyan a reducir el impacto del c\u00e1ncer.<\/span><\/p>\n\r\n                <style type=\"text\/css\">\r\n                    \r\n                    #tdi_1  .td-doubleSlider-2 .td-item1 {\r\n                        background: url(\/wp-content\/uploads\/sites\/5\/2025\/02\/fe6230bb-56b3-4652-8e3f-30e56e146b64-80x60.jpg) 0 0 no-repeat;\r\n                    }\r\n                    #tdi_1  .td-doubleSlider-2 .td-item2 {\r\n                        background: url(\/wp-content\/uploads\/sites\/5\/2025\/02\/ea7e00bc-ff04-4b29-90d6-5b22caea8e91-80x60.jpg) 0 0 no-repeat;\r\n                    }\r\n                <\/style>\r\n\r\n                <div id=\"tdi_1\" class=\"td-gallery td-slide-on-2-columns\">\r\n                    <div class=\"post_td_gallery\">\r\n                        <div class=\"td-gallery-slide-top\">\r\n                           <div class=\"td-gallery-title\">M\u00e1s fotos de la charla.<\/div>\r\n\r\n                            <div class=\"td-gallery-controls-wrapper\">\r\n                                <div class=\"td-gallery-slide-count\"><span class=\"td-gallery-slide-item-focus\">1<\/span> de 2<\/div>\r\n                                <div class=\"td-gallery-slide-prev-next-but\">\r\n                                    <i class = \"td-icon-left doubleSliderPrevButton\"><\/i>\r\n                                    <i class = \"td-icon-right doubleSliderNextButton\"><\/i>\r\n                                <\/div>\r\n                            <\/div>\r\n                        <\/div>\r\n\r\n                        <div class = \"td-doubleSlider-1 \">\r\n                            <div class = \"td-slider\">\r\n                                \r\n                    <div class = \"td-slide-item td-item1\">\r\n                        <figure class=\"td-slide-galery-figure td-slide-popup-gallery\">\r\n                            <a class=\"slide-gallery-image-link\" href=\"\/wp-content\/uploads\/sites\/5\/2025\/02\/fe6230bb-56b3-4652-8e3f-30e56e146b64.jpg\" title=\"fe6230bb-56b3-4652-8e3f-30e56e146b64\"  data-caption=\"\"  data-description=\"\">\r\n                                <img decoding=\"async\" src=\"\/wp-content\/uploads\/sites\/5\/2025\/02\/fe6230bb-56b3-4652-8e3f-30e56e146b64-617x420.jpg\" srcset=\"\/wp-content\/uploads\/sites\/5\/2025\/02\/fe6230bb-56b3-4652-8e3f-30e56e146b64-617x420.jpg 617w, \/wp-content\/uploads\/sites\/5\/2025\/02\/fe6230bb-56b3-4652-8e3f-30e56e146b64-300x204.jpg 300w, \/wp-content\/uploads\/sites\/5\/2025\/02\/fe6230bb-56b3-4652-8e3f-30e56e146b64-1024x698.jpg 1024w, \/wp-content\/uploads\/sites\/5\/2025\/02\/fe6230bb-56b3-4652-8e3f-30e56e146b64-768x523.jpg 768w, \/wp-content\/uploads\/sites\/5\/2025\/02\/fe6230bb-56b3-4652-8e3f-30e56e146b64-1536x1046.jpg 1536w, \/wp-content\/uploads\/sites\/5\/2025\/02\/fe6230bb-56b3-4652-8e3f-30e56e146b64-696x474.jpg 696w, \/wp-content\/uploads\/sites\/5\/2025\/02\/fe6230bb-56b3-4652-8e3f-30e56e146b64-1068x728.jpg 1068w, \/wp-content\/uploads\/sites\/5\/2025\/02\/fe6230bb-56b3-4652-8e3f-30e56e146b64-534x364.jpg 534w, \/wp-content\/uploads\/sites\/5\/2025\/02\/fe6230bb-56b3-4652-8e3f-30e56e146b64.jpg 1600w\" sizes=\"(max-width: 617px) 100vw, 617px\" alt=\"\">\r\n                            <\/a>\r\n                            \r\n                        <\/figure>\r\n                    <\/div>\r\n                    <div class = \"td-slide-item td-item2\">\r\n                        <figure class=\"td-slide-galery-figure td-slide-popup-gallery\">\r\n                            <a class=\"slide-gallery-image-link\" href=\"\/wp-content\/uploads\/sites\/5\/2025\/02\/ea7e00bc-ff04-4b29-90d6-5b22caea8e91.jpg\" title=\"ea7e00bc-ff04-4b29-90d6-5b22caea8e91\"  data-caption=\"\"  data-description=\"\">\r\n                                <img decoding=\"async\" src=\"\/wp-content\/uploads\/sites\/5\/2025\/02\/ea7e00bc-ff04-4b29-90d6-5b22caea8e91-560x420.jpg\" srcset=\"\/wp-content\/uploads\/sites\/5\/2025\/02\/ea7e00bc-ff04-4b29-90d6-5b22caea8e91-560x420.jpg 560w, \/wp-content\/uploads\/sites\/5\/2025\/02\/ea7e00bc-ff04-4b29-90d6-5b22caea8e91-300x225.jpg 300w, \/wp-content\/uploads\/sites\/5\/2025\/02\/ea7e00bc-ff04-4b29-90d6-5b22caea8e91-1024x768.jpg 1024w, \/wp-content\/uploads\/sites\/5\/2025\/02\/ea7e00bc-ff04-4b29-90d6-5b22caea8e91-768x576.jpg 768w, \/wp-content\/uploads\/sites\/5\/2025\/02\/ea7e00bc-ff04-4b29-90d6-5b22caea8e91-1536x1152.jpg 1536w, \/wp-content\/uploads\/sites\/5\/2025\/02\/ea7e00bc-ff04-4b29-90d6-5b22caea8e91-80x60.jpg 80w, \/wp-content\/uploads\/sites\/5\/2025\/02\/ea7e00bc-ff04-4b29-90d6-5b22caea8e91-696x522.jpg 696w, \/wp-content\/uploads\/sites\/5\/2025\/02\/ea7e00bc-ff04-4b29-90d6-5b22caea8e91-1068x801.jpg 1068w, \/wp-content\/uploads\/sites\/5\/2025\/02\/ea7e00bc-ff04-4b29-90d6-5b22caea8e91-265x198.jpg 265w, \/wp-content\/uploads\/sites\/5\/2025\/02\/ea7e00bc-ff04-4b29-90d6-5b22caea8e91-534x401.jpg 534w, \/wp-content\/uploads\/sites\/5\/2025\/02\/ea7e00bc-ff04-4b29-90d6-5b22caea8e91.jpg 1600w\" sizes=\"(max-width: 560px) 100vw, 560px\" alt=\"\">\r\n                            <\/a>\r\n                            \r\n                        <\/figure>\r\n                    <\/div>\r\n                            <\/div>\r\n                        <\/div>\r\n\r\n                        <div class = \"td-doubleSlider-2\">\r\n                            <div class = \"td-slider\">\r\n                                \r\n                    <div class = \"td-button td-item1\">\r\n                        <div class = \"td-border\"><\/div>\r\n                    <\/div>\r\n                    <div class = \"td-button td-item2\">\r\n                        <div class = \"td-border\"><\/div>\r\n                    <\/div>\r\n                            <\/div>\r\n                        <\/div>\r\n\r\n                    <\/div>\r\n\r\n                <\/div>\r\n                ","protected":false},"excerpt":{"rendered":"<p>El Hospital de Escuintla desarroll\u00f3 una jornada educativa con tem\u00e1tica del c\u00e1ncer dirigida a pacientes y familiares en las salas de espera y encamamientos de medicina interna. La licenciada Ana Galindo, educadora en salud, en coordinaci\u00f3n con los promotores de salud de la unidad, lider\u00f3 esta iniciativa con el objetivo de concienciar sobre la importancia [&hellip;]<\/p>\n","protected":false},"author":3269,"featured_media":46425,"comment_status":"closed","ping_status":"closed","sticky":false,"template":"","format":"standard","meta":{"footnotes":""},"categories":[3,4,1130,27,31,33],"tags":[2017,476,490,2016],"coauthors":[1970],"class_list":{"0":"post-46419","1":"post","2":"type-post","3":"status-publish","4":"format-standard","5":"has-post-thumbnail","7":"category-actualidad","8":"category-afiliados","9":"category-consejos-medicos","10":"category-prevencion-en-salud","11":"category-salud","12":"category-servicios-de-salud","13":"tag-educacion","14":"tag-hospital-de-escuintla","15":"tag-igss","16":"tag-prevencion-cancer"},"_links":{"self":[{"href":"https:\/\/www.igssgt.org\/noticias\/wp-json\/wp\/v2\/posts\/46419","targetHints":{"allow":["GET"]}}],"collection":[{"href":"https:\/\/www.igssgt.org\/noticias\/wp-json\/wp\/v2\/posts"}],"about":[{"href":"https:\/\/www.igssgt.org\/noticias\/wp-json\/wp\/v2\/types\/post"}],"author":[{"embeddable":true,"href":"https:\/\/www.igssgt.org\/noticias\/wp-json\/wp\/v2\/users\/3269"}],"replies":[{"embeddable":true,"href":"https:\/\/www.igssgt.org\/noticias\/wp-json\/wp\/v2\/comments?post=46419"}],"version-history":[{"count":1,"href":"https:\/\/www.igssgt.org\/noticias\/wp-json\/wp\/v2\/posts\/46419\/revisions"}],"predecessor-version":[{"id":46426,"href":"https:\/\/www.igssgt.org\/noticias\/wp-json\/wp\/v2\/posts\/46419\/revisions\/46426"}],"wp:featuredmedia":[{"embeddable":true,"href":"https:\/\/www.igssgt.org\/noticias\/wp-json\/wp\/v2\/media\/46425"}],"wp:attachment":[{"href":"https:\/\/www.igssgt.org\/noticias\/wp-json\/wp\/v2\/media?parent=46419"}],"wp:term":[{"taxonomy":"category","embeddable":true,"href":"https:\/\/www.igssgt.org\/noticias\/wp-json\/wp\/v2\/categories?post=46419"},{"taxonomy":"post_tag","embeddable":true,"href":"https:\/\/www.igssgt.org\/noticias\/wp-json\/wp\/v2\/tags?post=46419"},{"taxonomy":"author","embeddable":true,"href":"https:\/\/www.igssgt.org\/noticias\/wp-json\/wp\/v2\/coauthors?post=46419"}],"curies":[{"name":"wp","href":"https:\/\/api.w.org\/{rel}","templated":true}]}}