{"id":46427,"date":"2025-02-11T10:43:09","date_gmt":"2025-02-11T16:43:09","guid":{"rendered":"https:\/\/www.igssgt.org\/noticias\/?p=46427"},"modified":"2025-02-13T12:48:57","modified_gmt":"2025-02-13T18:48:57","slug":"se-abre-la-convocatoria-para-reclutar-salvavidas-para-la-semana-santa-2025","status":"publish","type":"post","link":"https:\/\/www.igssgt.org\/noticias\/2025\/02\/11\/se-abre-la-convocatoria-para-reclutar-salvavidas-para-la-semana-santa-2025\/","title":{"rendered":"Se abre la convocatoria para reclutar salvavidas para la Semana Santa 2025"},"content":{"rendered":"\n<p class=\"has-drop-cap\">El Instituto Guatemalteco de Seguridad Social \u2014IGSS\u2014 lanz\u00f3 la convocatoria a todas las personas interesadas en participar en el proceso de reclutamiento y selecci\u00f3n de salvavidas para la Semana Santa 2025.<\/p>\n\n\n<p>En total se contratar\u00e1n 90 salvavidas para contar con 150 durante este per\u00edodo vacacional. El objetivo es aumentar la cobertura y la seguridad para los ba\u00f1istas, explic\u00f3 el Dr. Mynor Mej\u00eda, jefe de la Secci\u00f3n de Seguridad e Higiene y Prevenci\u00f3n de Accidentes.<\/p>\n<p>De acuerdo con el profesional, durante el per\u00edodo de la Semana Santa se incrementa unas cuatro veces el n\u00famero de personas que van a las playas, por lo que es necesario redoblar la seguridad. \u201cPor ejemplo, en el Puerto San Jos\u00e9 normalmente tenemos 12 salvavidas y en la Semana Mayor tenemos 24\u201d, indic\u00f3.<\/p>\n<figure id=\"attachment_46432\" aria-describedby=\"caption-attachment-46432\" style=\"width: 1024px\" class=\"wp-caption aligncenter\"><a href=\"\/wp-content\/uploads\/sites\/5\/2025\/02\/3ad6c948-6674-4b2a-94f8-796ec4dc6310.jpg\"><img loading=\"lazy\" decoding=\"async\" class=\"wp-image-46432 size-full\" src=\"\/wp-content\/uploads\/sites\/5\/2025\/02\/3ad6c948-6674-4b2a-94f8-796ec4dc6310.jpg\" alt=\"\" width=\"1024\" height=\"683\" srcset=\"\/wp-content\/uploads\/sites\/5\/2025\/02\/3ad6c948-6674-4b2a-94f8-796ec4dc6310.jpg 1024w, \/wp-content\/uploads\/sites\/5\/2025\/02\/3ad6c948-6674-4b2a-94f8-796ec4dc6310-300x200.jpg 300w, \/wp-content\/uploads\/sites\/5\/2025\/02\/3ad6c948-6674-4b2a-94f8-796ec4dc6310-768x512.jpg 768w, \/wp-content\/uploads\/sites\/5\/2025\/02\/3ad6c948-6674-4b2a-94f8-796ec4dc6310-630x420.jpg 630w, \/wp-content\/uploads\/sites\/5\/2025\/02\/3ad6c948-6674-4b2a-94f8-796ec4dc6310-696x464.jpg 696w, \/wp-content\/uploads\/sites\/5\/2025\/02\/3ad6c948-6674-4b2a-94f8-796ec4dc6310-534x356.jpg 534w\" sizes=\"auto, (max-width: 1024px) 100vw, 1024px\" \/><\/a><figcaption id=\"caption-attachment-46432\" class=\"wp-caption-text\">En Semana Santa, el Seguro Social fortalece su Cuerpo de Salvamento para brindar seguridad a los ba\u00f1istas. <em>El llamado a participar en el proceso de selecci\u00f3n es para hombres y mujeres por igual.<\/em><\/figcaption><\/figure>\n<p>Las playas tur\u00edsticas que tendr\u00e1n la cobertura del Cuerpo de Salvamento del Seguro Social ser\u00e1n: Iztapa, Las Lisas, Monterrico, La Empalizada, Tecojate, El Semillero, Tulate, Oc\u00f3s, Tilapa, Boca Barra El Pared\u00f3n, Puerto San Jos\u00e9, Champerico, Lago de Atitl\u00e1n, Centro Recreativo Casa Contenta y Centro Recreativo Vacacional Guayac\u00e1n.<\/p>\n<p>Los interesados deben realizar una prueba eliminatoria obligatoria a mar abierto en el Puerto San Jos\u00e9, Escuintla. Los salvavidas seleccionados ser\u00e1n capacitados y formados en primeros auxilios y recibir\u00e1n pr\u00e1ctica de rescate en el mar.<\/p>\n<p>\u201cEl Seguro Social hace la invitaci\u00f3n a participar a cualquier persona que tenga el perfil y que desee servir a la comunidad\u201d, resalt\u00f3 Mej\u00eda.<\/p>\n<p>Los interesados en participar deber\u00e1n presentarse el s\u00e1bado 01 de marzo de 2025 de 8 a 17 horas en el Rancho Mar &amp; Tierra, ubicado en el sector 2 lote 14-15 Barrio Miramar, San Jos\u00e9, Escuintla, para entregar la papeler\u00eda completa y realizar las pruebas f\u00edsicas.<\/p>\n<p>\u00a0El Instituto tambi\u00e9n estar\u00e1 proporcionando transporte gratuito a las personas aleda\u00f1as del \u00e1rea metropolitana: la salida ser\u00e1 a las 4:30 a.m. en el parqueo de Oficinas Centrales del IGSS, 7\u00aa avenida 22-72, zona 1, ciudad de Guatemala.<\/p>\n<figure id=\"attachment_46430\" aria-describedby=\"caption-attachment-46430\" style=\"width: 1600px\" class=\"wp-caption aligncenter\"><a href=\"\/wp-content\/uploads\/sites\/5\/2025\/02\/Foto-2-salvavidas.jpg\"><img loading=\"lazy\" decoding=\"async\" class=\"wp-image-46430 size-full\" src=\"\/wp-content\/uploads\/sites\/5\/2025\/02\/Foto-2-salvavidas.jpg\" alt=\"\" width=\"1600\" height=\"1200\" srcset=\"\/wp-content\/uploads\/sites\/5\/2025\/02\/Foto-2-salvavidas.jpg 1600w, \/wp-content\/uploads\/sites\/5\/2025\/02\/Foto-2-salvavidas-300x225.jpg 300w, \/wp-content\/uploads\/sites\/5\/2025\/02\/Foto-2-salvavidas-1024x768.jpg 1024w, \/wp-content\/uploads\/sites\/5\/2025\/02\/Foto-2-salvavidas-768x576.jpg 768w, \/wp-content\/uploads\/sites\/5\/2025\/02\/Foto-2-salvavidas-1536x1152.jpg 1536w, \/wp-content\/uploads\/sites\/5\/2025\/02\/Foto-2-salvavidas-560x420.jpg 560w, \/wp-content\/uploads\/sites\/5\/2025\/02\/Foto-2-salvavidas-80x60.jpg 80w, \/wp-content\/uploads\/sites\/5\/2025\/02\/Foto-2-salvavidas-696x522.jpg 696w, \/wp-content\/uploads\/sites\/5\/2025\/02\/Foto-2-salvavidas-1068x801.jpg 1068w, \/wp-content\/uploads\/sites\/5\/2025\/02\/Foto-2-salvavidas-265x198.jpg 265w, \/wp-content\/uploads\/sites\/5\/2025\/02\/Foto-2-salvavidas-534x401.jpg 534w\" sizes=\"auto, (max-width: 1600px) 100vw, 1600px\" \/><\/a><figcaption id=\"caption-attachment-46430\" class=\"wp-caption-text\">El Instituto proporcionar\u00e1 transporte al Puerto San Jos\u00e9, la salida ser\u00e1 a las 4:30 a.m. en el parqueo de Oficinas Centrales del IGSS.<\/figcaption><\/figure>\n<h3><strong>Requisitos<\/strong><\/h3>\n<ul>\n<li>Ser guatemalteco<\/li>\n<li>Comprendido entre las edades de 18 a 35 a\u00f1os<\/li>\n<li>Haber recibido el curso de T\u00e9cnico de Salvavidas y Primeros Auxilios<\/li>\n<li>Residir de preferencia en el \u00e1rea geogr\u00e1fica que le interese<\/li>\n<li>Someterse a pruebas de nataci\u00f3n en mar abierto y RCP<\/li>\n<li>Someterse a pruebas de reclutamiento y selecci\u00f3n de Recursos Humanos<\/li>\n<\/ul>\n<p>Los interesados deben presentar los siguientes documentos:<\/p>\n<ul>\n<li>Resumen curricular actualizado<\/li>\n<li>Original y fotocopia de DPI (ambos lados legibles)<\/li>\n<li>Antecedentes Penales y Policiales originales (6 meses de vigencia)<\/li>\n<li>Original y fotocopia simple de RTU ratificado y emitido por la SAT, 2025<\/li>\n<li>Original y fotocopia simple de Boleto de Ornato 2025<\/li>\n<li>Constancia de cuenta monetaria activa de fecha reciente extendida en Banrural<\/li>\n<\/ul>\n<p><a href=\"\/wp-content\/uploads\/sites\/5\/2025\/02\/Convocatoria-Salvavidas-IGSS-Semana-Santa-2025.jpg\"><img loading=\"lazy\" decoding=\"async\" class=\"aligncenter size-full wp-image-46491\" src=\"\/wp-content\/uploads\/sites\/5\/2025\/02\/Convocatoria-Salvavidas-IGSS-Semana-Santa-2025.jpg\" alt=\"\" width=\"1574\" height=\"912\" srcset=\"\/wp-content\/uploads\/sites\/5\/2025\/02\/Convocatoria-Salvavidas-IGSS-Semana-Santa-2025.jpg 1574w, \/wp-content\/uploads\/sites\/5\/2025\/02\/Convocatoria-Salvavidas-IGSS-Semana-Santa-2025-300x174.jpg 300w, \/wp-content\/uploads\/sites\/5\/2025\/02\/Convocatoria-Salvavidas-IGSS-Semana-Santa-2025-1024x593.jpg 1024w, \/wp-content\/uploads\/sites\/5\/2025\/02\/Convocatoria-Salvavidas-IGSS-Semana-Santa-2025-768x445.jpg 768w, \/wp-content\/uploads\/sites\/5\/2025\/02\/Convocatoria-Salvavidas-IGSS-Semana-Santa-2025-1536x890.jpg 1536w, \/wp-content\/uploads\/sites\/5\/2025\/02\/Convocatoria-Salvavidas-IGSS-Semana-Santa-2025-725x420.jpg 725w, \/wp-content\/uploads\/sites\/5\/2025\/02\/Convocatoria-Salvavidas-IGSS-Semana-Santa-2025-696x403.jpg 696w, \/wp-content\/uploads\/sites\/5\/2025\/02\/Convocatoria-Salvavidas-IGSS-Semana-Santa-2025-1068x619.jpg 1068w, \/wp-content\/uploads\/sites\/5\/2025\/02\/Convocatoria-Salvavidas-IGSS-Semana-Santa-2025-534x309.jpg 534w\" sizes=\"auto, (max-width: 1574px) 100vw, 1574px\" \/><\/a><\/p>\n<p>Para m\u00e1s informaci\u00f3n puede comunicarse al tel\u00e9fono 2412-1224, extensi\u00f3n 99122, 99121 y 99255, Secci\u00f3n de Seguridad e Higiene y Prevenci\u00f3n de Accidentes.<\/p>\n<p>El Seguro Social ofrece un salario atractivo, vi\u00e1ticos y el equipo de trabajo necesario para el desempe\u00f1o de las labores.<\/p>\n\r\n                <style type=\"text\/css\">\r\n                    \r\n                    #tdi_1  .td-doubleSlider-2 .td-item1 {\r\n                        background: url(\/wp-content\/uploads\/sites\/5\/2025\/02\/FOTO-3-SELECCION-SALVAVIDAS-80x60.jpg) 0 0 no-repeat;\r\n                    }\r\n                    #tdi_1  .td-doubleSlider-2 .td-item2 {\r\n                        background: url(\/wp-content\/uploads\/sites\/5\/2025\/02\/FOTO-4-SALVAVIDAS-80x60.jpg) 0 0 no-repeat;\r\n                    }\r\n                    #tdi_1  .td-doubleSlider-2 .td-item3 {\r\n                        background: url(\/wp-content\/uploads\/sites\/5\/2025\/02\/FOTO-5-SALVAVIDAS-80x60.jpg) 0 0 no-repeat;\r\n                    }\r\n                    #tdi_1  .td-doubleSlider-2 .td-item4 {\r\n                        background: url(\/wp-content\/uploads\/sites\/5\/2025\/02\/FOTO-6-SALVAVIDAS-80x60.jpg) 0 0 no-repeat;\r\n                    }\r\n                <\/style>\r\n\r\n                <div id=\"tdi_1\" class=\"td-gallery td-slide-on-2-columns\">\r\n                    <div class=\"post_td_gallery\">\r\n                        <div class=\"td-gallery-slide-top\">\r\n                           <div class=\"td-gallery-title\">Galer\u00eda de fotos de las acciones en San Jos\u00e9, Escuintla.<\/div>\r\n\r\n                            <div class=\"td-gallery-controls-wrapper\">\r\n                                <div class=\"td-gallery-slide-count\"><span class=\"td-gallery-slide-item-focus\">1<\/span> de 4<\/div>\r\n                                <div class=\"td-gallery-slide-prev-next-but\">\r\n                                    <i class = \"td-icon-left doubleSliderPrevButton\"><\/i>\r\n                                    <i class = \"td-icon-right doubleSliderNextButton\"><\/i>\r\n                                <\/div>\r\n                            <\/div>\r\n                        <\/div>\r\n\r\n                        <div class = \"td-doubleSlider-1 \">\r\n                            <div class = \"td-slider\">\r\n                                \r\n                    <div class = \"td-slide-item td-item1\">\r\n                        <figure class=\"td-slide-galery-figure td-slide-popup-gallery\">\r\n                            <a class=\"slide-gallery-image-link\" href=\"\/wp-content\/uploads\/sites\/5\/2025\/02\/FOTO-3-SELECCION-SALVAVIDAS.jpg\" title=\"FOTO 3 - SELECCIO\u0301N SALVAVIDAS\"  data-caption=\"\"  data-description=\"\">\r\n                                <img decoding=\"async\" src=\"\/wp-content\/uploads\/sites\/5\/2025\/02\/FOTO-3-SELECCION-SALVAVIDAS-560x420.jpg\" srcset=\"\/wp-content\/uploads\/sites\/5\/2025\/02\/FOTO-3-SELECCION-SALVAVIDAS-560x420.jpg 560w, \/wp-content\/uploads\/sites\/5\/2025\/02\/FOTO-3-SELECCION-SALVAVIDAS-300x225.jpg 300w, \/wp-content\/uploads\/sites\/5\/2025\/02\/FOTO-3-SELECCION-SALVAVIDAS-1024x768.jpg 1024w, \/wp-content\/uploads\/sites\/5\/2025\/02\/FOTO-3-SELECCION-SALVAVIDAS-768x576.jpg 768w, \/wp-content\/uploads\/sites\/5\/2025\/02\/FOTO-3-SELECCION-SALVAVIDAS-80x60.jpg 80w, \/wp-content\/uploads\/sites\/5\/2025\/02\/FOTO-3-SELECCION-SALVAVIDAS-696x522.jpg 696w, \/wp-content\/uploads\/sites\/5\/2025\/02\/FOTO-3-SELECCION-SALVAVIDAS-1068x801.jpg 1068w, \/wp-content\/uploads\/sites\/5\/2025\/02\/FOTO-3-SELECCION-SALVAVIDAS-265x198.jpg 265w, \/wp-content\/uploads\/sites\/5\/2025\/02\/FOTO-3-SELECCION-SALVAVIDAS-534x401.jpg 534w, \/wp-content\/uploads\/sites\/5\/2025\/02\/FOTO-3-SELECCION-SALVAVIDAS.jpg 1200w\" sizes=\"(max-width: 560px) 100vw, 560px\" alt=\"\">\r\n                            <\/a>\r\n                            \r\n                        <\/figure>\r\n                    <\/div>\r\n                    <div class = \"td-slide-item td-item2\">\r\n                        <figure class=\"td-slide-galery-figure td-slide-popup-gallery\">\r\n                            <a class=\"slide-gallery-image-link\" href=\"\/wp-content\/uploads\/sites\/5\/2025\/02\/FOTO-4-SALVAVIDAS.jpg\" title=\"FOTO 4 - SALVAVIDAS\"  data-caption=\"\"  data-description=\"\">\r\n                                <img decoding=\"async\" src=\"\/wp-content\/uploads\/sites\/5\/2025\/02\/FOTO-4-SALVAVIDAS-630x420.jpg\" srcset=\"\/wp-content\/uploads\/sites\/5\/2025\/02\/FOTO-4-SALVAVIDAS-630x420.jpg 630w, \/wp-content\/uploads\/sites\/5\/2025\/02\/FOTO-4-SALVAVIDAS-300x200.jpg 300w, \/wp-content\/uploads\/sites\/5\/2025\/02\/FOTO-4-SALVAVIDAS-1024x683.jpg 1024w, \/wp-content\/uploads\/sites\/5\/2025\/02\/FOTO-4-SALVAVIDAS-768x512.jpg 768w, \/wp-content\/uploads\/sites\/5\/2025\/02\/FOTO-4-SALVAVIDAS-696x464.jpg 696w, \/wp-content\/uploads\/sites\/5\/2025\/02\/FOTO-4-SALVAVIDAS-1068x712.jpg 1068w, \/wp-content\/uploads\/sites\/5\/2025\/02\/FOTO-4-SALVAVIDAS-534x356.jpg 534w, \/wp-content\/uploads\/sites\/5\/2025\/02\/FOTO-4-SALVAVIDAS.jpg 1200w\" sizes=\"(max-width: 630px) 100vw, 630px\" alt=\"\">\r\n                            <\/a>\r\n                            \r\n                        <\/figure>\r\n                    <\/div>\r\n                    <div class = \"td-slide-item td-item3\">\r\n                        <figure class=\"td-slide-galery-figure td-slide-popup-gallery\">\r\n                            <a class=\"slide-gallery-image-link\" href=\"\/wp-content\/uploads\/sites\/5\/2025\/02\/FOTO-5-SALVAVIDAS.jpg\" title=\"FOTO 5 - SALVAVIDAS\"  data-caption=\"\"  data-description=\"\">\r\n                                <img decoding=\"async\" src=\"\/wp-content\/uploads\/sites\/5\/2025\/02\/FOTO-5-SALVAVIDAS-630x420.jpg\" srcset=\"\/wp-content\/uploads\/sites\/5\/2025\/02\/FOTO-5-SALVAVIDAS-630x420.jpg 630w, \/wp-content\/uploads\/sites\/5\/2025\/02\/FOTO-5-SALVAVIDAS-300x200.jpg 300w, \/wp-content\/uploads\/sites\/5\/2025\/02\/FOTO-5-SALVAVIDAS-1024x683.jpg 1024w, \/wp-content\/uploads\/sites\/5\/2025\/02\/FOTO-5-SALVAVIDAS-768x512.jpg 768w, \/wp-content\/uploads\/sites\/5\/2025\/02\/FOTO-5-SALVAVIDAS-696x464.jpg 696w, \/wp-content\/uploads\/sites\/5\/2025\/02\/FOTO-5-SALVAVIDAS-1068x712.jpg 1068w, \/wp-content\/uploads\/sites\/5\/2025\/02\/FOTO-5-SALVAVIDAS-534x356.jpg 534w, \/wp-content\/uploads\/sites\/5\/2025\/02\/FOTO-5-SALVAVIDAS.jpg 1200w\" sizes=\"(max-width: 630px) 100vw, 630px\" alt=\"\">\r\n                            <\/a>\r\n                            \r\n                        <\/figure>\r\n                    <\/div>\r\n                    <div class = \"td-slide-item td-item4\">\r\n                        <figure class=\"td-slide-galery-figure td-slide-popup-gallery\">\r\n                            <a class=\"slide-gallery-image-link\" href=\"\/wp-content\/uploads\/sites\/5\/2025\/02\/FOTO-6-SALVAVIDAS.jpg\" title=\"FOTO 6 - SALVAVIDAS\"  data-caption=\"\"  data-description=\"\">\r\n                                <img decoding=\"async\" src=\"\/wp-content\/uploads\/sites\/5\/2025\/02\/FOTO-6-SALVAVIDAS-630x420.jpg\" srcset=\"\/wp-content\/uploads\/sites\/5\/2025\/02\/FOTO-6-SALVAVIDAS-630x420.jpg 630w, \/wp-content\/uploads\/sites\/5\/2025\/02\/FOTO-6-SALVAVIDAS-300x200.jpg 300w, \/wp-content\/uploads\/sites\/5\/2025\/02\/FOTO-6-SALVAVIDAS-1024x683.jpg 1024w, \/wp-content\/uploads\/sites\/5\/2025\/02\/FOTO-6-SALVAVIDAS-768x512.jpg 768w, \/wp-content\/uploads\/sites\/5\/2025\/02\/FOTO-6-SALVAVIDAS-696x464.jpg 696w, \/wp-content\/uploads\/sites\/5\/2025\/02\/FOTO-6-SALVAVIDAS-1068x712.jpg 1068w, \/wp-content\/uploads\/sites\/5\/2025\/02\/FOTO-6-SALVAVIDAS-534x356.jpg 534w, \/wp-content\/uploads\/sites\/5\/2025\/02\/FOTO-6-SALVAVIDAS.jpg 1440w\" sizes=\"(max-width: 630px) 100vw, 630px\" alt=\"\">\r\n                            <\/a>\r\n                            \r\n                        <\/figure>\r\n                    <\/div>\r\n                            <\/div>\r\n                        <\/div>\r\n\r\n                        <div class = \"td-doubleSlider-2\">\r\n                            <div class = \"td-slider\">\r\n                                \r\n                    <div class = \"td-button td-item1\">\r\n                        <div class = \"td-border\"><\/div>\r\n                    <\/div>\r\n                    <div class = \"td-button td-item2\">\r\n                        <div class = \"td-border\"><\/div>\r\n                    <\/div>\r\n                    <div class = \"td-button td-item3\">\r\n                        <div class = \"td-border\"><\/div>\r\n                    <\/div>\r\n                    <div class = \"td-button td-item4\">\r\n                        <div class = \"td-border\"><\/div>\r\n                    <\/div>\r\n                            <\/div>\r\n                        <\/div>\r\n\r\n                    <\/div>\r\n\r\n                <\/div>\r\n                ","protected":false},"excerpt":{"rendered":"<p>En total se contratar\u00e1n 90 salvavidas para contar con 150 durante este per\u00edodo vacacional. El objetivo es aumentar la cobertura y la seguridad para los ba\u00f1istas, explic\u00f3 el Dr. Mynor Mej\u00eda, jefe de la Secci\u00f3n de Seguridad e Higiene y Prevenci\u00f3n de Accidentes.<\/p>\n","protected":false},"author":3269,"featured_media":46428,"comment_status":"closed","ping_status":"closed","sticky":false,"template":"","format":"standard","meta":{"footnotes":""},"categories":[3,15,1551,27,31,1915,32,1856,1455,34],"tags":[215,216,320,490,770,2018,1456],"coauthors":[],"class_list":{"0":"post-46427","1":"post","2":"type-post","3":"status-publish","4":"format-standard","5":"has-post-thumbnail","7":"category-actualidad","8":"category-destacado","9":"category-eventos-igss","10":"category-prevencion-en-salud","11":"category-salud","12":"category-salud-y-seguridad-ocupacional","13":"category-salvavidas","14":"category-semana-santa-segura-y-sin-accidentes","15":"category-sinaprese","16":"category-travel","17":"tag-convocatorias","18":"tag-cuerpo-de-salvamento-del-igss","19":"tag-dr-mynor-mejia","20":"tag-igss","21":"tag-salvavidas-igss","22":"tag-semana-santa-2025","23":"tag-sinaprese"},"_links":{"self":[{"href":"https:\/\/www.igssgt.org\/noticias\/wp-json\/wp\/v2\/posts\/46427","targetHints":{"allow":["GET"]}}],"collection":[{"href":"https:\/\/www.igssgt.org\/noticias\/wp-json\/wp\/v2\/posts"}],"about":[{"href":"https:\/\/www.igssgt.org\/noticias\/wp-json\/wp\/v2\/types\/post"}],"author":[{"embeddable":true,"href":"https:\/\/www.igssgt.org\/noticias\/wp-json\/wp\/v2\/users\/3269"}],"replies":[{"embeddable":true,"href":"https:\/\/www.igssgt.org\/noticias\/wp-json\/wp\/v2\/comments?post=46427"}],"version-history":[{"count":7,"href":"https:\/\/www.igssgt.org\/noticias\/wp-json\/wp\/v2\/posts\/46427\/revisions"}],"predecessor-version":[{"id":46492,"href":"https:\/\/www.igssgt.org\/noticias\/wp-json\/wp\/v2\/posts\/46427\/revisions\/46492"}],"wp:featuredmedia":[{"embeddable":true,"href":"https:\/\/www.igssgt.org\/noticias\/wp-json\/wp\/v2\/media\/46428"}],"wp:attachment":[{"href":"https:\/\/www.igssgt.org\/noticias\/wp-json\/wp\/v2\/media?parent=46427"}],"wp:term":[{"taxonomy":"category","embeddable":true,"href":"https:\/\/www.igssgt.org\/noticias\/wp-json\/wp\/v2\/categories?post=46427"},{"taxonomy":"post_tag","embeddable":true,"href":"https:\/\/www.igssgt.org\/noticias\/wp-json\/wp\/v2\/tags?post=46427"},{"taxonomy":"author","embeddable":true,"href":"https:\/\/www.igssgt.org\/noticias\/wp-json\/wp\/v2\/coauthors?post=46427"}],"curies":[{"name":"wp","href":"https:\/\/api.w.org\/{rel}","templated":true}]}}