{"id":46478,"date":"2025-02-12T14:15:00","date_gmt":"2025-02-12T20:15:00","guid":{"rendered":"https:\/\/www.igssgt.org\/noticias\/?p=46478"},"modified":"2025-02-13T08:29:17","modified_gmt":"2025-02-13T14:29:17","slug":"reunion-entre-el-igss-y-la-pdh-busca-mejorar-los-servicios","status":"publish","type":"post","link":"https:\/\/www.igssgt.org\/noticias\/2025\/02\/12\/reunion-entre-el-igss-y-la-pdh-busca-mejorar-los-servicios\/","title":{"rendered":"Reuni\u00f3n entre el IGSS y la PDH busca fortalecer los servicios"},"content":{"rendered":"\n<p class=\"has-drop-cap\">El Presidente de Junta Directiva del Instituto Guatemalteco de Seguridad Social (IGSS), licenciado Jos\u00e9 Adolfo Flamenco Jau, sostuvo una reuni\u00f3n con el Procurador de los Derechos Humanos, doctor Alejandro C\u00f3rdova.<\/p>\n\n\n\n<p>En la misma se analizaron las acciones constitucionales de Amparo con la finalidad de fortalecer el servicio que se brinda a los afiliados, derechohabientes y pensionados.<\/p>\n<p>Tras el encuentro se acord\u00f3 la implementaci\u00f3n de una mesa de trabajo adicional a las ya existentes, en la que tratar\u00e1n espec\u00edficamente los temas de \u00edndole legal. En el acercamiento tambi\u00e9n participaron asesores y el Defensor de la Salud de la Instituci\u00f3n del PDH, Dr. Carlos V\u00e1squez.<\/p>\n<p>Estas acciones confirman la buena voluntad de las autoridades del Seguro Social en beneficio de la poblaci\u00f3n asegurada.<\/p>\n","protected":false},"excerpt":{"rendered":"<p>El Presidente de Junta Directiva, licenciado Jos\u00e9 Adolfo Flamenco Jau, sostuvo una reuni\u00f3n con el Procurador de los Derechos Humanos, doctor Alejandro C\u00f3rdova, con la finalidad de fortalecer el servicio que se brinda a los afiliados, derechohabientes y pensionados.<\/p>\n","protected":false},"author":4,"featured_media":46477,"comment_status":"closed","ping_status":"closed","sticky":false,"template":"","format":"standard","meta":{"footnotes":""},"categories":[3,15,21],"tags":[1340,697,729],"coauthors":[],"class_list":{"0":"post-46478","1":"post","2":"type-post","3":"status-publish","4":"format-standard","5":"has-post-thumbnail","7":"category-actualidad","8":"category-destacado","9":"category-junta-directiva-igss","10":"tag-lic-jose-adolfo-flamenco-jau","11":"tag-pdh","12":"tag-procurador-de-los-derechos-humanos"},"_links":{"self":[{"href":"https:\/\/www.igssgt.org\/noticias\/wp-json\/wp\/v2\/posts\/46478","targetHints":{"allow":["GET"]}}],"collection":[{"href":"https:\/\/www.igssgt.org\/noticias\/wp-json\/wp\/v2\/posts"}],"about":[{"href":"https:\/\/www.igssgt.org\/noticias\/wp-json\/wp\/v2\/types\/post"}],"author":[{"embeddable":true,"href":"https:\/\/www.igssgt.org\/noticias\/wp-json\/wp\/v2\/users\/4"}],"replies":[{"embeddable":true,"href":"https:\/\/www.igssgt.org\/noticias\/wp-json\/wp\/v2\/comments?post=46478"}],"version-history":[{"count":4,"href":"https:\/\/www.igssgt.org\/noticias\/wp-json\/wp\/v2\/posts\/46478\/revisions"}],"predecessor-version":[{"id":46482,"href":"https:\/\/www.igssgt.org\/noticias\/wp-json\/wp\/v2\/posts\/46478\/revisions\/46482"}],"wp:featuredmedia":[{"embeddable":true,"href":"https:\/\/www.igssgt.org\/noticias\/wp-json\/wp\/v2\/media\/46477"}],"wp:attachment":[{"href":"https:\/\/www.igssgt.org\/noticias\/wp-json\/wp\/v2\/media?parent=46478"}],"wp:term":[{"taxonomy":"category","embeddable":true,"href":"https:\/\/www.igssgt.org\/noticias\/wp-json\/wp\/v2\/categories?post=46478"},{"taxonomy":"post_tag","embeddable":true,"href":"https:\/\/www.igssgt.org\/noticias\/wp-json\/wp\/v2\/tags?post=46478"},{"taxonomy":"author","embeddable":true,"href":"https:\/\/www.igssgt.org\/noticias\/wp-json\/wp\/v2\/coauthors?post=46478"}],"curies":[{"name":"wp","href":"https:\/\/api.w.org\/{rel}","templated":true}]}}