{"id":46560,"date":"2025-02-25T06:15:00","date_gmt":"2025-02-25T12:15:00","guid":{"rendered":"https:\/\/www.igssgt.org\/noticias\/?p=46560"},"modified":"2025-02-28T10:42:20","modified_gmt":"2025-02-28T16:42:20","slug":"distinguir-entre-tristeza-y-depresion-es-clave-para-la-salud-mental","status":"publish","type":"post","link":"https:\/\/www.igssgt.org\/noticias\/2025\/02\/25\/distinguir-entre-tristeza-y-depresion-es-clave-para-la-salud-mental\/","title":{"rendered":"Distinguir entre tristeza y depresi\u00f3n es clave para la salud mental"},"content":{"rendered":"\n<p class=\"has-drop-cap\">Pamela Hern\u00e1ndez, psic\u00f3loga de Cuidados Paliativos en la Unidad de Consulta Externa Autonom\u00eda, resalt\u00f3 la importancia de diferenciar entre la tristeza y la depresi\u00f3n, especialmente en pacientes con enfermedades cr\u00f3nicas y su entorno familiar.<\/p>\n\n\n<p>\u201cLa tristeza es una emoci\u00f3n natural que todos experimentamos en alg\u00fan momento, especialmente ante la p\u00e9rdida de un ser querido o una situaci\u00f3n dif\u00edcil. Con el tiempo y el apoyo adecuado, logramos superarla\u201d, explic\u00f3 Hern\u00e1ndez.<\/p>\n<p>Sin embargo, advirti\u00f3 que cuando esta sensaci\u00f3n persiste afecta la capacidad de adaptaci\u00f3n y no mejora con distracciones o compa\u00f1\u00eda, entonces podr\u00eda tratarse de una depresi\u00f3n.<\/p>\n<figure id=\"attachment_46562\" aria-describedby=\"caption-attachment-46562\" style=\"width: 703px\" class=\"wp-caption alignnone\"><img loading=\"lazy\" decoding=\"async\" class=\"wp-image-46562\" src=\"\/wp-content\/uploads\/sites\/5\/2025\/02\/FOTO-1-300x277.jpg\" alt=\"\" width=\"703\" height=\"649\" srcset=\"\/wp-content\/uploads\/sites\/5\/2025\/02\/FOTO-1-300x277.jpg 300w, \/wp-content\/uploads\/sites\/5\/2025\/02\/FOTO-1-1024x947.jpg 1024w, \/wp-content\/uploads\/sites\/5\/2025\/02\/FOTO-1-768x710.jpg 768w, \/wp-content\/uploads\/sites\/5\/2025\/02\/FOTO-1-1536x1420.jpg 1536w, \/wp-content\/uploads\/sites\/5\/2025\/02\/FOTO-1-2048x1893.jpg 2048w, \/wp-content\/uploads\/sites\/5\/2025\/02\/FOTO-1-454x420.jpg 454w, \/wp-content\/uploads\/sites\/5\/2025\/02\/FOTO-1-696x643.jpg 696w, \/wp-content\/uploads\/sites\/5\/2025\/02\/FOTO-1-1068x987.jpg 1068w, \/wp-content\/uploads\/sites\/5\/2025\/02\/FOTO-1-1920x1775.jpg 1920w, \/wp-content\/uploads\/sites\/5\/2025\/02\/FOTO-1-500x462.jpg 500w\" sizes=\"auto, (max-width: 703px) 100vw, 703px\" \/><figcaption id=\"caption-attachment-46562\" class=\"wp-caption-text\">Expertos en salud mental recomiendan diferenciar la tristeza de la depresi\u00f3n.<\/figcaption><\/figure>\n<p>Los s\u00edntomas de la depresi\u00f3n incluyen fatiga, irritabilidad, desmotivaci\u00f3n, p\u00e9rdida de inter\u00e9s y descuido personal. A diferencia de la tristeza, la depresi\u00f3n es un trastorno que requiere diagn\u00f3stico y tratamiento adecuado, que puede incluir terapia psicol\u00f3gica y medicaci\u00f3n bajo supervisi\u00f3n profesional.<\/p>\n<p>Hern\u00e1ndez tambi\u00e9n enfatiz\u00f3 la importancia de no automedicarse, ya que puede generar dependencias sin tratar la causa del malestar.<\/p>\n<p>\u00a0<\/p>\n<figure id=\"attachment_46563\" aria-describedby=\"caption-attachment-46563\" style=\"width: 698px\" class=\"wp-caption alignnone\"><img loading=\"lazy\" decoding=\"async\" class=\"wp-image-46563\" src=\"\/wp-content\/uploads\/sites\/5\/2025\/02\/FOTO-2-300x200.jpeg\" alt=\"\" width=\"698\" height=\"465\" srcset=\"\/wp-content\/uploads\/sites\/5\/2025\/02\/FOTO-2-300x200.jpeg 300w, \/wp-content\/uploads\/sites\/5\/2025\/02\/FOTO-2-1024x683.jpeg 1024w, \/wp-content\/uploads\/sites\/5\/2025\/02\/FOTO-2-768x512.jpeg 768w, \/wp-content\/uploads\/sites\/5\/2025\/02\/FOTO-2-630x420.jpeg 630w, \/wp-content\/uploads\/sites\/5\/2025\/02\/FOTO-2-696x464.jpeg 696w, \/wp-content\/uploads\/sites\/5\/2025\/02\/FOTO-2-534x356.jpeg 534w, \/wp-content\/uploads\/sites\/5\/2025\/02\/FOTO-2.jpeg 1068w\" sizes=\"auto, (max-width: 698px) 100vw, 698px\" \/><figcaption id=\"caption-attachment-46563\" class=\"wp-caption-text\">No se automedique, esto es perjudicial para su salud.<\/figcaption><\/figure>\n<p>\u201cEs fundamental acudir a un especialista para recibir ayuda oportuna y mantener un cuidado integral de la salud mental\u201d, se\u00f1al\u00f3.<\/p>\n<p>En Autonom\u00eda muchos pacientes con enfermedades cr\u00f3nicas y sus familias enfrentan episodios de tristeza e incluso depresi\u00f3n por lo que se les brinda atenci\u00f3n integral.<\/p>\n<figure id=\"attachment_46564\" aria-describedby=\"caption-attachment-46564\" style=\"width: 692px\" class=\"wp-caption alignnone\"><img loading=\"lazy\" decoding=\"async\" class=\"wp-image-46564\" src=\"\/wp-content\/uploads\/sites\/5\/2025\/02\/IGSS-Autonomia-salud-mental-2025-3-181x300.jpg\" alt=\"\" width=\"692\" height=\"1147\" srcset=\"\/wp-content\/uploads\/sites\/5\/2025\/02\/IGSS-Autonomia-salud-mental-2025-3-181x300.jpg 181w, \/wp-content\/uploads\/sites\/5\/2025\/02\/IGSS-Autonomia-salud-mental-2025-3.jpg 254w\" sizes=\"auto, (max-width: 692px) 100vw, 692px\" \/><figcaption id=\"caption-attachment-46564\" class=\"wp-caption-text\">Los s\u00edntomas de depresi\u00f3n incluyen fatiga, irritabilidad y desmotivaci\u00f3n, entre otros.<\/figcaption><\/figure>\n<p>Por ello, se promueve una cultura de cuidado integral que aborde la salud mental junto con el tratamiento f\u00edsico, garantizando un acompa\u00f1amiento adecuado para mejorar la calidad de vida de los pacientes y su entorno.<\/p>\n\r\n                <style type=\"text\/css\">\r\n                    \r\n                    #tdi_1  .td-doubleSlider-2 .td-item1 {\r\n                        background: url(\/wp-content\/uploads\/sites\/5\/2025\/02\/IGSS-Autonomia-salud-mental-2025-4-80x60.jpg) 0 0 no-repeat;\r\n                    }\r\n                    #tdi_1  .td-doubleSlider-2 .td-item2 {\r\n                        background: url(\/wp-content\/uploads\/sites\/5\/2025\/02\/IGSS-Autonomia-salud-mental-2025-5-80x60.jpeg) 0 0 no-repeat;\r\n                    }\r\n                    #tdi_1  .td-doubleSlider-2 .td-item3 {\r\n                        background: url(\/wp-content\/uploads\/sites\/5\/2025\/02\/IGSS-Autonomia-salud-mental-2025-6-80x60.jpeg) 0 0 no-repeat;\r\n                    }\r\n                    #tdi_1  .td-doubleSlider-2 .td-item4 {\r\n                        background: url(\/wp-content\/uploads\/sites\/5\/2025\/02\/IGSS-Autonomia-salud-mental-2025-7-80x60.jpeg) 0 0 no-repeat;\r\n                    }\r\n                    #tdi_1  .td-doubleSlider-2 .td-item5 {\r\n                        background: url(\/wp-content\/uploads\/sites\/5\/2025\/02\/IGSS-Autonomia-salud-mental-2025-8-80x60.jpg) 0 0 no-repeat;\r\n                    }\r\n                    #tdi_1  .td-doubleSlider-2 .td-item6 {\r\n                        background: url(\/wp-content\/uploads\/sites\/5\/2025\/02\/IGSS-Autonomia-salud-mental-2025-9-80x60.jpg) 0 0 no-repeat;\r\n                    }\r\n                <\/style>\r\n\r\n                <div id=\"tdi_1\" class=\"td-gallery td-slide-on-2-columns\">\r\n                    <div class=\"post_td_gallery\">\r\n                        <div class=\"td-gallery-slide-top\">\r\n                           <div class=\"td-gallery-title\">Galer\u00eda de fotos:<\/div>\r\n\r\n                            <div class=\"td-gallery-controls-wrapper\">\r\n                                <div class=\"td-gallery-slide-count\"><span class=\"td-gallery-slide-item-focus\">1<\/span> de 6<\/div>\r\n                                <div class=\"td-gallery-slide-prev-next-but\">\r\n                                    <i class = \"td-icon-left doubleSliderPrevButton\"><\/i>\r\n                                    <i class = \"td-icon-right doubleSliderNextButton\"><\/i>\r\n                                <\/div>\r\n                            <\/div>\r\n                        <\/div>\r\n\r\n                        <div class = \"td-doubleSlider-1 \">\r\n                            <div class = \"td-slider\">\r\n                                \r\n                    <div class = \"td-slide-item td-item1\">\r\n                        <figure class=\"td-slide-galery-figure td-slide-popup-gallery\">\r\n                            <a class=\"slide-gallery-image-link\" href=\"\/wp-content\/uploads\/sites\/5\/2025\/02\/IGSS-Autonomia-salud-mental-2025-4.jpg\" title=\"IGSS Autonomia salud mental 2025-4\"  data-caption=\"\"  data-description=\"\">\r\n                                <img decoding=\"async\" src=\"\/wp-content\/uploads\/sites\/5\/2025\/02\/IGSS-Autonomia-salud-mental-2025-4-630x420.jpg\" srcset=\"\/wp-content\/uploads\/sites\/5\/2025\/02\/IGSS-Autonomia-salud-mental-2025-4-630x420.jpg 630w, \/wp-content\/uploads\/sites\/5\/2025\/02\/IGSS-Autonomia-salud-mental-2025-4-300x200.jpg 300w, \/wp-content\/uploads\/sites\/5\/2025\/02\/IGSS-Autonomia-salud-mental-2025-4-1024x683.jpg 1024w, \/wp-content\/uploads\/sites\/5\/2025\/02\/IGSS-Autonomia-salud-mental-2025-4-768x512.jpg 768w, \/wp-content\/uploads\/sites\/5\/2025\/02\/IGSS-Autonomia-salud-mental-2025-4-696x464.jpg 696w, \/wp-content\/uploads\/sites\/5\/2025\/02\/IGSS-Autonomia-salud-mental-2025-4-534x356.jpg 534w, \/wp-content\/uploads\/sites\/5\/2025\/02\/IGSS-Autonomia-salud-mental-2025-4.jpg 1068w\" sizes=\"(max-width: 630px) 100vw, 630px\" alt=\"\">\r\n                            <\/a>\r\n                            \r\n                        <\/figure>\r\n                    <\/div>\r\n                    <div class = \"td-slide-item td-item2\">\r\n                        <figure class=\"td-slide-galery-figure td-slide-popup-gallery\">\r\n                            <a class=\"slide-gallery-image-link\" href=\"\/wp-content\/uploads\/sites\/5\/2025\/02\/IGSS-Autonomia-salud-mental-2025-5.jpeg\" title=\"IGSS Autonomia salud mental 2025-5\"  data-caption=\"\"  data-description=\"\">\r\n                                <img decoding=\"async\" src=\"\/wp-content\/uploads\/sites\/5\/2025\/02\/IGSS-Autonomia-salud-mental-2025-5-280x420.jpeg\" srcset=\"\/wp-content\/uploads\/sites\/5\/2025\/02\/IGSS-Autonomia-salud-mental-2025-5-280x420.jpeg 280w, \/wp-content\/uploads\/sites\/5\/2025\/02\/IGSS-Autonomia-salud-mental-2025-5-200x300.jpeg 200w, \/wp-content\/uploads\/sites\/5\/2025\/02\/IGSS-Autonomia-salud-mental-2025-5-682x1024.jpeg 682w, \/wp-content\/uploads\/sites\/5\/2025\/02\/IGSS-Autonomia-salud-mental-2025-5-768x1153.jpeg 768w, \/wp-content\/uploads\/sites\/5\/2025\/02\/IGSS-Autonomia-salud-mental-2025-5-1023x1536.jpeg 1023w, \/wp-content\/uploads\/sites\/5\/2025\/02\/IGSS-Autonomia-salud-mental-2025-5-696x1045.jpeg 696w, \/wp-content\/uploads\/sites\/5\/2025\/02\/IGSS-Autonomia-salud-mental-2025-5-308x462.jpeg 308w, \/wp-content\/uploads\/sites\/5\/2025\/02\/IGSS-Autonomia-salud-mental-2025-5.jpeg 1066w\" sizes=\"(max-width: 280px) 100vw, 280px\" alt=\"\">\r\n                            <\/a>\r\n                            \r\n                        <\/figure>\r\n                    <\/div>\r\n                    <div class = \"td-slide-item td-item3\">\r\n                        <figure class=\"td-slide-galery-figure td-slide-popup-gallery\">\r\n                            <a class=\"slide-gallery-image-link\" href=\"\/wp-content\/uploads\/sites\/5\/2025\/02\/IGSS-Autonomia-salud-mental-2025-6.jpeg\" title=\"IGSS Autonomia salud mental 2025-6\"  data-caption=\"\"  data-description=\"\">\r\n                                <img decoding=\"async\" src=\"\/wp-content\/uploads\/sites\/5\/2025\/02\/IGSS-Autonomia-salud-mental-2025-6-651x420.jpeg\" srcset=\"\/wp-content\/uploads\/sites\/5\/2025\/02\/IGSS-Autonomia-salud-mental-2025-6-651x420.jpeg 651w, \/wp-content\/uploads\/sites\/5\/2025\/02\/IGSS-Autonomia-salud-mental-2025-6-300x194.jpeg 300w, \/wp-content\/uploads\/sites\/5\/2025\/02\/IGSS-Autonomia-salud-mental-2025-6-1024x660.jpeg 1024w, \/wp-content\/uploads\/sites\/5\/2025\/02\/IGSS-Autonomia-salud-mental-2025-6-768x495.jpeg 768w, \/wp-content\/uploads\/sites\/5\/2025\/02\/IGSS-Autonomia-salud-mental-2025-6-1536x991.jpeg 1536w, \/wp-content\/uploads\/sites\/5\/2025\/02\/IGSS-Autonomia-salud-mental-2025-6-696x449.jpeg 696w, \/wp-content\/uploads\/sites\/5\/2025\/02\/IGSS-Autonomia-salud-mental-2025-6-1068x689.jpeg 1068w, \/wp-content\/uploads\/sites\/5\/2025\/02\/IGSS-Autonomia-salud-mental-2025-6-534x344.jpeg 534w, \/wp-content\/uploads\/sites\/5\/2025\/02\/IGSS-Autonomia-salud-mental-2025-6.jpeg 1600w\" sizes=\"(max-width: 651px) 100vw, 651px\" alt=\"\">\r\n                            <\/a>\r\n                            \r\n                        <\/figure>\r\n                    <\/div>\r\n                    <div class = \"td-slide-item td-item4\">\r\n                        <figure class=\"td-slide-galery-figure td-slide-popup-gallery\">\r\n                            <a class=\"slide-gallery-image-link\" href=\"\/wp-content\/uploads\/sites\/5\/2025\/02\/IGSS-Autonomia-salud-mental-2025-7.jpeg\" title=\"IGSS Autonomia salud mental 2025-7\"  data-caption=\"\"  data-description=\"\">\r\n                                <img decoding=\"async\" src=\"\/wp-content\/uploads\/sites\/5\/2025\/02\/IGSS-Autonomia-salud-mental-2025-7-630x420.jpeg\" srcset=\"\/wp-content\/uploads\/sites\/5\/2025\/02\/IGSS-Autonomia-salud-mental-2025-7-630x420.jpeg 630w, \/wp-content\/uploads\/sites\/5\/2025\/02\/IGSS-Autonomia-salud-mental-2025-7-300x200.jpeg 300w, \/wp-content\/uploads\/sites\/5\/2025\/02\/IGSS-Autonomia-salud-mental-2025-7-1024x682.jpeg 1024w, \/wp-content\/uploads\/sites\/5\/2025\/02\/IGSS-Autonomia-salud-mental-2025-7-768x512.jpeg 768w, \/wp-content\/uploads\/sites\/5\/2025\/02\/IGSS-Autonomia-salud-mental-2025-7-1536x1023.jpeg 1536w, \/wp-content\/uploads\/sites\/5\/2025\/02\/IGSS-Autonomia-salud-mental-2025-7-696x464.jpeg 696w, \/wp-content\/uploads\/sites\/5\/2025\/02\/IGSS-Autonomia-salud-mental-2025-7-1068x712.jpeg 1068w, \/wp-content\/uploads\/sites\/5\/2025\/02\/IGSS-Autonomia-salud-mental-2025-7-534x356.jpeg 534w, \/wp-content\/uploads\/sites\/5\/2025\/02\/IGSS-Autonomia-salud-mental-2025-7.jpeg 1600w\" sizes=\"(max-width: 630px) 100vw, 630px\" alt=\"\">\r\n                            <\/a>\r\n                            \r\n                        <\/figure>\r\n                    <\/div>\r\n                    <div class = \"td-slide-item td-item5\">\r\n                        <figure class=\"td-slide-galery-figure td-slide-popup-gallery\">\r\n                            <a class=\"slide-gallery-image-link\" href=\"\/wp-content\/uploads\/sites\/5\/2025\/02\/IGSS-Autonomia-salud-mental-2025-8.jpg\" title=\"IGSS Autonomia salud mental 2025-8\"  data-caption=\"\"  data-description=\"\">\r\n                                <img decoding=\"async\" src=\"\/wp-content\/uploads\/sites\/5\/2025\/02\/IGSS-Autonomia-salud-mental-2025-8-630x420.jpg\" srcset=\"\/wp-content\/uploads\/sites\/5\/2025\/02\/IGSS-Autonomia-salud-mental-2025-8-630x420.jpg 630w, \/wp-content\/uploads\/sites\/5\/2025\/02\/IGSS-Autonomia-salud-mental-2025-8-300x200.jpg 300w, \/wp-content\/uploads\/sites\/5\/2025\/02\/IGSS-Autonomia-salud-mental-2025-8-534x356.jpg 534w, \/wp-content\/uploads\/sites\/5\/2025\/02\/IGSS-Autonomia-salud-mental-2025-8.jpg 696w\" sizes=\"(max-width: 630px) 100vw, 630px\" alt=\"\">\r\n                            <\/a>\r\n                            \r\n                        <\/figure>\r\n                    <\/div>\r\n                    <div class = \"td-slide-item td-item6\">\r\n                        <figure class=\"td-slide-galery-figure td-slide-popup-gallery\">\r\n                            <a class=\"slide-gallery-image-link\" href=\"\/wp-content\/uploads\/sites\/5\/2025\/02\/IGSS-Autonomia-salud-mental-2025-9-scaled.jpg\" title=\"IGSS Autonomia salud mental 2025-9\"  data-caption=\"\"  data-description=\"\">\r\n                                <img decoding=\"async\" src=\"\/wp-content\/uploads\/sites\/5\/2025\/02\/IGSS-Autonomia-salud-mental-2025-9-630x420.jpg\" srcset=\"\/wp-content\/uploads\/sites\/5\/2025\/02\/IGSS-Autonomia-salud-mental-2025-9-630x420.jpg 630w, \/wp-content\/uploads\/sites\/5\/2025\/02\/IGSS-Autonomia-salud-mental-2025-9-300x200.jpg 300w, \/wp-content\/uploads\/sites\/5\/2025\/02\/IGSS-Autonomia-salud-mental-2025-9-1024x683.jpg 1024w, \/wp-content\/uploads\/sites\/5\/2025\/02\/IGSS-Autonomia-salud-mental-2025-9-768x512.jpg 768w, \/wp-content\/uploads\/sites\/5\/2025\/02\/IGSS-Autonomia-salud-mental-2025-9-1536x1024.jpg 1536w, \/wp-content\/uploads\/sites\/5\/2025\/02\/IGSS-Autonomia-salud-mental-2025-9-2048x1365.jpg 2048w, \/wp-content\/uploads\/sites\/5\/2025\/02\/IGSS-Autonomia-salud-mental-2025-9-696x464.jpg 696w, \/wp-content\/uploads\/sites\/5\/2025\/02\/IGSS-Autonomia-salud-mental-2025-9-1068x712.jpg 1068w, \/wp-content\/uploads\/sites\/5\/2025\/02\/IGSS-Autonomia-salud-mental-2025-9-1920x1280.jpg 1920w, \/wp-content\/uploads\/sites\/5\/2025\/02\/IGSS-Autonomia-salud-mental-2025-9-534x356.jpg 534w\" sizes=\"(max-width: 630px) 100vw, 630px\" alt=\"\">\r\n                            <\/a>\r\n                            \r\n                        <\/figure>\r\n                    <\/div>\r\n                            <\/div>\r\n                        <\/div>\r\n\r\n                        <div class = \"td-doubleSlider-2\">\r\n                            <div class = \"td-slider\">\r\n                                \r\n                    <div class = \"td-button td-item1\">\r\n                        <div class = \"td-border\"><\/div>\r\n                    <\/div>\r\n                    <div class = \"td-button td-item2\">\r\n                        <div class = \"td-border\"><\/div>\r\n                    <\/div>\r\n                    <div class = \"td-button td-item3\">\r\n                        <div class = \"td-border\"><\/div>\r\n                    <\/div>\r\n                    <div class = \"td-button td-item4\">\r\n                        <div class = \"td-border\"><\/div>\r\n                    <\/div>\r\n                    <div class = \"td-button td-item5\">\r\n                        <div class = \"td-border\"><\/div>\r\n                    <\/div>\r\n                    <div class = \"td-button td-item6\">\r\n                        <div class = \"td-border\"><\/div>\r\n                    <\/div>\r\n                            <\/div>\r\n                        <\/div>\r\n\r\n                    <\/div>\r\n\r\n                <\/div>\r\n                ","protected":false},"excerpt":{"rendered":"<p>Pamela Hern\u00e1ndez, psic\u00f3loga de Cuidados Paliativos en la Unidad de Consulta Externa Autonom\u00eda, resalt\u00f3 la importancia de diferenciar entre la tristeza y la depresi\u00f3n, especialmente en pacientes con enfermedades cr\u00f3nicas y su entorno familiar. \u201cLa tristeza es una emoci\u00f3n natural que todos experimentamos en alg\u00fan momento, especialmente ante la p\u00e9rdida de un ser querido o [&hellip;]<\/p>\n","protected":false},"author":3269,"featured_media":46561,"comment_status":"closed","ping_status":"closed","sticky":false,"template":"","format":"standard","meta":{"footnotes":""},"categories":[3,1130,1291,27,31,33,36],"tags":[928,490,1062,829],"coauthors":[1970],"class_list":{"0":"post-46560","1":"post","2":"type-post","3":"status-publish","4":"format-standard","5":"has-post-thumbnail","7":"category-actualidad","8":"category-consejos-medicos","9":"category-prestaciones-en-salud","10":"category-prevencion-en-salud","11":"category-salud","12":"category-servicios-de-salud","13":"category-unidades-medicas","14":"tag-depresion","15":"tag-igss","16":"tag-salud-mental","17":"tag-unidad-de-consulta-externa-autonomia"},"_links":{"self":[{"href":"https:\/\/www.igssgt.org\/noticias\/wp-json\/wp\/v2\/posts\/46560","targetHints":{"allow":["GET"]}}],"collection":[{"href":"https:\/\/www.igssgt.org\/noticias\/wp-json\/wp\/v2\/posts"}],"about":[{"href":"https:\/\/www.igssgt.org\/noticias\/wp-json\/wp\/v2\/types\/post"}],"author":[{"embeddable":true,"href":"https:\/\/www.igssgt.org\/noticias\/wp-json\/wp\/v2\/users\/3269"}],"replies":[{"embeddable":true,"href":"https:\/\/www.igssgt.org\/noticias\/wp-json\/wp\/v2\/comments?post=46560"}],"version-history":[{"count":3,"href":"https:\/\/www.igssgt.org\/noticias\/wp-json\/wp\/v2\/posts\/46560\/revisions"}],"predecessor-version":[{"id":46689,"href":"https:\/\/www.igssgt.org\/noticias\/wp-json\/wp\/v2\/posts\/46560\/revisions\/46689"}],"wp:featuredmedia":[{"embeddable":true,"href":"https:\/\/www.igssgt.org\/noticias\/wp-json\/wp\/v2\/media\/46561"}],"wp:attachment":[{"href":"https:\/\/www.igssgt.org\/noticias\/wp-json\/wp\/v2\/media?parent=46560"}],"wp:term":[{"taxonomy":"category","embeddable":true,"href":"https:\/\/www.igssgt.org\/noticias\/wp-json\/wp\/v2\/categories?post=46560"},{"taxonomy":"post_tag","embeddable":true,"href":"https:\/\/www.igssgt.org\/noticias\/wp-json\/wp\/v2\/tags?post=46560"},{"taxonomy":"author","embeddable":true,"href":"https:\/\/www.igssgt.org\/noticias\/wp-json\/wp\/v2\/coauthors?post=46560"}],"curies":[{"name":"wp","href":"https:\/\/api.w.org\/{rel}","templated":true}]}}