{"id":46595,"date":"2025-02-23T06:12:00","date_gmt":"2025-02-23T12:12:00","guid":{"rendered":"https:\/\/www.igssgt.org\/noticias\/?p=46595"},"modified":"2025-02-21T14:16:46","modified_gmt":"2025-02-21T20:16:46","slug":"mas-cerca-de-los-adultos-mayores","status":"publish","type":"post","link":"https:\/\/www.igssgt.org\/noticias\/2025\/02\/23\/mas-cerca-de-los-adultos-mayores\/","title":{"rendered":"\u00a1M\u00e1s cerca de los adultos mayores!"},"content":{"rendered":"\n<p class=\"has-drop-cap\">Velando por el bienestar de la poblaci\u00f3n adulta mayor, el Seguro Social les\u00a0 ofreci\u00f3 variedad de servicios en la feria organizada por el Comit\u00e9 Nacional de Protecci\u00f3n a la Vejez -Conaprov-.<\/p>\n\n\n<p>Decenas de personas recibieron\u00a0 orientaci\u00f3n en salud nutricional, medicina f\u00edsica y rehabilitaci\u00f3n; as\u00ed como la revisi\u00f3n de signos vitales, control de peso y talla; y asistencia en temas pecuniarios. Todo, gracias a una brigada multidisciplinaria conformada por personal de distintas unidades m\u00e9dicas y de Oficinas Centrales.<\/p>\n<figure id=\"attachment_46597\" aria-describedby=\"caption-attachment-46597\" style=\"width: 710px\" class=\"wp-caption alignnone\"><img loading=\"lazy\" decoding=\"async\" class=\"wp-image-46597\" src=\"\/wp-content\/uploads\/sites\/5\/2025\/02\/IGSS-CONAPROV-personas-mayores-tercera-edad-2025-1-300x230.jpg\" alt=\"\" width=\"710\" height=\"544\" srcset=\"\/wp-content\/uploads\/sites\/5\/2025\/02\/IGSS-CONAPROV-personas-mayores-tercera-edad-2025-1-300x230.jpg 300w, \/wp-content\/uploads\/sites\/5\/2025\/02\/IGSS-CONAPROV-personas-mayores-tercera-edad-2025-1-1024x786.jpg 1024w, \/wp-content\/uploads\/sites\/5\/2025\/02\/IGSS-CONAPROV-personas-mayores-tercera-edad-2025-1-768x589.jpg 768w, \/wp-content\/uploads\/sites\/5\/2025\/02\/IGSS-CONAPROV-personas-mayores-tercera-edad-2025-1-547x420.jpg 547w, \/wp-content\/uploads\/sites\/5\/2025\/02\/IGSS-CONAPROV-personas-mayores-tercera-edad-2025-1-80x60.jpg 80w, \/wp-content\/uploads\/sites\/5\/2025\/02\/IGSS-CONAPROV-personas-mayores-tercera-edad-2025-1-696x534.jpg 696w, \/wp-content\/uploads\/sites\/5\/2025\/02\/IGSS-CONAPROV-personas-mayores-tercera-edad-2025-1-1068x820.jpg 1068w, \/wp-content\/uploads\/sites\/5\/2025\/02\/IGSS-CONAPROV-personas-mayores-tercera-edad-2025-1-534x410.jpg 534w, \/wp-content\/uploads\/sites\/5\/2025\/02\/IGSS-CONAPROV-personas-mayores-tercera-edad-2025-1.jpg 1174w\" sizes=\"auto, (max-width: 710px) 100vw, 710px\" \/><figcaption id=\"caption-attachment-46597\" class=\"wp-caption-text\">El IGSS acerc\u00f3 diversos servicios a los asistentes a la Feria Conaprov que se realiz\u00f3 en el parque deportivo Gerona.<\/figcaption><\/figure>\n<p>La se\u00f1ora Clara M\u00e9ndez, de 74 a\u00f1os, agradeci\u00f3 al Instituto su presencia en la feria, ya que aprovech\u00f3 para chequearse la glucosa. \u00abLo hago a diario, pero hoy se me olvid\u00f3 por venirme corriendo a la feria. Gracias a Dios estaban ustedes (IGSS)\u00bb, coment\u00f3.<\/p>\n<p>Los agasajados tambi\u00e9n disfrutaron de actividades recreativas, como danza, baile al son de la marimba, tai chi y hasta zumba, impartida por Samuel Medrano, instructor del Instituto.<\/p>\n<figure id=\"attachment_46598\" aria-describedby=\"caption-attachment-46598\" style=\"width: 717px\" class=\"wp-caption alignnone\"><img loading=\"lazy\" decoding=\"async\" class=\"wp-image-46598\" src=\"\/wp-content\/uploads\/sites\/5\/2025\/02\/IGSS-CONAPROV-personas-mayores-tercera-edad-2025-0-300x169.jpg\" alt=\"\" width=\"717\" height=\"404\" srcset=\"\/wp-content\/uploads\/sites\/5\/2025\/02\/IGSS-CONAPROV-personas-mayores-tercera-edad-2025-0-300x169.jpg 300w, \/wp-content\/uploads\/sites\/5\/2025\/02\/IGSS-CONAPROV-personas-mayores-tercera-edad-2025-0-1024x576.jpg 1024w, \/wp-content\/uploads\/sites\/5\/2025\/02\/IGSS-CONAPROV-personas-mayores-tercera-edad-2025-0-768x432.jpg 768w, \/wp-content\/uploads\/sites\/5\/2025\/02\/IGSS-CONAPROV-personas-mayores-tercera-edad-2025-0-1536x864.jpg 1536w, \/wp-content\/uploads\/sites\/5\/2025\/02\/IGSS-CONAPROV-personas-mayores-tercera-edad-2025-0-747x420.jpg 747w, \/wp-content\/uploads\/sites\/5\/2025\/02\/IGSS-CONAPROV-personas-mayores-tercera-edad-2025-0-696x392.jpg 696w, \/wp-content\/uploads\/sites\/5\/2025\/02\/IGSS-CONAPROV-personas-mayores-tercera-edad-2025-0-1068x601.jpg 1068w, \/wp-content\/uploads\/sites\/5\/2025\/02\/IGSS-CONAPROV-personas-mayores-tercera-edad-2025-0-534x300.jpg 534w, \/wp-content\/uploads\/sites\/5\/2025\/02\/IGSS-CONAPROV-personas-mayores-tercera-edad-2025-0.jpg 1600w\" sizes=\"auto, (max-width: 717px) 100vw, 717px\" \/><figcaption id=\"caption-attachment-46598\" class=\"wp-caption-text\">El Instituto se hizo presente con una brigada multidisciplinaria de personal de distintas unidades m\u00e9dicas.<\/figcaption><\/figure>\n<p>As\u00ed, el IGSS reitera el compromiso institucional de acercar la atenci\u00f3n y cobertura a la poblaci\u00f3n, esta vez como parte del Conaprov. \u00a1Somos un IGSS m\u00e1s cerca de ti!<\/p>\n\r\n                <style type=\"text\/css\">\r\n                    \r\n                    #tdi_1  .td-doubleSlider-2 .td-item1 {\r\n                        background: url(\/wp-content\/uploads\/sites\/5\/2025\/02\/IGSS-CONAPROV-personas-mayores-tercera-edad-2025-3-80x60.jpg) 0 0 no-repeat;\r\n                    }\r\n                    #tdi_1  .td-doubleSlider-2 .td-item2 {\r\n                        background: url(\/wp-content\/uploads\/sites\/5\/2025\/02\/IGSS-CONAPROV-personas-mayores-tercera-edad-2025-4-80x60.jpg) 0 0 no-repeat;\r\n                    }\r\n                    #tdi_1  .td-doubleSlider-2 .td-item3 {\r\n                        background: url(\/wp-content\/uploads\/sites\/5\/2025\/02\/IGSS-CONAPROV-personas-mayores-tercera-edad-2025-5-80x60.jpg) 0 0 no-repeat;\r\n                    }\r\n                    #tdi_1  .td-doubleSlider-2 .td-item4 {\r\n                        background: url(\/wp-content\/uploads\/sites\/5\/2025\/02\/IGSS-CONAPROV-personas-mayores-tercera-edad-2025-6-80x60.jpg) 0 0 no-repeat;\r\n                    }\r\n                    #tdi_1  .td-doubleSlider-2 .td-item5 {\r\n                        background: url(\/wp-content\/uploads\/sites\/5\/2025\/02\/IGSS-CONAPROV-personas-mayores-tercera-edad-2025-7-80x60.jpg) 0 0 no-repeat;\r\n                    }\r\n                    #tdi_1  .td-doubleSlider-2 .td-item6 {\r\n                        background: url(\/wp-content\/uploads\/sites\/5\/2025\/02\/IGSS-CONAPROV-personas-mayores-tercera-edad-2025-9-80x60.jpg) 0 0 no-repeat;\r\n                    }\r\n                    #tdi_1  .td-doubleSlider-2 .td-item7 {\r\n                        background: url(\/wp-content\/uploads\/sites\/5\/2025\/02\/IGSS-CONAPROV-personas-mayores-tercera-edad-2025-11-80x60.jpg) 0 0 no-repeat;\r\n                    }\r\n                <\/style>\r\n\r\n                <div id=\"tdi_1\" class=\"td-gallery td-slide-on-2-columns\">\r\n                    <div class=\"post_td_gallery\">\r\n                        <div class=\"td-gallery-slide-top\">\r\n                           <div class=\"td-gallery-title\">M\u00e1s fotograf\u00edas de la feria:<\/div>\r\n\r\n                            <div class=\"td-gallery-controls-wrapper\">\r\n                                <div class=\"td-gallery-slide-count\"><span class=\"td-gallery-slide-item-focus\">1<\/span> de 7<\/div>\r\n                                <div class=\"td-gallery-slide-prev-next-but\">\r\n                                    <i class = \"td-icon-left doubleSliderPrevButton\"><\/i>\r\n                                    <i class = \"td-icon-right doubleSliderNextButton\"><\/i>\r\n                                <\/div>\r\n                            <\/div>\r\n                        <\/div>\r\n\r\n                        <div class = \"td-doubleSlider-1 \">\r\n                            <div class = \"td-slider\">\r\n                                \r\n                    <div class = \"td-slide-item td-item1\">\r\n                        <figure class=\"td-slide-galery-figure td-slide-popup-gallery\">\r\n                            <a class=\"slide-gallery-image-link\" href=\"\/wp-content\/uploads\/sites\/5\/2025\/02\/IGSS-CONAPROV-personas-mayores-tercera-edad-2025-3.jpg\" title=\"IGSS CONAPROV personas mayores tercera edad 2025-3\"  data-caption=\"\"  data-description=\"\">\r\n                                <img decoding=\"async\" src=\"\/wp-content\/uploads\/sites\/5\/2025\/02\/IGSS-CONAPROV-personas-mayores-tercera-edad-2025-3-630x420.jpg\" srcset=\"\/wp-content\/uploads\/sites\/5\/2025\/02\/IGSS-CONAPROV-personas-mayores-tercera-edad-2025-3-630x420.jpg 630w, \/wp-content\/uploads\/sites\/5\/2025\/02\/IGSS-CONAPROV-personas-mayores-tercera-edad-2025-3-300x200.jpg 300w, \/wp-content\/uploads\/sites\/5\/2025\/02\/IGSS-CONAPROV-personas-mayores-tercera-edad-2025-3-1024x682.jpg 1024w, \/wp-content\/uploads\/sites\/5\/2025\/02\/IGSS-CONAPROV-personas-mayores-tercera-edad-2025-3-768x512.jpg 768w, \/wp-content\/uploads\/sites\/5\/2025\/02\/IGSS-CONAPROV-personas-mayores-tercera-edad-2025-3-696x464.jpg 696w, \/wp-content\/uploads\/sites\/5\/2025\/02\/IGSS-CONAPROV-personas-mayores-tercera-edad-2025-3-1068x712.jpg 1068w, \/wp-content\/uploads\/sites\/5\/2025\/02\/IGSS-CONAPROV-personas-mayores-tercera-edad-2025-3-534x356.jpg 534w, \/wp-content\/uploads\/sites\/5\/2025\/02\/IGSS-CONAPROV-personas-mayores-tercera-edad-2025-3.jpg 1280w\" sizes=\"(max-width: 630px) 100vw, 630px\" alt=\"\">\r\n                            <\/a>\r\n                            \r\n                        <\/figure>\r\n                    <\/div>\r\n                    <div class = \"td-slide-item td-item2\">\r\n                        <figure class=\"td-slide-galery-figure td-slide-popup-gallery\">\r\n                            <a class=\"slide-gallery-image-link\" href=\"\/wp-content\/uploads\/sites\/5\/2025\/02\/IGSS-CONAPROV-personas-mayores-tercera-edad-2025-4.jpg\" title=\"IGSS CONAPROV personas mayores tercera edad 2025-4\"  data-caption=\"\"  data-description=\"\">\r\n                                <img decoding=\"async\" src=\"\/wp-content\/uploads\/sites\/5\/2025\/02\/IGSS-CONAPROV-personas-mayores-tercera-edad-2025-4-630x420.jpg\" srcset=\"\/wp-content\/uploads\/sites\/5\/2025\/02\/IGSS-CONAPROV-personas-mayores-tercera-edad-2025-4-630x420.jpg 630w, \/wp-content\/uploads\/sites\/5\/2025\/02\/IGSS-CONAPROV-personas-mayores-tercera-edad-2025-4-300x200.jpg 300w, \/wp-content\/uploads\/sites\/5\/2025\/02\/IGSS-CONAPROV-personas-mayores-tercera-edad-2025-4-1024x682.jpg 1024w, \/wp-content\/uploads\/sites\/5\/2025\/02\/IGSS-CONAPROV-personas-mayores-tercera-edad-2025-4-768x512.jpg 768w, \/wp-content\/uploads\/sites\/5\/2025\/02\/IGSS-CONAPROV-personas-mayores-tercera-edad-2025-4-696x464.jpg 696w, \/wp-content\/uploads\/sites\/5\/2025\/02\/IGSS-CONAPROV-personas-mayores-tercera-edad-2025-4-1068x712.jpg 1068w, \/wp-content\/uploads\/sites\/5\/2025\/02\/IGSS-CONAPROV-personas-mayores-tercera-edad-2025-4-534x356.jpg 534w, \/wp-content\/uploads\/sites\/5\/2025\/02\/IGSS-CONAPROV-personas-mayores-tercera-edad-2025-4.jpg 1280w\" sizes=\"(max-width: 630px) 100vw, 630px\" alt=\"\">\r\n                            <\/a>\r\n                            \r\n                        <\/figure>\r\n                    <\/div>\r\n                    <div class = \"td-slide-item td-item3\">\r\n                        <figure class=\"td-slide-galery-figure td-slide-popup-gallery\">\r\n                            <a class=\"slide-gallery-image-link\" href=\"\/wp-content\/uploads\/sites\/5\/2025\/02\/IGSS-CONAPROV-personas-mayores-tercera-edad-2025-5.jpg\" title=\"IGSS CONAPROV personas mayores tercera edad 2025-5\"  data-caption=\"\"  data-description=\"\">\r\n                                <img decoding=\"async\" src=\"\/wp-content\/uploads\/sites\/5\/2025\/02\/IGSS-CONAPROV-personas-mayores-tercera-edad-2025-5-630x420.jpg\" srcset=\"\/wp-content\/uploads\/sites\/5\/2025\/02\/IGSS-CONAPROV-personas-mayores-tercera-edad-2025-5-630x420.jpg 630w, \/wp-content\/uploads\/sites\/5\/2025\/02\/IGSS-CONAPROV-personas-mayores-tercera-edad-2025-5-300x200.jpg 300w, \/wp-content\/uploads\/sites\/5\/2025\/02\/IGSS-CONAPROV-personas-mayores-tercera-edad-2025-5-1024x682.jpg 1024w, \/wp-content\/uploads\/sites\/5\/2025\/02\/IGSS-CONAPROV-personas-mayores-tercera-edad-2025-5-768x512.jpg 768w, \/wp-content\/uploads\/sites\/5\/2025\/02\/IGSS-CONAPROV-personas-mayores-tercera-edad-2025-5-696x464.jpg 696w, \/wp-content\/uploads\/sites\/5\/2025\/02\/IGSS-CONAPROV-personas-mayores-tercera-edad-2025-5-1068x712.jpg 1068w, \/wp-content\/uploads\/sites\/5\/2025\/02\/IGSS-CONAPROV-personas-mayores-tercera-edad-2025-5-534x356.jpg 534w, \/wp-content\/uploads\/sites\/5\/2025\/02\/IGSS-CONAPROV-personas-mayores-tercera-edad-2025-5.jpg 1280w\" sizes=\"(max-width: 630px) 100vw, 630px\" alt=\"\">\r\n                            <\/a>\r\n                            \r\n                        <\/figure>\r\n                    <\/div>\r\n                    <div class = \"td-slide-item td-item4\">\r\n                        <figure class=\"td-slide-galery-figure td-slide-popup-gallery\">\r\n                            <a class=\"slide-gallery-image-link\" href=\"\/wp-content\/uploads\/sites\/5\/2025\/02\/IGSS-CONAPROV-personas-mayores-tercera-edad-2025-6.jpg\" title=\"IGSS CONAPROV personas mayores tercera edad 2025-6\"  data-caption=\"\"  data-description=\"\">\r\n                                <img decoding=\"async\" src=\"\/wp-content\/uploads\/sites\/5\/2025\/02\/IGSS-CONAPROV-personas-mayores-tercera-edad-2025-6-630x420.jpg\" srcset=\"\/wp-content\/uploads\/sites\/5\/2025\/02\/IGSS-CONAPROV-personas-mayores-tercera-edad-2025-6-630x420.jpg 630w, \/wp-content\/uploads\/sites\/5\/2025\/02\/IGSS-CONAPROV-personas-mayores-tercera-edad-2025-6-300x200.jpg 300w, \/wp-content\/uploads\/sites\/5\/2025\/02\/IGSS-CONAPROV-personas-mayores-tercera-edad-2025-6-1024x682.jpg 1024w, \/wp-content\/uploads\/sites\/5\/2025\/02\/IGSS-CONAPROV-personas-mayores-tercera-edad-2025-6-768x512.jpg 768w, \/wp-content\/uploads\/sites\/5\/2025\/02\/IGSS-CONAPROV-personas-mayores-tercera-edad-2025-6-696x464.jpg 696w, \/wp-content\/uploads\/sites\/5\/2025\/02\/IGSS-CONAPROV-personas-mayores-tercera-edad-2025-6-1068x712.jpg 1068w, \/wp-content\/uploads\/sites\/5\/2025\/02\/IGSS-CONAPROV-personas-mayores-tercera-edad-2025-6-534x356.jpg 534w, \/wp-content\/uploads\/sites\/5\/2025\/02\/IGSS-CONAPROV-personas-mayores-tercera-edad-2025-6.jpg 1280w\" sizes=\"(max-width: 630px) 100vw, 630px\" alt=\"\">\r\n                            <\/a>\r\n                            \r\n                        <\/figure>\r\n                    <\/div>\r\n                    <div class = \"td-slide-item td-item5\">\r\n                        <figure class=\"td-slide-galery-figure td-slide-popup-gallery\">\r\n                            <a class=\"slide-gallery-image-link\" href=\"\/wp-content\/uploads\/sites\/5\/2025\/02\/IGSS-CONAPROV-personas-mayores-tercera-edad-2025-7.jpg\" title=\"IGSS CONAPROV personas mayores tercera edad 2025-7\"  data-caption=\"\"  data-description=\"\">\r\n                                <img decoding=\"async\" src=\"\/wp-content\/uploads\/sites\/5\/2025\/02\/IGSS-CONAPROV-personas-mayores-tercera-edad-2025-7-747x420.jpg\" srcset=\"\/wp-content\/uploads\/sites\/5\/2025\/02\/IGSS-CONAPROV-personas-mayores-tercera-edad-2025-7-747x420.jpg 747w, \/wp-content\/uploads\/sites\/5\/2025\/02\/IGSS-CONAPROV-personas-mayores-tercera-edad-2025-7-300x169.jpg 300w, \/wp-content\/uploads\/sites\/5\/2025\/02\/IGSS-CONAPROV-personas-mayores-tercera-edad-2025-7-1024x576.jpg 1024w, \/wp-content\/uploads\/sites\/5\/2025\/02\/IGSS-CONAPROV-personas-mayores-tercera-edad-2025-7-768x432.jpg 768w, \/wp-content\/uploads\/sites\/5\/2025\/02\/IGSS-CONAPROV-personas-mayores-tercera-edad-2025-7-1536x864.jpg 1536w, \/wp-content\/uploads\/sites\/5\/2025\/02\/IGSS-CONAPROV-personas-mayores-tercera-edad-2025-7-696x392.jpg 696w, \/wp-content\/uploads\/sites\/5\/2025\/02\/IGSS-CONAPROV-personas-mayores-tercera-edad-2025-7-1068x601.jpg 1068w, \/wp-content\/uploads\/sites\/5\/2025\/02\/IGSS-CONAPROV-personas-mayores-tercera-edad-2025-7-534x300.jpg 534w, \/wp-content\/uploads\/sites\/5\/2025\/02\/IGSS-CONAPROV-personas-mayores-tercera-edad-2025-7.jpg 1600w\" sizes=\"(max-width: 747px) 100vw, 747px\" alt=\"\">\r\n                            <\/a>\r\n                            \r\n                        <\/figure>\r\n                    <\/div>\r\n                    <div class = \"td-slide-item td-item6\">\r\n                        <figure class=\"td-slide-galery-figure td-slide-popup-gallery\">\r\n                            <a class=\"slide-gallery-image-link\" href=\"\/wp-content\/uploads\/sites\/5\/2025\/02\/IGSS-CONAPROV-personas-mayores-tercera-edad-2025-9.jpg\" title=\"IGSS CONAPROV personas mayores tercera edad 2025-9\"  data-caption=\"\"  data-description=\"\">\r\n                                <img decoding=\"async\" src=\"\/wp-content\/uploads\/sites\/5\/2025\/02\/IGSS-CONAPROV-personas-mayores-tercera-edad-2025-9-521x420.jpg\" srcset=\"\/wp-content\/uploads\/sites\/5\/2025\/02\/IGSS-CONAPROV-personas-mayores-tercera-edad-2025-9-521x420.jpg 521w, \/wp-content\/uploads\/sites\/5\/2025\/02\/IGSS-CONAPROV-personas-mayores-tercera-edad-2025-9-300x242.jpg 300w, \/wp-content\/uploads\/sites\/5\/2025\/02\/IGSS-CONAPROV-personas-mayores-tercera-edad-2025-9-1024x826.jpg 1024w, \/wp-content\/uploads\/sites\/5\/2025\/02\/IGSS-CONAPROV-personas-mayores-tercera-edad-2025-9-768x620.jpg 768w, \/wp-content\/uploads\/sites\/5\/2025\/02\/IGSS-CONAPROV-personas-mayores-tercera-edad-2025-9-696x562.jpg 696w, \/wp-content\/uploads\/sites\/5\/2025\/02\/IGSS-CONAPROV-personas-mayores-tercera-edad-2025-9-1068x862.jpg 1068w, \/wp-content\/uploads\/sites\/5\/2025\/02\/IGSS-CONAPROV-personas-mayores-tercera-edad-2025-9-534x431.jpg 534w, \/wp-content\/uploads\/sites\/5\/2025\/02\/IGSS-CONAPROV-personas-mayores-tercera-edad-2025-9.jpg 1222w\" sizes=\"(max-width: 521px) 100vw, 521px\" alt=\"\">\r\n                            <\/a>\r\n                            \r\n                        <\/figure>\r\n                    <\/div>\r\n                    <div class = \"td-slide-item td-item7\">\r\n                        <figure class=\"td-slide-galery-figure td-slide-popup-gallery\">\r\n                            <a class=\"slide-gallery-image-link\" href=\"\/wp-content\/uploads\/sites\/5\/2025\/02\/IGSS-CONAPROV-personas-mayores-tercera-edad-2025-11.jpg\" title=\"IGSS CONAPROV personas mayores tercera edad 2025-11\"  data-caption=\"\"  data-description=\"\">\r\n                                <img decoding=\"async\" src=\"\/wp-content\/uploads\/sites\/5\/2025\/02\/IGSS-CONAPROV-personas-mayores-tercera-edad-2025-11-747x420.jpg\" srcset=\"\/wp-content\/uploads\/sites\/5\/2025\/02\/IGSS-CONAPROV-personas-mayores-tercera-edad-2025-11-747x420.jpg 747w, \/wp-content\/uploads\/sites\/5\/2025\/02\/IGSS-CONAPROV-personas-mayores-tercera-edad-2025-11-300x169.jpg 300w, \/wp-content\/uploads\/sites\/5\/2025\/02\/IGSS-CONAPROV-personas-mayores-tercera-edad-2025-11-1024x576.jpg 1024w, \/wp-content\/uploads\/sites\/5\/2025\/02\/IGSS-CONAPROV-personas-mayores-tercera-edad-2025-11-768x432.jpg 768w, \/wp-content\/uploads\/sites\/5\/2025\/02\/IGSS-CONAPROV-personas-mayores-tercera-edad-2025-11-1536x864.jpg 1536w, \/wp-content\/uploads\/sites\/5\/2025\/02\/IGSS-CONAPROV-personas-mayores-tercera-edad-2025-11-696x392.jpg 696w, \/wp-content\/uploads\/sites\/5\/2025\/02\/IGSS-CONAPROV-personas-mayores-tercera-edad-2025-11-1068x601.jpg 1068w, \/wp-content\/uploads\/sites\/5\/2025\/02\/IGSS-CONAPROV-personas-mayores-tercera-edad-2025-11-534x300.jpg 534w, \/wp-content\/uploads\/sites\/5\/2025\/02\/IGSS-CONAPROV-personas-mayores-tercera-edad-2025-11.jpg 1600w\" sizes=\"(max-width: 747px) 100vw, 747px\" alt=\"\">\r\n                            <\/a>\r\n                            \r\n                        <\/figure>\r\n                    <\/div>\r\n                            <\/div>\r\n                        <\/div>\r\n\r\n                        <div class = \"td-doubleSlider-2\">\r\n                            <div class = \"td-slider\">\r\n                                \r\n                    <div class = \"td-button td-item1\">\r\n                        <div class = \"td-border\"><\/div>\r\n                    <\/div>\r\n                    <div class = \"td-button td-item2\">\r\n                        <div class = \"td-border\"><\/div>\r\n                    <\/div>\r\n                    <div class = \"td-button td-item3\">\r\n                        <div class = \"td-border\"><\/div>\r\n                    <\/div>\r\n                    <div class = \"td-button td-item4\">\r\n                        <div class = \"td-border\"><\/div>\r\n                    <\/div>\r\n                    <div class = \"td-button td-item5\">\r\n                        <div class = \"td-border\"><\/div>\r\n                    <\/div>\r\n                    <div class = \"td-button td-item6\">\r\n                        <div class = \"td-border\"><\/div>\r\n                    <\/div>\r\n                    <div class = \"td-button td-item7\">\r\n                        <div class = \"td-border\"><\/div>\r\n                    <\/div>\r\n                            <\/div>\r\n                        <\/div>\r\n\r\n                    <\/div>\r\n\r\n                <\/div>\r\n                ","protected":false},"excerpt":{"rendered":"<p>Velando por el bienestar de la poblaci\u00f3n adulta mayor, el Seguro Social les\u00a0 ofreci\u00f3 variedad de servicios en la feria organizada por el Comit\u00e9 Nacional de Protecci\u00f3n a la Vejez -Conaprov-. Decenas de personas recibieron\u00a0 orientaci\u00f3n en salud nutricional, medicina f\u00edsica y rehabilitaci\u00f3n; as\u00ed como la revisi\u00f3n de signos vitales, control de peso y talla; [&hellip;]<\/p>\n","protected":false},"author":3269,"featured_media":46596,"comment_status":"closed","ping_status":"closed","sticky":false,"template":"","format":"standard","meta":{"footnotes":""},"categories":[3,1130,45,20,25,1291,27,31,33],"tags":[196,490,2031,2032],"coauthors":[1970],"class_list":{"0":"post-46595","1":"post","2":"type-post","3":"status-publish","4":"format-standard","5":"has-post-thumbnail","7":"category-actualidad","8":"category-consejos-medicos","9":"category-jornadas-medicas","10":"category-jubilados","11":"category-pensionados","12":"category-prestaciones-en-salud","13":"category-prevencion-en-salud","14":"category-salud","15":"category-servicios-de-salud","16":"tag-conaprov","17":"tag-igss","18":"tag-personas-mayores","19":"tag-tercera-edad"},"_links":{"self":[{"href":"https:\/\/www.igssgt.org\/noticias\/wp-json\/wp\/v2\/posts\/46595","targetHints":{"allow":["GET"]}}],"collection":[{"href":"https:\/\/www.igssgt.org\/noticias\/wp-json\/wp\/v2\/posts"}],"about":[{"href":"https:\/\/www.igssgt.org\/noticias\/wp-json\/wp\/v2\/types\/post"}],"author":[{"embeddable":true,"href":"https:\/\/www.igssgt.org\/noticias\/wp-json\/wp\/v2\/users\/3269"}],"replies":[{"embeddable":true,"href":"https:\/\/www.igssgt.org\/noticias\/wp-json\/wp\/v2\/comments?post=46595"}],"version-history":[{"count":1,"href":"https:\/\/www.igssgt.org\/noticias\/wp-json\/wp\/v2\/posts\/46595\/revisions"}],"predecessor-version":[{"id":46606,"href":"https:\/\/www.igssgt.org\/noticias\/wp-json\/wp\/v2\/posts\/46595\/revisions\/46606"}],"wp:featuredmedia":[{"embeddable":true,"href":"https:\/\/www.igssgt.org\/noticias\/wp-json\/wp\/v2\/media\/46596"}],"wp:attachment":[{"href":"https:\/\/www.igssgt.org\/noticias\/wp-json\/wp\/v2\/media?parent=46595"}],"wp:term":[{"taxonomy":"category","embeddable":true,"href":"https:\/\/www.igssgt.org\/noticias\/wp-json\/wp\/v2\/categories?post=46595"},{"taxonomy":"post_tag","embeddable":true,"href":"https:\/\/www.igssgt.org\/noticias\/wp-json\/wp\/v2\/tags?post=46595"},{"taxonomy":"author","embeddable":true,"href":"https:\/\/www.igssgt.org\/noticias\/wp-json\/wp\/v2\/coauthors?post=46595"}],"curies":[{"name":"wp","href":"https:\/\/api.w.org\/{rel}","templated":true}]}}