{"id":46714,"date":"2025-03-05T06:01:00","date_gmt":"2025-03-05T12:01:00","guid":{"rendered":"https:\/\/www.igssgt.org\/noticias\/?p=46714"},"modified":"2025-03-05T09:46:17","modified_gmt":"2025-03-05T15:46:17","slug":"upz5-brinda-salud-bucal-y-desarrollo-integral-a-ninez-asegurada","status":"publish","type":"post","link":"https:\/\/www.igssgt.org\/noticias\/2025\/03\/05\/upz5-brinda-salud-bucal-y-desarrollo-integral-a-ninez-asegurada\/","title":{"rendered":"UPZ5 brinda salud bucal y desarrollo integral a ni\u00f1ez asegurada"},"content":{"rendered":"\n<p class=\"has-drop-cap\">\u201c\u00a1Qu\u00e9 importa!, si de todos modos se le van a caer\u201d, es una frase recurrente que se escucha entre padres cuando se trata del cuidado de los dientes de leche, pero la realidad es que atenderlos es crucial para la salud integral de los ni\u00f1os.<\/p>\n\n\n<p>\u201cEl cuidado de los dientes primarios o de leche es importante debido a que cumplen varias funciones, como una correcta y completa masticaci\u00f3n de los alimentos y as\u00ed los ni\u00f1os tengan una adecuada nutrici\u00f3n\u201d, coment\u00f3 la odontopediatra Susan Rodas, de Odontolog\u00eda Pedi\u00e1trica de la Unidad Perif\u00e9rica Zona 5 (UPZ5).<\/p>\n<figure id=\"attachment_46716\" aria-describedby=\"caption-attachment-46716\" style=\"width: 707px\" class=\"wp-caption alignnone\"><img loading=\"lazy\" decoding=\"async\" class=\"wp-image-46716\" src=\"\/wp-content\/uploads\/sites\/5\/2025\/03\/IGSS-Periferica-Zona-5-Odontologia-pediatrica-2025-1-300x202.jpg\" alt=\"\" width=\"707\" height=\"476\" srcset=\"\/wp-content\/uploads\/sites\/5\/2025\/03\/IGSS-Periferica-Zona-5-Odontologia-pediatrica-2025-1-300x202.jpg 300w, \/wp-content\/uploads\/sites\/5\/2025\/03\/IGSS-Periferica-Zona-5-Odontologia-pediatrica-2025-1-1024x690.jpg 1024w, \/wp-content\/uploads\/sites\/5\/2025\/03\/IGSS-Periferica-Zona-5-Odontologia-pediatrica-2025-1-768x517.jpg 768w, \/wp-content\/uploads\/sites\/5\/2025\/03\/IGSS-Periferica-Zona-5-Odontologia-pediatrica-2025-1-624x420.jpg 624w, \/wp-content\/uploads\/sites\/5\/2025\/03\/IGSS-Periferica-Zona-5-Odontologia-pediatrica-2025-1-696x469.jpg 696w, \/wp-content\/uploads\/sites\/5\/2025\/03\/IGSS-Periferica-Zona-5-Odontologia-pediatrica-2025-1-1068x719.jpg 1068w, \/wp-content\/uploads\/sites\/5\/2025\/03\/IGSS-Periferica-Zona-5-Odontologia-pediatrica-2025-1-534x360.jpg 534w, \/wp-content\/uploads\/sites\/5\/2025\/03\/IGSS-Periferica-Zona-5-Odontologia-pediatrica-2025-1.jpg 1372w\" sizes=\"auto, (max-width: 707px) 100vw, 707px\" \/><figcaption id=\"caption-attachment-46716\" class=\"wp-caption-text\">La UPZ5 atiende en promedio mensual a unos 800 ni\u00f1os derechohabientes.<\/figcaption><\/figure>\n<p>La especialista, egresada de la Universidad Aut\u00f3noma de M\u00e9xico -UNAM-, agreg\u00f3 que los dientes de leche tambi\u00e9n ayudan a una pronunciaci\u00f3n correcta de las palabras y preservan el espacio de los venideros permanentes.<\/p>\n<p>Su atenci\u00f3n y prevenci\u00f3n evitan la caries, una de las afecciones m\u00e1s comunes, y enfermedades de las enc\u00edas. \u201cPor ello es importante ayudarlos a desarrollar desde peque\u00f1os h\u00e1bitos de higiene bucal, que seguro mantendr\u00e1n en la vida adulta\u201d, recomend\u00f3 Rodas.<\/p>\n<figure id=\"attachment_46717\" aria-describedby=\"caption-attachment-46717\" style=\"width: 710px\" class=\"wp-caption alignnone\"><img loading=\"lazy\" decoding=\"async\" class=\"wp-image-46717\" src=\"\/wp-content\/uploads\/sites\/5\/2025\/03\/IGSS-Periferica-Zona-5-Odontologia-pediatrica-2025-5-300x200.jpg\" alt=\"\" width=\"710\" height=\"473\" srcset=\"\/wp-content\/uploads\/sites\/5\/2025\/03\/IGSS-Periferica-Zona-5-Odontologia-pediatrica-2025-5-300x200.jpg 300w, \/wp-content\/uploads\/sites\/5\/2025\/03\/IGSS-Periferica-Zona-5-Odontologia-pediatrica-2025-5-1024x682.jpg 1024w, \/wp-content\/uploads\/sites\/5\/2025\/03\/IGSS-Periferica-Zona-5-Odontologia-pediatrica-2025-5-768x512.jpg 768w, \/wp-content\/uploads\/sites\/5\/2025\/03\/IGSS-Periferica-Zona-5-Odontologia-pediatrica-2025-5-1536x1023.jpg 1536w, \/wp-content\/uploads\/sites\/5\/2025\/03\/IGSS-Periferica-Zona-5-Odontologia-pediatrica-2025-5-630x420.jpg 630w, \/wp-content\/uploads\/sites\/5\/2025\/03\/IGSS-Periferica-Zona-5-Odontologia-pediatrica-2025-5-696x464.jpg 696w, \/wp-content\/uploads\/sites\/5\/2025\/03\/IGSS-Periferica-Zona-5-Odontologia-pediatrica-2025-5-1068x712.jpg 1068w, \/wp-content\/uploads\/sites\/5\/2025\/03\/IGSS-Periferica-Zona-5-Odontologia-pediatrica-2025-5-534x356.jpg 534w, \/wp-content\/uploads\/sites\/5\/2025\/03\/IGSS-Periferica-Zona-5-Odontologia-pediatrica-2025-5.jpg 1600w\" sizes=\"auto, (max-width: 710px) 100vw, 710px\" \/><figcaption id=\"caption-attachment-46717\" class=\"wp-caption-text\">La odontopediatra Susan Rodas, indica que el cuidado de los dientes de los menores debe ser integral.<\/figcaption><\/figure>\n<p>En las cl\u00ednicas odontol\u00f3gicas pedi\u00e1tricas de la UPZ5 se brindan tratamientos preventivos como aplicaci\u00f3n de fl\u00faor, profilaxis (limpiezas), sellantes de fosas y fisuras; as\u00ed como tratamientos curativos, entre los que destacan obturaciones, exodoncias, coronas de acero y servicios especiales en pacientes con un 90% de caries; todas estas atenciones son para los ni\u00f1os beneficiarios hasta los 7 a\u00f1os.<\/p>\n<p>Esta \u00e1rea m\u00e9dica de la UPZ5 eval\u00faa en promedio al mes a unos 800 ni\u00f1os, con un aproximado de 1,200 tratamientos. Las cl\u00ednicas atienden de 7:00 a 15:00 horas, de lunes a viernes.<\/p>\n<figure id=\"attachment_46718\" aria-describedby=\"caption-attachment-46718\" style=\"width: 708px\" class=\"wp-caption alignnone\"><img loading=\"lazy\" decoding=\"async\" class=\"wp-image-46718\" src=\"\/wp-content\/uploads\/sites\/5\/2025\/03\/IGSS-Periferica-Zona-5-Odontologia-pediatrica-2025-2-300x200.jpg\" alt=\"\" width=\"708\" height=\"472\" srcset=\"\/wp-content\/uploads\/sites\/5\/2025\/03\/IGSS-Periferica-Zona-5-Odontologia-pediatrica-2025-2-300x200.jpg 300w, \/wp-content\/uploads\/sites\/5\/2025\/03\/IGSS-Periferica-Zona-5-Odontologia-pediatrica-2025-2-1024x682.jpg 1024w, \/wp-content\/uploads\/sites\/5\/2025\/03\/IGSS-Periferica-Zona-5-Odontologia-pediatrica-2025-2-768x512.jpg 768w, \/wp-content\/uploads\/sites\/5\/2025\/03\/IGSS-Periferica-Zona-5-Odontologia-pediatrica-2025-2-1536x1023.jpg 1536w, \/wp-content\/uploads\/sites\/5\/2025\/03\/IGSS-Periferica-Zona-5-Odontologia-pediatrica-2025-2-630x420.jpg 630w, \/wp-content\/uploads\/sites\/5\/2025\/03\/IGSS-Periferica-Zona-5-Odontologia-pediatrica-2025-2-696x464.jpg 696w, \/wp-content\/uploads\/sites\/5\/2025\/03\/IGSS-Periferica-Zona-5-Odontologia-pediatrica-2025-2-1068x712.jpg 1068w, \/wp-content\/uploads\/sites\/5\/2025\/03\/IGSS-Periferica-Zona-5-Odontologia-pediatrica-2025-2-534x356.jpg 534w, \/wp-content\/uploads\/sites\/5\/2025\/03\/IGSS-Periferica-Zona-5-Odontologia-pediatrica-2025-2.jpg 1600w\" sizes=\"auto, (max-width: 708px) 100vw, 708px\" \/><figcaption id=\"caption-attachment-46718\" class=\"wp-caption-text\">Las caries es lo m\u00e1s recurrente en los pacientes, por ello es vital que adopten buenos h\u00e1bitos de higiene y de alimentaci\u00f3n.<\/figcaption><\/figure>\n<p>La prevenci\u00f3n de la caries en la poblaci\u00f3n infantil es un proceso continuo que requiere la colaboraci\u00f3n de padres, cuidadores y dentista, supervis\u00e1ndolos y motiv\u00e1ndolos para que mantengan buenas pr\u00e1cticas de higiene bucal.<\/p>\n<p>Recuerde cepillarlos despu\u00e9s de cada comida, usar hilo dental, proveerlos de una comida saludable y visitar las cl\u00ednicas pedi\u00e1tricas del Seguro Social, donde ser\u00e1n cordialmente atendidos.<\/p>\n\r\n                <style type=\"text\/css\">\r\n                    \r\n                    #tdi_1  .td-doubleSlider-2 .td-item1 {\r\n                        background: url(\/wp-content\/uploads\/sites\/5\/2025\/03\/IGSS-Periferica-Zona-5-Odontologia-pediatrica-2025-4-80x60.jpg) 0 0 no-repeat;\r\n                    }\r\n                    #tdi_1  .td-doubleSlider-2 .td-item2 {\r\n                        background: url(\/wp-content\/uploads\/sites\/5\/2025\/03\/IGSS-Periferica-Zona-5-Odontologia-pediatrica-2025-6-80x60.jpg) 0 0 no-repeat;\r\n                    }\r\n                    #tdi_1  .td-doubleSlider-2 .td-item3 {\r\n                        background: url(\/wp-content\/uploads\/sites\/5\/2025\/03\/IGSS-Periferica-Zona-5-Odontologia-pediatrica-2025-3-80x60.jpg) 0 0 no-repeat;\r\n                    }\r\n                <\/style>\r\n\r\n                <div id=\"tdi_1\" class=\"td-gallery td-slide-on-2-columns\">\r\n                    <div class=\"post_td_gallery\">\r\n                        <div class=\"td-gallery-slide-top\">\r\n                           <div class=\"td-gallery-title\">M\u00e1s fotos:<\/div>\r\n\r\n                            <div class=\"td-gallery-controls-wrapper\">\r\n                                <div class=\"td-gallery-slide-count\"><span class=\"td-gallery-slide-item-focus\">1<\/span> de 3<\/div>\r\n                                <div class=\"td-gallery-slide-prev-next-but\">\r\n                                    <i class = \"td-icon-left doubleSliderPrevButton\"><\/i>\r\n                                    <i class = \"td-icon-right doubleSliderNextButton\"><\/i>\r\n                                <\/div>\r\n                            <\/div>\r\n                        <\/div>\r\n\r\n                        <div class = \"td-doubleSlider-1 \">\r\n                            <div class = \"td-slider\">\r\n                                \r\n                    <div class = \"td-slide-item td-item1\">\r\n                        <figure class=\"td-slide-galery-figure td-slide-popup-gallery\">\r\n                            <a class=\"slide-gallery-image-link\" href=\"\/wp-content\/uploads\/sites\/5\/2025\/03\/IGSS-Periferica-Zona-5-Odontologia-pediatrica-2025-4.jpg\" title=\"IGSS Periferica Zona 5 Odontologia pediatrica 2025-4\"  data-caption=\"\"  data-description=\"\">\r\n                                <img decoding=\"async\" src=\"\/wp-content\/uploads\/sites\/5\/2025\/03\/IGSS-Periferica-Zona-5-Odontologia-pediatrica-2025-4-462x420.jpg\" srcset=\"\/wp-content\/uploads\/sites\/5\/2025\/03\/IGSS-Periferica-Zona-5-Odontologia-pediatrica-2025-4-462x420.jpg 462w, \/wp-content\/uploads\/sites\/5\/2025\/03\/IGSS-Periferica-Zona-5-Odontologia-pediatrica-2025-4-300x273.jpg 300w, \/wp-content\/uploads\/sites\/5\/2025\/03\/IGSS-Periferica-Zona-5-Odontologia-pediatrica-2025-4-1024x931.jpg 1024w, \/wp-content\/uploads\/sites\/5\/2025\/03\/IGSS-Periferica-Zona-5-Odontologia-pediatrica-2025-4-768x698.jpg 768w, \/wp-content\/uploads\/sites\/5\/2025\/03\/IGSS-Periferica-Zona-5-Odontologia-pediatrica-2025-4-696x632.jpg 696w, \/wp-content\/uploads\/sites\/5\/2025\/03\/IGSS-Periferica-Zona-5-Odontologia-pediatrica-2025-4-1068x970.jpg 1068w, \/wp-content\/uploads\/sites\/5\/2025\/03\/IGSS-Periferica-Zona-5-Odontologia-pediatrica-2025-4-508x462.jpg 508w, \/wp-content\/uploads\/sites\/5\/2025\/03\/IGSS-Periferica-Zona-5-Odontologia-pediatrica-2025-4.jpg 1413w\" sizes=\"(max-width: 462px) 100vw, 462px\" alt=\"\">\r\n                            <\/a>\r\n                            \r\n                        <\/figure>\r\n                    <\/div>\r\n                    <div class = \"td-slide-item td-item2\">\r\n                        <figure class=\"td-slide-galery-figure td-slide-popup-gallery\">\r\n                            <a class=\"slide-gallery-image-link\" href=\"\/wp-content\/uploads\/sites\/5\/2025\/03\/IGSS-Periferica-Zona-5-Odontologia-pediatrica-2025-6.jpg\" title=\"IGSS Periferica Zona 5 Odontologia pediatrica 2025-6\"  data-caption=\"\"  data-description=\"\">\r\n                                <img decoding=\"async\" src=\"\/wp-content\/uploads\/sites\/5\/2025\/03\/IGSS-Periferica-Zona-5-Odontologia-pediatrica-2025-6-630x420.jpg\" srcset=\"\/wp-content\/uploads\/sites\/5\/2025\/03\/IGSS-Periferica-Zona-5-Odontologia-pediatrica-2025-6-630x420.jpg 630w, \/wp-content\/uploads\/sites\/5\/2025\/03\/IGSS-Periferica-Zona-5-Odontologia-pediatrica-2025-6-300x200.jpg 300w, \/wp-content\/uploads\/sites\/5\/2025\/03\/IGSS-Periferica-Zona-5-Odontologia-pediatrica-2025-6-1024x682.jpg 1024w, \/wp-content\/uploads\/sites\/5\/2025\/03\/IGSS-Periferica-Zona-5-Odontologia-pediatrica-2025-6-768x512.jpg 768w, \/wp-content\/uploads\/sites\/5\/2025\/03\/IGSS-Periferica-Zona-5-Odontologia-pediatrica-2025-6-1536x1023.jpg 1536w, \/wp-content\/uploads\/sites\/5\/2025\/03\/IGSS-Periferica-Zona-5-Odontologia-pediatrica-2025-6-696x464.jpg 696w, \/wp-content\/uploads\/sites\/5\/2025\/03\/IGSS-Periferica-Zona-5-Odontologia-pediatrica-2025-6-1068x712.jpg 1068w, \/wp-content\/uploads\/sites\/5\/2025\/03\/IGSS-Periferica-Zona-5-Odontologia-pediatrica-2025-6-534x356.jpg 534w, \/wp-content\/uploads\/sites\/5\/2025\/03\/IGSS-Periferica-Zona-5-Odontologia-pediatrica-2025-6.jpg 1600w\" sizes=\"(max-width: 630px) 100vw, 630px\" alt=\"\">\r\n                            <\/a>\r\n                            \r\n                        <\/figure>\r\n                    <\/div>\r\n                    <div class = \"td-slide-item td-item3\">\r\n                        <figure class=\"td-slide-galery-figure td-slide-popup-gallery\">\r\n                            <a class=\"slide-gallery-image-link\" href=\"\/wp-content\/uploads\/sites\/5\/2025\/03\/IGSS-Periferica-Zona-5-Odontologia-pediatrica-2025-3.jpg\" title=\"IGSS Periferica Zona 5 Odontologia pediatrica 2025-3\"  data-caption=\"\"  data-description=\"\">\r\n                                <img decoding=\"async\" src=\"\/wp-content\/uploads\/sites\/5\/2025\/03\/IGSS-Periferica-Zona-5-Odontologia-pediatrica-2025-3-630x420.jpg\" srcset=\"\/wp-content\/uploads\/sites\/5\/2025\/03\/IGSS-Periferica-Zona-5-Odontologia-pediatrica-2025-3-630x420.jpg 630w, \/wp-content\/uploads\/sites\/5\/2025\/03\/IGSS-Periferica-Zona-5-Odontologia-pediatrica-2025-3-300x200.jpg 300w, \/wp-content\/uploads\/sites\/5\/2025\/03\/IGSS-Periferica-Zona-5-Odontologia-pediatrica-2025-3-1024x682.jpg 1024w, \/wp-content\/uploads\/sites\/5\/2025\/03\/IGSS-Periferica-Zona-5-Odontologia-pediatrica-2025-3-768x512.jpg 768w, \/wp-content\/uploads\/sites\/5\/2025\/03\/IGSS-Periferica-Zona-5-Odontologia-pediatrica-2025-3-1536x1023.jpg 1536w, \/wp-content\/uploads\/sites\/5\/2025\/03\/IGSS-Periferica-Zona-5-Odontologia-pediatrica-2025-3-696x464.jpg 696w, \/wp-content\/uploads\/sites\/5\/2025\/03\/IGSS-Periferica-Zona-5-Odontologia-pediatrica-2025-3-1068x712.jpg 1068w, \/wp-content\/uploads\/sites\/5\/2025\/03\/IGSS-Periferica-Zona-5-Odontologia-pediatrica-2025-3-534x356.jpg 534w, \/wp-content\/uploads\/sites\/5\/2025\/03\/IGSS-Periferica-Zona-5-Odontologia-pediatrica-2025-3.jpg 1600w\" sizes=\"(max-width: 630px) 100vw, 630px\" alt=\"\">\r\n                            <\/a>\r\n                            \r\n                        <\/figure>\r\n                    <\/div>\r\n                            <\/div>\r\n                        <\/div>\r\n\r\n                        <div class = \"td-doubleSlider-2\">\r\n                            <div class = \"td-slider\">\r\n                                \r\n                    <div class = \"td-button td-item1\">\r\n                        <div class = \"td-border\"><\/div>\r\n                    <\/div>\r\n                    <div class = \"td-button td-item2\">\r\n                        <div class = \"td-border\"><\/div>\r\n                    <\/div>\r\n                    <div class = \"td-button td-item3\">\r\n                        <div class = \"td-border\"><\/div>\r\n                    <\/div>\r\n                            <\/div>\r\n                        <\/div>\r\n\r\n                    <\/div>\r\n\r\n                <\/div>\r\n                \n<p><\/p>","protected":false},"excerpt":{"rendered":"<p>\u201c\u00a1Qu\u00e9 importa!, si de todos modos se le van a caer\u201d, es una frase recurrente que se escucha entre padres cuando se trata del cuidado de los dientes de leche, pero la realidad es que atenderlos es crucial para la salud integral de los ni\u00f1os. \u201cEl cuidado de los dientes primarios o de leche es [&hellip;]<\/p>\n","protected":false},"author":3269,"featured_media":46715,"comment_status":"closed","ping_status":"closed","sticky":false,"template":"","format":"standard","meta":{"footnotes":""},"categories":[3,4,1130,15,24,1291,27,31,1884,36],"tags":[2045,490,670,1777,2043,837,2044],"coauthors":[1970],"class_list":{"0":"post-46714","1":"post","2":"type-post","3":"status-publish","4":"format-standard","5":"has-post-thumbnail","7":"category-actualidad","8":"category-afiliados","9":"category-consejos-medicos","10":"category-destacado","11":"category-pediatria","12":"category-prestaciones-en-salud","13":"category-prevencion-en-salud","14":"category-salud","15":"category-technology","16":"category-unidades-medicas","17":"tag-higiene-dental","18":"tag-igss","19":"tag-odontologia","20":"tag-odontologia-igss","21":"tag-odontologia-pediatrica","22":"tag-unidad-periferica-zona-5","23":"tag-upz5"},"_links":{"self":[{"href":"https:\/\/www.igssgt.org\/noticias\/wp-json\/wp\/v2\/posts\/46714","targetHints":{"allow":["GET"]}}],"collection":[{"href":"https:\/\/www.igssgt.org\/noticias\/wp-json\/wp\/v2\/posts"}],"about":[{"href":"https:\/\/www.igssgt.org\/noticias\/wp-json\/wp\/v2\/types\/post"}],"author":[{"embeddable":true,"href":"https:\/\/www.igssgt.org\/noticias\/wp-json\/wp\/v2\/users\/3269"}],"replies":[{"embeddable":true,"href":"https:\/\/www.igssgt.org\/noticias\/wp-json\/wp\/v2\/comments?post=46714"}],"version-history":[{"count":3,"href":"https:\/\/www.igssgt.org\/noticias\/wp-json\/wp\/v2\/posts\/46714\/revisions"}],"predecessor-version":[{"id":46870,"href":"https:\/\/www.igssgt.org\/noticias\/wp-json\/wp\/v2\/posts\/46714\/revisions\/46870"}],"wp:featuredmedia":[{"embeddable":true,"href":"https:\/\/www.igssgt.org\/noticias\/wp-json\/wp\/v2\/media\/46715"}],"wp:attachment":[{"href":"https:\/\/www.igssgt.org\/noticias\/wp-json\/wp\/v2\/media?parent=46714"}],"wp:term":[{"taxonomy":"category","embeddable":true,"href":"https:\/\/www.igssgt.org\/noticias\/wp-json\/wp\/v2\/categories?post=46714"},{"taxonomy":"post_tag","embeddable":true,"href":"https:\/\/www.igssgt.org\/noticias\/wp-json\/wp\/v2\/tags?post=46714"},{"taxonomy":"author","embeddable":true,"href":"https:\/\/www.igssgt.org\/noticias\/wp-json\/wp\/v2\/coauthors?post=46714"}],"curies":[{"name":"wp","href":"https:\/\/api.w.org\/{rel}","templated":true}]}}