{"id":46744,"date":"2025-03-04T09:46:45","date_gmt":"2025-03-04T15:46:45","guid":{"rendered":"https:\/\/www.igssgt.org\/noticias\/?p=46744"},"modified":"2025-03-04T09:46:46","modified_gmt":"2025-03-04T15:46:46","slug":"igss-promueve-habitos-saludables-en-la-infancia-en-el-dia-mundial-contra-la-obesidad","status":"publish","type":"post","link":"https:\/\/www.igssgt.org\/noticias\/2025\/03\/04\/igss-promueve-habitos-saludables-en-la-infancia-en-el-dia-mundial-contra-la-obesidad\/","title":{"rendered":"IGSS promueve h\u00e1bitos saludables en la infancia en el D\u00eda Mundial contra la Obesidad"},"content":{"rendered":"\n<p class=\"has-drop-cap\">La obesidad infantil es un problema creciente a nivel mundial. Seg\u00fan la Organizaci\u00f3n Mundial de la Salud (OMS), el n\u00famero de ni\u00f1os y adolescentes con sobrepeso se ha triplicado en los \u00faltimos 40 a\u00f1os.<\/p>\n\n\n<p>En Guatemala, esta condici\u00f3n aumenta el riesgo de padecer diabetes tipo 2, hipertensi\u00f3n y enfermedades cardiovasculares en la adultez<\/p>\n<figure id=\"attachment_46747\" aria-describedby=\"caption-attachment-46747\" style=\"width: 716px\" class=\"wp-caption alignnone\"><img loading=\"lazy\" decoding=\"async\" class=\"wp-image-46747\" src=\"\/wp-content\/uploads\/sites\/5\/2025\/03\/IGSS-UPZ5-Dia-Mundial-de-la-Obesidad-2025-1-300x200.jpg\" alt=\"\" width=\"716\" height=\"477\" srcset=\"\/wp-content\/uploads\/sites\/5\/2025\/03\/IGSS-UPZ5-Dia-Mundial-de-la-Obesidad-2025-1-300x200.jpg 300w, \/wp-content\/uploads\/sites\/5\/2025\/03\/IGSS-UPZ5-Dia-Mundial-de-la-Obesidad-2025-1-1024x682.jpg 1024w, \/wp-content\/uploads\/sites\/5\/2025\/03\/IGSS-UPZ5-Dia-Mundial-de-la-Obesidad-2025-1-768x512.jpg 768w, \/wp-content\/uploads\/sites\/5\/2025\/03\/IGSS-UPZ5-Dia-Mundial-de-la-Obesidad-2025-1-630x420.jpg 630w, \/wp-content\/uploads\/sites\/5\/2025\/03\/IGSS-UPZ5-Dia-Mundial-de-la-Obesidad-2025-1-696x464.jpg 696w, \/wp-content\/uploads\/sites\/5\/2025\/03\/IGSS-UPZ5-Dia-Mundial-de-la-Obesidad-2025-1-1068x712.jpg 1068w, \/wp-content\/uploads\/sites\/5\/2025\/03\/IGSS-UPZ5-Dia-Mundial-de-la-Obesidad-2025-1-534x356.jpg 534w, \/wp-content\/uploads\/sites\/5\/2025\/03\/IGSS-UPZ5-Dia-Mundial-de-la-Obesidad-2025-1.jpg 1280w\" sizes=\"auto, (max-width: 716px) 100vw, 716px\" \/><figcaption id=\"caption-attachment-46747\" class=\"wp-caption-text\">La obesidad en ni\u00f1os y adolescentes va en aumento, por lo que el Seguro Social hace un llamado a los padres de familia para combatir ese mal .<\/figcaption><\/figure>\n<p>Para concientizar sobre este problema, el servicio de Pediatr\u00eda de la Unidad Perif\u00e9rica Zona 5 imparti\u00f3 una charla educativa dirigida a familias, en la que se resalt\u00f3 la importancia de una buena alimentaci\u00f3n y la actividad f\u00edsica para el adecuado desarrollo de los infantes.<\/p>\n<figure id=\"attachment_46746\" aria-describedby=\"caption-attachment-46746\" style=\"width: 710px\" class=\"wp-caption alignnone\"><img loading=\"lazy\" decoding=\"async\" class=\"wp-image-46746\" src=\"\/wp-content\/uploads\/sites\/5\/2025\/03\/IGSS-UPZ5-Dia-Mundial-de-la-Obesidad-2025-2-300x200.jpg\" alt=\"\" width=\"710\" height=\"473\" srcset=\"\/wp-content\/uploads\/sites\/5\/2025\/03\/IGSS-UPZ5-Dia-Mundial-de-la-Obesidad-2025-2-300x200.jpg 300w, \/wp-content\/uploads\/sites\/5\/2025\/03\/IGSS-UPZ5-Dia-Mundial-de-la-Obesidad-2025-2-1024x683.jpg 1024w, \/wp-content\/uploads\/sites\/5\/2025\/03\/IGSS-UPZ5-Dia-Mundial-de-la-Obesidad-2025-2-768x512.jpg 768w, \/wp-content\/uploads\/sites\/5\/2025\/03\/IGSS-UPZ5-Dia-Mundial-de-la-Obesidad-2025-2-1536x1024.jpg 1536w, \/wp-content\/uploads\/sites\/5\/2025\/03\/IGSS-UPZ5-Dia-Mundial-de-la-Obesidad-2025-2-630x420.jpg 630w, \/wp-content\/uploads\/sites\/5\/2025\/03\/IGSS-UPZ5-Dia-Mundial-de-la-Obesidad-2025-2-696x464.jpg 696w, \/wp-content\/uploads\/sites\/5\/2025\/03\/IGSS-UPZ5-Dia-Mundial-de-la-Obesidad-2025-2-1068x712.jpg 1068w, \/wp-content\/uploads\/sites\/5\/2025\/03\/IGSS-UPZ5-Dia-Mundial-de-la-Obesidad-2025-2-534x356.jpg 534w, \/wp-content\/uploads\/sites\/5\/2025\/03\/IGSS-UPZ5-Dia-Mundial-de-la-Obesidad-2025-2.jpg 1599w\" sizes=\"auto, (max-width: 710px) 100vw, 710px\" \/><figcaption id=\"caption-attachment-46746\" class=\"wp-caption-text\">Profesionales de la Salud de la Unidad Perif\u00e9rica Zona 5 abordaron el tema de la obesidad infantil.<\/figcaption><\/figure>\n<p>La doctora Silvia Mart\u00ednez, pediatra del IGSS, enfatiz\u00f3 la necesidad de adoptar h\u00e1bitos saludables desde la infancia, entre ellos:<\/p>\n<ul>\n<li>Consumir alimentos naturales: frutas, verduras, cereales integrales y prote\u00ednas magra<\/li>\n<li>Reducir az\u00facares y grasas saturadas, evitando bebidas azucaradas y comida ultraprocesada<\/li>\n<li>Fomentar la actividad f\u00edsica con al menos 60 minutos diarios de ejercicio<\/li>\n<li>Establecer horarios regulares de comida y evitar el consumo de snacks poco saludables<\/li>\n<li>Dar el ejemplo en casa, promoviendo buenos h\u00e1bitos alimenticios en familia<\/li>\n<\/ul>\n<figure id=\"attachment_46748\" aria-describedby=\"caption-attachment-46748\" style=\"width: 692px\" class=\"wp-caption alignnone\"><img loading=\"lazy\" decoding=\"async\" class=\"wp-image-46748\" src=\"\/wp-content\/uploads\/sites\/5\/2025\/03\/IGSS-UPZ5-Dia-Mundial-de-la-Obesidad-2025-6-200x300.jpg\" alt=\"\" width=\"692\" height=\"1038\" srcset=\"\/wp-content\/uploads\/sites\/5\/2025\/03\/IGSS-UPZ5-Dia-Mundial-de-la-Obesidad-2025-6-200x300.jpg 200w, \/wp-content\/uploads\/sites\/5\/2025\/03\/IGSS-UPZ5-Dia-Mundial-de-la-Obesidad-2025-6-682x1024.jpg 682w, \/wp-content\/uploads\/sites\/5\/2025\/03\/IGSS-UPZ5-Dia-Mundial-de-la-Obesidad-2025-6-768x1152.jpg 768w, \/wp-content\/uploads\/sites\/5\/2025\/03\/IGSS-UPZ5-Dia-Mundial-de-la-Obesidad-2025-6-280x420.jpg 280w, \/wp-content\/uploads\/sites\/5\/2025\/03\/IGSS-UPZ5-Dia-Mundial-de-la-Obesidad-2025-6-696x1044.jpg 696w, \/wp-content\/uploads\/sites\/5\/2025\/03\/IGSS-UPZ5-Dia-Mundial-de-la-Obesidad-2025-6-308x462.jpg 308w, \/wp-content\/uploads\/sites\/5\/2025\/03\/IGSS-UPZ5-Dia-Mundial-de-la-Obesidad-2025-6.jpg 853w\" sizes=\"auto, (max-width: 692px) 100vw, 692px\" \/><figcaption id=\"caption-attachment-46748\" class=\"wp-caption-text\">Llevar a los peque\u00f1os a sus citas es fundamental, al igual que practicar h\u00e1bitos sanos y realizar actividad f\u00edsica para prevenir enfermedades cr\u00f3nicas.<\/figcaption><\/figure>\n<p>El Seguro Social hace un llamado a padres, educadores y la comunidad en general para promover una alimentaci\u00f3n balanceada desde la ni\u00f1ez, garantizando as\u00ed una mejor calidad de vida para las futuras generaciones.<\/p>\n\r\n                <style type=\"text\/css\">\r\n                    \r\n                    #tdi_1  .td-doubleSlider-2 .td-item1 {\r\n                        background: url(\/wp-content\/uploads\/sites\/5\/2025\/03\/IGSS-UPZ5-Dia-Mundial-de-la-Obesidad-2025-2-1-80x60.jpg) 0 0 no-repeat;\r\n                    }\r\n                    #tdi_1  .td-doubleSlider-2 .td-item2 {\r\n                        background: url(\/wp-content\/uploads\/sites\/5\/2025\/03\/IGSS-UPZ5-Dia-Mundial-de-la-Obesidad-2025-3-80x60.jpg) 0 0 no-repeat;\r\n                    }\r\n                    #tdi_1  .td-doubleSlider-2 .td-item3 {\r\n                        background: url(\/wp-content\/uploads\/sites\/5\/2025\/03\/IGSS-UPZ5-Dia-Mundial-de-la-Obesidad-2025-4-80x60.jpg) 0 0 no-repeat;\r\n                    }\r\n                    #tdi_1  .td-doubleSlider-2 .td-item4 {\r\n                        background: url(\/wp-content\/uploads\/sites\/5\/2025\/03\/IGSS-UPZ5-Dia-Mundial-de-la-Obesidad-2025-5-80x60.jpg) 0 0 no-repeat;\r\n                    }\r\n                    #tdi_1  .td-doubleSlider-2 .td-item5 {\r\n                        background: url(\/wp-content\/uploads\/sites\/5\/2025\/03\/IGSS-UPZ5-Dia-Mundial-de-la-Obesidad-2025-7-80x60.jpg) 0 0 no-repeat;\r\n                    }\r\n                    #tdi_1  .td-doubleSlider-2 .td-item6 {\r\n                        background: url(\/wp-content\/uploads\/sites\/5\/2025\/03\/IGSS-UPZ5-Dia-Mundial-de-la-Obesidad-2025-8-80x60.jpg) 0 0 no-repeat;\r\n                    }\r\n                    #tdi_1  .td-doubleSlider-2 .td-item7 {\r\n                        background: url(\/wp-content\/uploads\/sites\/5\/2025\/03\/IGSS-UPZ5-Dia-Mundial-de-la-Obesidad-2025-9-80x60.jpg) 0 0 no-repeat;\r\n                    }\r\n                <\/style>\r\n\r\n                <div id=\"tdi_1\" class=\"td-gallery td-slide-on-2-columns\">\r\n                    <div class=\"post_td_gallery\">\r\n                        <div class=\"td-gallery-slide-top\">\r\n                           <div class=\"td-gallery-title\">Galer\u00eda de fotos:<\/div>\r\n\r\n                            <div class=\"td-gallery-controls-wrapper\">\r\n                                <div class=\"td-gallery-slide-count\"><span class=\"td-gallery-slide-item-focus\">1<\/span> de 7<\/div>\r\n                                <div class=\"td-gallery-slide-prev-next-but\">\r\n                                    <i class = \"td-icon-left doubleSliderPrevButton\"><\/i>\r\n                                    <i class = \"td-icon-right doubleSliderNextButton\"><\/i>\r\n                                <\/div>\r\n                            <\/div>\r\n                        <\/div>\r\n\r\n                        <div class = \"td-doubleSlider-1 \">\r\n                            <div class = \"td-slider\">\r\n                                \r\n                    <div class = \"td-slide-item td-item1\">\r\n                        <figure class=\"td-slide-galery-figure td-slide-popup-gallery\">\r\n                            <a class=\"slide-gallery-image-link\" href=\"\/wp-content\/uploads\/sites\/5\/2025\/03\/IGSS-UPZ5-Dia-Mundial-de-la-Obesidad-2025-2-1.jpg\" title=\"IGSS UPZ5 Dia Mundial de la Obesidad 2025-2\"  data-caption=\"\"  data-description=\"\">\r\n                                <img decoding=\"async\" src=\"\/wp-content\/uploads\/sites\/5\/2025\/03\/IGSS-UPZ5-Dia-Mundial-de-la-Obesidad-2025-2-1-630x420.jpg\" srcset=\"\/wp-content\/uploads\/sites\/5\/2025\/03\/IGSS-UPZ5-Dia-Mundial-de-la-Obesidad-2025-2-1-630x420.jpg 630w, \/wp-content\/uploads\/sites\/5\/2025\/03\/IGSS-UPZ5-Dia-Mundial-de-la-Obesidad-2025-2-1-300x200.jpg 300w, \/wp-content\/uploads\/sites\/5\/2025\/03\/IGSS-UPZ5-Dia-Mundial-de-la-Obesidad-2025-2-1-1024x683.jpg 1024w, \/wp-content\/uploads\/sites\/5\/2025\/03\/IGSS-UPZ5-Dia-Mundial-de-la-Obesidad-2025-2-1-768x512.jpg 768w, \/wp-content\/uploads\/sites\/5\/2025\/03\/IGSS-UPZ5-Dia-Mundial-de-la-Obesidad-2025-2-1-1536x1024.jpg 1536w, \/wp-content\/uploads\/sites\/5\/2025\/03\/IGSS-UPZ5-Dia-Mundial-de-la-Obesidad-2025-2-1-696x464.jpg 696w, \/wp-content\/uploads\/sites\/5\/2025\/03\/IGSS-UPZ5-Dia-Mundial-de-la-Obesidad-2025-2-1-1068x712.jpg 1068w, \/wp-content\/uploads\/sites\/5\/2025\/03\/IGSS-UPZ5-Dia-Mundial-de-la-Obesidad-2025-2-1-534x356.jpg 534w, \/wp-content\/uploads\/sites\/5\/2025\/03\/IGSS-UPZ5-Dia-Mundial-de-la-Obesidad-2025-2-1.jpg 1599w\" sizes=\"(max-width: 630px) 100vw, 630px\" alt=\"\">\r\n                            <\/a>\r\n                            \r\n                        <\/figure>\r\n                    <\/div>\r\n                    <div class = \"td-slide-item td-item2\">\r\n                        <figure class=\"td-slide-galery-figure td-slide-popup-gallery\">\r\n                            <a class=\"slide-gallery-image-link\" href=\"\/wp-content\/uploads\/sites\/5\/2025\/03\/IGSS-UPZ5-Dia-Mundial-de-la-Obesidad-2025-3.jpg\" title=\"IGSS UPZ5 Dia Mundial de la Obesidad 2025-3\"  data-caption=\"\"  data-description=\"\">\r\n                                <img decoding=\"async\" src=\"\/wp-content\/uploads\/sites\/5\/2025\/03\/IGSS-UPZ5-Dia-Mundial-de-la-Obesidad-2025-3-630x420.jpg\" srcset=\"\/wp-content\/uploads\/sites\/5\/2025\/03\/IGSS-UPZ5-Dia-Mundial-de-la-Obesidad-2025-3-630x420.jpg 630w, \/wp-content\/uploads\/sites\/5\/2025\/03\/IGSS-UPZ5-Dia-Mundial-de-la-Obesidad-2025-3-300x200.jpg 300w, \/wp-content\/uploads\/sites\/5\/2025\/03\/IGSS-UPZ5-Dia-Mundial-de-la-Obesidad-2025-3-1024x683.jpg 1024w, \/wp-content\/uploads\/sites\/5\/2025\/03\/IGSS-UPZ5-Dia-Mundial-de-la-Obesidad-2025-3-768x512.jpg 768w, \/wp-content\/uploads\/sites\/5\/2025\/03\/IGSS-UPZ5-Dia-Mundial-de-la-Obesidad-2025-3-1536x1024.jpg 1536w, \/wp-content\/uploads\/sites\/5\/2025\/03\/IGSS-UPZ5-Dia-Mundial-de-la-Obesidad-2025-3-696x464.jpg 696w, \/wp-content\/uploads\/sites\/5\/2025\/03\/IGSS-UPZ5-Dia-Mundial-de-la-Obesidad-2025-3-1068x712.jpg 1068w, \/wp-content\/uploads\/sites\/5\/2025\/03\/IGSS-UPZ5-Dia-Mundial-de-la-Obesidad-2025-3-534x356.jpg 534w, \/wp-content\/uploads\/sites\/5\/2025\/03\/IGSS-UPZ5-Dia-Mundial-de-la-Obesidad-2025-3.jpg 1599w\" sizes=\"(max-width: 630px) 100vw, 630px\" alt=\"\">\r\n                            <\/a>\r\n                            \r\n                        <\/figure>\r\n                    <\/div>\r\n                    <div class = \"td-slide-item td-item3\">\r\n                        <figure class=\"td-slide-galery-figure td-slide-popup-gallery\">\r\n                            <a class=\"slide-gallery-image-link\" href=\"\/wp-content\/uploads\/sites\/5\/2025\/03\/IGSS-UPZ5-Dia-Mundial-de-la-Obesidad-2025-4.jpg\" title=\"IGSS UPZ5 Dia Mundial de la Obesidad 2025-4\"  data-caption=\"\"  data-description=\"\">\r\n                                <img decoding=\"async\" src=\"\/wp-content\/uploads\/sites\/5\/2025\/03\/IGSS-UPZ5-Dia-Mundial-de-la-Obesidad-2025-4-630x420.jpg\" srcset=\"\/wp-content\/uploads\/sites\/5\/2025\/03\/IGSS-UPZ5-Dia-Mundial-de-la-Obesidad-2025-4-630x420.jpg 630w, \/wp-content\/uploads\/sites\/5\/2025\/03\/IGSS-UPZ5-Dia-Mundial-de-la-Obesidad-2025-4-300x200.jpg 300w, \/wp-content\/uploads\/sites\/5\/2025\/03\/IGSS-UPZ5-Dia-Mundial-de-la-Obesidad-2025-4-1024x682.jpg 1024w, \/wp-content\/uploads\/sites\/5\/2025\/03\/IGSS-UPZ5-Dia-Mundial-de-la-Obesidad-2025-4-768x512.jpg 768w, \/wp-content\/uploads\/sites\/5\/2025\/03\/IGSS-UPZ5-Dia-Mundial-de-la-Obesidad-2025-4-696x464.jpg 696w, \/wp-content\/uploads\/sites\/5\/2025\/03\/IGSS-UPZ5-Dia-Mundial-de-la-Obesidad-2025-4-1068x712.jpg 1068w, \/wp-content\/uploads\/sites\/5\/2025\/03\/IGSS-UPZ5-Dia-Mundial-de-la-Obesidad-2025-4-534x356.jpg 534w, \/wp-content\/uploads\/sites\/5\/2025\/03\/IGSS-UPZ5-Dia-Mundial-de-la-Obesidad-2025-4.jpg 1280w\" sizes=\"(max-width: 630px) 100vw, 630px\" alt=\"\">\r\n                            <\/a>\r\n                            \r\n                        <\/figure>\r\n                    <\/div>\r\n                    <div class = \"td-slide-item td-item4\">\r\n                        <figure class=\"td-slide-galery-figure td-slide-popup-gallery\">\r\n                            <a class=\"slide-gallery-image-link\" href=\"\/wp-content\/uploads\/sites\/5\/2025\/03\/IGSS-UPZ5-Dia-Mundial-de-la-Obesidad-2025-5.jpg\" title=\"IGSS UPZ5 Dia Mundial de la Obesidad 2025-5\"  data-caption=\"\"  data-description=\"\">\r\n                                <img decoding=\"async\" src=\"\/wp-content\/uploads\/sites\/5\/2025\/03\/IGSS-UPZ5-Dia-Mundial-de-la-Obesidad-2025-5-630x420.jpg\" srcset=\"\/wp-content\/uploads\/sites\/5\/2025\/03\/IGSS-UPZ5-Dia-Mundial-de-la-Obesidad-2025-5-630x420.jpg 630w, \/wp-content\/uploads\/sites\/5\/2025\/03\/IGSS-UPZ5-Dia-Mundial-de-la-Obesidad-2025-5-300x200.jpg 300w, \/wp-content\/uploads\/sites\/5\/2025\/03\/IGSS-UPZ5-Dia-Mundial-de-la-Obesidad-2025-5-1024x683.jpg 1024w, \/wp-content\/uploads\/sites\/5\/2025\/03\/IGSS-UPZ5-Dia-Mundial-de-la-Obesidad-2025-5-768x512.jpg 768w, \/wp-content\/uploads\/sites\/5\/2025\/03\/IGSS-UPZ5-Dia-Mundial-de-la-Obesidad-2025-5-1536x1024.jpg 1536w, \/wp-content\/uploads\/sites\/5\/2025\/03\/IGSS-UPZ5-Dia-Mundial-de-la-Obesidad-2025-5-696x464.jpg 696w, \/wp-content\/uploads\/sites\/5\/2025\/03\/IGSS-UPZ5-Dia-Mundial-de-la-Obesidad-2025-5-1068x712.jpg 1068w, \/wp-content\/uploads\/sites\/5\/2025\/03\/IGSS-UPZ5-Dia-Mundial-de-la-Obesidad-2025-5-534x356.jpg 534w, \/wp-content\/uploads\/sites\/5\/2025\/03\/IGSS-UPZ5-Dia-Mundial-de-la-Obesidad-2025-5.jpg 1599w\" sizes=\"(max-width: 630px) 100vw, 630px\" alt=\"\">\r\n                            <\/a>\r\n                            \r\n                        <\/figure>\r\n                    <\/div>\r\n                    <div class = \"td-slide-item td-item5\">\r\n                        <figure class=\"td-slide-galery-figure td-slide-popup-gallery\">\r\n                            <a class=\"slide-gallery-image-link\" href=\"\/wp-content\/uploads\/sites\/5\/2025\/03\/IGSS-UPZ5-Dia-Mundial-de-la-Obesidad-2025-7.jpg\" title=\"IGSS UPZ5 Dia Mundial de la Obesidad 2025-7\"  data-caption=\"\"  data-description=\"\">\r\n                                <img decoding=\"async\" src=\"\/wp-content\/uploads\/sites\/5\/2025\/03\/IGSS-UPZ5-Dia-Mundial-de-la-Obesidad-2025-7-630x420.jpg\" srcset=\"\/wp-content\/uploads\/sites\/5\/2025\/03\/IGSS-UPZ5-Dia-Mundial-de-la-Obesidad-2025-7-630x420.jpg 630w, \/wp-content\/uploads\/sites\/5\/2025\/03\/IGSS-UPZ5-Dia-Mundial-de-la-Obesidad-2025-7-300x200.jpg 300w, \/wp-content\/uploads\/sites\/5\/2025\/03\/IGSS-UPZ5-Dia-Mundial-de-la-Obesidad-2025-7-1024x683.jpg 1024w, \/wp-content\/uploads\/sites\/5\/2025\/03\/IGSS-UPZ5-Dia-Mundial-de-la-Obesidad-2025-7-768x512.jpg 768w, \/wp-content\/uploads\/sites\/5\/2025\/03\/IGSS-UPZ5-Dia-Mundial-de-la-Obesidad-2025-7-1536x1024.jpg 1536w, \/wp-content\/uploads\/sites\/5\/2025\/03\/IGSS-UPZ5-Dia-Mundial-de-la-Obesidad-2025-7-696x464.jpg 696w, \/wp-content\/uploads\/sites\/5\/2025\/03\/IGSS-UPZ5-Dia-Mundial-de-la-Obesidad-2025-7-1068x712.jpg 1068w, \/wp-content\/uploads\/sites\/5\/2025\/03\/IGSS-UPZ5-Dia-Mundial-de-la-Obesidad-2025-7-534x356.jpg 534w, \/wp-content\/uploads\/sites\/5\/2025\/03\/IGSS-UPZ5-Dia-Mundial-de-la-Obesidad-2025-7.jpg 1599w\" sizes=\"(max-width: 630px) 100vw, 630px\" alt=\"\">\r\n                            <\/a>\r\n                            \r\n                        <\/figure>\r\n                    <\/div>\r\n                    <div class = \"td-slide-item td-item6\">\r\n                        <figure class=\"td-slide-galery-figure td-slide-popup-gallery\">\r\n                            <a class=\"slide-gallery-image-link\" href=\"\/wp-content\/uploads\/sites\/5\/2025\/03\/IGSS-UPZ5-Dia-Mundial-de-la-Obesidad-2025-8.jpg\" title=\"IGSS UPZ5 Dia Mundial de la Obesidad 2025-8\"  data-caption=\"\"  data-description=\"\">\r\n                                <img decoding=\"async\" src=\"\/wp-content\/uploads\/sites\/5\/2025\/03\/IGSS-UPZ5-Dia-Mundial-de-la-Obesidad-2025-8-630x420.jpg\" srcset=\"\/wp-content\/uploads\/sites\/5\/2025\/03\/IGSS-UPZ5-Dia-Mundial-de-la-Obesidad-2025-8-630x420.jpg 630w, \/wp-content\/uploads\/sites\/5\/2025\/03\/IGSS-UPZ5-Dia-Mundial-de-la-Obesidad-2025-8-300x200.jpg 300w, \/wp-content\/uploads\/sites\/5\/2025\/03\/IGSS-UPZ5-Dia-Mundial-de-la-Obesidad-2025-8-1024x683.jpg 1024w, \/wp-content\/uploads\/sites\/5\/2025\/03\/IGSS-UPZ5-Dia-Mundial-de-la-Obesidad-2025-8-768x512.jpg 768w, \/wp-content\/uploads\/sites\/5\/2025\/03\/IGSS-UPZ5-Dia-Mundial-de-la-Obesidad-2025-8-1536x1024.jpg 1536w, \/wp-content\/uploads\/sites\/5\/2025\/03\/IGSS-UPZ5-Dia-Mundial-de-la-Obesidad-2025-8-696x464.jpg 696w, \/wp-content\/uploads\/sites\/5\/2025\/03\/IGSS-UPZ5-Dia-Mundial-de-la-Obesidad-2025-8-1068x712.jpg 1068w, \/wp-content\/uploads\/sites\/5\/2025\/03\/IGSS-UPZ5-Dia-Mundial-de-la-Obesidad-2025-8-534x356.jpg 534w, \/wp-content\/uploads\/sites\/5\/2025\/03\/IGSS-UPZ5-Dia-Mundial-de-la-Obesidad-2025-8.jpg 1599w\" sizes=\"(max-width: 630px) 100vw, 630px\" alt=\"\">\r\n                            <\/a>\r\n                            \r\n                        <\/figure>\r\n                    <\/div>\r\n                    <div class = \"td-slide-item td-item7\">\r\n                        <figure class=\"td-slide-galery-figure td-slide-popup-gallery\">\r\n                            <a class=\"slide-gallery-image-link\" href=\"\/wp-content\/uploads\/sites\/5\/2025\/03\/IGSS-UPZ5-Dia-Mundial-de-la-Obesidad-2025-9.jpg\" title=\"IGSS UPZ5 Dia Mundial de la Obesidad 2025-9\"  data-caption=\"\"  data-description=\"\">\r\n                                <img decoding=\"async\" src=\"\/wp-content\/uploads\/sites\/5\/2025\/03\/IGSS-UPZ5-Dia-Mundial-de-la-Obesidad-2025-9-630x420.jpg\" srcset=\"\/wp-content\/uploads\/sites\/5\/2025\/03\/IGSS-UPZ5-Dia-Mundial-de-la-Obesidad-2025-9-630x420.jpg 630w, \/wp-content\/uploads\/sites\/5\/2025\/03\/IGSS-UPZ5-Dia-Mundial-de-la-Obesidad-2025-9-300x200.jpg 300w, \/wp-content\/uploads\/sites\/5\/2025\/03\/IGSS-UPZ5-Dia-Mundial-de-la-Obesidad-2025-9-1024x683.jpg 1024w, \/wp-content\/uploads\/sites\/5\/2025\/03\/IGSS-UPZ5-Dia-Mundial-de-la-Obesidad-2025-9-768x512.jpg 768w, \/wp-content\/uploads\/sites\/5\/2025\/03\/IGSS-UPZ5-Dia-Mundial-de-la-Obesidad-2025-9-1536x1024.jpg 1536w, \/wp-content\/uploads\/sites\/5\/2025\/03\/IGSS-UPZ5-Dia-Mundial-de-la-Obesidad-2025-9-696x464.jpg 696w, \/wp-content\/uploads\/sites\/5\/2025\/03\/IGSS-UPZ5-Dia-Mundial-de-la-Obesidad-2025-9-1068x712.jpg 1068w, \/wp-content\/uploads\/sites\/5\/2025\/03\/IGSS-UPZ5-Dia-Mundial-de-la-Obesidad-2025-9-534x356.jpg 534w, \/wp-content\/uploads\/sites\/5\/2025\/03\/IGSS-UPZ5-Dia-Mundial-de-la-Obesidad-2025-9.jpg 1599w\" sizes=\"(max-width: 630px) 100vw, 630px\" alt=\"\">\r\n                            <\/a>\r\n                            \r\n                        <\/figure>\r\n                    <\/div>\r\n                            <\/div>\r\n                        <\/div>\r\n\r\n                        <div class = \"td-doubleSlider-2\">\r\n                            <div class = \"td-slider\">\r\n                                \r\n                    <div class = \"td-button td-item1\">\r\n                        <div class = \"td-border\"><\/div>\r\n                    <\/div>\r\n                    <div class = \"td-button td-item2\">\r\n                        <div class = \"td-border\"><\/div>\r\n                    <\/div>\r\n                    <div class = \"td-button td-item3\">\r\n                        <div class = \"td-border\"><\/div>\r\n                    <\/div>\r\n                    <div class = \"td-button td-item4\">\r\n                        <div class = \"td-border\"><\/div>\r\n                    <\/div>\r\n                    <div class = \"td-button td-item5\">\r\n                        <div class = \"td-border\"><\/div>\r\n                    <\/div>\r\n                    <div class = \"td-button td-item6\">\r\n                        <div class = \"td-border\"><\/div>\r\n                    <\/div>\r\n                    <div class = \"td-button td-item7\">\r\n                        <div class = \"td-border\"><\/div>\r\n                    <\/div>\r\n                            <\/div>\r\n                        <\/div>\r\n\r\n                    <\/div>\r\n\r\n                <\/div>\r\n                ","protected":false},"excerpt":{"rendered":"<p>La obesidad infantil es un problema creciente a nivel mundial. Seg\u00fan la Organizaci\u00f3n Mundial de la Salud (OMS), el n\u00famero de ni\u00f1os y adolescentes con sobrepeso se ha triplicado en los \u00faltimos 40 a\u00f1os. En Guatemala, esta condici\u00f3n aumenta el riesgo de padecer diabetes tipo 2, hipertensi\u00f3n y enfermedades cardiovasculares en la adultez Para concientizar [&hellip;]<\/p>\n","protected":false},"author":3269,"featured_media":46745,"comment_status":"closed","ping_status":"closed","sticky":false,"template":"","format":"standard","meta":{"footnotes":""},"categories":[3,4,15,1870,1872,22,24,27,31,36],"tags":[2047,2048,490,698,837],"coauthors":[],"class_list":{"0":"post-46744","1":"post","2":"type-post","3":"status-publish","4":"format-standard","5":"has-post-thumbnail","7":"category-actualidad","8":"category-afiliados","9":"category-destacado","10":"category-health-fitness","11":"category-lifestyle","12":"category-opsoms","13":"category-pediatria","14":"category-prevencion-en-salud","15":"category-salud","16":"category-unidades-medicas","17":"tag-dia-mundial-contra-la-obesidad","18":"tag-habitos-saludables","19":"tag-igss","20":"tag-pediatria","21":"tag-unidad-periferica-zona-5"},"_links":{"self":[{"href":"https:\/\/www.igssgt.org\/noticias\/wp-json\/wp\/v2\/posts\/46744","targetHints":{"allow":["GET"]}}],"collection":[{"href":"https:\/\/www.igssgt.org\/noticias\/wp-json\/wp\/v2\/posts"}],"about":[{"href":"https:\/\/www.igssgt.org\/noticias\/wp-json\/wp\/v2\/types\/post"}],"author":[{"embeddable":true,"href":"https:\/\/www.igssgt.org\/noticias\/wp-json\/wp\/v2\/users\/3269"}],"replies":[{"embeddable":true,"href":"https:\/\/www.igssgt.org\/noticias\/wp-json\/wp\/v2\/comments?post=46744"}],"version-history":[{"count":1,"href":"https:\/\/www.igssgt.org\/noticias\/wp-json\/wp\/v2\/posts\/46744\/revisions"}],"predecessor-version":[{"id":46756,"href":"https:\/\/www.igssgt.org\/noticias\/wp-json\/wp\/v2\/posts\/46744\/revisions\/46756"}],"wp:featuredmedia":[{"embeddable":true,"href":"https:\/\/www.igssgt.org\/noticias\/wp-json\/wp\/v2\/media\/46745"}],"wp:attachment":[{"href":"https:\/\/www.igssgt.org\/noticias\/wp-json\/wp\/v2\/media?parent=46744"}],"wp:term":[{"taxonomy":"category","embeddable":true,"href":"https:\/\/www.igssgt.org\/noticias\/wp-json\/wp\/v2\/categories?post=46744"},{"taxonomy":"post_tag","embeddable":true,"href":"https:\/\/www.igssgt.org\/noticias\/wp-json\/wp\/v2\/tags?post=46744"},{"taxonomy":"author","embeddable":true,"href":"https:\/\/www.igssgt.org\/noticias\/wp-json\/wp\/v2\/coauthors?post=46744"}],"curies":[{"name":"wp","href":"https:\/\/api.w.org\/{rel}","templated":true}]}}