{"id":4675,"date":"2018-04-25T10:00:51","date_gmt":"2018-04-25T16:00:51","guid":{"rendered":"http:\/\/noticias.igssgt.org\/?p=4675"},"modified":"2018-04-25T10:00:51","modified_gmt":"2018-04-25T16:00:51","slug":"unidos-contra-el-maltrato-infantil-especialistas-del-igss-estan-capacitados-para-detectar-y-denunciar-este-flagelo","status":"publish","type":"post","link":"https:\/\/www.igssgt.org\/noticias\/2018\/04\/25\/unidos-contra-el-maltrato-infantil-especialistas-del-igss-estan-capacitados-para-detectar-y-denunciar-este-flagelo\/","title":{"rendered":"Unidos contra el Maltrato Infantil: Especialistas del IGSS est\u00e1n capacitados para detectar y denunciar este flagelo."},"content":{"rendered":"<p><a href=\"\/noticias\/wp-content\/uploads\/sites\/5\/2018\/04\/Unidos-contra-el-maltrato-infantil-IGSS-2018-6.jpg\"><img loading=\"lazy\" decoding=\"async\" class=\"alignnone size-full wp-image-4681\" src=\"\/noticias\/wp-content\/uploads\/sites\/5\/2018\/04\/Unidos-contra-el-maltrato-infantil-IGSS-2018-6.jpg\" alt=\"\" width=\"2048\" height=\"1102\" srcset=\"\/wp-content\/uploads\/sites\/5\/2018\/04\/Unidos-contra-el-maltrato-infantil-IGSS-2018-6.jpg 2048w, \/wp-content\/uploads\/sites\/5\/2018\/04\/Unidos-contra-el-maltrato-infantil-IGSS-2018-6-1536x827.jpg 1536w, \/wp-content\/uploads\/sites\/5\/2018\/04\/Unidos-contra-el-maltrato-infantil-IGSS-2018-6-300x161.jpg 300w, \/wp-content\/uploads\/sites\/5\/2018\/04\/Unidos-contra-el-maltrato-infantil-IGSS-2018-6-768x413.jpg 768w, \/wp-content\/uploads\/sites\/5\/2018\/04\/Unidos-contra-el-maltrato-infantil-IGSS-2018-6-1024x551.jpg 1024w, \/wp-content\/uploads\/sites\/5\/2018\/04\/Unidos-contra-el-maltrato-infantil-IGSS-2018-6-781x420.jpg 781w, \/wp-content\/uploads\/sites\/5\/2018\/04\/Unidos-contra-el-maltrato-infantil-IGSS-2018-6-696x375.jpg 696w, \/wp-content\/uploads\/sites\/5\/2018\/04\/Unidos-contra-el-maltrato-infantil-IGSS-2018-6-1068x575.jpg 1068w, \/wp-content\/uploads\/sites\/5\/2018\/04\/Unidos-contra-el-maltrato-infantil-IGSS-2018-6-534x287.jpg 534w, \/wp-content\/uploads\/sites\/5\/2018\/04\/Unidos-contra-el-maltrato-infantil-IGSS-2018-6-1920x1033.jpg 1920w\" sizes=\"auto, (max-width: 2048px) 100vw, 2048px\" \/><\/a><\/p>\n<p>En el marco del D\u00eda Internacional de la Lucha contra el Maltrato Infantil, el Seguro Social, a trav\u00e9s de sus Comit\u00e9s de Prevenci\u00f3n y Tratamiento del Maltrato Infantil, se une a esta conmemoraci\u00f3n, instituida para promover cada 25 de abril a nivel mundial el respeto y cumplimiento de los derechos de los ni\u00f1os.<\/p>\n<p>Los Comit\u00e9s est\u00e1n conformados por un equipo multidisciplinario: un pediatra, un psic\u00f3logo, una trabajadora social y un enfermero graduado. El Instituto brinda capacitaci\u00f3n a todo el personal que ingresa a los hospitales y unidades, como m\u00e9dicos, param\u00e9dicos, residentes y estudiantes de pregrado que se encuentran brindando atenci\u00f3n en \u00e1reas como cl\u00ednicas, emergencia, encamamiento e intensivo, explic\u00f3 la doctora Ana Ortiz, directora del Hospital General de Enfermedades, Zona 9.<\/p>\n<p>\u201cEl contar con distintos especialistas ayuda a enriquecer el trato especializado a los ni\u00f1os, a quienes a despu\u00e9s de obtener resultados de los estudios realizados llegamos a un consenso para determinar el tipo de agresi\u00f3n que atraves\u00f3 el paciente. Posteriormente el IGSS incluye como prioridad la atenci\u00f3n\u00a0 psicol\u00f3gica y f\u00edsica, y visita domiciliaria\u201d, dijo el doctor Hilmar Larios Villagr\u00e1n, coordinador del Comit\u00e9.<\/p>\n<blockquote><p>\u201cToda persona afiliada o derechohabiente que detecte un caso sospechoso de maltrato puede abocarse a su perif\u00e9rica para ser registrado en el protocolo del Comit\u00e9\u201d, indica el Dr. Larios.<\/p><\/blockquote>\n<p>El maltrato infantil puede ser m\u00faltiple, entre estos se encuentran: f\u00edsico, emocional, psicol\u00f3gico, fetal y s\u00edndrome de abandono explic\u00f3 \u00a0el doctor Larios, quien destac\u00f3 que el punto clave para impedir el maltrato infantil es la prevenci\u00f3n, que consiste en hacer la denuncia al detectar un caso sospechoso.<\/p>\n<p>La licenciada Carolina Coloma, psic\u00f3loga del Comit\u00e9, dio a conocer el registro de casos atendidos en el Hospital General de Enfermedades, Zona 9. Este a\u00f1o han sido atendidos por quemaduras de segundo grado 4 ni\u00f1os, por sospecha de agresi\u00f3n f\u00edsica 7 y sospecha de abuso sexual 6, en total 8 ni\u00f1os y 9 ni\u00f1as.<\/p>\n<p>En 2017, por quemaduras de segundo grado 21, sospecha de agresi\u00f3n f\u00edsica 18 y sospecha de abuso sexual 25, de estos 45 son ni\u00f1os y 19 ni\u00f1as.<\/p>\n<p>Los casos mencionados son provenientes de los departamentos de Guatemala, Suchitep\u00e9quez, Chimaltenango, Zacapa, Escuintla, Santa Rosa, Sacatep\u00e9quez, San Marcos, El Progreso, Quich\u00e9, Jutiapa, Jalapa, Alta Verapaz\u00a0 y Baja Verapaz.\u00a0 El equipo multidisciplinario le brinda atenci\u00f3n especializada tanto a los ni\u00f1os como a los padres para informarles c\u00f3mo manejar la situaci\u00f3n.<\/p>\n<p>El IGSS, seg\u00fan la Ley de Protecci\u00f3n Integral de la Ni\u00f1ez y Adolescencia (PINA), debe hacer ante el Instituto Nacional de Ciencias Forenses, Ministerio Publico, Procuradur\u00eda General de la Naci\u00f3n y Derechos Humanos las denuncias sobre casos sospechosos de maltrato infantil. Las denuncias se hacen en 24 horas, con personal del Seguro Social altamente capacitado.<\/p>\n<p>\u201cToda persona afiliada o derechohabiente que detecte un caso sospechoso de maltrato puede abocarse a su perif\u00e9rica para ser registrado en el protocolo del Comit\u00e9\u201d, indica Larios.<\/p>\n\r\n                <style type=\"text\/css\">\r\n                    \r\n                    #tdi_1  .td-doubleSlider-2 .td-item1 {\r\n                        background: url(\/wp-content\/uploads\/sites\/5\/2018\/04\/Unidos-contra-el-maltrato-infantil-IGSS-2018-5-80x60.jpg) 0 0 no-repeat;\r\n                    }\r\n                    #tdi_1  .td-doubleSlider-2 .td-item2 {\r\n                        background: url(\/wp-content\/uploads\/sites\/5\/2018\/04\/Unidos-contra-el-maltrato-infantil-IGSS-2018-2-80x60.jpg) 0 0 no-repeat;\r\n                    }\r\n                    #tdi_1  .td-doubleSlider-2 .td-item3 {\r\n                        background: url(\/wp-content\/uploads\/sites\/5\/2018\/04\/Unidos-contra-el-maltrato-infantil-IGSS-2018-3-80x60.jpg) 0 0 no-repeat;\r\n                    }\r\n                    #tdi_1  .td-doubleSlider-2 .td-item4 {\r\n                        background: url(\/wp-content\/uploads\/sites\/5\/2018\/04\/Unidos-contra-el-maltrato-infantil-IGSS-2018-4-80x60.jpg) 0 0 no-repeat;\r\n                    }\r\n                    #tdi_1  .td-doubleSlider-2 .td-item5 {\r\n                        background: url(\/wp-content\/uploads\/sites\/5\/2018\/04\/Unidos-contra-el-maltrato-infantil-IGSS-2018-6-80x60.jpg) 0 0 no-repeat;\r\n                    }\r\n                    #tdi_1  .td-doubleSlider-2 .td-item6 {\r\n                        background: url(\/wp-content\/uploads\/sites\/5\/2018\/04\/Unidos-contra-el-maltrato-infantil-IGSS-2018-1-80x60.jpg) 0 0 no-repeat;\r\n                    }\r\n                    #tdi_1  .td-doubleSlider-2 .td-item7 {\r\n                        background: url(\/wp-content\/uploads\/sites\/5\/2018\/04\/Unidos-contra-el-maltrato-infantil-IGSS-2018-7-80x60.jpg) 0 0 no-repeat;\r\n                    }\r\n                <\/style>\r\n\r\n                <div id=\"tdi_1\" class=\"td-gallery td-slide-on-2-columns\">\r\n                    <div class=\"post_td_gallery\">\r\n                        <div class=\"td-gallery-slide-top\">\r\n                           <div class=\"td-gallery-title\"><\/div>\r\n\r\n                            <div class=\"td-gallery-controls-wrapper\">\r\n                                <div class=\"td-gallery-slide-count\"><span class=\"td-gallery-slide-item-focus\">1<\/span> de 7<\/div>\r\n                                <div class=\"td-gallery-slide-prev-next-but\">\r\n                                    <i class = \"td-icon-left doubleSliderPrevButton\"><\/i>\r\n                                    <i class = \"td-icon-right doubleSliderNextButton\"><\/i>\r\n                                <\/div>\r\n                            <\/div>\r\n                        <\/div>\r\n\r\n                        <div class = \"td-doubleSlider-1 \">\r\n                            <div class = \"td-slider\">\r\n                                \r\n                    <div class = \"td-slide-item td-item1\">\r\n                        <figure class=\"td-slide-galery-figure td-slide-popup-gallery\">\r\n                            <a class=\"slide-gallery-image-link\" href=\"\/wp-content\/uploads\/sites\/5\/2018\/04\/Unidos-contra-el-maltrato-infantil-IGSS-2018-5.jpg\" title=\"Unidos contra el maltrato infantil IGSS 2018-5\"  data-caption=\"\"  data-description=\"\">\r\n                                <img decoding=\"async\" src=\"\/wp-content\/uploads\/sites\/5\/2018\/04\/Unidos-contra-el-maltrato-infantil-IGSS-2018-5-674x420.jpg\" srcset=\"\/wp-content\/uploads\/sites\/5\/2018\/04\/Unidos-contra-el-maltrato-infantil-IGSS-2018-5-674x420.jpg 674w, \/wp-content\/uploads\/sites\/5\/2018\/04\/Unidos-contra-el-maltrato-infantil-IGSS-2018-5-1536x958.jpg 1536w, \/wp-content\/uploads\/sites\/5\/2018\/04\/Unidos-contra-el-maltrato-infantil-IGSS-2018-5-300x187.jpg 300w, \/wp-content\/uploads\/sites\/5\/2018\/04\/Unidos-contra-el-maltrato-infantil-IGSS-2018-5-768x479.jpg 768w, \/wp-content\/uploads\/sites\/5\/2018\/04\/Unidos-contra-el-maltrato-infantil-IGSS-2018-5-1024x639.jpg 1024w, \/wp-content\/uploads\/sites\/5\/2018\/04\/Unidos-contra-el-maltrato-infantil-IGSS-2018-5-696x434.jpg 696w, \/wp-content\/uploads\/sites\/5\/2018\/04\/Unidos-contra-el-maltrato-infantil-IGSS-2018-5-1068x666.jpg 1068w, \/wp-content\/uploads\/sites\/5\/2018\/04\/Unidos-contra-el-maltrato-infantil-IGSS-2018-5-534x333.jpg 534w, \/wp-content\/uploads\/sites\/5\/2018\/04\/Unidos-contra-el-maltrato-infantil-IGSS-2018-5-1920x1197.jpg 1920w, \/wp-content\/uploads\/sites\/5\/2018\/04\/Unidos-contra-el-maltrato-infantil-IGSS-2018-5.jpg 2048w\" sizes=\"(max-width: 674px) 100vw, 674px\" alt=\"\">\r\n                            <\/a>\r\n                            \r\n                        <\/figure>\r\n                    <\/div>\r\n                    <div class = \"td-slide-item td-item2\">\r\n                        <figure class=\"td-slide-galery-figure td-slide-popup-gallery\">\r\n                            <a class=\"slide-gallery-image-link\" href=\"\/wp-content\/uploads\/sites\/5\/2018\/04\/Unidos-contra-el-maltrato-infantil-IGSS-2018-2.jpg\" title=\"Unidos contra el maltrato infantil IGSS 2018-2\"  data-caption=\"\"  data-description=\"\">\r\n                                <img decoding=\"async\" src=\"\/wp-content\/uploads\/sites\/5\/2018\/04\/Unidos-contra-el-maltrato-infantil-IGSS-2018-2-560x420.jpg\" srcset=\"\/wp-content\/uploads\/sites\/5\/2018\/04\/Unidos-contra-el-maltrato-infantil-IGSS-2018-2-560x420.jpg 560w, \/wp-content\/uploads\/sites\/5\/2018\/04\/Unidos-contra-el-maltrato-infantil-IGSS-2018-2-300x225.jpg 300w, \/wp-content\/uploads\/sites\/5\/2018\/04\/Unidos-contra-el-maltrato-infantil-IGSS-2018-2-768x576.jpg 768w, \/wp-content\/uploads\/sites\/5\/2018\/04\/Unidos-contra-el-maltrato-infantil-IGSS-2018-2-1024x768.jpg 1024w, \/wp-content\/uploads\/sites\/5\/2018\/04\/Unidos-contra-el-maltrato-infantil-IGSS-2018-2-80x60.jpg 80w, \/wp-content\/uploads\/sites\/5\/2018\/04\/Unidos-contra-el-maltrato-infantil-IGSS-2018-2-696x522.jpg 696w, \/wp-content\/uploads\/sites\/5\/2018\/04\/Unidos-contra-el-maltrato-infantil-IGSS-2018-2-1068x801.jpg 1068w, \/wp-content\/uploads\/sites\/5\/2018\/04\/Unidos-contra-el-maltrato-infantil-IGSS-2018-2-265x198.jpg 265w, \/wp-content\/uploads\/sites\/5\/2018\/04\/Unidos-contra-el-maltrato-infantil-IGSS-2018-2-534x401.jpg 534w, \/wp-content\/uploads\/sites\/5\/2018\/04\/Unidos-contra-el-maltrato-infantil-IGSS-2018-2.jpg 1280w\" sizes=\"(max-width: 560px) 100vw, 560px\" alt=\"\">\r\n                            <\/a>\r\n                            \r\n                        <\/figure>\r\n                    <\/div>\r\n                    <div class = \"td-slide-item td-item3\">\r\n                        <figure class=\"td-slide-galery-figure td-slide-popup-gallery\">\r\n                            <a class=\"slide-gallery-image-link\" href=\"\/wp-content\/uploads\/sites\/5\/2018\/04\/Unidos-contra-el-maltrato-infantil-IGSS-2018-3.jpg\" title=\"Unidos contra el maltrato infantil IGSS 2018-3\"  data-caption=\"\"  data-description=\"\">\r\n                                <img decoding=\"async\" src=\"\/wp-content\/uploads\/sites\/5\/2018\/04\/Unidos-contra-el-maltrato-infantil-IGSS-2018-3-720x420.jpg\" srcset=\"\/wp-content\/uploads\/sites\/5\/2018\/04\/Unidos-contra-el-maltrato-infantil-IGSS-2018-3-720x420.jpg 720w, \/wp-content\/uploads\/sites\/5\/2018\/04\/Unidos-contra-el-maltrato-infantil-IGSS-2018-3-1536x896.jpg 1536w, \/wp-content\/uploads\/sites\/5\/2018\/04\/Unidos-contra-el-maltrato-infantil-IGSS-2018-3-300x175.jpg 300w, \/wp-content\/uploads\/sites\/5\/2018\/04\/Unidos-contra-el-maltrato-infantil-IGSS-2018-3-768x448.jpg 768w, \/wp-content\/uploads\/sites\/5\/2018\/04\/Unidos-contra-el-maltrato-infantil-IGSS-2018-3-1024x598.jpg 1024w, \/wp-content\/uploads\/sites\/5\/2018\/04\/Unidos-contra-el-maltrato-infantil-IGSS-2018-3-696x406.jpg 696w, \/wp-content\/uploads\/sites\/5\/2018\/04\/Unidos-contra-el-maltrato-infantil-IGSS-2018-3-1068x623.jpg 1068w, \/wp-content\/uploads\/sites\/5\/2018\/04\/Unidos-contra-el-maltrato-infantil-IGSS-2018-3-534x312.jpg 534w, \/wp-content\/uploads\/sites\/5\/2018\/04\/Unidos-contra-el-maltrato-infantil-IGSS-2018-3-1920x1120.jpg 1920w, \/wp-content\/uploads\/sites\/5\/2018\/04\/Unidos-contra-el-maltrato-infantil-IGSS-2018-3.jpg 2048w\" sizes=\"(max-width: 720px) 100vw, 720px\" alt=\"\">\r\n                            <\/a>\r\n                            \r\n                        <\/figure>\r\n                    <\/div>\r\n                    <div class = \"td-slide-item td-item4\">\r\n                        <figure class=\"td-slide-galery-figure td-slide-popup-gallery\">\r\n                            <a class=\"slide-gallery-image-link\" href=\"\/wp-content\/uploads\/sites\/5\/2018\/04\/Unidos-contra-el-maltrato-infantil-IGSS-2018-4.jpg\" title=\"Unidos contra el maltrato infantil IGSS 2018-4\"  data-caption=\"\"  data-description=\"\">\r\n                                <img decoding=\"async\" src=\"\/wp-content\/uploads\/sites\/5\/2018\/04\/Unidos-contra-el-maltrato-infantil-IGSS-2018-4-601x420.jpg\" srcset=\"\/wp-content\/uploads\/sites\/5\/2018\/04\/Unidos-contra-el-maltrato-infantil-IGSS-2018-4-601x420.jpg 601w, \/wp-content\/uploads\/sites\/5\/2018\/04\/Unidos-contra-el-maltrato-infantil-IGSS-2018-4-1536x1074.jpg 1536w, \/wp-content\/uploads\/sites\/5\/2018\/04\/Unidos-contra-el-maltrato-infantil-IGSS-2018-4-300x210.jpg 300w, \/wp-content\/uploads\/sites\/5\/2018\/04\/Unidos-contra-el-maltrato-infantil-IGSS-2018-4-768x537.jpg 768w, \/wp-content\/uploads\/sites\/5\/2018\/04\/Unidos-contra-el-maltrato-infantil-IGSS-2018-4-1024x716.jpg 1024w, \/wp-content\/uploads\/sites\/5\/2018\/04\/Unidos-contra-el-maltrato-infantil-IGSS-2018-4-696x487.jpg 696w, \/wp-content\/uploads\/sites\/5\/2018\/04\/Unidos-contra-el-maltrato-infantil-IGSS-2018-4-1068x747.jpg 1068w, \/wp-content\/uploads\/sites\/5\/2018\/04\/Unidos-contra-el-maltrato-infantil-IGSS-2018-4-100x70.jpg 100w, \/wp-content\/uploads\/sites\/5\/2018\/04\/Unidos-contra-el-maltrato-infantil-IGSS-2018-4-534x373.jpg 534w, \/wp-content\/uploads\/sites\/5\/2018\/04\/Unidos-contra-el-maltrato-infantil-IGSS-2018-4-1920x1343.jpg 1920w, \/wp-content\/uploads\/sites\/5\/2018\/04\/Unidos-contra-el-maltrato-infantil-IGSS-2018-4.jpg 2048w\" sizes=\"(max-width: 601px) 100vw, 601px\" alt=\"\">\r\n                            <\/a>\r\n                            \r\n                        <\/figure>\r\n                    <\/div>\r\n                    <div class = \"td-slide-item td-item5\">\r\n                        <figure class=\"td-slide-galery-figure td-slide-popup-gallery\">\r\n                            <a class=\"slide-gallery-image-link\" href=\"\/wp-content\/uploads\/sites\/5\/2018\/04\/Unidos-contra-el-maltrato-infantil-IGSS-2018-6.jpg\" title=\"Unidos contra el maltrato infantil IGSS 2018-6\"  data-caption=\"\"  data-description=\"\">\r\n                                <img decoding=\"async\" src=\"\/wp-content\/uploads\/sites\/5\/2018\/04\/Unidos-contra-el-maltrato-infantil-IGSS-2018-6-781x420.jpg\" srcset=\"\/wp-content\/uploads\/sites\/5\/2018\/04\/Unidos-contra-el-maltrato-infantil-IGSS-2018-6-781x420.jpg 781w, \/wp-content\/uploads\/sites\/5\/2018\/04\/Unidos-contra-el-maltrato-infantil-IGSS-2018-6-1536x827.jpg 1536w, \/wp-content\/uploads\/sites\/5\/2018\/04\/Unidos-contra-el-maltrato-infantil-IGSS-2018-6-300x161.jpg 300w, \/wp-content\/uploads\/sites\/5\/2018\/04\/Unidos-contra-el-maltrato-infantil-IGSS-2018-6-768x413.jpg 768w, \/wp-content\/uploads\/sites\/5\/2018\/04\/Unidos-contra-el-maltrato-infantil-IGSS-2018-6-1024x551.jpg 1024w, \/wp-content\/uploads\/sites\/5\/2018\/04\/Unidos-contra-el-maltrato-infantil-IGSS-2018-6-696x375.jpg 696w, \/wp-content\/uploads\/sites\/5\/2018\/04\/Unidos-contra-el-maltrato-infantil-IGSS-2018-6-1068x575.jpg 1068w, \/wp-content\/uploads\/sites\/5\/2018\/04\/Unidos-contra-el-maltrato-infantil-IGSS-2018-6-534x287.jpg 534w, \/wp-content\/uploads\/sites\/5\/2018\/04\/Unidos-contra-el-maltrato-infantil-IGSS-2018-6-1920x1033.jpg 1920w, \/wp-content\/uploads\/sites\/5\/2018\/04\/Unidos-contra-el-maltrato-infantil-IGSS-2018-6.jpg 2048w\" sizes=\"(max-width: 781px) 100vw, 781px\" alt=\"\">\r\n                            <\/a>\r\n                            \r\n                        <\/figure>\r\n                    <\/div>\r\n                    <div class = \"td-slide-item td-item6\">\r\n                        <figure class=\"td-slide-galery-figure td-slide-popup-gallery\">\r\n                            <a class=\"slide-gallery-image-link\" href=\"\/wp-content\/uploads\/sites\/5\/2018\/04\/Unidos-contra-el-maltrato-infantil-IGSS-2018-1.jpg\" title=\"Unidos contra el maltrato infantil IGSS 2018-1\"  data-caption=\"\"  data-description=\"\">\r\n                                <img decoding=\"async\" src=\"\/wp-content\/uploads\/sites\/5\/2018\/04\/Unidos-contra-el-maltrato-infantil-IGSS-2018-1-711x420.jpg\" srcset=\"\/wp-content\/uploads\/sites\/5\/2018\/04\/Unidos-contra-el-maltrato-infantil-IGSS-2018-1-711x420.jpg 711w, \/wp-content\/uploads\/sites\/5\/2018\/04\/Unidos-contra-el-maltrato-infantil-IGSS-2018-1-1536x907.jpg 1536w, \/wp-content\/uploads\/sites\/5\/2018\/04\/Unidos-contra-el-maltrato-infantil-IGSS-2018-1-300x177.jpg 300w, \/wp-content\/uploads\/sites\/5\/2018\/04\/Unidos-contra-el-maltrato-infantil-IGSS-2018-1-768x453.jpg 768w, \/wp-content\/uploads\/sites\/5\/2018\/04\/Unidos-contra-el-maltrato-infantil-IGSS-2018-1-1024x605.jpg 1024w, \/wp-content\/uploads\/sites\/5\/2018\/04\/Unidos-contra-el-maltrato-infantil-IGSS-2018-1-696x411.jpg 696w, \/wp-content\/uploads\/sites\/5\/2018\/04\/Unidos-contra-el-maltrato-infantil-IGSS-2018-1-1068x630.jpg 1068w, \/wp-content\/uploads\/sites\/5\/2018\/04\/Unidos-contra-el-maltrato-infantil-IGSS-2018-1-534x315.jpg 534w, \/wp-content\/uploads\/sites\/5\/2018\/04\/Unidos-contra-el-maltrato-infantil-IGSS-2018-1-1920x1133.jpg 1920w, \/wp-content\/uploads\/sites\/5\/2018\/04\/Unidos-contra-el-maltrato-infantil-IGSS-2018-1.jpg 2048w\" sizes=\"(max-width: 711px) 100vw, 711px\" alt=\"\">\r\n                            <\/a>\r\n                            \r\n                        <\/figure>\r\n                    <\/div>\r\n                    <div class = \"td-slide-item td-item7\">\r\n                        <figure class=\"td-slide-galery-figure td-slide-popup-gallery\">\r\n                            <a class=\"slide-gallery-image-link\" href=\"\/wp-content\/uploads\/sites\/5\/2018\/04\/Unidos-contra-el-maltrato-infantil-IGSS-2018-7.jpg\" title=\"Unidos contra el maltrato infantil IGSS 2018-7\"  data-caption=\"\"  data-description=\"\">\r\n                                <img decoding=\"async\" src=\"\/wp-content\/uploads\/sites\/5\/2018\/04\/Unidos-contra-el-maltrato-infantil-IGSS-2018-7-594x420.jpg\" srcset=\"\/wp-content\/uploads\/sites\/5\/2018\/04\/Unidos-contra-el-maltrato-infantil-IGSS-2018-7-594x420.jpg 594w, \/wp-content\/uploads\/sites\/5\/2018\/04\/Unidos-contra-el-maltrato-infantil-IGSS-2018-7-1536x1087.jpg 1536w, \/wp-content\/uploads\/sites\/5\/2018\/04\/Unidos-contra-el-maltrato-infantil-IGSS-2018-7-300x212.jpg 300w, \/wp-content\/uploads\/sites\/5\/2018\/04\/Unidos-contra-el-maltrato-infantil-IGSS-2018-7-768x543.jpg 768w, \/wp-content\/uploads\/sites\/5\/2018\/04\/Unidos-contra-el-maltrato-infantil-IGSS-2018-7-1024x725.jpg 1024w, \/wp-content\/uploads\/sites\/5\/2018\/04\/Unidos-contra-el-maltrato-infantil-IGSS-2018-7-696x492.jpg 696w, \/wp-content\/uploads\/sites\/5\/2018\/04\/Unidos-contra-el-maltrato-infantil-IGSS-2018-7-1068x756.jpg 1068w, \/wp-content\/uploads\/sites\/5\/2018\/04\/Unidos-contra-el-maltrato-infantil-IGSS-2018-7-100x70.jpg 100w, \/wp-content\/uploads\/sites\/5\/2018\/04\/Unidos-contra-el-maltrato-infantil-IGSS-2018-7-534x378.jpg 534w, \/wp-content\/uploads\/sites\/5\/2018\/04\/Unidos-contra-el-maltrato-infantil-IGSS-2018-7.jpg 2048w\" sizes=\"(max-width: 594px) 100vw, 594px\" alt=\"\">\r\n                            <\/a>\r\n                            \r\n                        <\/figure>\r\n                    <\/div>\r\n                            <\/div>\r\n                        <\/div>\r\n\r\n                        <div class = \"td-doubleSlider-2\">\r\n                            <div class = \"td-slider\">\r\n                                \r\n                    <div class = \"td-button td-item1\">\r\n                        <div class = \"td-border\"><\/div>\r\n                    <\/div>\r\n                    <div class = \"td-button td-item2\">\r\n                        <div class = \"td-border\"><\/div>\r\n                    <\/div>\r\n                    <div class = \"td-button td-item3\">\r\n                        <div class = \"td-border\"><\/div>\r\n                    <\/div>\r\n                    <div class = \"td-button td-item4\">\r\n                        <div class = \"td-border\"><\/div>\r\n                    <\/div>\r\n                    <div class = \"td-button td-item5\">\r\n                        <div class = \"td-border\"><\/div>\r\n                    <\/div>\r\n                    <div class = \"td-button td-item6\">\r\n                        <div class = \"td-border\"><\/div>\r\n                    <\/div>\r\n                    <div class = \"td-button td-item7\">\r\n                        <div class = \"td-border\"><\/div>\r\n                    <\/div>\r\n                            <\/div>\r\n                        <\/div>\r\n\r\n                    <\/div>\r\n\r\n                <\/div>\r\n                \n<hr \/>\n<p>&nbsp;<\/p>\n","protected":false},"excerpt":{"rendered":"<p>En el marco del D\u00eda Internacional de la Lucha contra el Maltrato Infantil, el Seguro Social, a trav\u00e9s de sus Comit\u00e9s de Prevenci\u00f3n y Tratamiento del Maltrato Infantil, se une a esta conmemoraci\u00f3n, instituida para promover cada 25 de abril a nivel mundial el respeto y cumplimiento de los derechos de los ni\u00f1os. Los Comit\u00e9s [&hellip;]<\/p>\n","protected":false},"author":4,"featured_media":4682,"comment_status":"open","ping_status":"open","sticky":false,"template":"","format":"standard","meta":{"footnotes":""},"categories":[3,24,29],"tags":[294,352,481,490,617],"coauthors":[],"class_list":{"0":"post-4675","1":"post","2":"type-post","3":"status-publish","4":"format-standard","5":"has-post-thumbnail","7":"category-actualidad","8":"category-pediatria","9":"category-publicaciones","10":"tag-dr-hilmar-larios","11":"tag-dra-ana-marilyn-ortiz","12":"tag-hospital-general-de-enfermedades","13":"tag-igss","14":"tag-maltrato-infantil"},"_links":{"self":[{"href":"https:\/\/www.igssgt.org\/noticias\/wp-json\/wp\/v2\/posts\/4675","targetHints":{"allow":["GET"]}}],"collection":[{"href":"https:\/\/www.igssgt.org\/noticias\/wp-json\/wp\/v2\/posts"}],"about":[{"href":"https:\/\/www.igssgt.org\/noticias\/wp-json\/wp\/v2\/types\/post"}],"author":[{"embeddable":true,"href":"https:\/\/www.igssgt.org\/noticias\/wp-json\/wp\/v2\/users\/4"}],"replies":[{"embeddable":true,"href":"https:\/\/www.igssgt.org\/noticias\/wp-json\/wp\/v2\/comments?post=4675"}],"version-history":[{"count":0,"href":"https:\/\/www.igssgt.org\/noticias\/wp-json\/wp\/v2\/posts\/4675\/revisions"}],"wp:featuredmedia":[{"embeddable":true,"href":"https:\/\/www.igssgt.org\/noticias\/wp-json\/wp\/v2\/media\/4682"}],"wp:attachment":[{"href":"https:\/\/www.igssgt.org\/noticias\/wp-json\/wp\/v2\/media?parent=4675"}],"wp:term":[{"taxonomy":"category","embeddable":true,"href":"https:\/\/www.igssgt.org\/noticias\/wp-json\/wp\/v2\/categories?post=4675"},{"taxonomy":"post_tag","embeddable":true,"href":"https:\/\/www.igssgt.org\/noticias\/wp-json\/wp\/v2\/tags?post=4675"},{"taxonomy":"author","embeddable":true,"href":"https:\/\/www.igssgt.org\/noticias\/wp-json\/wp\/v2\/coauthors?post=4675"}],"curies":[{"name":"wp","href":"https:\/\/api.w.org\/{rel}","templated":true}]}}