{"id":46777,"date":"2025-03-06T06:17:00","date_gmt":"2025-03-06T12:17:00","guid":{"rendered":"https:\/\/www.igssgt.org\/noticias\/?p=46777"},"modified":"2025-03-10T12:28:05","modified_gmt":"2025-03-10T18:28:05","slug":"realizan-cirugias-pediatricas-de-otorrinolaringologia-en-hospital-de-especialidades-quirurgicas-tecun-uman","status":"publish","type":"post","link":"https:\/\/www.igssgt.org\/noticias\/2025\/03\/06\/realizan-cirugias-pediatricas-de-otorrinolaringologia-en-hospital-de-especialidades-quirurgicas-tecun-uman\/","title":{"rendered":"Realizan Cirug\u00edas Pedi\u00e1tricas de Otorrinolaringolog\u00eda en Hospital de Especialidades Quir\u00fargicas Tec\u00fan Um\u00e1n"},"content":{"rendered":"\n<p class=\"has-drop-cap\">La jornada se llev\u00f3 a cabo la semana del 17 al 21 de febrero dirigida a pacientes con patolog\u00edas comunes del o\u00eddo, nariz y garganta, como am\u00edgdalas inflamadas, p\u00f3lipos nasales, trastornos de la audici\u00f3n y problemas respiratorios cr\u00f3nicos.<\/p>\n\n\n<p>El formato de cirug\u00eda ambulatoria, donde los pacientes son dados de alta el mismo d\u00eda de la operaci\u00f3n, ha demostrado ser una soluci\u00f3n eficaz para agilizar los procesos y reducir la carga en los quir\u00f3fanos tradicionales.<\/p>\n<figure id=\"attachment_46779\" aria-describedby=\"caption-attachment-46779\" style=\"width: 707px\" class=\"wp-caption alignnone\"><img loading=\"lazy\" decoding=\"async\" class=\"wp-image-46779\" src=\"\/wp-content\/uploads\/sites\/5\/2025\/03\/IGSS-Hospital-General-de-Enfermedades-Jornada-Otorrino-Pediatrica-2025-1-300x225.jpg\" alt=\"\" width=\"707\" height=\"530\" srcset=\"\/wp-content\/uploads\/sites\/5\/2025\/03\/IGSS-Hospital-General-de-Enfermedades-Jornada-Otorrino-Pediatrica-2025-1-300x225.jpg 300w, \/wp-content\/uploads\/sites\/5\/2025\/03\/IGSS-Hospital-General-de-Enfermedades-Jornada-Otorrino-Pediatrica-2025-1-1024x768.jpg 1024w, \/wp-content\/uploads\/sites\/5\/2025\/03\/IGSS-Hospital-General-de-Enfermedades-Jornada-Otorrino-Pediatrica-2025-1-768x576.jpg 768w, \/wp-content\/uploads\/sites\/5\/2025\/03\/IGSS-Hospital-General-de-Enfermedades-Jornada-Otorrino-Pediatrica-2025-1-1536x1152.jpg 1536w, \/wp-content\/uploads\/sites\/5\/2025\/03\/IGSS-Hospital-General-de-Enfermedades-Jornada-Otorrino-Pediatrica-2025-1-560x420.jpg 560w, \/wp-content\/uploads\/sites\/5\/2025\/03\/IGSS-Hospital-General-de-Enfermedades-Jornada-Otorrino-Pediatrica-2025-1-80x60.jpg 80w, \/wp-content\/uploads\/sites\/5\/2025\/03\/IGSS-Hospital-General-de-Enfermedades-Jornada-Otorrino-Pediatrica-2025-1-696x522.jpg 696w, \/wp-content\/uploads\/sites\/5\/2025\/03\/IGSS-Hospital-General-de-Enfermedades-Jornada-Otorrino-Pediatrica-2025-1-1068x801.jpg 1068w, \/wp-content\/uploads\/sites\/5\/2025\/03\/IGSS-Hospital-General-de-Enfermedades-Jornada-Otorrino-Pediatrica-2025-1-265x198.jpg 265w, \/wp-content\/uploads\/sites\/5\/2025\/03\/IGSS-Hospital-General-de-Enfermedades-Jornada-Otorrino-Pediatrica-2025-1-534x401.jpg 534w, \/wp-content\/uploads\/sites\/5\/2025\/03\/IGSS-Hospital-General-de-Enfermedades-Jornada-Otorrino-Pediatrica-2025-1.jpg 1600w\" sizes=\"auto, (max-width: 707px) 100vw, 707px\" \/><figcaption id=\"caption-attachment-46779\" class=\"wp-caption-text\">Los procedimientos fueron realizados por un equipo multidisciplinario conformado por otorrinolaring\u00f3logos, anestesi\u00f3logos y personal de enfermer\u00eda altamente calificado, lo que garantiza el \u00e9xito de estas jornadas quir\u00fargicas.<\/figcaption><\/figure>\n<p>El doctor Augusto Santizo Fi\u00f3n, Jefe de Servicio de Otorrinolaringolog\u00eda de la Unidad de Consulta Externa, coment\u00f3 que esta jornada quir\u00fargica fue dise\u00f1ada para atender a un gran n\u00famero de pacientes pedi\u00e1tricos en un tiempo corto, lo cual beneficia a los pacientes que est\u00e1n a la espera de ser intervenidos.<\/p>\n<p>\u00abLas jornadas de otorrinolaringolog\u00eda que realizamos cada ciertos meses han tenido una gran aceptaci\u00f3n. Este modelo de hospital de d\u00eda nos permite operar a un n\u00famero significativo de pacientes sin que tengan que pasar la noche en el hospital, lo que disminuye el riesgo de infecciones y facilita la recuperaci\u00f3n en casa\u00bb, afirm\u00f3 el doctor V\u00edctor Manuel Calder\u00f3n Kiesling, Jefe Segundo.<\/p>\n<figure id=\"attachment_46780\" aria-describedby=\"caption-attachment-46780\" style=\"width: 707px\" class=\"wp-caption alignnone\"><img loading=\"lazy\" decoding=\"async\" class=\"wp-image-46780\" src=\"\/wp-content\/uploads\/sites\/5\/2025\/03\/IGSS-Hospital-General-de-Enfermedades-Jornada-Otorrino-Pediatrica-2025-2-300x225.jpg\" alt=\"\" width=\"707\" height=\"530\" srcset=\"\/wp-content\/uploads\/sites\/5\/2025\/03\/IGSS-Hospital-General-de-Enfermedades-Jornada-Otorrino-Pediatrica-2025-2-300x225.jpg 300w, \/wp-content\/uploads\/sites\/5\/2025\/03\/IGSS-Hospital-General-de-Enfermedades-Jornada-Otorrino-Pediatrica-2025-2-1024x768.jpg 1024w, \/wp-content\/uploads\/sites\/5\/2025\/03\/IGSS-Hospital-General-de-Enfermedades-Jornada-Otorrino-Pediatrica-2025-2-768x576.jpg 768w, \/wp-content\/uploads\/sites\/5\/2025\/03\/IGSS-Hospital-General-de-Enfermedades-Jornada-Otorrino-Pediatrica-2025-2-1536x1152.jpg 1536w, \/wp-content\/uploads\/sites\/5\/2025\/03\/IGSS-Hospital-General-de-Enfermedades-Jornada-Otorrino-Pediatrica-2025-2-560x420.jpg 560w, \/wp-content\/uploads\/sites\/5\/2025\/03\/IGSS-Hospital-General-de-Enfermedades-Jornada-Otorrino-Pediatrica-2025-2-80x60.jpg 80w, \/wp-content\/uploads\/sites\/5\/2025\/03\/IGSS-Hospital-General-de-Enfermedades-Jornada-Otorrino-Pediatrica-2025-2-696x522.jpg 696w, \/wp-content\/uploads\/sites\/5\/2025\/03\/IGSS-Hospital-General-de-Enfermedades-Jornada-Otorrino-Pediatrica-2025-2-1068x801.jpg 1068w, \/wp-content\/uploads\/sites\/5\/2025\/03\/IGSS-Hospital-General-de-Enfermedades-Jornada-Otorrino-Pediatrica-2025-2-265x198.jpg 265w, \/wp-content\/uploads\/sites\/5\/2025\/03\/IGSS-Hospital-General-de-Enfermedades-Jornada-Otorrino-Pediatrica-2025-2-534x401.jpg 534w, \/wp-content\/uploads\/sites\/5\/2025\/03\/IGSS-Hospital-General-de-Enfermedades-Jornada-Otorrino-Pediatrica-2025-2.jpg 1600w\" sizes=\"auto, (max-width: 707px) 100vw, 707px\" \/><figcaption id=\"caption-attachment-46780\" class=\"wp-caption-text\">El hospital ha implementado rigurosos protocolos para asegurar que cada cirug\u00eda, en cuenta las ambulatorias, se realicen bajo las m\u00e1s estrictas condiciones sanitarias.<\/figcaption><\/figure>\n<p>El hospital ha implementado rigurosos protocolos de seguridad para que cada cirug\u00eda se realice bajo las m\u00e1s estrictas condiciones sanitarias. Los procedimientos son llevados a cabo por un equipo multidisciplinario de otorrinolaring\u00f3logos, anestesi\u00f3logos y personal de enfermer\u00eda altamente calificado, lo que garantiza el \u00e9xito de cada intervenci\u00f3n.<\/p>\n<p>El hospital ha confirmado que debido al \u00e9xito y la alta demanda de los pacientes, se est\u00e1n planificando m\u00e1s sesiones de este tipo en el futuro cercano, con el objetivo de continuar optimizando los tiempos de respuesta y elevando la calidad de atenci\u00f3n.<\/p>\n<figure id=\"attachment_46781\" aria-describedby=\"caption-attachment-46781\" style=\"width: 705px\" class=\"wp-caption alignnone\"><img loading=\"lazy\" decoding=\"async\" class=\"wp-image-46781\" src=\"\/wp-content\/uploads\/sites\/5\/2025\/03\/IGSS-Hospital-General-de-Enfermedades-Jornada-Otorrino-Pediatrica-2025-3-300x225.jpg\" alt=\"\" width=\"705\" height=\"529\" srcset=\"\/wp-content\/uploads\/sites\/5\/2025\/03\/IGSS-Hospital-General-de-Enfermedades-Jornada-Otorrino-Pediatrica-2025-3-300x225.jpg 300w, \/wp-content\/uploads\/sites\/5\/2025\/03\/IGSS-Hospital-General-de-Enfermedades-Jornada-Otorrino-Pediatrica-2025-3-1024x768.jpg 1024w, \/wp-content\/uploads\/sites\/5\/2025\/03\/IGSS-Hospital-General-de-Enfermedades-Jornada-Otorrino-Pediatrica-2025-3-768x576.jpg 768w, \/wp-content\/uploads\/sites\/5\/2025\/03\/IGSS-Hospital-General-de-Enfermedades-Jornada-Otorrino-Pediatrica-2025-3-1536x1152.jpg 1536w, \/wp-content\/uploads\/sites\/5\/2025\/03\/IGSS-Hospital-General-de-Enfermedades-Jornada-Otorrino-Pediatrica-2025-3-560x420.jpg 560w, \/wp-content\/uploads\/sites\/5\/2025\/03\/IGSS-Hospital-General-de-Enfermedades-Jornada-Otorrino-Pediatrica-2025-3-80x60.jpg 80w, \/wp-content\/uploads\/sites\/5\/2025\/03\/IGSS-Hospital-General-de-Enfermedades-Jornada-Otorrino-Pediatrica-2025-3-696x522.jpg 696w, \/wp-content\/uploads\/sites\/5\/2025\/03\/IGSS-Hospital-General-de-Enfermedades-Jornada-Otorrino-Pediatrica-2025-3-1068x801.jpg 1068w, \/wp-content\/uploads\/sites\/5\/2025\/03\/IGSS-Hospital-General-de-Enfermedades-Jornada-Otorrino-Pediatrica-2025-3-265x198.jpg 265w, \/wp-content\/uploads\/sites\/5\/2025\/03\/IGSS-Hospital-General-de-Enfermedades-Jornada-Otorrino-Pediatrica-2025-3-534x401.jpg 534w, \/wp-content\/uploads\/sites\/5\/2025\/03\/IGSS-Hospital-General-de-Enfermedades-Jornada-Otorrino-Pediatrica-2025-3.jpg 1600w\" sizes=\"auto, (max-width: 705px) 100vw, 705px\" \/><figcaption id=\"caption-attachment-46781\" class=\"wp-caption-text\">Una de las principales ventajas de este modelo es la reducci\u00f3n de la lista de espera para aquellos pacientes que necesitan tratamientos quir\u00fargicos no urgentes.<\/figcaption><\/figure>\n<p>Con este tipo de iniciativas, el Hospital General de Enfermedades en coordinaci\u00f3n con la Unidad de Especialidades Quir\u00fargicas no solo logra una mayor eficiencia en la atenci\u00f3n m\u00e9dica, sino que tambi\u00e9n pone de manifiesto su compromiso con el bienestar de los pacientes y la mejora constante de sus servicios.<\/p>\n<p>\u00a0<\/p>","protected":false},"excerpt":{"rendered":"<p>La jornada estuvo dirigida a pacientes con patolog\u00edas comunes del o\u00eddo, nariz y garganta, como am\u00edgdalas inflamadas, p\u00f3lipos nasales, trastornos de la audici\u00f3n y problemas respiratorios cr\u00f3nicos.<\/p>\n","protected":false},"author":3269,"featured_media":46778,"comment_status":"closed","ping_status":"closed","sticky":false,"template":"","format":"standard","meta":{"footnotes":""},"categories":[3,4,10,15,45,24,1291,27,31,33,36],"tags":[2049,490,533,687],"coauthors":[1970],"class_list":{"0":"post-46777","1":"post","2":"type-post","3":"status-publish","4":"format-standard","5":"has-post-thumbnail","7":"category-actualidad","8":"category-afiliados","9":"category-cirugias","10":"category-destacado","11":"category-jornadas-medicas","12":"category-pediatria","13":"category-prestaciones-en-salud","14":"category-prevencion-en-salud","15":"category-salud","16":"category-servicios-de-salud","17":"category-unidades-medicas","18":"tag-hospital-de-especialidades-quirurgicas-tecun-uman","19":"tag-igss","20":"tag-jornada-de-otorrinolaringologia","21":"tag-otorrinolaringologia"},"_links":{"self":[{"href":"https:\/\/www.igssgt.org\/noticias\/wp-json\/wp\/v2\/posts\/46777","targetHints":{"allow":["GET"]}}],"collection":[{"href":"https:\/\/www.igssgt.org\/noticias\/wp-json\/wp\/v2\/posts"}],"about":[{"href":"https:\/\/www.igssgt.org\/noticias\/wp-json\/wp\/v2\/types\/post"}],"author":[{"embeddable":true,"href":"https:\/\/www.igssgt.org\/noticias\/wp-json\/wp\/v2\/users\/3269"}],"replies":[{"embeddable":true,"href":"https:\/\/www.igssgt.org\/noticias\/wp-json\/wp\/v2\/comments?post=46777"}],"version-history":[{"count":3,"href":"https:\/\/www.igssgt.org\/noticias\/wp-json\/wp\/v2\/posts\/46777\/revisions"}],"predecessor-version":[{"id":46869,"href":"https:\/\/www.igssgt.org\/noticias\/wp-json\/wp\/v2\/posts\/46777\/revisions\/46869"}],"wp:featuredmedia":[{"embeddable":true,"href":"https:\/\/www.igssgt.org\/noticias\/wp-json\/wp\/v2\/media\/46778"}],"wp:attachment":[{"href":"https:\/\/www.igssgt.org\/noticias\/wp-json\/wp\/v2\/media?parent=46777"}],"wp:term":[{"taxonomy":"category","embeddable":true,"href":"https:\/\/www.igssgt.org\/noticias\/wp-json\/wp\/v2\/categories?post=46777"},{"taxonomy":"post_tag","embeddable":true,"href":"https:\/\/www.igssgt.org\/noticias\/wp-json\/wp\/v2\/tags?post=46777"},{"taxonomy":"author","embeddable":true,"href":"https:\/\/www.igssgt.org\/noticias\/wp-json\/wp\/v2\/coauthors?post=46777"}],"curies":[{"name":"wp","href":"https:\/\/api.w.org\/{rel}","templated":true}]}}