{"id":46799,"date":"2025-03-13T06:01:00","date_gmt":"2025-03-13T12:01:00","guid":{"rendered":"https:\/\/www.igssgt.org\/noticias\/?p=46799"},"modified":"2025-03-13T08:59:48","modified_gmt":"2025-03-13T14:59:48","slug":"cuidar-sus-rinones-es-cuidar-su-vida","status":"publish","type":"post","link":"https:\/\/www.igssgt.org\/noticias\/2025\/03\/13\/cuidar-sus-rinones-es-cuidar-su-vida\/","title":{"rendered":"Cuidar sus ri\u00f1ones es cuidar su vida"},"content":{"rendered":"\n<p class=\"has-drop-cap\">Cada segundo jueves de marzo se celebra el D\u00eda Mundial del Ri\u00f1\u00f3n, una fecha clave para generar conciencia sobre la salud renal y las enfermedades que afectan a estos \u00f3rganos vitales.<\/p>\n\n\n<p>Este a\u00f1o, la conmemoraci\u00f3n cobra mayor relevancia, ya que millones de personas en el mundo padecen insuficiencia renal, una afecci\u00f3n que puede prevenirse o tratarse si se detecta a tiempo.<\/p>\n<figure id=\"attachment_46804\" aria-describedby=\"caption-attachment-46804\" style=\"width: 725px\" class=\"wp-caption alignnone\"><img loading=\"lazy\" decoding=\"async\" class=\"wp-image-46804\" src=\"\/wp-content\/uploads\/sites\/5\/2025\/03\/IGSS-Dia-mundial-del-Rinon-2025-6-300x200.jpg\" alt=\"\" width=\"725\" height=\"483\" srcset=\"\/wp-content\/uploads\/sites\/5\/2025\/03\/IGSS-Dia-mundial-del-Rinon-2025-6-300x200.jpg 300w, \/wp-content\/uploads\/sites\/5\/2025\/03\/IGSS-Dia-mundial-del-Rinon-2025-6-1024x682.jpg 1024w, \/wp-content\/uploads\/sites\/5\/2025\/03\/IGSS-Dia-mundial-del-Rinon-2025-6-768x512.jpg 768w, \/wp-content\/uploads\/sites\/5\/2025\/03\/IGSS-Dia-mundial-del-Rinon-2025-6-1536x1023.jpg 1536w, \/wp-content\/uploads\/sites\/5\/2025\/03\/IGSS-Dia-mundial-del-Rinon-2025-6-630x420.jpg 630w, \/wp-content\/uploads\/sites\/5\/2025\/03\/IGSS-Dia-mundial-del-Rinon-2025-6-696x464.jpg 696w, \/wp-content\/uploads\/sites\/5\/2025\/03\/IGSS-Dia-mundial-del-Rinon-2025-6-1068x712.jpg 1068w, \/wp-content\/uploads\/sites\/5\/2025\/03\/IGSS-Dia-mundial-del-Rinon-2025-6-534x356.jpg 534w, \/wp-content\/uploads\/sites\/5\/2025\/03\/IGSS-Dia-mundial-del-Rinon-2025-6.jpg 1600w\" sizes=\"auto, (max-width: 725px) 100vw, 725px\" \/><figcaption id=\"caption-attachment-46804\" class=\"wp-caption-text\">En el pa\u00eds, el Instituto Guatemalteco de Seguridad Social desempe\u00f1an un rol fundamental en la atenci\u00f3n de los pacientes renales.<\/figcaption><\/figure>\n<p>A trav\u00e9s de sus unidades especializadas brinda consultas con nefr\u00f3logos (especialista encargado de diagnosticar y tratar afecciones renales), tratamientos de di\u00e1lisis y otros servicios m\u00e9dicos esenciales para miles de afiliados.<\/p>\n<p>Entre las principales causas de da\u00f1o a los ri\u00f1ones se encuentran la hipertensi\u00f3n, la diabetes y el consumo excesivo de sal y alcohol, factores que se controlan con h\u00e1bitos saludables y chequeos m\u00e9dicos oportunos.<\/p>\n<p>Miguel \u00c1ngel Castillo Soto, nefr\u00f3logo del Hospital General de Enfermedades del Seguro Social, enfatiz\u00f3 la importancia de la prevenci\u00f3n. \u201cEl diagn\u00f3stico temprano es esencial para evitar cuadros graves, como la insuficiencia renal cr\u00f3nica, una de las principales causas de enfermedad renal terminal, que ahora ha ido en aumento y lo m\u00e1s alarmante, es que muchos de nuestros pacientes son ni\u00f1os\u00bb.<\/p>\n<figure id=\"attachment_46803\" aria-describedby=\"caption-attachment-46803\" style=\"width: 689px\" class=\"wp-caption alignnone\"><img loading=\"lazy\" decoding=\"async\" class=\"wp-image-46803\" src=\"\/wp-content\/uploads\/sites\/5\/2025\/03\/IGSS-Dia-mundial-del-Rinon-2025-1-300x200.jpeg\" alt=\"\" width=\"689\" height=\"459\" srcset=\"\/wp-content\/uploads\/sites\/5\/2025\/03\/IGSS-Dia-mundial-del-Rinon-2025-1-300x200.jpeg 300w, \/wp-content\/uploads\/sites\/5\/2025\/03\/IGSS-Dia-mundial-del-Rinon-2025-1-1024x682.jpeg 1024w, \/wp-content\/uploads\/sites\/5\/2025\/03\/IGSS-Dia-mundial-del-Rinon-2025-1-768x512.jpeg 768w, \/wp-content\/uploads\/sites\/5\/2025\/03\/IGSS-Dia-mundial-del-Rinon-2025-1-1536x1023.jpeg 1536w, \/wp-content\/uploads\/sites\/5\/2025\/03\/IGSS-Dia-mundial-del-Rinon-2025-1-630x420.jpeg 630w, \/wp-content\/uploads\/sites\/5\/2025\/03\/IGSS-Dia-mundial-del-Rinon-2025-1-696x464.jpeg 696w, \/wp-content\/uploads\/sites\/5\/2025\/03\/IGSS-Dia-mundial-del-Rinon-2025-1-1068x712.jpeg 1068w, \/wp-content\/uploads\/sites\/5\/2025\/03\/IGSS-Dia-mundial-del-Rinon-2025-1-534x356.jpeg 534w, \/wp-content\/uploads\/sites\/5\/2025\/03\/IGSS-Dia-mundial-del-Rinon-2025-1.jpeg 1600w\" sizes=\"auto, (max-width: 689px) 100vw, 689px\" \/><figcaption id=\"caption-attachment-46803\" class=\"wp-caption-text\">Los profesionales del Seguro Social insisten en que la prevenci\u00f3n es vital.<\/figcaption><\/figure>\n<p>En el D\u00eda Mundial del Ri\u00f1\u00f3n, el Instituto reforz\u00f3 sus campa\u00f1as de concienciaci\u00f3n para orientar a la poblaci\u00f3n sobre los factores de riesgo y las medidas preventivas.<\/p>\n<p>El doctor Castillo destac\u00f3 al respecto que mantener un control adecuado de la presi\u00f3n arterial y los niveles de glucosa en la sangre es crucial. Adem\u00e1s, \u201crealizar chequeos m\u00e9dicos regulares permite detectar cualquier anomal\u00eda a tiempo y reducir el riesgo de complicaciones<em>\u00ab, <\/em>agreg\u00f3.<\/p>\n<p>\u201cLos ri\u00f1ones cumplen funciones esenciales en el organismo, como filtrar desechos, equilibrar los l\u00edquidos corporales y regular la presi\u00f3n arterial. Sin embargo, su deterioro suele ser silencioso, por lo que la prevenci\u00f3n y la detecci\u00f3n temprana son clave para protegerlos\u201d, concluy\u00f3 el especialista, al tiempo de recomendar:<\/p>\n<ul>\n<li>Reducir el consumo de sal y alimentos ultra procesados<\/li>\n<li>Beber suficiente agua para mantenerse hidratado<\/li>\n<li>Preferir agua sobre bebidas azucaradas<\/li>\n<li>Evitar el consumo excesivo de alcohol y tabaco<\/li>\n<li>Controlar el peso y realizar actividad f\u00edsica regularmente<\/li>\n<li>Monitorear la presi\u00f3n arterial y los niveles de glucosa<\/li>\n<\/ul>\n<figure id=\"attachment_46801\" aria-describedby=\"caption-attachment-46801\" style=\"width: 695px\" class=\"wp-caption alignnone\"><img loading=\"lazy\" decoding=\"async\" class=\"wp-image-46801\" src=\"\/wp-content\/uploads\/sites\/5\/2025\/03\/IGSS-Dia-mundial-del-Rinon-2025-4-300x200.jpg\" alt=\"\" width=\"695\" height=\"463\" srcset=\"\/wp-content\/uploads\/sites\/5\/2025\/03\/IGSS-Dia-mundial-del-Rinon-2025-4-300x200.jpg 300w, \/wp-content\/uploads\/sites\/5\/2025\/03\/IGSS-Dia-mundial-del-Rinon-2025-4-1024x683.jpg 1024w, \/wp-content\/uploads\/sites\/5\/2025\/03\/IGSS-Dia-mundial-del-Rinon-2025-4-768x512.jpg 768w, \/wp-content\/uploads\/sites\/5\/2025\/03\/IGSS-Dia-mundial-del-Rinon-2025-4-1536x1024.jpg 1536w, \/wp-content\/uploads\/sites\/5\/2025\/03\/IGSS-Dia-mundial-del-Rinon-2025-4-2048x1365.jpg 2048w, \/wp-content\/uploads\/sites\/5\/2025\/03\/IGSS-Dia-mundial-del-Rinon-2025-4-630x420.jpg 630w, \/wp-content\/uploads\/sites\/5\/2025\/03\/IGSS-Dia-mundial-del-Rinon-2025-4-696x464.jpg 696w, \/wp-content\/uploads\/sites\/5\/2025\/03\/IGSS-Dia-mundial-del-Rinon-2025-4-1068x712.jpg 1068w, \/wp-content\/uploads\/sites\/5\/2025\/03\/IGSS-Dia-mundial-del-Rinon-2025-4-1920x1280.jpg 1920w, \/wp-content\/uploads\/sites\/5\/2025\/03\/IGSS-Dia-mundial-del-Rinon-2025-4-534x356.jpg 534w\" sizes=\"auto, (max-width: 695px) 100vw, 695px\" \/><figcaption id=\"caption-attachment-46801\" class=\"wp-caption-text\">El Instituto constantemente realiza campa\u00f1as para crear conciencia entre la poblaci\u00f3n sobre el cuidado de los ri\u00f1ones.<\/figcaption><\/figure>\n<p>El cuidado de los ri\u00f1ones es una responsabilidad compartida entre la comunidad y los profesionales de la salud. \u00a0<\/p>\n<p>Con esfuerzos conjuntos, es posible mejorar la calidad de vida y reducir los riesgos asociados a las enfermedades renales.<\/p>\n\r\n                <style type=\"text\/css\">\r\n                    \r\n                    #tdi_1  .td-doubleSlider-2 .td-item1 {\r\n                        background: url(\/wp-content\/uploads\/sites\/5\/2025\/03\/IGSS-Dia-mundial-del-Rinon-2025-5-80x60.jpg) 0 0 no-repeat;\r\n                    }\r\n                    #tdi_1  .td-doubleSlider-2 .td-item2 {\r\n                        background: url(\/wp-content\/uploads\/sites\/5\/2025\/03\/IGSS-Dia-mundial-del-Rinon-2025-3-80x60.jpg) 0 0 no-repeat;\r\n                    }\r\n                    #tdi_1  .td-doubleSlider-2 .td-item3 {\r\n                        background: url(\/wp-content\/uploads\/sites\/5\/2025\/03\/IGSS-Dia-mundial-del-Rinon-2025-2-80x60.jpg) 0 0 no-repeat;\r\n                    }\r\n                    #tdi_1  .td-doubleSlider-2 .td-item4 {\r\n                        background: url(\/wp-content\/uploads\/sites\/5\/2025\/03\/IGSS-Dia-mundial-del-Rinon-2025-7-80x60.jpg) 0 0 no-repeat;\r\n                    }\r\n                    #tdi_1  .td-doubleSlider-2 .td-item5 {\r\n                        background: url(\/wp-content\/uploads\/sites\/5\/2025\/03\/IGSS-Dia-mundial-del-Rinon-2025-0-1-80x60.jpg) 0 0 no-repeat;\r\n                    }\r\n                    #tdi_1  .td-doubleSlider-2 .td-item6 {\r\n                        background: url(\/wp-content\/uploads\/sites\/5\/2025\/03\/IGSS-Dia-mundial-del-Rinon-2025-8-80x60.jpg) 0 0 no-repeat;\r\n                    }\r\n                    #tdi_1  .td-doubleSlider-2 .td-item7 {\r\n                        background: url(\/wp-content\/uploads\/sites\/5\/2025\/03\/IGSS-Dia-mundial-del-Rinon-2025-9-80x60.jpg) 0 0 no-repeat;\r\n                    }\r\n                <\/style>\r\n\r\n                <div id=\"tdi_1\" class=\"td-gallery td-slide-on-2-columns\">\r\n                    <div class=\"post_td_gallery\">\r\n                        <div class=\"td-gallery-slide-top\">\r\n                           <div class=\"td-gallery-title\">M\u00e1s fotos:<\/div>\r\n\r\n                            <div class=\"td-gallery-controls-wrapper\">\r\n                                <div class=\"td-gallery-slide-count\"><span class=\"td-gallery-slide-item-focus\">1<\/span> de 7<\/div>\r\n                                <div class=\"td-gallery-slide-prev-next-but\">\r\n                                    <i class = \"td-icon-left doubleSliderPrevButton\"><\/i>\r\n                                    <i class = \"td-icon-right doubleSliderNextButton\"><\/i>\r\n                                <\/div>\r\n                            <\/div>\r\n                        <\/div>\r\n\r\n                        <div class = \"td-doubleSlider-1 \">\r\n                            <div class = \"td-slider\">\r\n                                \r\n                    <div class = \"td-slide-item td-item1\">\r\n                        <figure class=\"td-slide-galery-figure td-slide-popup-gallery\">\r\n                            <a class=\"slide-gallery-image-link\" href=\"\/wp-content\/uploads\/sites\/5\/2025\/03\/IGSS-Dia-mundial-del-Rinon-2025-5.jpg\" title=\"IGSS Dia mundial del Rin\u0303on 2025-5\"  data-caption=\"\"  data-description=\"\">\r\n                                <img decoding=\"async\" src=\"\/wp-content\/uploads\/sites\/5\/2025\/03\/IGSS-Dia-mundial-del-Rinon-2025-5-703x420.jpg\" srcset=\"\/wp-content\/uploads\/sites\/5\/2025\/03\/IGSS-Dia-mundial-del-Rinon-2025-5-703x420.jpg 703w, \/wp-content\/uploads\/sites\/5\/2025\/03\/IGSS-Dia-mundial-del-Rinon-2025-5-300x179.jpg 300w, \/wp-content\/uploads\/sites\/5\/2025\/03\/IGSS-Dia-mundial-del-Rinon-2025-5-1024x612.jpg 1024w, \/wp-content\/uploads\/sites\/5\/2025\/03\/IGSS-Dia-mundial-del-Rinon-2025-5-768x459.jpg 768w, \/wp-content\/uploads\/sites\/5\/2025\/03\/IGSS-Dia-mundial-del-Rinon-2025-5-696x416.jpg 696w, \/wp-content\/uploads\/sites\/5\/2025\/03\/IGSS-Dia-mundial-del-Rinon-2025-5-1068x638.jpg 1068w, \/wp-content\/uploads\/sites\/5\/2025\/03\/IGSS-Dia-mundial-del-Rinon-2025-5-534x319.jpg 534w, \/wp-content\/uploads\/sites\/5\/2025\/03\/IGSS-Dia-mundial-del-Rinon-2025-5.jpg 1503w\" sizes=\"(max-width: 703px) 100vw, 703px\" alt=\"\">\r\n                            <\/a>\r\n                            \r\n                        <\/figure>\r\n                    <\/div>\r\n                    <div class = \"td-slide-item td-item2\">\r\n                        <figure class=\"td-slide-galery-figure td-slide-popup-gallery\">\r\n                            <a class=\"slide-gallery-image-link\" href=\"\/wp-content\/uploads\/sites\/5\/2025\/03\/IGSS-Dia-mundial-del-Rinon-2025-3.jpg\" title=\"IGSS Dia mundial del Rin\u0303on 2025-3\"  data-caption=\"\"  data-description=\"\">\r\n                                <img decoding=\"async\" src=\"\/wp-content\/uploads\/sites\/5\/2025\/03\/IGSS-Dia-mundial-del-Rinon-2025-3-630x420.jpg\" srcset=\"\/wp-content\/uploads\/sites\/5\/2025\/03\/IGSS-Dia-mundial-del-Rinon-2025-3-630x420.jpg 630w, \/wp-content\/uploads\/sites\/5\/2025\/03\/IGSS-Dia-mundial-del-Rinon-2025-3-300x200.jpg 300w, \/wp-content\/uploads\/sites\/5\/2025\/03\/IGSS-Dia-mundial-del-Rinon-2025-3-534x356.jpg 534w, \/wp-content\/uploads\/sites\/5\/2025\/03\/IGSS-Dia-mundial-del-Rinon-2025-3.jpg 696w\" sizes=\"(max-width: 630px) 100vw, 630px\" alt=\"\">\r\n                            <\/a>\r\n                            \r\n                        <\/figure>\r\n                    <\/div>\r\n                    <div class = \"td-slide-item td-item3\">\r\n                        <figure class=\"td-slide-galery-figure td-slide-popup-gallery\">\r\n                            <a class=\"slide-gallery-image-link\" href=\"\/wp-content\/uploads\/sites\/5\/2025\/03\/IGSS-Dia-mundial-del-Rinon-2025-2.jpg\" title=\"IGSS Dia mundial del Rin\u0303on 2025-2\"  data-caption=\"\"  data-description=\"\">\r\n                                <img decoding=\"async\" src=\"\/wp-content\/uploads\/sites\/5\/2025\/03\/IGSS-Dia-mundial-del-Rinon-2025-2-630x420.jpg\" srcset=\"\/wp-content\/uploads\/sites\/5\/2025\/03\/IGSS-Dia-mundial-del-Rinon-2025-2-630x420.jpg 630w, \/wp-content\/uploads\/sites\/5\/2025\/03\/IGSS-Dia-mundial-del-Rinon-2025-2-300x200.jpg 300w, \/wp-content\/uploads\/sites\/5\/2025\/03\/IGSS-Dia-mundial-del-Rinon-2025-2-1024x683.jpg 1024w, \/wp-content\/uploads\/sites\/5\/2025\/03\/IGSS-Dia-mundial-del-Rinon-2025-2-768x512.jpg 768w, \/wp-content\/uploads\/sites\/5\/2025\/03\/IGSS-Dia-mundial-del-Rinon-2025-2-696x464.jpg 696w, \/wp-content\/uploads\/sites\/5\/2025\/03\/IGSS-Dia-mundial-del-Rinon-2025-2-534x356.jpg 534w, \/wp-content\/uploads\/sites\/5\/2025\/03\/IGSS-Dia-mundial-del-Rinon-2025-2.jpg 1068w\" sizes=\"(max-width: 630px) 100vw, 630px\" alt=\"\">\r\n                            <\/a>\r\n                            \r\n                        <\/figure>\r\n                    <\/div>\r\n                    <div class = \"td-slide-item td-item4\">\r\n                        <figure class=\"td-slide-galery-figure td-slide-popup-gallery\">\r\n                            <a class=\"slide-gallery-image-link\" href=\"\/wp-content\/uploads\/sites\/5\/2025\/03\/IGSS-Dia-mundial-del-Rinon-2025-7.jpg\" title=\"IGSS Dia mundial del Rin\u0303on 2025-7\"  data-caption=\"\"  data-description=\"\">\r\n                                <img decoding=\"async\" src=\"\/wp-content\/uploads\/sites\/5\/2025\/03\/IGSS-Dia-mundial-del-Rinon-2025-7.jpg\" srcset=\"\/wp-content\/uploads\/sites\/5\/2025\/03\/IGSS-Dia-mundial-del-Rinon-2025-7.jpg 630w, \/wp-content\/uploads\/sites\/5\/2025\/03\/IGSS-Dia-mundial-del-Rinon-2025-7-300x200.jpg 300w, \/wp-content\/uploads\/sites\/5\/2025\/03\/IGSS-Dia-mundial-del-Rinon-2025-7-534x356.jpg 534w\" sizes=\"(max-width: 630px) 100vw, 630px\" alt=\"\">\r\n                            <\/a>\r\n                            \r\n                        <\/figure>\r\n                    <\/div>\r\n                    <div class = \"td-slide-item td-item5\">\r\n                        <figure class=\"td-slide-galery-figure td-slide-popup-gallery\">\r\n                            <a class=\"slide-gallery-image-link\" href=\"\/wp-content\/uploads\/sites\/5\/2025\/03\/IGSS-Dia-mundial-del-Rinon-2025-0-1.jpg\" title=\"IGSS Dia mundial del Rin\u0303on 2025-0\"  data-caption=\"\"  data-description=\"\">\r\n                                <img decoding=\"async\" src=\"\/wp-content\/uploads\/sites\/5\/2025\/03\/IGSS-Dia-mundial-del-Rinon-2025-0-1-630x420.jpg\" srcset=\"\/wp-content\/uploads\/sites\/5\/2025\/03\/IGSS-Dia-mundial-del-Rinon-2025-0-1-630x420.jpg 630w, \/wp-content\/uploads\/sites\/5\/2025\/03\/IGSS-Dia-mundial-del-Rinon-2025-0-1-300x200.jpg 300w, \/wp-content\/uploads\/sites\/5\/2025\/03\/IGSS-Dia-mundial-del-Rinon-2025-0-1-1024x682.jpg 1024w, \/wp-content\/uploads\/sites\/5\/2025\/03\/IGSS-Dia-mundial-del-Rinon-2025-0-1-768x512.jpg 768w, \/wp-content\/uploads\/sites\/5\/2025\/03\/IGSS-Dia-mundial-del-Rinon-2025-0-1-1536x1023.jpg 1536w, \/wp-content\/uploads\/sites\/5\/2025\/03\/IGSS-Dia-mundial-del-Rinon-2025-0-1-696x464.jpg 696w, \/wp-content\/uploads\/sites\/5\/2025\/03\/IGSS-Dia-mundial-del-Rinon-2025-0-1-1068x712.jpg 1068w, \/wp-content\/uploads\/sites\/5\/2025\/03\/IGSS-Dia-mundial-del-Rinon-2025-0-1-534x356.jpg 534w, \/wp-content\/uploads\/sites\/5\/2025\/03\/IGSS-Dia-mundial-del-Rinon-2025-0-1.jpg 1600w\" sizes=\"(max-width: 630px) 100vw, 630px\" alt=\"\">\r\n                            <\/a>\r\n                            \r\n                        <\/figure>\r\n                    <\/div>\r\n                    <div class = \"td-slide-item td-item6\">\r\n                        <figure class=\"td-slide-galery-figure td-slide-popup-gallery\">\r\n                            <a class=\"slide-gallery-image-link\" href=\"\/wp-content\/uploads\/sites\/5\/2025\/03\/IGSS-Dia-mundial-del-Rinon-2025-8.jpg\" title=\"IGSS Dia mundial del Rin\u0303on 2025-8\"  data-caption=\"\"  data-description=\"\">\r\n                                <img decoding=\"async\" src=\"\/wp-content\/uploads\/sites\/5\/2025\/03\/IGSS-Dia-mundial-del-Rinon-2025-8.jpg\" srcset=\"\/wp-content\/uploads\/sites\/5\/2025\/03\/IGSS-Dia-mundial-del-Rinon-2025-8.jpg 667w, \/wp-content\/uploads\/sites\/5\/2025\/03\/IGSS-Dia-mundial-del-Rinon-2025-8-300x189.jpg 300w, \/wp-content\/uploads\/sites\/5\/2025\/03\/IGSS-Dia-mundial-del-Rinon-2025-8-534x336.jpg 534w\" sizes=\"(max-width: 667px) 100vw, 667px\" alt=\"\">\r\n                            <\/a>\r\n                            \r\n                        <\/figure>\r\n                    <\/div>\r\n                    <div class = \"td-slide-item td-item7\">\r\n                        <figure class=\"td-slide-galery-figure td-slide-popup-gallery\">\r\n                            <a class=\"slide-gallery-image-link\" href=\"\/wp-content\/uploads\/sites\/5\/2025\/03\/IGSS-Dia-mundial-del-Rinon-2025-9.jpg\" title=\"IGSS Dia mundial del Rin\u0303on 2025-9\"  data-caption=\"\"  data-description=\"\">\r\n                                <img decoding=\"async\" src=\"\/wp-content\/uploads\/sites\/5\/2025\/03\/IGSS-Dia-mundial-del-Rinon-2025-9-630x420.jpg\" srcset=\"\/wp-content\/uploads\/sites\/5\/2025\/03\/IGSS-Dia-mundial-del-Rinon-2025-9-630x420.jpg 630w, \/wp-content\/uploads\/sites\/5\/2025\/03\/IGSS-Dia-mundial-del-Rinon-2025-9-300x200.jpg 300w, \/wp-content\/uploads\/sites\/5\/2025\/03\/IGSS-Dia-mundial-del-Rinon-2025-9-534x356.jpg 534w, \/wp-content\/uploads\/sites\/5\/2025\/03\/IGSS-Dia-mundial-del-Rinon-2025-9.jpg 696w\" sizes=\"(max-width: 630px) 100vw, 630px\" alt=\"\">\r\n                            <\/a>\r\n                            \r\n                        <\/figure>\r\n                    <\/div>\r\n                            <\/div>\r\n                        <\/div>\r\n\r\n                        <div class = \"td-doubleSlider-2\">\r\n                            <div class = \"td-slider\">\r\n                                \r\n                    <div class = \"td-button td-item1\">\r\n                        <div class = \"td-border\"><\/div>\r\n                    <\/div>\r\n                    <div class = \"td-button td-item2\">\r\n                        <div class = \"td-border\"><\/div>\r\n                    <\/div>\r\n                    <div class = \"td-button td-item3\">\r\n                        <div class = \"td-border\"><\/div>\r\n                    <\/div>\r\n                    <div class = \"td-button td-item4\">\r\n                        <div class = \"td-border\"><\/div>\r\n                    <\/div>\r\n                    <div class = \"td-button td-item5\">\r\n                        <div class = \"td-border\"><\/div>\r\n                    <\/div>\r\n                    <div class = \"td-button td-item6\">\r\n                        <div class = \"td-border\"><\/div>\r\n                    <\/div>\r\n                    <div class = \"td-button td-item7\">\r\n                        <div class = \"td-border\"><\/div>\r\n                    <\/div>\r\n                            <\/div>\r\n                        <\/div>\r\n\r\n                    <\/div>\r\n\r\n                <\/div>\r\n                ","protected":false},"excerpt":{"rendered":"<p>Cada segundo jueves de marzo se celebra el D\u00eda Mundial del Ri\u00f1\u00f3n, una fecha clave para generar conciencia sobre la salud renal y las enfermedades que afectan a estos \u00f3rganos vitales. Este a\u00f1o, la conmemoraci\u00f3n cobra mayor relevancia, ya que millones de personas en el mundo padecen insuficiencia renal, una afecci\u00f3n que puede prevenirse o [&hellip;]<\/p>\n","protected":false},"author":3269,"featured_media":46802,"comment_status":"closed","ping_status":"closed","sticky":false,"template":"","format":"standard","meta":{"footnotes":""},"categories":[3,4,1130,15,1291,27,31],"tags":[248,481,490],"coauthors":[1970],"class_list":{"0":"post-46799","1":"post","2":"type-post","3":"status-publish","4":"format-standard","5":"has-post-thumbnail","7":"category-actualidad","8":"category-afiliados","9":"category-consejos-medicos","10":"category-destacado","11":"category-prestaciones-en-salud","12":"category-prevencion-en-salud","13":"category-salud","14":"tag-dia-mundial-del-rinon","15":"tag-hospital-general-de-enfermedades","16":"tag-igss"},"_links":{"self":[{"href":"https:\/\/www.igssgt.org\/noticias\/wp-json\/wp\/v2\/posts\/46799","targetHints":{"allow":["GET"]}}],"collection":[{"href":"https:\/\/www.igssgt.org\/noticias\/wp-json\/wp\/v2\/posts"}],"about":[{"href":"https:\/\/www.igssgt.org\/noticias\/wp-json\/wp\/v2\/types\/post"}],"author":[{"embeddable":true,"href":"https:\/\/www.igssgt.org\/noticias\/wp-json\/wp\/v2\/users\/3269"}],"replies":[{"embeddable":true,"href":"https:\/\/www.igssgt.org\/noticias\/wp-json\/wp\/v2\/comments?post=46799"}],"version-history":[{"count":1,"href":"https:\/\/www.igssgt.org\/noticias\/wp-json\/wp\/v2\/posts\/46799\/revisions"}],"predecessor-version":[{"id":46812,"href":"https:\/\/www.igssgt.org\/noticias\/wp-json\/wp\/v2\/posts\/46799\/revisions\/46812"}],"wp:featuredmedia":[{"embeddable":true,"href":"https:\/\/www.igssgt.org\/noticias\/wp-json\/wp\/v2\/media\/46802"}],"wp:attachment":[{"href":"https:\/\/www.igssgt.org\/noticias\/wp-json\/wp\/v2\/media?parent=46799"}],"wp:term":[{"taxonomy":"category","embeddable":true,"href":"https:\/\/www.igssgt.org\/noticias\/wp-json\/wp\/v2\/categories?post=46799"},{"taxonomy":"post_tag","embeddable":true,"href":"https:\/\/www.igssgt.org\/noticias\/wp-json\/wp\/v2\/tags?post=46799"},{"taxonomy":"author","embeddable":true,"href":"https:\/\/www.igssgt.org\/noticias\/wp-json\/wp\/v2\/coauthors?post=46799"}],"curies":[{"name":"wp","href":"https:\/\/api.w.org\/{rel}","templated":true}]}}