{"id":46825,"date":"2025-03-07T10:44:00","date_gmt":"2025-03-07T16:44:00","guid":{"rendered":"https:\/\/www.igssgt.org\/noticias\/?p=46825"},"modified":"2025-03-11T14:43:58","modified_gmt":"2025-03-11T20:43:58","slug":"igss-acerca-servicios-de-salud-a-investigadores-del-mp","status":"publish","type":"post","link":"https:\/\/www.igssgt.org\/noticias\/2025\/03\/07\/igss-acerca-servicios-de-salud-a-investigadores-del-mp\/","title":{"rendered":"IGSS acerca servicios de salud a investigadores del MP"},"content":{"rendered":"\n<p class=\"has-drop-cap\">El Instituto Guatemalteco de Seguridad Social (IGSS), llev\u00f3 a cabo una jornada de atenci\u00f3n m\u00e9dica dirigida a los trabajadores de la Direcci\u00f3n de Investigaciones Criminal\u00edsticas (DICRI), del Ministerio P\u00fablico (MP), beneficiando as\u00ed a m\u00e1s de 300 personas con diversos servicios de salud.<\/p>\n\n\n<p>Durante la Feria de la Salud, el personal del Seguro Social brind\u00f3 atenci\u00f3n como toma de signos vitales, odontolog\u00eda, psiquiatr\u00eda, fisiatr\u00eda, medicina f\u00edsica, psicolog\u00eda, nutrici\u00f3n y vacunaci\u00f3n.<\/p>\n<figure id=\"attachment_46828\" aria-describedby=\"caption-attachment-46828\" style=\"width: 713px\" class=\"wp-caption alignnone\"><img loading=\"lazy\" decoding=\"async\" class=\"wp-image-46828\" src=\"\/wp-content\/uploads\/sites\/5\/2025\/03\/IGSS-Feria-de-la-salud-MP-2025-1-300x200.jpg\" alt=\"\" width=\"713\" height=\"475\" srcset=\"\/wp-content\/uploads\/sites\/5\/2025\/03\/IGSS-Feria-de-la-salud-MP-2025-1-300x200.jpg 300w, \/wp-content\/uploads\/sites\/5\/2025\/03\/IGSS-Feria-de-la-salud-MP-2025-1-1024x682.jpg 1024w, \/wp-content\/uploads\/sites\/5\/2025\/03\/IGSS-Feria-de-la-salud-MP-2025-1-768x512.jpg 768w, \/wp-content\/uploads\/sites\/5\/2025\/03\/IGSS-Feria-de-la-salud-MP-2025-1-1536x1023.jpg 1536w, \/wp-content\/uploads\/sites\/5\/2025\/03\/IGSS-Feria-de-la-salud-MP-2025-1-630x420.jpg 630w, \/wp-content\/uploads\/sites\/5\/2025\/03\/IGSS-Feria-de-la-salud-MP-2025-1-696x464.jpg 696w, \/wp-content\/uploads\/sites\/5\/2025\/03\/IGSS-Feria-de-la-salud-MP-2025-1-1068x712.jpg 1068w, \/wp-content\/uploads\/sites\/5\/2025\/03\/IGSS-Feria-de-la-salud-MP-2025-1-534x356.jpg 534w, \/wp-content\/uploads\/sites\/5\/2025\/03\/IGSS-Feria-de-la-salud-MP-2025-1.jpg 1600w\" sizes=\"auto, (max-width: 713px) 100vw, 713px\" \/><figcaption id=\"caption-attachment-46828\" class=\"wp-caption-text\">Personal m\u00e9dico del IGSS brinda atenci\u00f3n en a trabajadores de la DICRI durante la Feria de Salud.<\/figcaption><\/figure>\n<p>La iniciativa tiene como objetivo acercar los servicios m\u00e9dicos a los trabajadores, promoviendo su bienestar y garantizando un acceso oportuno a la atenci\u00f3n m\u00e9dica sanitaria.<\/p>\n<p>El doctor Edwin Cambranes, jefe del Departamento de Medicina Preventiva del Seguro Social, subray\u00f3 la relevancia de la prevenci\u00f3n y el acceso temprano a la atenci\u00f3n m\u00e9dica: \u201cEl bienestar de los trabajadores es la prioridad del Instituto. Con estas jornadas, buscamos detectar y atender a tiempo condiciones de salud que puedan afectar su desempe\u00f1o y calidad de vida\u201d, asegur\u00f3.<\/p>\n<figure id=\"attachment_46829\" aria-describedby=\"caption-attachment-46829\" style=\"width: 734px\" class=\"wp-caption alignnone\"><img loading=\"lazy\" decoding=\"async\" class=\"wp-image-46829\" src=\"\/wp-content\/uploads\/sites\/5\/2025\/03\/IGSS-Feria-de-la-salud-MP-2025-3-300x200.jpg\" alt=\"\" width=\"734\" height=\"489\" srcset=\"\/wp-content\/uploads\/sites\/5\/2025\/03\/IGSS-Feria-de-la-salud-MP-2025-3-300x200.jpg 300w, \/wp-content\/uploads\/sites\/5\/2025\/03\/IGSS-Feria-de-la-salud-MP-2025-3-1024x682.jpg 1024w, \/wp-content\/uploads\/sites\/5\/2025\/03\/IGSS-Feria-de-la-salud-MP-2025-3-768x512.jpg 768w, \/wp-content\/uploads\/sites\/5\/2025\/03\/IGSS-Feria-de-la-salud-MP-2025-3-630x420.jpg 630w, \/wp-content\/uploads\/sites\/5\/2025\/03\/IGSS-Feria-de-la-salud-MP-2025-3-696x464.jpg 696w, \/wp-content\/uploads\/sites\/5\/2025\/03\/IGSS-Feria-de-la-salud-MP-2025-3-1068x712.jpg 1068w, \/wp-content\/uploads\/sites\/5\/2025\/03\/IGSS-Feria-de-la-salud-MP-2025-3-534x356.jpg 534w, \/wp-content\/uploads\/sites\/5\/2025\/03\/IGSS-Feria-de-la-salud-MP-2025-3.jpg 1280w\" sizes=\"auto, (max-width: 734px) 100vw, 734px\" \/><figcaption id=\"caption-attachment-46829\" class=\"wp-caption-text\">El Dr. Edwin Cambranes y Dr. \u00d3scar Sagastume destacaron la importancia del acceso a atenci\u00f3n m\u00e9dica preventiva.<\/figcaption><\/figure>\n<p>Por su parte, el Dr. \u00d3scar Sagastume, director de la DICRI, destac\u00f3 la importancia de esta jornada para el personal a su cargo. \u201cNuestros colaboradores enfrentan altas exigencias en sus labores diarias, por lo que contar con estos servicios de salud en su propio entorno laboral es un apoyo invaluable. Agradecemos al IGSS por acercar estos beneficios a nuestro equipo\u201d, dijo.<\/p>\n<figure id=\"attachment_46827\" aria-describedby=\"caption-attachment-46827\" style=\"width: 726px\" class=\"wp-caption alignnone\"><img loading=\"lazy\" decoding=\"async\" class=\"wp-image-46827\" src=\"\/wp-content\/uploads\/sites\/5\/2025\/03\/IGSS-Feria-de-la-salud-MP-2025-2-300x200.jpg\" alt=\"\" width=\"726\" height=\"484\" srcset=\"\/wp-content\/uploads\/sites\/5\/2025\/03\/IGSS-Feria-de-la-salud-MP-2025-2-300x200.jpg 300w, \/wp-content\/uploads\/sites\/5\/2025\/03\/IGSS-Feria-de-la-salud-MP-2025-2-1024x682.jpg 1024w, \/wp-content\/uploads\/sites\/5\/2025\/03\/IGSS-Feria-de-la-salud-MP-2025-2-768x512.jpg 768w, \/wp-content\/uploads\/sites\/5\/2025\/03\/IGSS-Feria-de-la-salud-MP-2025-2-1536x1023.jpg 1536w, \/wp-content\/uploads\/sites\/5\/2025\/03\/IGSS-Feria-de-la-salud-MP-2025-2-630x420.jpg 630w, \/wp-content\/uploads\/sites\/5\/2025\/03\/IGSS-Feria-de-la-salud-MP-2025-2-696x464.jpg 696w, \/wp-content\/uploads\/sites\/5\/2025\/03\/IGSS-Feria-de-la-salud-MP-2025-2-1068x712.jpg 1068w, \/wp-content\/uploads\/sites\/5\/2025\/03\/IGSS-Feria-de-la-salud-MP-2025-2-534x356.jpg 534w, \/wp-content\/uploads\/sites\/5\/2025\/03\/IGSS-Feria-de-la-salud-MP-2025-2.jpg 1600w\" sizes=\"auto, (max-width: 726px) 100vw, 726px\" \/><figcaption id=\"caption-attachment-46827\" class=\"wp-caption-text\">Los trabajadores recibieron orientaci\u00f3n en nutrici\u00f3n como parte del servicio de promoci\u00f3n del bienestar integral.<\/figcaption><\/figure>\n<p>Con esta iniciativa, el Instituto cumple con su compromiso con la salud de los trabajadores guatemaltecos, facilitando el acceso a consultas especializadas y fomentando la prevenci\u00f3n de enfermedades, elementos clave para mejorar su bienestar integral y rendimiento laboral.<\/p>","protected":false},"excerpt":{"rendered":"<p>El Instituto Guatemalteco de Seguridad Social (IGSS), llev\u00f3 a cabo una jornada de atenci\u00f3n m\u00e9dica dirigida a los trabajadores de la Direcci\u00f3n de Investigaciones Criminal\u00edsticas (DICRI), del Ministerio P\u00fablico (MP), beneficiando as\u00ed a m\u00e1s de 300 personas con diversos servicios de salud. Durante la Feria de la Salud, el personal del Seguro Social brind\u00f3 atenci\u00f3n [&hellip;]<\/p>\n","protected":false},"author":3269,"featured_media":46826,"comment_status":"closed","ping_status":"closed","sticky":false,"template":"","format":"standard","meta":{"footnotes":""},"categories":[3,4,45,1291,27,31],"tags":[1538,988,432,490,1629],"coauthors":[],"class_list":{"0":"post-46825","1":"post","2":"type-post","3":"status-publish","4":"format-standard","5":"has-post-thumbnail","7":"category-actualidad","8":"category-afiliados","9":"category-jornadas-medicas","10":"category-prestaciones-en-salud","11":"category-prevencion-en-salud","12":"category-salud","13":"tag-departamento-de-medicina-preventiva-del-igss","14":"tag-dr-edwin-cambranes","15":"tag-feria-de-la-salud","16":"tag-igss","17":"tag-servicios-medicos"},"_links":{"self":[{"href":"https:\/\/www.igssgt.org\/noticias\/wp-json\/wp\/v2\/posts\/46825","targetHints":{"allow":["GET"]}}],"collection":[{"href":"https:\/\/www.igssgt.org\/noticias\/wp-json\/wp\/v2\/posts"}],"about":[{"href":"https:\/\/www.igssgt.org\/noticias\/wp-json\/wp\/v2\/types\/post"}],"author":[{"embeddable":true,"href":"https:\/\/www.igssgt.org\/noticias\/wp-json\/wp\/v2\/users\/3269"}],"replies":[{"embeddable":true,"href":"https:\/\/www.igssgt.org\/noticias\/wp-json\/wp\/v2\/comments?post=46825"}],"version-history":[{"count":2,"href":"https:\/\/www.igssgt.org\/noticias\/wp-json\/wp\/v2\/posts\/46825\/revisions"}],"predecessor-version":[{"id":46915,"href":"https:\/\/www.igssgt.org\/noticias\/wp-json\/wp\/v2\/posts\/46825\/revisions\/46915"}],"wp:featuredmedia":[{"embeddable":true,"href":"https:\/\/www.igssgt.org\/noticias\/wp-json\/wp\/v2\/media\/46826"}],"wp:attachment":[{"href":"https:\/\/www.igssgt.org\/noticias\/wp-json\/wp\/v2\/media?parent=46825"}],"wp:term":[{"taxonomy":"category","embeddable":true,"href":"https:\/\/www.igssgt.org\/noticias\/wp-json\/wp\/v2\/categories?post=46825"},{"taxonomy":"post_tag","embeddable":true,"href":"https:\/\/www.igssgt.org\/noticias\/wp-json\/wp\/v2\/tags?post=46825"},{"taxonomy":"author","embeddable":true,"href":"https:\/\/www.igssgt.org\/noticias\/wp-json\/wp\/v2\/coauthors?post=46825"}],"curies":[{"name":"wp","href":"https:\/\/api.w.org\/{rel}","templated":true}]}}