{"id":46871,"date":"2025-03-11T06:02:00","date_gmt":"2025-03-11T12:02:00","guid":{"rendered":"https:\/\/www.igssgt.org\/noticias\/?p=46871"},"modified":"2025-03-10T12:47:30","modified_gmt":"2025-03-10T18:47:30","slug":"arrancan-las-actividades-conmemorativas-por-el-dia-mundial-del-rinon","status":"publish","type":"post","link":"https:\/\/www.igssgt.org\/noticias\/2025\/03\/11\/arrancan-las-actividades-conmemorativas-por-el-dia-mundial-del-rinon\/","title":{"rendered":"Arrancan las actividades conmemorativas por el D\u00eda Mundial del Ri\u00f1\u00f3n"},"content":{"rendered":"\n<p class=\"has-drop-cap\">Para fomentar h\u00e1bitos saludables y prevenir enfermedades renales, el Hospital de Escuintla organiz\u00f3 una jornada de concienciaci\u00f3n sobre el cuidado de los ri\u00f1ones.<\/p>\n\n\n<p style=\"text-align: justify\"><span style=\"font-family: 'Arial',sans-serif\">A trav\u00e9s de charlas interactivas, los expertos compartieron consejos pr\u00e1cticos y recomendaciones para mantener la salud renal \u00f3ptima.<\/span><\/p>\n<figure id=\"attachment_46873\" aria-describedby=\"caption-attachment-46873\" style=\"width: 721px\" class=\"wp-caption alignnone\"><img loading=\"lazy\" decoding=\"async\" class=\"wp-image-46873\" src=\"\/wp-content\/uploads\/sites\/5\/2025\/03\/IGSS-Hospital-de-Escuintla-Dia-Mundial-del-Rinon-2025-1-300x225.jpg\" alt=\"\" width=\"721\" height=\"541\" srcset=\"\/wp-content\/uploads\/sites\/5\/2025\/03\/IGSS-Hospital-de-Escuintla-Dia-Mundial-del-Rinon-2025-1-300x225.jpg 300w, \/wp-content\/uploads\/sites\/5\/2025\/03\/IGSS-Hospital-de-Escuintla-Dia-Mundial-del-Rinon-2025-1-1024x768.jpg 1024w, \/wp-content\/uploads\/sites\/5\/2025\/03\/IGSS-Hospital-de-Escuintla-Dia-Mundial-del-Rinon-2025-1-768x576.jpg 768w, \/wp-content\/uploads\/sites\/5\/2025\/03\/IGSS-Hospital-de-Escuintla-Dia-Mundial-del-Rinon-2025-1-1536x1152.jpg 1536w, \/wp-content\/uploads\/sites\/5\/2025\/03\/IGSS-Hospital-de-Escuintla-Dia-Mundial-del-Rinon-2025-1-2048x1536.jpg 2048w, \/wp-content\/uploads\/sites\/5\/2025\/03\/IGSS-Hospital-de-Escuintla-Dia-Mundial-del-Rinon-2025-1-560x420.jpg 560w, \/wp-content\/uploads\/sites\/5\/2025\/03\/IGSS-Hospital-de-Escuintla-Dia-Mundial-del-Rinon-2025-1-80x60.jpg 80w, \/wp-content\/uploads\/sites\/5\/2025\/03\/IGSS-Hospital-de-Escuintla-Dia-Mundial-del-Rinon-2025-1-696x522.jpg 696w, \/wp-content\/uploads\/sites\/5\/2025\/03\/IGSS-Hospital-de-Escuintla-Dia-Mundial-del-Rinon-2025-1-1068x801.jpg 1068w, \/wp-content\/uploads\/sites\/5\/2025\/03\/IGSS-Hospital-de-Escuintla-Dia-Mundial-del-Rinon-2025-1-1920x1440.jpg 1920w, \/wp-content\/uploads\/sites\/5\/2025\/03\/IGSS-Hospital-de-Escuintla-Dia-Mundial-del-Rinon-2025-1-265x198.jpg 265w, \/wp-content\/uploads\/sites\/5\/2025\/03\/IGSS-Hospital-de-Escuintla-Dia-Mundial-del-Rinon-2025-1-534x401.jpg 534w\" sizes=\"auto, (max-width: 721px) 100vw, 721px\" \/><figcaption id=\"caption-attachment-46873\" class=\"wp-caption-text\">Profesionales de la salud promueven la salud renal con las 8 reglas de oro.<\/figcaption><\/figure>\n<p style=\"text-align: justify\"><span style=\"font-family: 'Arial',sans-serif\">Entre las recomendaciones m\u00e1s destacadas se mencionaron la hidrataci\u00f3n adecuada, la alimentaci\u00f3n balanceada, el control de la presi\u00f3n arterial y la reducci\u00f3n del consumo de sal, con el fin de prevenir enfermedades renales y mejorar la calidad de vida de la poblaci\u00f3n.<\/span><\/p>\n<p style=\"margin-bottom: .0001pt;text-align: justify\"><span style=\"font-family: 'Arial',sans-serif\">La iniciativa gener\u00f3 una participaci\u00f3n activa de los pacientes, quienes mostraron gran inter\u00e9s en conocer c\u00f3mo mantener sus ri\u00f1ones saludables.<\/span><\/p>\n<figure id=\"attachment_46874\" aria-describedby=\"caption-attachment-46874\" style=\"width: 731px\" class=\"wp-caption alignnone\"><img loading=\"lazy\" decoding=\"async\" class=\"wp-image-46874\" src=\"\/wp-content\/uploads\/sites\/5\/2025\/03\/IGSS-Hospital-de-Escuintla-Dia-Mundial-del-Rinon-2025-2-300x225.jpg\" alt=\"\" width=\"731\" height=\"548\" srcset=\"\/wp-content\/uploads\/sites\/5\/2025\/03\/IGSS-Hospital-de-Escuintla-Dia-Mundial-del-Rinon-2025-2-300x225.jpg 300w, \/wp-content\/uploads\/sites\/5\/2025\/03\/IGSS-Hospital-de-Escuintla-Dia-Mundial-del-Rinon-2025-2-1024x768.jpg 1024w, \/wp-content\/uploads\/sites\/5\/2025\/03\/IGSS-Hospital-de-Escuintla-Dia-Mundial-del-Rinon-2025-2-768x576.jpg 768w, \/wp-content\/uploads\/sites\/5\/2025\/03\/IGSS-Hospital-de-Escuintla-Dia-Mundial-del-Rinon-2025-2-1536x1152.jpg 1536w, \/wp-content\/uploads\/sites\/5\/2025\/03\/IGSS-Hospital-de-Escuintla-Dia-Mundial-del-Rinon-2025-2-560x420.jpg 560w, \/wp-content\/uploads\/sites\/5\/2025\/03\/IGSS-Hospital-de-Escuintla-Dia-Mundial-del-Rinon-2025-2-80x60.jpg 80w, \/wp-content\/uploads\/sites\/5\/2025\/03\/IGSS-Hospital-de-Escuintla-Dia-Mundial-del-Rinon-2025-2-696x522.jpg 696w, \/wp-content\/uploads\/sites\/5\/2025\/03\/IGSS-Hospital-de-Escuintla-Dia-Mundial-del-Rinon-2025-2-1068x801.jpg 1068w, \/wp-content\/uploads\/sites\/5\/2025\/03\/IGSS-Hospital-de-Escuintla-Dia-Mundial-del-Rinon-2025-2-265x198.jpg 265w, \/wp-content\/uploads\/sites\/5\/2025\/03\/IGSS-Hospital-de-Escuintla-Dia-Mundial-del-Rinon-2025-2-534x401.jpg 534w, \/wp-content\/uploads\/sites\/5\/2025\/03\/IGSS-Hospital-de-Escuintla-Dia-Mundial-del-Rinon-2025-2.jpg 1600w\" sizes=\"auto, (max-width: 731px) 100vw, 731px\" \/><figcaption id=\"caption-attachment-46874\" class=\"wp-caption-text\">Pacientes aprenden sobre el cuidado renal, una herramienta para contar con una vida saludable.<\/figcaption><\/figure>\n<p style=\"margin-bottom: .0001pt;text-align: justify\"><span style=\"font-family: 'Arial',sans-serif\">A lo largo de la jornada, los asistentes pudieron realizar preguntas y compartir sus experiencias, fortaleciendo el aprendizaje de manera interactiva. Adem\u00e1s, se entreg\u00f3 material gr\u00e1fico con informaci\u00f3n clave sobre prevenci\u00f3n y h\u00e1bitos saludables, reforzando el mensaje educativo y brindando herramientas pr\u00e1cticas para el autocuidado renal.<\/span><\/p>\n\r\n                <style type=\"text\/css\">\r\n                    \r\n                    #tdi_1  .td-doubleSlider-2 .td-item1 {\r\n                        background: url(\/wp-content\/uploads\/sites\/5\/2025\/03\/IGSS-Hospital-de-Escuintla-Dia-Mundial-del-Rinon-2025-3-80x60.jpg) 0 0 no-repeat;\r\n                    }\r\n                    #tdi_1  .td-doubleSlider-2 .td-item2 {\r\n                        background: url(\/wp-content\/uploads\/sites\/5\/2025\/03\/IGSS-Hospital-de-Escuintla-Dia-Mundial-del-Rinon-2025-4-80x60.jpg) 0 0 no-repeat;\r\n                    }\r\n                    #tdi_1  .td-doubleSlider-2 .td-item3 {\r\n                        background: url(\/wp-content\/uploads\/sites\/5\/2025\/03\/IGSS-Hospital-de-Escuintla-Dia-Mundial-del-Rinon-2025-5-80x60.jpg) 0 0 no-repeat;\r\n                    }\r\n                <\/style>\r\n\r\n                <div id=\"tdi_1\" class=\"td-gallery td-slide-on-2-columns\">\r\n                    <div class=\"post_td_gallery\">\r\n                        <div class=\"td-gallery-slide-top\">\r\n                           <div class=\"td-gallery-title\">M\u00e1s fotos:<\/div>\r\n\r\n                            <div class=\"td-gallery-controls-wrapper\">\r\n                                <div class=\"td-gallery-slide-count\"><span class=\"td-gallery-slide-item-focus\">1<\/span> de 3<\/div>\r\n                                <div class=\"td-gallery-slide-prev-next-but\">\r\n                                    <i class = \"td-icon-left doubleSliderPrevButton\"><\/i>\r\n                                    <i class = \"td-icon-right doubleSliderNextButton\"><\/i>\r\n                                <\/div>\r\n                            <\/div>\r\n                        <\/div>\r\n\r\n                        <div class = \"td-doubleSlider-1 \">\r\n                            <div class = \"td-slider\">\r\n                                \r\n                    <div class = \"td-slide-item td-item1\">\r\n                        <figure class=\"td-slide-galery-figure td-slide-popup-gallery\">\r\n                            <a class=\"slide-gallery-image-link\" href=\"\/wp-content\/uploads\/sites\/5\/2025\/03\/IGSS-Hospital-de-Escuintla-Dia-Mundial-del-Rinon-2025-3.jpg\" title=\"IGSS Hospital de Escuintla Dia Mundial del Rin\u0303on 2025-3\"  data-caption=\"\"  data-description=\"\">\r\n                                <img decoding=\"async\" src=\"\/wp-content\/uploads\/sites\/5\/2025\/03\/IGSS-Hospital-de-Escuintla-Dia-Mundial-del-Rinon-2025-3-630x420.jpg\" srcset=\"\/wp-content\/uploads\/sites\/5\/2025\/03\/IGSS-Hospital-de-Escuintla-Dia-Mundial-del-Rinon-2025-3-630x420.jpg 630w, \/wp-content\/uploads\/sites\/5\/2025\/03\/IGSS-Hospital-de-Escuintla-Dia-Mundial-del-Rinon-2025-3-300x200.jpg 300w, \/wp-content\/uploads\/sites\/5\/2025\/03\/IGSS-Hospital-de-Escuintla-Dia-Mundial-del-Rinon-2025-3-1024x682.jpg 1024w, \/wp-content\/uploads\/sites\/5\/2025\/03\/IGSS-Hospital-de-Escuintla-Dia-Mundial-del-Rinon-2025-3-768x512.jpg 768w, \/wp-content\/uploads\/sites\/5\/2025\/03\/IGSS-Hospital-de-Escuintla-Dia-Mundial-del-Rinon-2025-3-1536x1024.jpg 1536w, \/wp-content\/uploads\/sites\/5\/2025\/03\/IGSS-Hospital-de-Escuintla-Dia-Mundial-del-Rinon-2025-3-2048x1365.jpg 2048w, \/wp-content\/uploads\/sites\/5\/2025\/03\/IGSS-Hospital-de-Escuintla-Dia-Mundial-del-Rinon-2025-3-696x464.jpg 696w, \/wp-content\/uploads\/sites\/5\/2025\/03\/IGSS-Hospital-de-Escuintla-Dia-Mundial-del-Rinon-2025-3-1068x712.jpg 1068w, \/wp-content\/uploads\/sites\/5\/2025\/03\/IGSS-Hospital-de-Escuintla-Dia-Mundial-del-Rinon-2025-3-1920x1280.jpg 1920w, \/wp-content\/uploads\/sites\/5\/2025\/03\/IGSS-Hospital-de-Escuintla-Dia-Mundial-del-Rinon-2025-3-534x356.jpg 534w\" sizes=\"(max-width: 630px) 100vw, 630px\" alt=\"\">\r\n                            <\/a>\r\n                            \r\n                        <\/figure>\r\n                    <\/div>\r\n                    <div class = \"td-slide-item td-item2\">\r\n                        <figure class=\"td-slide-galery-figure td-slide-popup-gallery\">\r\n                            <a class=\"slide-gallery-image-link\" href=\"\/wp-content\/uploads\/sites\/5\/2025\/03\/IGSS-Hospital-de-Escuintla-Dia-Mundial-del-Rinon-2025-4.jpg\" title=\"IGSS Hospital de Escuintla Dia Mundial del Rin\u0303on 2025-4\"  data-caption=\"\"  data-description=\"\">\r\n                                <img decoding=\"async\" src=\"\/wp-content\/uploads\/sites\/5\/2025\/03\/IGSS-Hospital-de-Escuintla-Dia-Mundial-del-Rinon-2025-4-630x420.jpg\" srcset=\"\/wp-content\/uploads\/sites\/5\/2025\/03\/IGSS-Hospital-de-Escuintla-Dia-Mundial-del-Rinon-2025-4-630x420.jpg 630w, \/wp-content\/uploads\/sites\/5\/2025\/03\/IGSS-Hospital-de-Escuintla-Dia-Mundial-del-Rinon-2025-4-300x200.jpg 300w, \/wp-content\/uploads\/sites\/5\/2025\/03\/IGSS-Hospital-de-Escuintla-Dia-Mundial-del-Rinon-2025-4-1024x682.jpg 1024w, \/wp-content\/uploads\/sites\/5\/2025\/03\/IGSS-Hospital-de-Escuintla-Dia-Mundial-del-Rinon-2025-4-768x512.jpg 768w, \/wp-content\/uploads\/sites\/5\/2025\/03\/IGSS-Hospital-de-Escuintla-Dia-Mundial-del-Rinon-2025-4-1536x1024.jpg 1536w, \/wp-content\/uploads\/sites\/5\/2025\/03\/IGSS-Hospital-de-Escuintla-Dia-Mundial-del-Rinon-2025-4-2048x1365.jpg 2048w, \/wp-content\/uploads\/sites\/5\/2025\/03\/IGSS-Hospital-de-Escuintla-Dia-Mundial-del-Rinon-2025-4-696x464.jpg 696w, \/wp-content\/uploads\/sites\/5\/2025\/03\/IGSS-Hospital-de-Escuintla-Dia-Mundial-del-Rinon-2025-4-1068x712.jpg 1068w, \/wp-content\/uploads\/sites\/5\/2025\/03\/IGSS-Hospital-de-Escuintla-Dia-Mundial-del-Rinon-2025-4-1920x1280.jpg 1920w, \/wp-content\/uploads\/sites\/5\/2025\/03\/IGSS-Hospital-de-Escuintla-Dia-Mundial-del-Rinon-2025-4-534x356.jpg 534w\" sizes=\"(max-width: 630px) 100vw, 630px\" alt=\"\">\r\n                            <\/a>\r\n                            \r\n                        <\/figure>\r\n                    <\/div>\r\n                    <div class = \"td-slide-item td-item3\">\r\n                        <figure class=\"td-slide-galery-figure td-slide-popup-gallery\">\r\n                            <a class=\"slide-gallery-image-link\" href=\"\/wp-content\/uploads\/sites\/5\/2025\/03\/IGSS-Hospital-de-Escuintla-Dia-Mundial-del-Rinon-2025-5.jpg\" title=\"IGSS Hospital de Escuintla Dia Mundial del Rin\u0303on 2025-5\"  data-caption=\"\"  data-description=\"\">\r\n                                <img decoding=\"async\" src=\"\/wp-content\/uploads\/sites\/5\/2025\/03\/IGSS-Hospital-de-Escuintla-Dia-Mundial-del-Rinon-2025-5-630x420.jpg\" srcset=\"\/wp-content\/uploads\/sites\/5\/2025\/03\/IGSS-Hospital-de-Escuintla-Dia-Mundial-del-Rinon-2025-5-630x420.jpg 630w, \/wp-content\/uploads\/sites\/5\/2025\/03\/IGSS-Hospital-de-Escuintla-Dia-Mundial-del-Rinon-2025-5-300x200.jpg 300w, \/wp-content\/uploads\/sites\/5\/2025\/03\/IGSS-Hospital-de-Escuintla-Dia-Mundial-del-Rinon-2025-5-1024x682.jpg 1024w, \/wp-content\/uploads\/sites\/5\/2025\/03\/IGSS-Hospital-de-Escuintla-Dia-Mundial-del-Rinon-2025-5-768x512.jpg 768w, \/wp-content\/uploads\/sites\/5\/2025\/03\/IGSS-Hospital-de-Escuintla-Dia-Mundial-del-Rinon-2025-5-1536x1024.jpg 1536w, \/wp-content\/uploads\/sites\/5\/2025\/03\/IGSS-Hospital-de-Escuintla-Dia-Mundial-del-Rinon-2025-5-2048x1365.jpg 2048w, \/wp-content\/uploads\/sites\/5\/2025\/03\/IGSS-Hospital-de-Escuintla-Dia-Mundial-del-Rinon-2025-5-696x464.jpg 696w, \/wp-content\/uploads\/sites\/5\/2025\/03\/IGSS-Hospital-de-Escuintla-Dia-Mundial-del-Rinon-2025-5-1068x712.jpg 1068w, \/wp-content\/uploads\/sites\/5\/2025\/03\/IGSS-Hospital-de-Escuintla-Dia-Mundial-del-Rinon-2025-5-1920x1280.jpg 1920w, \/wp-content\/uploads\/sites\/5\/2025\/03\/IGSS-Hospital-de-Escuintla-Dia-Mundial-del-Rinon-2025-5-534x356.jpg 534w\" sizes=\"(max-width: 630px) 100vw, 630px\" alt=\"\">\r\n                            <\/a>\r\n                            \r\n                        <\/figure>\r\n                    <\/div>\r\n                            <\/div>\r\n                        <\/div>\r\n\r\n                        <div class = \"td-doubleSlider-2\">\r\n                            <div class = \"td-slider\">\r\n                                \r\n                    <div class = \"td-button td-item1\">\r\n                        <div class = \"td-border\"><\/div>\r\n                    <\/div>\r\n                    <div class = \"td-button td-item2\">\r\n                        <div class = \"td-border\"><\/div>\r\n                    <\/div>\r\n                    <div class = \"td-button td-item3\">\r\n                        <div class = \"td-border\"><\/div>\r\n                    <\/div>\r\n                            <\/div>\r\n                        <\/div>\r\n\r\n                    <\/div>\r\n\r\n                <\/div>\r\n                \n\n\n<p><\/p>\n","protected":false},"excerpt":{"rendered":"<p>Para fomentar h\u00e1bitos saludables y prevenir enfermedades renales, el Hospital de Escuintla organiz\u00f3 una jornada de concienciaci\u00f3n sobre el cuidado de los ri\u00f1ones. A trav\u00e9s de charlas interactivas, los expertos compartieron consejos pr\u00e1cticos y recomendaciones para mantener la salud renal \u00f3ptima. Entre las recomendaciones m\u00e1s destacadas se mencionaron la hidrataci\u00f3n adecuada, la alimentaci\u00f3n balanceada, el [&hellip;]<\/p>\n","protected":false},"author":3269,"featured_media":46872,"comment_status":"closed","ping_status":"closed","sticky":false,"template":"","format":"standard","meta":{"footnotes":""},"categories":[3,4,1130,15,27,31],"tags":[2053,476,490,1100],"coauthors":[1970],"class_list":{"0":"post-46871","1":"post","2":"type-post","3":"status-publish","4":"format-standard","5":"has-post-thumbnail","7":"category-actualidad","8":"category-afiliados","9":"category-consejos-medicos","10":"category-destacado","11":"category-prevencion-en-salud","12":"category-salud","13":"tag-dia-mundial-del-rinon-2","14":"tag-hospital-de-escuintla","15":"tag-igss","16":"tag-rinones"},"_links":{"self":[{"href":"https:\/\/www.igssgt.org\/noticias\/wp-json\/wp\/v2\/posts\/46871","targetHints":{"allow":["GET"]}}],"collection":[{"href":"https:\/\/www.igssgt.org\/noticias\/wp-json\/wp\/v2\/posts"}],"about":[{"href":"https:\/\/www.igssgt.org\/noticias\/wp-json\/wp\/v2\/types\/post"}],"author":[{"embeddable":true,"href":"https:\/\/www.igssgt.org\/noticias\/wp-json\/wp\/v2\/users\/3269"}],"replies":[{"embeddable":true,"href":"https:\/\/www.igssgt.org\/noticias\/wp-json\/wp\/v2\/comments?post=46871"}],"version-history":[{"count":1,"href":"https:\/\/www.igssgt.org\/noticias\/wp-json\/wp\/v2\/posts\/46871\/revisions"}],"predecessor-version":[{"id":46878,"href":"https:\/\/www.igssgt.org\/noticias\/wp-json\/wp\/v2\/posts\/46871\/revisions\/46878"}],"wp:featuredmedia":[{"embeddable":true,"href":"https:\/\/www.igssgt.org\/noticias\/wp-json\/wp\/v2\/media\/46872"}],"wp:attachment":[{"href":"https:\/\/www.igssgt.org\/noticias\/wp-json\/wp\/v2\/media?parent=46871"}],"wp:term":[{"taxonomy":"category","embeddable":true,"href":"https:\/\/www.igssgt.org\/noticias\/wp-json\/wp\/v2\/categories?post=46871"},{"taxonomy":"post_tag","embeddable":true,"href":"https:\/\/www.igssgt.org\/noticias\/wp-json\/wp\/v2\/tags?post=46871"},{"taxonomy":"author","embeddable":true,"href":"https:\/\/www.igssgt.org\/noticias\/wp-json\/wp\/v2\/coauthors?post=46871"}],"curies":[{"name":"wp","href":"https:\/\/api.w.org\/{rel}","templated":true}]}}