{"id":46965,"date":"2025-03-17T09:41:05","date_gmt":"2025-03-17T15:41:05","guid":{"rendered":"https:\/\/www.igssgt.org\/noticias\/?p=46965"},"modified":"2025-03-17T09:41:06","modified_gmt":"2025-03-17T15:41:06","slug":"igss-cada-dia-mas-cerca-de-la-poblacion","status":"publish","type":"post","link":"https:\/\/www.igssgt.org\/noticias\/2025\/03\/17\/igss-cada-dia-mas-cerca-de-la-poblacion\/","title":{"rendered":"IGSS: Cada d\u00eda, m\u00e1s cerca de la poblaci\u00f3n"},"content":{"rendered":"\n<p>Un domingo especial vivieron decenas de asegurados y poblaci\u00f3n en general que lleg\u00f3 a Pasos y Pedales, en Avenida Las Am\u00e9ricas.<\/p>\n\n\n<p>Al tiempo de ejercitarse corriendo o caminando, y de realizar otras actividades de entretenci\u00f3n, tambi\u00e9n tuvieron la oportunidad de echarle un vistazo a su salud, gracias a una brigada m\u00e9dica del Instituto Guatemalteco de Seguridad Social -IGSS-.<\/p>\n<p>En Plaza La Bandera, se les practicaron a los asistentes tamizajes de peso, talla, y presi\u00f3n arterial, pero especialmente, se les brind\u00f3 informaci\u00f3n preventiva orientada en los ri\u00f1ones, por nefr\u00f3logos del Hospital General de Enfermedades (HGE).<\/p>\n<figure id=\"attachment_46967\" aria-describedby=\"caption-attachment-46967\" style=\"width: 717px\" class=\"wp-caption alignnone\"><img loading=\"lazy\" decoding=\"async\" class=\"wp-image-46967\" src=\"\/wp-content\/uploads\/sites\/5\/2025\/03\/IGSS-pasos-y-pedales-jornada-rinon-2025-1-300x224.jpg\" alt=\"\" width=\"717\" height=\"535\" srcset=\"\/wp-content\/uploads\/sites\/5\/2025\/03\/IGSS-pasos-y-pedales-jornada-rinon-2025-1-300x224.jpg 300w, \/wp-content\/uploads\/sites\/5\/2025\/03\/IGSS-pasos-y-pedales-jornada-rinon-2025-1-1024x765.jpg 1024w, \/wp-content\/uploads\/sites\/5\/2025\/03\/IGSS-pasos-y-pedales-jornada-rinon-2025-1-768x573.jpg 768w, \/wp-content\/uploads\/sites\/5\/2025\/03\/IGSS-pasos-y-pedales-jornada-rinon-2025-1-563x420.jpg 563w, \/wp-content\/uploads\/sites\/5\/2025\/03\/IGSS-pasos-y-pedales-jornada-rinon-2025-1-80x60.jpg 80w, \/wp-content\/uploads\/sites\/5\/2025\/03\/IGSS-pasos-y-pedales-jornada-rinon-2025-1-696x520.jpg 696w, \/wp-content\/uploads\/sites\/5\/2025\/03\/IGSS-pasos-y-pedales-jornada-rinon-2025-1-265x198.jpg 265w, \/wp-content\/uploads\/sites\/5\/2025\/03\/IGSS-pasos-y-pedales-jornada-rinon-2025-1-534x399.jpg 534w, \/wp-content\/uploads\/sites\/5\/2025\/03\/IGSS-pasos-y-pedales-jornada-rinon-2025-1.jpg 1042w\" sizes=\"auto, (max-width: 717px) 100vw, 717px\" \/><figcaption id=\"caption-attachment-46967\" class=\"wp-caption-text\">Asegurados y p\u00fablico en general fueron atendidos por salud renal en Pasos y Pedales, Avenida Las Am\u00e9ricas.<\/figcaption><\/figure>\n<p>Este a\u00f1o, la conmemoraci\u00f3n (13 de marzo pasado) cobr\u00f3 mayor relevancia, pues millones de personas en el mundo padecen insuficiencia renal, una afecci\u00f3n prevenible y tratable si es detectada a tiempo.<\/p>\n<p>La se\u00f1ora Nancy Obando fue una de las que aprovech\u00f3 la actividad del Instituto. \u201cGracias a Dios mis pruebas salieron bien. Seguir\u00e9 la recomendaci\u00f3n de hacerme ex\u00e1menes peri\u00f3dicamente, y felicito al IGSS por facilitar estos espacios\u201d, comparti\u00f3.<\/p>\n<p>As\u00ed, ni\u00f1os, j\u00f3venes y adultos se llevaron informaci\u00f3n que les brindar\u00e1 calidad de vida, pues a decir del Dr. Erwin Cambranes, jefe de Medicina Preventiva, en 2024, el IGSS atendi\u00f3 a 139 mil 622 derechohabientes por problemas renales, la cuarta enfermedad catastr\u00f3fica con mayor demanda en la instituci\u00f3n, por detr\u00e1s del c\u00e1ncer, diabetes e hipertensi\u00f3n.<\/p>\n<figure id=\"attachment_46968\" aria-describedby=\"caption-attachment-46968\" style=\"width: 731px\" class=\"wp-caption alignnone\"><img loading=\"lazy\" decoding=\"async\" class=\"wp-image-46968\" src=\"\/wp-content\/uploads\/sites\/5\/2025\/03\/IGSS-pasos-y-pedales-jornada-rinon-2025-2-300x200.jpg\" alt=\"\" width=\"731\" height=\"487\" srcset=\"\/wp-content\/uploads\/sites\/5\/2025\/03\/IGSS-pasos-y-pedales-jornada-rinon-2025-2-300x200.jpg 300w, \/wp-content\/uploads\/sites\/5\/2025\/03\/IGSS-pasos-y-pedales-jornada-rinon-2025-2-1024x682.jpg 1024w, \/wp-content\/uploads\/sites\/5\/2025\/03\/IGSS-pasos-y-pedales-jornada-rinon-2025-2-768x512.jpg 768w, \/wp-content\/uploads\/sites\/5\/2025\/03\/IGSS-pasos-y-pedales-jornada-rinon-2025-2-630x420.jpg 630w, \/wp-content\/uploads\/sites\/5\/2025\/03\/IGSS-pasos-y-pedales-jornada-rinon-2025-2-696x464.jpg 696w, \/wp-content\/uploads\/sites\/5\/2025\/03\/IGSS-pasos-y-pedales-jornada-rinon-2025-2-1068x712.jpg 1068w, \/wp-content\/uploads\/sites\/5\/2025\/03\/IGSS-pasos-y-pedales-jornada-rinon-2025-2-534x356.jpg 534w, \/wp-content\/uploads\/sites\/5\/2025\/03\/IGSS-pasos-y-pedales-jornada-rinon-2025-2.jpg 1280w\" sizes=\"auto, (max-width: 731px) 100vw, 731px\" \/><figcaption id=\"caption-attachment-46968\" class=\"wp-caption-text\">El equipo de nefr\u00f3logos del Hospital General de Enfermedades brind\u00f3 informaci\u00f3n valiosa a los asistentes.<\/figcaption><\/figure>\n<p>Y en la actualidad, se atienden por hemodi\u00e1lisis a cerca de 4,500 pacientes, a 1,100 por di\u00e1lisis peritoneal y m\u00e1s de 4 mil reciben diversos tratamientos renales. Vale destacar que el Seguro Social ha beneficiado a 926 asegurados adultos con trasplantes de ri\u00f1\u00f3n y a 103 ni\u00f1os.<\/p>\n\r\n                <style type=\"text\/css\">\r\n                    \r\n                    #tdi_1  .td-doubleSlider-2 .td-item1 {\r\n                        background: url(\/wp-content\/uploads\/sites\/5\/2025\/03\/IGSS-pasos-y-pedales-jornada-rinon-2025-3-80x60.jpg) 0 0 no-repeat;\r\n                    }\r\n                    #tdi_1  .td-doubleSlider-2 .td-item2 {\r\n                        background: url(\/wp-content\/uploads\/sites\/5\/2025\/03\/IGSS-pasos-y-pedales-jornada-rinon-2025-4-80x60.jpg) 0 0 no-repeat;\r\n                    }\r\n                    #tdi_1  .td-doubleSlider-2 .td-item3 {\r\n                        background: url(\/wp-content\/uploads\/sites\/5\/2025\/03\/IGSS-pasos-y-pedales-jornada-rinon-2025-5-80x60.jpg) 0 0 no-repeat;\r\n                    }\r\n                    #tdi_1  .td-doubleSlider-2 .td-item4 {\r\n                        background: url(\/wp-content\/uploads\/sites\/5\/2025\/03\/IGSS-pasos-y-pedales-jornada-rinon-2025-6-80x60.jpg) 0 0 no-repeat;\r\n                    }\r\n                    #tdi_1  .td-doubleSlider-2 .td-item5 {\r\n                        background: url(\/wp-content\/uploads\/sites\/5\/2025\/03\/IGSS-pasos-y-pedales-jornada-rinon-2025-7-80x60.jpg) 0 0 no-repeat;\r\n                    }\r\n                    #tdi_1  .td-doubleSlider-2 .td-item6 {\r\n                        background: url(\/wp-content\/uploads\/sites\/5\/2025\/03\/IGSS-pasos-y-pedales-jornada-rinon-2025-8-80x60.jpg) 0 0 no-repeat;\r\n                    }\r\n                <\/style>\r\n\r\n                <div id=\"tdi_1\" class=\"td-gallery td-slide-on-2-columns\">\r\n                    <div class=\"post_td_gallery\">\r\n                        <div class=\"td-gallery-slide-top\">\r\n                           <div class=\"td-gallery-title\">M\u00e1s fotos de la actividad:<\/div>\r\n\r\n                            <div class=\"td-gallery-controls-wrapper\">\r\n                                <div class=\"td-gallery-slide-count\"><span class=\"td-gallery-slide-item-focus\">1<\/span> de 6<\/div>\r\n                                <div class=\"td-gallery-slide-prev-next-but\">\r\n                                    <i class = \"td-icon-left doubleSliderPrevButton\"><\/i>\r\n                                    <i class = \"td-icon-right doubleSliderNextButton\"><\/i>\r\n                                <\/div>\r\n                            <\/div>\r\n                        <\/div>\r\n\r\n                        <div class = \"td-doubleSlider-1 \">\r\n                            <div class = \"td-slider\">\r\n                                \r\n                    <div class = \"td-slide-item td-item1\">\r\n                        <figure class=\"td-slide-galery-figure td-slide-popup-gallery\">\r\n                            <a class=\"slide-gallery-image-link\" href=\"\/wp-content\/uploads\/sites\/5\/2025\/03\/IGSS-pasos-y-pedales-jornada-rinon-2025-3.jpg\" title=\"IGSS pasos y pedales jornada rin\u0303o\u0301n 2025-3\"  data-caption=\"\"  data-description=\"\">\r\n                                <img decoding=\"async\" src=\"\/wp-content\/uploads\/sites\/5\/2025\/03\/IGSS-pasos-y-pedales-jornada-rinon-2025-3-630x420.jpg\" srcset=\"\/wp-content\/uploads\/sites\/5\/2025\/03\/IGSS-pasos-y-pedales-jornada-rinon-2025-3-630x420.jpg 630w, \/wp-content\/uploads\/sites\/5\/2025\/03\/IGSS-pasos-y-pedales-jornada-rinon-2025-3-300x200.jpg 300w, \/wp-content\/uploads\/sites\/5\/2025\/03\/IGSS-pasos-y-pedales-jornada-rinon-2025-3-1024x682.jpg 1024w, \/wp-content\/uploads\/sites\/5\/2025\/03\/IGSS-pasos-y-pedales-jornada-rinon-2025-3-768x512.jpg 768w, \/wp-content\/uploads\/sites\/5\/2025\/03\/IGSS-pasos-y-pedales-jornada-rinon-2025-3-696x464.jpg 696w, \/wp-content\/uploads\/sites\/5\/2025\/03\/IGSS-pasos-y-pedales-jornada-rinon-2025-3-1068x712.jpg 1068w, \/wp-content\/uploads\/sites\/5\/2025\/03\/IGSS-pasos-y-pedales-jornada-rinon-2025-3-534x356.jpg 534w, \/wp-content\/uploads\/sites\/5\/2025\/03\/IGSS-pasos-y-pedales-jornada-rinon-2025-3.jpg 1280w\" sizes=\"(max-width: 630px) 100vw, 630px\" alt=\"\">\r\n                            <\/a>\r\n                            \r\n                        <\/figure>\r\n                    <\/div>\r\n                    <div class = \"td-slide-item td-item2\">\r\n                        <figure class=\"td-slide-galery-figure td-slide-popup-gallery\">\r\n                            <a class=\"slide-gallery-image-link\" href=\"\/wp-content\/uploads\/sites\/5\/2025\/03\/IGSS-pasos-y-pedales-jornada-rinon-2025-4.jpg\" title=\"IGSS pasos y pedales jornada rin\u0303o\u0301n 2025-4\"  data-caption=\"\"  data-description=\"\">\r\n                                <img decoding=\"async\" src=\"\/wp-content\/uploads\/sites\/5\/2025\/03\/IGSS-pasos-y-pedales-jornada-rinon-2025-4-630x420.jpg\" srcset=\"\/wp-content\/uploads\/sites\/5\/2025\/03\/IGSS-pasos-y-pedales-jornada-rinon-2025-4-630x420.jpg 630w, \/wp-content\/uploads\/sites\/5\/2025\/03\/IGSS-pasos-y-pedales-jornada-rinon-2025-4-300x200.jpg 300w, \/wp-content\/uploads\/sites\/5\/2025\/03\/IGSS-pasos-y-pedales-jornada-rinon-2025-4-1024x682.jpg 1024w, \/wp-content\/uploads\/sites\/5\/2025\/03\/IGSS-pasos-y-pedales-jornada-rinon-2025-4-768x512.jpg 768w, \/wp-content\/uploads\/sites\/5\/2025\/03\/IGSS-pasos-y-pedales-jornada-rinon-2025-4-696x464.jpg 696w, \/wp-content\/uploads\/sites\/5\/2025\/03\/IGSS-pasos-y-pedales-jornada-rinon-2025-4-1068x712.jpg 1068w, \/wp-content\/uploads\/sites\/5\/2025\/03\/IGSS-pasos-y-pedales-jornada-rinon-2025-4-534x356.jpg 534w, \/wp-content\/uploads\/sites\/5\/2025\/03\/IGSS-pasos-y-pedales-jornada-rinon-2025-4.jpg 1280w\" sizes=\"(max-width: 630px) 100vw, 630px\" alt=\"\">\r\n                            <\/a>\r\n                            \r\n                        <\/figure>\r\n                    <\/div>\r\n                    <div class = \"td-slide-item td-item3\">\r\n                        <figure class=\"td-slide-galery-figure td-slide-popup-gallery\">\r\n                            <a class=\"slide-gallery-image-link\" href=\"\/wp-content\/uploads\/sites\/5\/2025\/03\/IGSS-pasos-y-pedales-jornada-rinon-2025-5.jpg\" title=\"IGSS pasos y pedales jornada rin\u0303o\u0301n 2025-5\"  data-caption=\"\"  data-description=\"\">\r\n                                <img decoding=\"async\" src=\"\/wp-content\/uploads\/sites\/5\/2025\/03\/IGSS-pasos-y-pedales-jornada-rinon-2025-5-630x420.jpg\" srcset=\"\/wp-content\/uploads\/sites\/5\/2025\/03\/IGSS-pasos-y-pedales-jornada-rinon-2025-5-630x420.jpg 630w, \/wp-content\/uploads\/sites\/5\/2025\/03\/IGSS-pasos-y-pedales-jornada-rinon-2025-5-300x200.jpg 300w, \/wp-content\/uploads\/sites\/5\/2025\/03\/IGSS-pasos-y-pedales-jornada-rinon-2025-5-1024x682.jpg 1024w, \/wp-content\/uploads\/sites\/5\/2025\/03\/IGSS-pasos-y-pedales-jornada-rinon-2025-5-768x512.jpg 768w, \/wp-content\/uploads\/sites\/5\/2025\/03\/IGSS-pasos-y-pedales-jornada-rinon-2025-5-696x464.jpg 696w, \/wp-content\/uploads\/sites\/5\/2025\/03\/IGSS-pasos-y-pedales-jornada-rinon-2025-5-1068x712.jpg 1068w, \/wp-content\/uploads\/sites\/5\/2025\/03\/IGSS-pasos-y-pedales-jornada-rinon-2025-5-534x356.jpg 534w, \/wp-content\/uploads\/sites\/5\/2025\/03\/IGSS-pasos-y-pedales-jornada-rinon-2025-5.jpg 1280w\" sizes=\"(max-width: 630px) 100vw, 630px\" alt=\"\">\r\n                            <\/a>\r\n                            \r\n                        <\/figure>\r\n                    <\/div>\r\n                    <div class = \"td-slide-item td-item4\">\r\n                        <figure class=\"td-slide-galery-figure td-slide-popup-gallery\">\r\n                            <a class=\"slide-gallery-image-link\" href=\"\/wp-content\/uploads\/sites\/5\/2025\/03\/IGSS-pasos-y-pedales-jornada-rinon-2025-6.jpg\" title=\"IGSS pasos y pedales jornada rin\u0303o\u0301n 2025-6\"  data-caption=\"\"  data-description=\"\">\r\n                                <img decoding=\"async\" src=\"\/wp-content\/uploads\/sites\/5\/2025\/03\/IGSS-pasos-y-pedales-jornada-rinon-2025-6-669x420.jpg\" srcset=\"\/wp-content\/uploads\/sites\/5\/2025\/03\/IGSS-pasos-y-pedales-jornada-rinon-2025-6-669x420.jpg 669w, \/wp-content\/uploads\/sites\/5\/2025\/03\/IGSS-pasos-y-pedales-jornada-rinon-2025-6-300x188.jpg 300w, \/wp-content\/uploads\/sites\/5\/2025\/03\/IGSS-pasos-y-pedales-jornada-rinon-2025-6-1024x643.jpg 1024w, \/wp-content\/uploads\/sites\/5\/2025\/03\/IGSS-pasos-y-pedales-jornada-rinon-2025-6-768x482.jpg 768w, \/wp-content\/uploads\/sites\/5\/2025\/03\/IGSS-pasos-y-pedales-jornada-rinon-2025-6-1536x965.jpg 1536w, \/wp-content\/uploads\/sites\/5\/2025\/03\/IGSS-pasos-y-pedales-jornada-rinon-2025-6-696x437.jpg 696w, \/wp-content\/uploads\/sites\/5\/2025\/03\/IGSS-pasos-y-pedales-jornada-rinon-2025-6-1068x671.jpg 1068w, \/wp-content\/uploads\/sites\/5\/2025\/03\/IGSS-pasos-y-pedales-jornada-rinon-2025-6-534x335.jpg 534w, \/wp-content\/uploads\/sites\/5\/2025\/03\/IGSS-pasos-y-pedales-jornada-rinon-2025-6.jpg 1600w\" sizes=\"(max-width: 669px) 100vw, 669px\" alt=\"\">\r\n                            <\/a>\r\n                            \r\n                        <\/figure>\r\n                    <\/div>\r\n                    <div class = \"td-slide-item td-item5\">\r\n                        <figure class=\"td-slide-galery-figure td-slide-popup-gallery\">\r\n                            <a class=\"slide-gallery-image-link\" href=\"\/wp-content\/uploads\/sites\/5\/2025\/03\/IGSS-pasos-y-pedales-jornada-rinon-2025-7.jpg\" title=\"IGSS pasos y pedales jornada rin\u0303o\u0301n 2025-7\"  data-caption=\"\"  data-description=\"\">\r\n                                <img decoding=\"async\" src=\"\/wp-content\/uploads\/sites\/5\/2025\/03\/IGSS-pasos-y-pedales-jornada-rinon-2025-7-630x420.jpg\" srcset=\"\/wp-content\/uploads\/sites\/5\/2025\/03\/IGSS-pasos-y-pedales-jornada-rinon-2025-7-630x420.jpg 630w, \/wp-content\/uploads\/sites\/5\/2025\/03\/IGSS-pasos-y-pedales-jornada-rinon-2025-7-300x200.jpg 300w, \/wp-content\/uploads\/sites\/5\/2025\/03\/IGSS-pasos-y-pedales-jornada-rinon-2025-7-1024x682.jpg 1024w, \/wp-content\/uploads\/sites\/5\/2025\/03\/IGSS-pasos-y-pedales-jornada-rinon-2025-7-768x512.jpg 768w, \/wp-content\/uploads\/sites\/5\/2025\/03\/IGSS-pasos-y-pedales-jornada-rinon-2025-7-696x464.jpg 696w, \/wp-content\/uploads\/sites\/5\/2025\/03\/IGSS-pasos-y-pedales-jornada-rinon-2025-7-1068x712.jpg 1068w, \/wp-content\/uploads\/sites\/5\/2025\/03\/IGSS-pasos-y-pedales-jornada-rinon-2025-7-534x356.jpg 534w, \/wp-content\/uploads\/sites\/5\/2025\/03\/IGSS-pasos-y-pedales-jornada-rinon-2025-7.jpg 1280w\" sizes=\"(max-width: 630px) 100vw, 630px\" alt=\"\">\r\n                            <\/a>\r\n                            \r\n                        <\/figure>\r\n                    <\/div>\r\n                    <div class = \"td-slide-item td-item6\">\r\n                        <figure class=\"td-slide-galery-figure td-slide-popup-gallery\">\r\n                            <a class=\"slide-gallery-image-link\" href=\"\/wp-content\/uploads\/sites\/5\/2025\/03\/IGSS-pasos-y-pedales-jornada-rinon-2025-8.jpg\" title=\"IGSS pasos y pedales jornada rin\u0303o\u0301n 2025-8\"  data-caption=\"\"  data-description=\"\">\r\n                                <img decoding=\"async\" src=\"\/wp-content\/uploads\/sites\/5\/2025\/03\/IGSS-pasos-y-pedales-jornada-rinon-2025-8-630x420.jpg\" srcset=\"\/wp-content\/uploads\/sites\/5\/2025\/03\/IGSS-pasos-y-pedales-jornada-rinon-2025-8-630x420.jpg 630w, \/wp-content\/uploads\/sites\/5\/2025\/03\/IGSS-pasos-y-pedales-jornada-rinon-2025-8-300x200.jpg 300w, \/wp-content\/uploads\/sites\/5\/2025\/03\/IGSS-pasos-y-pedales-jornada-rinon-2025-8-1024x682.jpg 1024w, \/wp-content\/uploads\/sites\/5\/2025\/03\/IGSS-pasos-y-pedales-jornada-rinon-2025-8-768x512.jpg 768w, \/wp-content\/uploads\/sites\/5\/2025\/03\/IGSS-pasos-y-pedales-jornada-rinon-2025-8-696x464.jpg 696w, \/wp-content\/uploads\/sites\/5\/2025\/03\/IGSS-pasos-y-pedales-jornada-rinon-2025-8-1068x712.jpg 1068w, \/wp-content\/uploads\/sites\/5\/2025\/03\/IGSS-pasos-y-pedales-jornada-rinon-2025-8-534x356.jpg 534w, \/wp-content\/uploads\/sites\/5\/2025\/03\/IGSS-pasos-y-pedales-jornada-rinon-2025-8.jpg 1280w\" sizes=\"(max-width: 630px) 100vw, 630px\" alt=\"\">\r\n                            <\/a>\r\n                            \r\n                        <\/figure>\r\n                    <\/div>\r\n                            <\/div>\r\n                        <\/div>\r\n\r\n                        <div class = \"td-doubleSlider-2\">\r\n                            <div class = \"td-slider\">\r\n                                \r\n                    <div class = \"td-button td-item1\">\r\n                        <div class = \"td-border\"><\/div>\r\n                    <\/div>\r\n                    <div class = \"td-button td-item2\">\r\n                        <div class = \"td-border\"><\/div>\r\n                    <\/div>\r\n                    <div class = \"td-button td-item3\">\r\n                        <div class = \"td-border\"><\/div>\r\n                    <\/div>\r\n                    <div class = \"td-button td-item4\">\r\n                        <div class = \"td-border\"><\/div>\r\n                    <\/div>\r\n                    <div class = \"td-button td-item5\">\r\n                        <div class = \"td-border\"><\/div>\r\n                    <\/div>\r\n                    <div class = \"td-button td-item6\">\r\n                        <div class = \"td-border\"><\/div>\r\n                    <\/div>\r\n                            <\/div>\r\n                        <\/div>\r\n\r\n                    <\/div>\r\n\r\n                <\/div>\r\n                ","protected":false},"excerpt":{"rendered":"<p>Un domingo especial vivieron decenas de asegurados y poblaci\u00f3n en general que lleg\u00f3 a Pasos y Pedales, en Avenida Las Am\u00e9ricas. Al tiempo de ejercitarse corriendo o caminando, y de realizar otras actividades de entretenci\u00f3n, tambi\u00e9n tuvieron la oportunidad de echarle un vistazo a su salud, gracias a una brigada m\u00e9dica del Instituto Guatemalteco de [&hellip;]<\/p>\n","protected":false},"author":3269,"featured_media":46966,"comment_status":"closed","ping_status":"closed","sticky":false,"template":"","format":"standard","meta":{"footnotes":""},"categories":[3,4,1130,15,1551,1870,45,1872,1291,27,31,33],"tags":[248,481,490,536,656,2057,1100],"coauthors":[],"class_list":{"0":"post-46965","1":"post","2":"type-post","3":"status-publish","4":"format-standard","5":"has-post-thumbnail","7":"category-actualidad","8":"category-afiliados","9":"category-consejos-medicos","10":"category-destacado","11":"category-eventos-igss","12":"category-health-fitness","13":"category-jornadas-medicas","14":"category-lifestyle","15":"category-prestaciones-en-salud","16":"category-prevencion-en-salud","17":"category-salud","18":"category-servicios-de-salud","19":"tag-dia-mundial-del-rinon","20":"tag-hospital-general-de-enfermedades","21":"tag-igss","22":"tag-jornadas-medicas","23":"tag-nefrologia-del-igss","24":"tag-pasos-y-pedales","25":"tag-rinones"},"_links":{"self":[{"href":"https:\/\/www.igssgt.org\/noticias\/wp-json\/wp\/v2\/posts\/46965","targetHints":{"allow":["GET"]}}],"collection":[{"href":"https:\/\/www.igssgt.org\/noticias\/wp-json\/wp\/v2\/posts"}],"about":[{"href":"https:\/\/www.igssgt.org\/noticias\/wp-json\/wp\/v2\/types\/post"}],"author":[{"embeddable":true,"href":"https:\/\/www.igssgt.org\/noticias\/wp-json\/wp\/v2\/users\/3269"}],"replies":[{"embeddable":true,"href":"https:\/\/www.igssgt.org\/noticias\/wp-json\/wp\/v2\/comments?post=46965"}],"version-history":[{"count":1,"href":"https:\/\/www.igssgt.org\/noticias\/wp-json\/wp\/v2\/posts\/46965\/revisions"}],"predecessor-version":[{"id":46976,"href":"https:\/\/www.igssgt.org\/noticias\/wp-json\/wp\/v2\/posts\/46965\/revisions\/46976"}],"wp:featuredmedia":[{"embeddable":true,"href":"https:\/\/www.igssgt.org\/noticias\/wp-json\/wp\/v2\/media\/46966"}],"wp:attachment":[{"href":"https:\/\/www.igssgt.org\/noticias\/wp-json\/wp\/v2\/media?parent=46965"}],"wp:term":[{"taxonomy":"category","embeddable":true,"href":"https:\/\/www.igssgt.org\/noticias\/wp-json\/wp\/v2\/categories?post=46965"},{"taxonomy":"post_tag","embeddable":true,"href":"https:\/\/www.igssgt.org\/noticias\/wp-json\/wp\/v2\/tags?post=46965"},{"taxonomy":"author","embeddable":true,"href":"https:\/\/www.igssgt.org\/noticias\/wp-json\/wp\/v2\/coauthors?post=46965"}],"curies":[{"name":"wp","href":"https:\/\/api.w.org\/{rel}","templated":true}]}}