{"id":46995,"date":"2025-03-18T06:02:00","date_gmt":"2025-03-18T12:02:00","guid":{"rendered":"https:\/\/www.igssgt.org\/noticias\/?p=46995"},"modified":"2025-03-17T14:45:42","modified_gmt":"2025-03-17T20:45:42","slug":"proteja-su-salud-ante-los-factores-ambientales","status":"publish","type":"post","link":"https:\/\/www.igssgt.org\/noticias\/2025\/03\/18\/proteja-su-salud-ante-los-factores-ambientales\/","title":{"rendered":"Proteja su salud ante los factores ambientales"},"content":{"rendered":"\n<p class=\"has-drop-cap\">El Instituto Guatemalteco de Seguridad Social (IGSS), a trav\u00e9s del Departamento de Medicina Preventiva, recomienda a la poblaci\u00f3n tomar medidas de precauci\u00f3n ante condiciones ambientales que puedan afectar la salud respiratoria y ocular.<\/p>\n\n\n<p>Ante la presencia de factores como el humo, ceniza volc\u00e1nica, contaminaci\u00f3n del aire u otros agentes ambientales da\u00f1inos, es fundamental seguir las siguientes recomendaciones para reducir la exposici\u00f3n y evitar complicaciones de salud:<\/p>\n<figure id=\"attachment_46998\" aria-describedby=\"caption-attachment-46998\" style=\"width: 712px\" class=\"wp-caption alignnone\"><img loading=\"lazy\" decoding=\"async\" class=\"wp-image-46998\" src=\"\/wp-content\/uploads\/sites\/5\/2025\/03\/7f9df125-d428-4450-bc04-c00f2c5a9a30-300x228.jpg\" alt=\"\" width=\"712\" height=\"541\" srcset=\"\/wp-content\/uploads\/sites\/5\/2025\/03\/7f9df125-d428-4450-bc04-c00f2c5a9a30-300x228.jpg 300w, \/wp-content\/uploads\/sites\/5\/2025\/03\/7f9df125-d428-4450-bc04-c00f2c5a9a30-1024x778.jpg 1024w, \/wp-content\/uploads\/sites\/5\/2025\/03\/7f9df125-d428-4450-bc04-c00f2c5a9a30-768x584.jpg 768w, \/wp-content\/uploads\/sites\/5\/2025\/03\/7f9df125-d428-4450-bc04-c00f2c5a9a30-553x420.jpg 553w, \/wp-content\/uploads\/sites\/5\/2025\/03\/7f9df125-d428-4450-bc04-c00f2c5a9a30-80x60.jpg 80w, \/wp-content\/uploads\/sites\/5\/2025\/03\/7f9df125-d428-4450-bc04-c00f2c5a9a30-696x529.jpg 696w, \/wp-content\/uploads\/sites\/5\/2025\/03\/7f9df125-d428-4450-bc04-c00f2c5a9a30-1068x812.jpg 1068w, \/wp-content\/uploads\/sites\/5\/2025\/03\/7f9df125-d428-4450-bc04-c00f2c5a9a30-534x406.jpg 534w, \/wp-content\/uploads\/sites\/5\/2025\/03\/7f9df125-d428-4450-bc04-c00f2c5a9a30.jpg 1280w\" sizes=\"auto, (max-width: 712px) 100vw, 712px\" \/><figcaption id=\"caption-attachment-46998\" class=\"wp-caption-text\">El uso de mascarilla es recomendable ante las condiciones adversas en el ambiente.<\/figcaption><\/figure>\n<ul>\n<li>Permanezca en interiores tanto como sea posible y evite actividades al aire libre<\/li>\n<li>Mantenga cerradas las ventanas en su hogar, lugar de trabajo y autom\u00f3vil<\/li>\n<li>Use mascarilla al salir a la calle<\/li>\n<li>Proteja sus ojos con gafas adecuadas si es necesario<\/li>\n<li>Informe a familiares y amigos con enfermedades respiratorias sobre la situaci\u00f3n<\/li>\n<li>En caso de presentar s\u00edntomas respiratorios u oculares, acuda al servicio de salud m\u00e1s cercano<\/li>\n<li>Siga la informaci\u00f3n de fuentes oficiales para conocer actualizaciones<\/li>\n<\/ul>\n<figure id=\"attachment_46999\" aria-describedby=\"caption-attachment-46999\" style=\"width: 705px\" class=\"wp-caption alignnone\"><img loading=\"lazy\" decoding=\"async\" class=\"wp-image-46999\" src=\"\/wp-content\/uploads\/sites\/5\/2025\/03\/803d132a-460a-4d9a-b4da-9f361f2b6538-300x185.jpg\" alt=\"\" width=\"705\" height=\"435\" srcset=\"\/wp-content\/uploads\/sites\/5\/2025\/03\/803d132a-460a-4d9a-b4da-9f361f2b6538-300x185.jpg 300w, \/wp-content\/uploads\/sites\/5\/2025\/03\/803d132a-460a-4d9a-b4da-9f361f2b6538-1024x632.jpg 1024w, \/wp-content\/uploads\/sites\/5\/2025\/03\/803d132a-460a-4d9a-b4da-9f361f2b6538-768x474.jpg 768w, \/wp-content\/uploads\/sites\/5\/2025\/03\/803d132a-460a-4d9a-b4da-9f361f2b6538-681x420.jpg 681w, \/wp-content\/uploads\/sites\/5\/2025\/03\/803d132a-460a-4d9a-b4da-9f361f2b6538-696x430.jpg 696w, \/wp-content\/uploads\/sites\/5\/2025\/03\/803d132a-460a-4d9a-b4da-9f361f2b6538-1068x659.jpg 1068w, \/wp-content\/uploads\/sites\/5\/2025\/03\/803d132a-460a-4d9a-b4da-9f361f2b6538-356x220.jpg 356w, \/wp-content\/uploads\/sites\/5\/2025\/03\/803d132a-460a-4d9a-b4da-9f361f2b6538-534x330.jpg 534w, \/wp-content\/uploads\/sites\/5\/2025\/03\/803d132a-460a-4d9a-b4da-9f361f2b6538.jpg 1280w\" sizes=\"auto, (max-width: 705px) 100vw, 705px\" \/><figcaption id=\"caption-attachment-46999\" class=\"wp-caption-text\">Evitar salir a la calle es una de las principales recomendaciones de las autoridades.<\/figcaption><\/figure>\n<p>El IGSS vela por la salud de los guatemaltecos e invita a la poblaci\u00f3n a seguir estas serie de recomendaciones para evitar complicaciones y recuerde que la prevenci\u00f3n es clave para el bienestar de todos.<\/p>\n<figure id=\"attachment_47000\" aria-describedby=\"caption-attachment-47000\" style=\"width: 707px\" class=\"wp-caption alignnone\"><img loading=\"lazy\" decoding=\"async\" class=\"wp-image-47000\" src=\"\/wp-content\/uploads\/sites\/5\/2025\/03\/fda68866-c808-47de-a3fe-95928de3bddc-300x200.jpg\" alt=\"\" width=\"707\" height=\"471\" srcset=\"\/wp-content\/uploads\/sites\/5\/2025\/03\/fda68866-c808-47de-a3fe-95928de3bddc-300x200.jpg 300w, \/wp-content\/uploads\/sites\/5\/2025\/03\/fda68866-c808-47de-a3fe-95928de3bddc-1024x682.jpg 1024w, \/wp-content\/uploads\/sites\/5\/2025\/03\/fda68866-c808-47de-a3fe-95928de3bddc-768x512.jpg 768w, \/wp-content\/uploads\/sites\/5\/2025\/03\/fda68866-c808-47de-a3fe-95928de3bddc-630x420.jpg 630w, \/wp-content\/uploads\/sites\/5\/2025\/03\/fda68866-c808-47de-a3fe-95928de3bddc-696x464.jpg 696w, \/wp-content\/uploads\/sites\/5\/2025\/03\/fda68866-c808-47de-a3fe-95928de3bddc-1068x712.jpg 1068w, \/wp-content\/uploads\/sites\/5\/2025\/03\/fda68866-c808-47de-a3fe-95928de3bddc-534x356.jpg 534w, \/wp-content\/uploads\/sites\/5\/2025\/03\/fda68866-c808-47de-a3fe-95928de3bddc.jpg 1280w\" sizes=\"auto, (max-width: 707px) 100vw, 707px\" \/><figcaption id=\"caption-attachment-47000\" class=\"wp-caption-text\">Las autoridades del Seguro Social hacen un llamado a la poblaci\u00f3n a estar en alerta y tomar en cuenta las medidas necesarias para evitar enfermedades de tipo respiratorio.<\/figcaption><\/figure>\n<p>\u00a0<\/p>\n<p>\u00a0<\/p>","protected":false},"excerpt":{"rendered":"<p>El Instituto Guatemalteco de Seguridad Social (IGSS), a trav\u00e9s del Departamento de Medicina Preventiva, recomienda a la poblaci\u00f3n tomar medidas de precauci\u00f3n ante condiciones ambientales que puedan afectar la salud respiratoria y ocular. Ante la presencia de factores como el humo, ceniza volc\u00e1nica, contaminaci\u00f3n del aire u otros agentes ambientales da\u00f1inos, es fundamental seguir las [&hellip;]<\/p>\n","protected":false},"author":3269,"featured_media":46997,"comment_status":"closed","ping_status":"closed","sticky":false,"template":"","format":"standard","meta":{"footnotes":""},"categories":[3,4,1130,15,27,31],"tags":[2060,2058,1826,1538,2059,490],"coauthors":[1970],"class_list":{"0":"post-46995","1":"post","2":"type-post","3":"status-publish","4":"format-standard","5":"has-post-thumbnail","7":"category-actualidad","8":"category-afiliados","9":"category-consejos-medicos","10":"category-destacado","11":"category-prevencion-en-salud","12":"category-salud","13":"tag-afecciones-respiratorias","14":"tag-ambiente","15":"tag-ceniza-volcanica","16":"tag-departamento-de-medicina-preventiva-del-igss","17":"tag-humo","18":"tag-igss"},"_links":{"self":[{"href":"https:\/\/www.igssgt.org\/noticias\/wp-json\/wp\/v2\/posts\/46995","targetHints":{"allow":["GET"]}}],"collection":[{"href":"https:\/\/www.igssgt.org\/noticias\/wp-json\/wp\/v2\/posts"}],"about":[{"href":"https:\/\/www.igssgt.org\/noticias\/wp-json\/wp\/v2\/types\/post"}],"author":[{"embeddable":true,"href":"https:\/\/www.igssgt.org\/noticias\/wp-json\/wp\/v2\/users\/3269"}],"replies":[{"embeddable":true,"href":"https:\/\/www.igssgt.org\/noticias\/wp-json\/wp\/v2\/comments?post=46995"}],"version-history":[{"count":1,"href":"https:\/\/www.igssgt.org\/noticias\/wp-json\/wp\/v2\/posts\/46995\/revisions"}],"predecessor-version":[{"id":47002,"href":"https:\/\/www.igssgt.org\/noticias\/wp-json\/wp\/v2\/posts\/46995\/revisions\/47002"}],"wp:featuredmedia":[{"embeddable":true,"href":"https:\/\/www.igssgt.org\/noticias\/wp-json\/wp\/v2\/media\/46997"}],"wp:attachment":[{"href":"https:\/\/www.igssgt.org\/noticias\/wp-json\/wp\/v2\/media?parent=46995"}],"wp:term":[{"taxonomy":"category","embeddable":true,"href":"https:\/\/www.igssgt.org\/noticias\/wp-json\/wp\/v2\/categories?post=46995"},{"taxonomy":"post_tag","embeddable":true,"href":"https:\/\/www.igssgt.org\/noticias\/wp-json\/wp\/v2\/tags?post=46995"},{"taxonomy":"author","embeddable":true,"href":"https:\/\/www.igssgt.org\/noticias\/wp-json\/wp\/v2\/coauthors?post=46995"}],"curies":[{"name":"wp","href":"https:\/\/api.w.org\/{rel}","templated":true}]}}