{"id":47067,"date":"2025-03-26T06:02:00","date_gmt":"2025-03-26T12:02:00","guid":{"rendered":"https:\/\/www.igssgt.org\/noticias\/?p=47067"},"modified":"2025-03-21T15:57:57","modified_gmt":"2025-03-21T21:57:57","slug":"prevencion-la-clave-contra-el-cancer-cervicouterino","status":"publish","type":"post","link":"https:\/\/www.igssgt.org\/noticias\/2025\/03\/26\/prevencion-la-clave-contra-el-cancer-cervicouterino\/","title":{"rendered":"Prevenci\u00f3n: La clave contra el c\u00e1ncer cervicouterino"},"content":{"rendered":"\n<p class=\"has-drop-cap\">El c\u00e1ncer cervicouterino es, lamentablemente, una de las principales causas de muerte en mujeres. La buena noticia es que es prevenible y curable al detectarse a tiempo.<\/p>\n\n\n\n<p>Rony V\u00e1squez, ginec\u00f3logo y obstetra, y jefe del servicio m\u00e9dico en el Hospital de Gineco Obstetricia, del Instituto Guatemalteco de Seguridad Social (IGSS), comparti\u00f3 que cada mes se diagnostican entre 20 y 30 nuevos casos.<\/p>\n<figure id=\"attachment_47069\" aria-describedby=\"caption-attachment-47069\" style=\"width: 711px\" class=\"wp-caption alignnone\"><img loading=\"lazy\" decoding=\"async\" class=\"wp-image-47069\" src=\"\/wp-content\/uploads\/sites\/5\/2025\/03\/IGSS-Dia-cancer-cervicouterino-2025-1-300x200.jpg\" alt=\"\" width=\"711\" height=\"474\" srcset=\"\/wp-content\/uploads\/sites\/5\/2025\/03\/IGSS-Dia-cancer-cervicouterino-2025-1-300x200.jpg 300w, \/wp-content\/uploads\/sites\/5\/2025\/03\/IGSS-Dia-cancer-cervicouterino-2025-1-534x356.jpg 534w, \/wp-content\/uploads\/sites\/5\/2025\/03\/IGSS-Dia-cancer-cervicouterino-2025-1.jpg 630w\" sizes=\"auto, (max-width: 711px) 100vw, 711px\" \/><figcaption id=\"caption-attachment-47069\" class=\"wp-caption-text\">Realizar un chequeo ginecol\u00f3gico anual reduce el riesgo de c\u00e1ncer cervicouterino.<\/figcaption><\/figure>\n<p>El especialista revel\u00f3 que, de enero a la fecha, se han registrado aproximadamente 42 nuevos casos de esta enfermedad, con edad promedio de diagn\u00f3stico entre los 40 y 50 a\u00f1os.<\/p>\n<p>El doctor V\u00e1squez resalt\u00f3 que la prevenci\u00f3n es la herramienta m\u00e1s efectiva para reducir el impacto del c\u00e1ncer cervicouterino. Por ello, el IGSS promueve estrategias clave para proteger la salud de las mujeres y fortalecer el conocimiento sobre la enfermedad.<\/p>\n<p>Como parte de estas acciones, el Instituto desarrolla talleres, charlas y webinars dirigidos tanto al personal m\u00e9dico como a su poblaci\u00f3n derechohabiente y en general, con el objetivo de capacitar a profesionales de la salud en la detecci\u00f3n temprana y tratamiento de la enfermedad, as\u00ed como concientizar a la comunidad sobre la importancia de la prevenci\u00f3n.<\/p>\n<figure id=\"attachment_47071\" aria-describedby=\"caption-attachment-47071\" style=\"width: 704px\" class=\"wp-caption alignnone\"><img loading=\"lazy\" decoding=\"async\" class=\"wp-image-47071\" src=\"\/wp-content\/uploads\/sites\/5\/2025\/03\/IGSS-Dia-cancer-cervicouterino-2025-2-300x210.jpeg\" alt=\"\" width=\"704\" height=\"493\" srcset=\"\/wp-content\/uploads\/sites\/5\/2025\/03\/IGSS-Dia-cancer-cervicouterino-2025-2-300x210.jpeg 300w, \/wp-content\/uploads\/sites\/5\/2025\/03\/IGSS-Dia-cancer-cervicouterino-2025-2-1024x718.jpeg 1024w, \/wp-content\/uploads\/sites\/5\/2025\/03\/IGSS-Dia-cancer-cervicouterino-2025-2-768x539.jpeg 768w, \/wp-content\/uploads\/sites\/5\/2025\/03\/IGSS-Dia-cancer-cervicouterino-2025-2-1536x1077.jpeg 1536w, \/wp-content\/uploads\/sites\/5\/2025\/03\/IGSS-Dia-cancer-cervicouterino-2025-2-599x420.jpeg 599w, \/wp-content\/uploads\/sites\/5\/2025\/03\/IGSS-Dia-cancer-cervicouterino-2025-2-696x488.jpeg 696w, \/wp-content\/uploads\/sites\/5\/2025\/03\/IGSS-Dia-cancer-cervicouterino-2025-2-1068x749.jpeg 1068w, \/wp-content\/uploads\/sites\/5\/2025\/03\/IGSS-Dia-cancer-cervicouterino-2025-2-100x70.jpeg 100w, \/wp-content\/uploads\/sites\/5\/2025\/03\/IGSS-Dia-cancer-cervicouterino-2025-2-534x374.jpeg 534w, \/wp-content\/uploads\/sites\/5\/2025\/03\/IGSS-Dia-cancer-cervicouterino-2025-2.jpeg 1600w\" sizes=\"auto, (max-width: 704px) 100vw, 704px\" \/><figcaption id=\"caption-attachment-47071\" class=\"wp-caption-text\">La vacuna contra el virus del papiloma humano una herramienta clave para proteger su salud y prevenir este tipo de c\u00e1ncer.<\/figcaption><\/figure>\n<p><strong>\u00bfC\u00f3mo prevenir el c\u00e1ncer cervicouterino?<\/strong><\/p>\n<ol>\n<li><strong> Vacunaci\u00f3n contra el VPH<\/strong><\/li>\n<\/ol>\n<p>El Virus del Papiloma Humano (VPH) es la principal causa de esta enfermedad. La vacuna contra el VPH es altamente efectiva y est\u00e1 disponible para:<\/p>\n<p>Ni\u00f1as y ni\u00f1os de 9 a 14 a\u00f1os: dos dosis.<\/p>\n<p>Mujeres de 15 a 49 a\u00f1os: tres dosis.<\/p>\n<p>Con un refuerzo cada 10 a\u00f1os para una mayor protecci\u00f3n.<\/p>\n<ol start=\"2\">\n<li><strong> Pruebas de detecci\u00f3n temprana<\/strong><\/li>\n<\/ol>\n<p>Los chequeos m\u00e9dicos peri\u00f3dicos permiten detectar lesiones antes de que evolucionen a c\u00e1ncer, por ello se recomienda:<\/p>\n<p>Realizarse el papanicolaou a partir de los 21 a\u00f1os o seg\u00fan indicaci\u00f3n m\u00e9dica.<\/p>\n<p>Hacerse pruebas de ADN del VPH a partir de los 30 a\u00f1os, como complemento al papanicolaou.<\/p>\n<p>En caso de detectarse alteraciones en el cuello uterino, es necesaria una colposcopia.<\/p>\n<p>Adem\u00e1s de estos ex\u00e1menes preventivos, se recomienda evitar el consumo de tabaco, mantener relaciones sexuales seguras y usar preservativo, evitar la promiscuidad, y realizar chequeos m\u00e9dicos de manera regular.<\/p>\n<p>Si presenta sangrado vaginal anormal, dolor p\u00e9lvico persistente o flujo con mal olor, acuda de inmediato al Instituto o m\u00e9dico de cabecera para una evaluaci\u00f3n.<\/p>\n<figure id=\"attachment_47070\" aria-describedby=\"caption-attachment-47070\" style=\"width: 739px\" class=\"wp-caption alignnone\"><img loading=\"lazy\" decoding=\"async\" class=\"wp-image-47070\" src=\"\/wp-content\/uploads\/sites\/5\/2025\/03\/IGSS-Dia-cancer-cervicouterino-2025-3-300x194.jpg\" alt=\"\" width=\"739\" height=\"478\" srcset=\"\/wp-content\/uploads\/sites\/5\/2025\/03\/IGSS-Dia-cancer-cervicouterino-2025-3-300x194.jpg 300w, \/wp-content\/uploads\/sites\/5\/2025\/03\/IGSS-Dia-cancer-cervicouterino-2025-3-1024x662.jpg 1024w, \/wp-content\/uploads\/sites\/5\/2025\/03\/IGSS-Dia-cancer-cervicouterino-2025-3-768x496.jpg 768w, \/wp-content\/uploads\/sites\/5\/2025\/03\/IGSS-Dia-cancer-cervicouterino-2025-3-650x420.jpg 650w, \/wp-content\/uploads\/sites\/5\/2025\/03\/IGSS-Dia-cancer-cervicouterino-2025-3-696x450.jpg 696w, \/wp-content\/uploads\/sites\/5\/2025\/03\/IGSS-Dia-cancer-cervicouterino-2025-3-1068x690.jpg 1068w, \/wp-content\/uploads\/sites\/5\/2025\/03\/IGSS-Dia-cancer-cervicouterino-2025-3-534x345.jpg 534w, \/wp-content\/uploads\/sites\/5\/2025\/03\/IGSS-Dia-cancer-cervicouterino-2025-3.jpg 1479w\" sizes=\"auto, (max-width: 739px) 100vw, 739px\" \/><figcaption id=\"caption-attachment-47070\" class=\"wp-caption-text\">Si presenta sangrado anormal o dolor p\u00e9lvico persistente, consulte a un m\u00e9dico.<\/figcaption><\/figure>\n<p>\u201cEl \u00e9xito del tratamiento depende del diagn\u00f3stico oportuno, mientras m\u00e1s temprano se detecte el c\u00e1ncer mejor ser\u00e1 el pron\u00f3stico. En etapas iniciales, la tasa de supervivencia a cinco a\u00f1os es superior al 90%\u201d, se\u00f1al\u00f3 Vel\u00e1squez.<\/p>\n\r\n                <style type=\"text\/css\">\r\n                    \r\n                    #tdi_1  .td-doubleSlider-2 .td-item1 {\r\n                        background: url(\/wp-content\/uploads\/sites\/5\/2025\/03\/IGSS-Dia-cancer-cervicouterino-2025-4-80x60.jpg) 0 0 no-repeat;\r\n                    }\r\n                    #tdi_1  .td-doubleSlider-2 .td-item2 {\r\n                        background: url(\/wp-content\/uploads\/sites\/5\/2025\/03\/IGSS-Dia-cancer-cervicouterino-2025-5-80x60.jpg) 0 0 no-repeat;\r\n                    }\r\n                    #tdi_1  .td-doubleSlider-2 .td-item3 {\r\n                        background: url(\/wp-content\/uploads\/sites\/5\/2025\/03\/IGSS-Dia-cancer-cervicouterino-2025-6-80x60.jpeg) 0 0 no-repeat;\r\n                    }\r\n                    #tdi_1  .td-doubleSlider-2 .td-item4 {\r\n                        background: url(\/wp-content\/uploads\/sites\/5\/2025\/03\/IGSS-Dia-cancer-cervicouterino-2025-7-80x60.jpg) 0 0 no-repeat;\r\n                    }\r\n                    #tdi_1  .td-doubleSlider-2 .td-item5 {\r\n                        background: url(\/wp-content\/uploads\/sites\/5\/2025\/03\/IGSS-Dia-cancer-cervicouterino-2025-8-80x60.jpeg) 0 0 no-repeat;\r\n                    }\r\n                    #tdi_1  .td-doubleSlider-2 .td-item6 {\r\n                        background: url(\/wp-content\/uploads\/sites\/5\/2025\/03\/IGSS-Dia-cancer-cervicouterino-2025-9-80x60.jpeg) 0 0 no-repeat;\r\n                    }\r\n                <\/style>\r\n\r\n                <div id=\"tdi_1\" class=\"td-gallery td-slide-on-2-columns\">\r\n                    <div class=\"post_td_gallery\">\r\n                        <div class=\"td-gallery-slide-top\">\r\n                           <div class=\"td-gallery-title\">M\u00e1s fotos:<\/div>\r\n\r\n                            <div class=\"td-gallery-controls-wrapper\">\r\n                                <div class=\"td-gallery-slide-count\"><span class=\"td-gallery-slide-item-focus\">1<\/span> de 6<\/div>\r\n                                <div class=\"td-gallery-slide-prev-next-but\">\r\n                                    <i class = \"td-icon-left doubleSliderPrevButton\"><\/i>\r\n                                    <i class = \"td-icon-right doubleSliderNextButton\"><\/i>\r\n                                <\/div>\r\n                            <\/div>\r\n                        <\/div>\r\n\r\n                        <div class = \"td-doubleSlider-1 \">\r\n                            <div class = \"td-slider\">\r\n                                \r\n                    <div class = \"td-slide-item td-item1\">\r\n                        <figure class=\"td-slide-galery-figure td-slide-popup-gallery\">\r\n                            <a class=\"slide-gallery-image-link\" href=\"\/wp-content\/uploads\/sites\/5\/2025\/03\/IGSS-Dia-cancer-cervicouterino-2025-4.jpg\" title=\"IGSS Di\u0301a cancer cervicouterino 2025-4\"  data-caption=\"\"  data-description=\"\">\r\n                                <img decoding=\"async\" src=\"\/wp-content\/uploads\/sites\/5\/2025\/03\/IGSS-Dia-cancer-cervicouterino-2025-4.jpg\" srcset=\"\/wp-content\/uploads\/sites\/5\/2025\/03\/IGSS-Dia-cancer-cervicouterino-2025-4.jpg 630w, \/wp-content\/uploads\/sites\/5\/2025\/03\/IGSS-Dia-cancer-cervicouterino-2025-4-300x200.jpg 300w, \/wp-content\/uploads\/sites\/5\/2025\/03\/IGSS-Dia-cancer-cervicouterino-2025-4-534x356.jpg 534w\" sizes=\"(max-width: 630px) 100vw, 630px\" alt=\"\">\r\n                            <\/a>\r\n                            \r\n                        <\/figure>\r\n                    <\/div>\r\n                    <div class = \"td-slide-item td-item2\">\r\n                        <figure class=\"td-slide-galery-figure td-slide-popup-gallery\">\r\n                            <a class=\"slide-gallery-image-link\" href=\"\/wp-content\/uploads\/sites\/5\/2025\/03\/IGSS-Dia-cancer-cervicouterino-2025-5.jpg\" title=\"IGSS Di\u0301a cancer cervicouterino 2025-5\"  data-caption=\"\"  data-description=\"\">\r\n                                <img decoding=\"async\" src=\"\/wp-content\/uploads\/sites\/5\/2025\/03\/IGSS-Dia-cancer-cervicouterino-2025-5-687x420.jpg\" srcset=\"\/wp-content\/uploads\/sites\/5\/2025\/03\/IGSS-Dia-cancer-cervicouterino-2025-5-687x420.jpg 687w, \/wp-content\/uploads\/sites\/5\/2025\/03\/IGSS-Dia-cancer-cervicouterino-2025-5-300x183.jpg 300w, \/wp-content\/uploads\/sites\/5\/2025\/03\/IGSS-Dia-cancer-cervicouterino-2025-5-1024x626.jpg 1024w, \/wp-content\/uploads\/sites\/5\/2025\/03\/IGSS-Dia-cancer-cervicouterino-2025-5-768x469.jpg 768w, \/wp-content\/uploads\/sites\/5\/2025\/03\/IGSS-Dia-cancer-cervicouterino-2025-5-696x425.jpg 696w, \/wp-content\/uploads\/sites\/5\/2025\/03\/IGSS-Dia-cancer-cervicouterino-2025-5-1068x653.jpg 1068w, \/wp-content\/uploads\/sites\/5\/2025\/03\/IGSS-Dia-cancer-cervicouterino-2025-5-534x326.jpg 534w, \/wp-content\/uploads\/sites\/5\/2025\/03\/IGSS-Dia-cancer-cervicouterino-2025-5.jpg 1142w\" sizes=\"(max-width: 687px) 100vw, 687px\" alt=\"\">\r\n                            <\/a>\r\n                            \r\n                        <\/figure>\r\n                    <\/div>\r\n                    <div class = \"td-slide-item td-item3\">\r\n                        <figure class=\"td-slide-galery-figure td-slide-popup-gallery\">\r\n                            <a class=\"slide-gallery-image-link\" href=\"\/wp-content\/uploads\/sites\/5\/2025\/03\/IGSS-Dia-cancer-cervicouterino-2025-6.jpeg\" title=\"IGSS Di\u0301a cancer cervicouterino 2025-6\"  data-caption=\"\"  data-description=\"\">\r\n                                <img decoding=\"async\" src=\"\/wp-content\/uploads\/sites\/5\/2025\/03\/IGSS-Dia-cancer-cervicouterino-2025-6.jpeg\" srcset=\"\/wp-content\/uploads\/sites\/5\/2025\/03\/IGSS-Dia-cancer-cervicouterino-2025-6.jpeg 561w, \/wp-content\/uploads\/sites\/5\/2025\/03\/IGSS-Dia-cancer-cervicouterino-2025-6-300x225.jpeg 300w, \/wp-content\/uploads\/sites\/5\/2025\/03\/IGSS-Dia-cancer-cervicouterino-2025-6-80x60.jpeg 80w, \/wp-content\/uploads\/sites\/5\/2025\/03\/IGSS-Dia-cancer-cervicouterino-2025-6-265x198.jpeg 265w, \/wp-content\/uploads\/sites\/5\/2025\/03\/IGSS-Dia-cancer-cervicouterino-2025-6-534x400.jpeg 534w\" sizes=\"(max-width: 561px) 100vw, 561px\" alt=\"\">\r\n                            <\/a>\r\n                            \r\n                        <\/figure>\r\n                    <\/div>\r\n                    <div class = \"td-slide-item td-item4\">\r\n                        <figure class=\"td-slide-galery-figure td-slide-popup-gallery\">\r\n                            <a class=\"slide-gallery-image-link\" href=\"\/wp-content\/uploads\/sites\/5\/2025\/03\/IGSS-Dia-cancer-cervicouterino-2025-7.jpg\" title=\"IGSS Di\u0301a cancer cervicouterino 2025-7\"  data-caption=\"\"  data-description=\"\">\r\n                                <img decoding=\"async\" src=\"\/wp-content\/uploads\/sites\/5\/2025\/03\/IGSS-Dia-cancer-cervicouterino-2025-7-560x420.jpg\" srcset=\"\/wp-content\/uploads\/sites\/5\/2025\/03\/IGSS-Dia-cancer-cervicouterino-2025-7-560x420.jpg 560w, \/wp-content\/uploads\/sites\/5\/2025\/03\/IGSS-Dia-cancer-cervicouterino-2025-7-300x225.jpg 300w, \/wp-content\/uploads\/sites\/5\/2025\/03\/IGSS-Dia-cancer-cervicouterino-2025-7-1024x768.jpg 1024w, \/wp-content\/uploads\/sites\/5\/2025\/03\/IGSS-Dia-cancer-cervicouterino-2025-7-768x576.jpg 768w, \/wp-content\/uploads\/sites\/5\/2025\/03\/IGSS-Dia-cancer-cervicouterino-2025-7-1536x1152.jpg 1536w, \/wp-content\/uploads\/sites\/5\/2025\/03\/IGSS-Dia-cancer-cervicouterino-2025-7-80x60.jpg 80w, \/wp-content\/uploads\/sites\/5\/2025\/03\/IGSS-Dia-cancer-cervicouterino-2025-7-696x522.jpg 696w, \/wp-content\/uploads\/sites\/5\/2025\/03\/IGSS-Dia-cancer-cervicouterino-2025-7-1068x801.jpg 1068w, \/wp-content\/uploads\/sites\/5\/2025\/03\/IGSS-Dia-cancer-cervicouterino-2025-7-265x198.jpg 265w, \/wp-content\/uploads\/sites\/5\/2025\/03\/IGSS-Dia-cancer-cervicouterino-2025-7-534x401.jpg 534w, \/wp-content\/uploads\/sites\/5\/2025\/03\/IGSS-Dia-cancer-cervicouterino-2025-7.jpg 1600w\" sizes=\"(max-width: 560px) 100vw, 560px\" alt=\"\">\r\n                            <\/a>\r\n                            \r\n                        <\/figure>\r\n                    <\/div>\r\n                    <div class = \"td-slide-item td-item5\">\r\n                        <figure class=\"td-slide-galery-figure td-slide-popup-gallery\">\r\n                            <a class=\"slide-gallery-image-link\" href=\"\/wp-content\/uploads\/sites\/5\/2025\/03\/IGSS-Dia-cancer-cervicouterino-2025-8.jpeg\" title=\"IGSS Di\u0301a cancer cervicouterino 2025-8\"  data-caption=\"\"  data-description=\"\">\r\n                                <img decoding=\"async\" src=\"\/wp-content\/uploads\/sites\/5\/2025\/03\/IGSS-Dia-cancer-cervicouterino-2025-8.jpeg\" srcset=\"\/wp-content\/uploads\/sites\/5\/2025\/03\/IGSS-Dia-cancer-cervicouterino-2025-8.jpeg 409w, \/wp-content\/uploads\/sites\/5\/2025\/03\/IGSS-Dia-cancer-cervicouterino-2025-8-292x300.jpeg 292w\" sizes=\"(max-width: 409px) 100vw, 409px\" alt=\"\">\r\n                            <\/a>\r\n                            \r\n                        <\/figure>\r\n                    <\/div>\r\n                    <div class = \"td-slide-item td-item6\">\r\n                        <figure class=\"td-slide-galery-figure td-slide-popup-gallery\">\r\n                            <a class=\"slide-gallery-image-link\" href=\"\/wp-content\/uploads\/sites\/5\/2025\/03\/IGSS-Dia-cancer-cervicouterino-2025-9.jpeg\" title=\"IGSS Di\u0301a cancer cervicouterino 2025-9\"  data-caption=\"\"  data-description=\"\">\r\n                                <img decoding=\"async\" src=\"\/wp-content\/uploads\/sites\/5\/2025\/03\/IGSS-Dia-cancer-cervicouterino-2025-9.jpeg\" srcset=\"\/wp-content\/uploads\/sites\/5\/2025\/03\/IGSS-Dia-cancer-cervicouterino-2025-9.jpeg 611w, \/wp-content\/uploads\/sites\/5\/2025\/03\/IGSS-Dia-cancer-cervicouterino-2025-9-300x206.jpeg 300w, \/wp-content\/uploads\/sites\/5\/2025\/03\/IGSS-Dia-cancer-cervicouterino-2025-9-218x150.jpeg 218w, \/wp-content\/uploads\/sites\/5\/2025\/03\/IGSS-Dia-cancer-cervicouterino-2025-9-100x70.jpeg 100w, \/wp-content\/uploads\/sites\/5\/2025\/03\/IGSS-Dia-cancer-cervicouterino-2025-9-534x367.jpeg 534w\" sizes=\"(max-width: 611px) 100vw, 611px\" alt=\"\">\r\n                            <\/a>\r\n                            \r\n                        <\/figure>\r\n                    <\/div>\r\n                            <\/div>\r\n                        <\/div>\r\n\r\n                        <div class = \"td-doubleSlider-2\">\r\n                            <div class = \"td-slider\">\r\n                                \r\n                    <div class = \"td-button td-item1\">\r\n                        <div class = \"td-border\"><\/div>\r\n                    <\/div>\r\n                    <div class = \"td-button td-item2\">\r\n                        <div class = \"td-border\"><\/div>\r\n                    <\/div>\r\n                    <div class = \"td-button td-item3\">\r\n                        <div class = \"td-border\"><\/div>\r\n                    <\/div>\r\n                    <div class = \"td-button td-item4\">\r\n                        <div class = \"td-border\"><\/div>\r\n                    <\/div>\r\n                    <div class = \"td-button td-item5\">\r\n                        <div class = \"td-border\"><\/div>\r\n                    <\/div>\r\n                    <div class = \"td-button td-item6\">\r\n                        <div class = \"td-border\"><\/div>\r\n                    <\/div>\r\n                            <\/div>\r\n                        <\/div>\r\n\r\n                    <\/div>\r\n\r\n                <\/div>\r\n                \n","protected":false},"excerpt":{"rendered":"<p>El c\u00e1ncer cervicouterino es, lamentablemente, una de las principales causas de muerte en mujeres. La buena noticia es que es prevenible y curable al detectarse a tiempo. Rony V\u00e1squez, ginec\u00f3logo y obstetra, y jefe del servicio m\u00e9dico en el Hospital de Gineco Obstetricia, del Instituto Guatemalteco de Seguridad Social (IGSS), comparti\u00f3 que cada mes se [&hellip;]<\/p>\n","protected":false},"author":3269,"featured_media":47068,"comment_status":"closed","ping_status":"closed","sticky":false,"template":"","format":"standard","meta":{"footnotes":""},"categories":[3,4,1130,15,1291,27,33],"tags":[1668,1662,490],"coauthors":[1970],"class_list":{"0":"post-47067","1":"post","2":"type-post","3":"status-publish","4":"format-standard","5":"has-post-thumbnail","7":"category-actualidad","8":"category-afiliados","9":"category-consejos-medicos","10":"category-destacado","11":"category-prestaciones-en-salud","12":"category-prevencion-en-salud","13":"category-servicios-de-salud","14":"tag-dia-mundial-de-la-prevencion-del-cancer-del-cuello-uterino","15":"tag-hospital-de-gineco-obstetricia-2","16":"tag-igss"},"_links":{"self":[{"href":"https:\/\/www.igssgt.org\/noticias\/wp-json\/wp\/v2\/posts\/47067","targetHints":{"allow":["GET"]}}],"collection":[{"href":"https:\/\/www.igssgt.org\/noticias\/wp-json\/wp\/v2\/posts"}],"about":[{"href":"https:\/\/www.igssgt.org\/noticias\/wp-json\/wp\/v2\/types\/post"}],"author":[{"embeddable":true,"href":"https:\/\/www.igssgt.org\/noticias\/wp-json\/wp\/v2\/users\/3269"}],"replies":[{"embeddable":true,"href":"https:\/\/www.igssgt.org\/noticias\/wp-json\/wp\/v2\/comments?post=47067"}],"version-history":[{"count":1,"href":"https:\/\/www.igssgt.org\/noticias\/wp-json\/wp\/v2\/posts\/47067\/revisions"}],"predecessor-version":[{"id":47078,"href":"https:\/\/www.igssgt.org\/noticias\/wp-json\/wp\/v2\/posts\/47067\/revisions\/47078"}],"wp:featuredmedia":[{"embeddable":true,"href":"https:\/\/www.igssgt.org\/noticias\/wp-json\/wp\/v2\/media\/47068"}],"wp:attachment":[{"href":"https:\/\/www.igssgt.org\/noticias\/wp-json\/wp\/v2\/media?parent=47067"}],"wp:term":[{"taxonomy":"category","embeddable":true,"href":"https:\/\/www.igssgt.org\/noticias\/wp-json\/wp\/v2\/categories?post=47067"},{"taxonomy":"post_tag","embeddable":true,"href":"https:\/\/www.igssgt.org\/noticias\/wp-json\/wp\/v2\/tags?post=47067"},{"taxonomy":"author","embeddable":true,"href":"https:\/\/www.igssgt.org\/noticias\/wp-json\/wp\/v2\/coauthors?post=47067"}],"curies":[{"name":"wp","href":"https:\/\/api.w.org\/{rel}","templated":true}]}}