{"id":47082,"date":"2025-03-24T10:37:27","date_gmt":"2025-03-24T16:37:27","guid":{"rendered":"https:\/\/www.igssgt.org\/noticias\/?p=47082"},"modified":"2025-03-24T10:37:28","modified_gmt":"2025-03-24T16:37:28","slug":"en-el-dia-mundial-de-la-tuberculosis-sensibilizan-para-actuar-contra-la-enfermedad","status":"publish","type":"post","link":"https:\/\/www.igssgt.org\/noticias\/2025\/03\/24\/en-el-dia-mundial-de-la-tuberculosis-sensibilizan-para-actuar-contra-la-enfermedad\/","title":{"rendered":"En el D\u00eda Mundial de la Tuberculosis, sensibilizan para actuar contra la enfermedad"},"content":{"rendered":"\n<p class=\"has-drop-cap has-regular-font-size\">Existen dos tipos de tuberculosis: pulmonar y extrapulmonar, ambos tipos son producidos por el bacilo de Koch (Mycobacterium tuberculosis).\u00a0 Los principales s\u00edntomas son tos con flema por m\u00e1s de 15 d\u00edas, fiebre o escalofr\u00edos, sudoraci\u00f3n nocturna y p\u00e9rdida de peso.<\/p>\n\n\n\n<p>Se recomienda que al presentar uno de estos s\u00edntomas o tener sospecha se deba realizar prueba para detectarla.\u00a0 Actualmente las pruebas para detectar la tuberculosis son de biolog\u00eda molecular en esputo (flemas), secreciones o tejidos dependiendo del \u00f3rgano afectado.<\/p>\n<figure id=\"attachment_47087\" aria-describedby=\"caption-attachment-47087\" style=\"width: 710px\" class=\"wp-caption alignnone\"><img loading=\"lazy\" decoding=\"async\" class=\"wp-image-47087\" src=\"\/wp-content\/uploads\/sites\/5\/2025\/03\/IGSS-Hospital-General-de-Enfermedades-Dia-Mundial-Tuberculosis-2025-1-300x139.jpg\" alt=\"\" width=\"710\" height=\"329\" srcset=\"\/wp-content\/uploads\/sites\/5\/2025\/03\/IGSS-Hospital-General-de-Enfermedades-Dia-Mundial-Tuberculosis-2025-1-300x139.jpg 300w, \/wp-content\/uploads\/sites\/5\/2025\/03\/IGSS-Hospital-General-de-Enfermedades-Dia-Mundial-Tuberculosis-2025-1-1024x473.jpg 1024w, \/wp-content\/uploads\/sites\/5\/2025\/03\/IGSS-Hospital-General-de-Enfermedades-Dia-Mundial-Tuberculosis-2025-1-768x355.jpg 768w, \/wp-content\/uploads\/sites\/5\/2025\/03\/IGSS-Hospital-General-de-Enfermedades-Dia-Mundial-Tuberculosis-2025-1-1536x709.jpg 1536w, \/wp-content\/uploads\/sites\/5\/2025\/03\/IGSS-Hospital-General-de-Enfermedades-Dia-Mundial-Tuberculosis-2025-1-2048x946.jpg 2048w, \/wp-content\/uploads\/sites\/5\/2025\/03\/IGSS-Hospital-General-de-Enfermedades-Dia-Mundial-Tuberculosis-2025-1-910x420.jpg 910w, \/wp-content\/uploads\/sites\/5\/2025\/03\/IGSS-Hospital-General-de-Enfermedades-Dia-Mundial-Tuberculosis-2025-1-1068x493.jpg 1068w, \/wp-content\/uploads\/sites\/5\/2025\/03\/IGSS-Hospital-General-de-Enfermedades-Dia-Mundial-Tuberculosis-2025-1-1920x887.jpg 1920w, \/wp-content\/uploads\/sites\/5\/2025\/03\/IGSS-Hospital-General-de-Enfermedades-Dia-Mundial-Tuberculosis-2025-1-534x247.jpg 534w\" sizes=\"auto, (max-width: 710px) 100vw, 710px\" \/><figcaption id=\"caption-attachment-47087\" class=\"wp-caption-text\">Recientemente se desarroll\u00f3 charla informativa dirigida a personal m\u00e9dico del HGE, donde se aportaron datos actualizados contra la tuberculosis.<\/figcaption><\/figure>\n<p>La poblaci\u00f3n m\u00e1s vulnerable la conforman los ni\u00f1os, personas de la tercera edad, inmunodeprimidos por enfermedades cr\u00f3nicas como diabetes, c\u00e1ncer, enfermedades autoinmunes, postrasplantados y todos aquellos que est\u00e9n expuestos de manera frecuente a pacientes portadores.\u00a0<\/p>\n<p>Para el 2024 se diagnosticaron 172 casos nuevos, de los cuales el 58 % fueron hombres y 42 % mujeres, seg\u00fan datos proporcionados por la doctora Paula Figueroa, infect\u00f3loga del Hospital General de Enfermedades.\u00a0<\/p>\n<figure id=\"attachment_47088\" aria-describedby=\"caption-attachment-47088\" style=\"width: 708px\" class=\"wp-caption alignnone\"><img loading=\"lazy\" decoding=\"async\" class=\"wp-image-47088\" src=\"\/wp-content\/uploads\/sites\/5\/2025\/03\/IGSS-Hospital-General-de-Enfermedades-Dia-Mundial-Tuberculosis-2025-2-300x169.jpg\" alt=\"\" width=\"708\" height=\"399\" srcset=\"\/wp-content\/uploads\/sites\/5\/2025\/03\/IGSS-Hospital-General-de-Enfermedades-Dia-Mundial-Tuberculosis-2025-2-300x169.jpg 300w, \/wp-content\/uploads\/sites\/5\/2025\/03\/IGSS-Hospital-General-de-Enfermedades-Dia-Mundial-Tuberculosis-2025-2-1024x576.jpg 1024w, \/wp-content\/uploads\/sites\/5\/2025\/03\/IGSS-Hospital-General-de-Enfermedades-Dia-Mundial-Tuberculosis-2025-2-768x432.jpg 768w, \/wp-content\/uploads\/sites\/5\/2025\/03\/IGSS-Hospital-General-de-Enfermedades-Dia-Mundial-Tuberculosis-2025-2-747x420.jpg 747w, \/wp-content\/uploads\/sites\/5\/2025\/03\/IGSS-Hospital-General-de-Enfermedades-Dia-Mundial-Tuberculosis-2025-2-696x392.jpg 696w, \/wp-content\/uploads\/sites\/5\/2025\/03\/IGSS-Hospital-General-de-Enfermedades-Dia-Mundial-Tuberculosis-2025-2-1068x601.jpg 1068w, \/wp-content\/uploads\/sites\/5\/2025\/03\/IGSS-Hospital-General-de-Enfermedades-Dia-Mundial-Tuberculosis-2025-2-534x300.jpg 534w, \/wp-content\/uploads\/sites\/5\/2025\/03\/IGSS-Hospital-General-de-Enfermedades-Dia-Mundial-Tuberculosis-2025-2.jpg 1200w\" sizes=\"auto, (max-width: 708px) 100vw, 708px\" \/><figcaption id=\"caption-attachment-47088\" class=\"wp-caption-text\">Entre las pruebas para detectar la tuberculosis, tambi\u00e9n se recomienda realizar una radiograf\u00eda de t\u00f3rax.<\/figcaption><\/figure>\n<p>El tratamiento para la tuberculosis es antif\u00edmico conformado por cuatro medicamentos: Soniacida, Rifampicina, Etambutol y Pirazinamida que se toman por seis meses aproximadamente si es de tipo pulmonar y hasta un a\u00f1o en las presentaciones extrapulmonares. Es importante saber que una persona puede morir a causa de la tuberculosis sino se toma el medicamento adecuadamente.<\/p>\n<p>Entre las acciones que realiza el Hospital General de Enfermedades contra la enfermedad son tamizaje a todo paciente sospechoso por enfermedades de base o por s\u00edntomas, tanto para descartar fase latente o fase activa. As\u00ed tambi\u00e9n material y charlas informativas como recientemente se desarroll\u00f3 dirigida a personal m\u00e9dico de la unidad, a cargo de la doctora Figueroa y personal del Ministerio de Salud P\u00fablica.<\/p>\n<figure id=\"attachment_47089\" aria-describedby=\"caption-attachment-47089\" style=\"width: 697px\" class=\"wp-caption alignnone\"><img loading=\"lazy\" decoding=\"async\" class=\"wp-image-47089\" src=\"\/wp-content\/uploads\/sites\/5\/2025\/03\/IGSS-Hospital-General-de-Enfermedades-Dia-Mundial-Tuberculosis-2025-3-300x139.jpg\" alt=\"\" width=\"697\" height=\"323\" srcset=\"\/wp-content\/uploads\/sites\/5\/2025\/03\/IGSS-Hospital-General-de-Enfermedades-Dia-Mundial-Tuberculosis-2025-3-300x139.jpg 300w, \/wp-content\/uploads\/sites\/5\/2025\/03\/IGSS-Hospital-General-de-Enfermedades-Dia-Mundial-Tuberculosis-2025-3-1024x473.jpg 1024w, \/wp-content\/uploads\/sites\/5\/2025\/03\/IGSS-Hospital-General-de-Enfermedades-Dia-Mundial-Tuberculosis-2025-3-768x355.jpg 768w, \/wp-content\/uploads\/sites\/5\/2025\/03\/IGSS-Hospital-General-de-Enfermedades-Dia-Mundial-Tuberculosis-2025-3-1536x709.jpg 1536w, \/wp-content\/uploads\/sites\/5\/2025\/03\/IGSS-Hospital-General-de-Enfermedades-Dia-Mundial-Tuberculosis-2025-3-2048x946.jpg 2048w, \/wp-content\/uploads\/sites\/5\/2025\/03\/IGSS-Hospital-General-de-Enfermedades-Dia-Mundial-Tuberculosis-2025-3-910x420.jpg 910w, \/wp-content\/uploads\/sites\/5\/2025\/03\/IGSS-Hospital-General-de-Enfermedades-Dia-Mundial-Tuberculosis-2025-3-1068x493.jpg 1068w, \/wp-content\/uploads\/sites\/5\/2025\/03\/IGSS-Hospital-General-de-Enfermedades-Dia-Mundial-Tuberculosis-2025-3-1920x886.jpg 1920w, \/wp-content\/uploads\/sites\/5\/2025\/03\/IGSS-Hospital-General-de-Enfermedades-Dia-Mundial-Tuberculosis-2025-3-534x247.jpg 534w\" sizes=\"auto, (max-width: 697px) 100vw, 697px\" \/><figcaption id=\"caption-attachment-47089\" class=\"wp-caption-text\">Es una enfermedad que tiene alto impacto en Guatemala, ya que a nivel mundial somos catalogados un pa\u00eds altamente end\u00e9mico.<\/figcaption><\/figure>\n<p>En el D\u00eda Mundial de la Tuberculosis se concientiza que Guatemala es un pa\u00eds con alta incidencia de la misma, por lo que se deben tomar las prevenciones necesarias y acudir tempranamente a un servicio de salud al presentar los s\u00edntomas o si persiste tos a pesar de tratamientos.<\/p>\n<p>\u00a0<\/p>\n","protected":false},"excerpt":{"rendered":"<p>Existen dos tipos de tuberculosis: pulmonar y extrapulmonar, ambos tipos son producidos por el bacilo de Koch (Mycobacterium tuberculosis).\u00a0 Los principales s\u00edntomas son tos con flema por m\u00e1s de 15 d\u00edas, fiebre o escalofr\u00edos, sudoraci\u00f3n nocturna y p\u00e9rdida de peso. Se recomienda que al presentar uno de estos s\u00edntomas o tener sospecha se deba realizar [&hellip;]<\/p>\n","protected":false},"author":3269,"featured_media":47091,"comment_status":"closed","ping_status":"closed","sticky":false,"template":"","format":"standard","meta":{"footnotes":""},"categories":[3,4,1130,15,1020,1291,27,31,33],"tags":[2064,481,490],"coauthors":[],"class_list":{"0":"post-47082","1":"post","2":"type-post","3":"status-publish","4":"format-standard","5":"has-post-thumbnail","7":"category-actualidad","8":"category-afiliados","9":"category-consejos-medicos","10":"category-destacado","11":"category-medicamentos","12":"category-prestaciones-en-salud","13":"category-prevencion-en-salud","14":"category-salud","15":"category-servicios-de-salud","16":"tag-dia-mundial-de-la-tuberculosis","17":"tag-hospital-general-de-enfermedades","18":"tag-igss"},"_links":{"self":[{"href":"https:\/\/www.igssgt.org\/noticias\/wp-json\/wp\/v2\/posts\/47082","targetHints":{"allow":["GET"]}}],"collection":[{"href":"https:\/\/www.igssgt.org\/noticias\/wp-json\/wp\/v2\/posts"}],"about":[{"href":"https:\/\/www.igssgt.org\/noticias\/wp-json\/wp\/v2\/types\/post"}],"author":[{"embeddable":true,"href":"https:\/\/www.igssgt.org\/noticias\/wp-json\/wp\/v2\/users\/3269"}],"replies":[{"embeddable":true,"href":"https:\/\/www.igssgt.org\/noticias\/wp-json\/wp\/v2\/comments?post=47082"}],"version-history":[{"count":1,"href":"https:\/\/www.igssgt.org\/noticias\/wp-json\/wp\/v2\/posts\/47082\/revisions"}],"predecessor-version":[{"id":47090,"href":"https:\/\/www.igssgt.org\/noticias\/wp-json\/wp\/v2\/posts\/47082\/revisions\/47090"}],"wp:featuredmedia":[{"embeddable":true,"href":"https:\/\/www.igssgt.org\/noticias\/wp-json\/wp\/v2\/media\/47091"}],"wp:attachment":[{"href":"https:\/\/www.igssgt.org\/noticias\/wp-json\/wp\/v2\/media?parent=47082"}],"wp:term":[{"taxonomy":"category","embeddable":true,"href":"https:\/\/www.igssgt.org\/noticias\/wp-json\/wp\/v2\/categories?post=47082"},{"taxonomy":"post_tag","embeddable":true,"href":"https:\/\/www.igssgt.org\/noticias\/wp-json\/wp\/v2\/tags?post=47082"},{"taxonomy":"author","embeddable":true,"href":"https:\/\/www.igssgt.org\/noticias\/wp-json\/wp\/v2\/coauthors?post=47082"}],"curies":[{"name":"wp","href":"https:\/\/api.w.org\/{rel}","templated":true}]}}