{"id":47112,"date":"2025-03-25T06:06:00","date_gmt":"2025-03-25T12:06:00","guid":{"rendered":"https:\/\/www.igssgt.org\/noticias\/?p=47112"},"modified":"2025-03-25T12:23:14","modified_gmt":"2025-03-25T18:23:14","slug":"la-colina-de-camip-lugar-iconico-para-los-pacientes","status":"publish","type":"post","link":"https:\/\/www.igssgt.org\/noticias\/2025\/03\/25\/la-colina-de-camip-lugar-iconico-para-los-pacientes\/","title":{"rendered":"La Colina de CAMIP lugar ic\u00f3nico para los pacientes"},"content":{"rendered":"\n<p class=\"has-drop-cap\">La Colina de CAMIP es el punto de encuentro de los nuevos amigos, en este lugar se festeja a los cumplea\u00f1eros del mes y se toma el caf\u00e9 de la ma\u00f1ana antes de la clase de Tai Chi; tambi\u00e9n se comparte el almuerzo despu\u00e9s de asistir al taller de Terapia Ocupacional y se planifica para la vida.<\/p>\n\n\n\n<p>Aqu\u00ed \u201cArreglamos el mundo\u201d, menciona la se\u00f1ora Aura, activa paciente de la Unidad M\u00e9dica quien se re\u00fane semanalmente con sus amigas de CAMIP y quien encabeza los festejos de los cumplea\u00f1eros del mes de su c\u00edrculo de amigas con pastel, refacci\u00f3n y hasta pi\u00f1ata.<\/p>\n<figure id=\"attachment_47114\" aria-describedby=\"caption-attachment-47114\" style=\"width: 705px\" class=\"wp-caption alignnone\"><img loading=\"lazy\" decoding=\"async\" class=\"wp-image-47114\" src=\"\/wp-content\/uploads\/sites\/5\/2025\/03\/IGSS-CAMIP-Pamplona-Colina-pensionados-2025-1-300x225.jpg\" alt=\"\" width=\"705\" height=\"529\" srcset=\"\/wp-content\/uploads\/sites\/5\/2025\/03\/IGSS-CAMIP-Pamplona-Colina-pensionados-2025-1-300x225.jpg 300w, \/wp-content\/uploads\/sites\/5\/2025\/03\/IGSS-CAMIP-Pamplona-Colina-pensionados-2025-1-1024x768.jpg 1024w, \/wp-content\/uploads\/sites\/5\/2025\/03\/IGSS-CAMIP-Pamplona-Colina-pensionados-2025-1-768x576.jpg 768w, \/wp-content\/uploads\/sites\/5\/2025\/03\/IGSS-CAMIP-Pamplona-Colina-pensionados-2025-1-560x420.jpg 560w, \/wp-content\/uploads\/sites\/5\/2025\/03\/IGSS-CAMIP-Pamplona-Colina-pensionados-2025-1-80x60.jpg 80w, \/wp-content\/uploads\/sites\/5\/2025\/03\/IGSS-CAMIP-Pamplona-Colina-pensionados-2025-1-696x522.jpg 696w, \/wp-content\/uploads\/sites\/5\/2025\/03\/IGSS-CAMIP-Pamplona-Colina-pensionados-2025-1-1068x801.jpg 1068w, \/wp-content\/uploads\/sites\/5\/2025\/03\/IGSS-CAMIP-Pamplona-Colina-pensionados-2025-1-265x198.jpg 265w, \/wp-content\/uploads\/sites\/5\/2025\/03\/IGSS-CAMIP-Pamplona-Colina-pensionados-2025-1-534x401.jpg 534w, \/wp-content\/uploads\/sites\/5\/2025\/03\/IGSS-CAMIP-Pamplona-Colina-pensionados-2025-1.jpg 1280w\" sizes=\"auto, (max-width: 705px) 100vw, 705px\" \/><figcaption id=\"caption-attachment-47114\" class=\"wp-caption-text\">La Colina es un lugar amplio, limpio, al aire libre que re\u00fane a diario a los pensionados y afiliados de CAMIP.<\/figcaption><\/figure>\n<p>No faltan los globos para decorar el \u00e1rea destinada a celebrar a los cumplea\u00f1eros. \u201cLlevamos a\u00f1os de ser amigas, nos conocimos en CAMIP y siempre nos reunimos en la Colina\u201d destaca la paciente Maira Acevedo, quien lleg\u00f3 a festejar sus 67 a\u00f1os con sus seis amigas m\u00e1s cercanas.<\/p>\n<figure id=\"attachment_47116\" aria-describedby=\"caption-attachment-47116\" style=\"width: 721px\" class=\"wp-caption alignnone\"><img loading=\"lazy\" decoding=\"async\" class=\"wp-image-47116\" src=\"\/wp-content\/uploads\/sites\/5\/2025\/03\/IGSS-CAMIP-Pamplona-Colina-pensionados-2025-3-300x300.jpg\" alt=\"\" width=\"721\" height=\"721\" srcset=\"\/wp-content\/uploads\/sites\/5\/2025\/03\/IGSS-CAMIP-Pamplona-Colina-pensionados-2025-3-300x300.jpg 300w, \/wp-content\/uploads\/sites\/5\/2025\/03\/IGSS-CAMIP-Pamplona-Colina-pensionados-2025-3-1024x1024.jpg 1024w, \/wp-content\/uploads\/sites\/5\/2025\/03\/IGSS-CAMIP-Pamplona-Colina-pensionados-2025-3-150x150.jpg 150w, \/wp-content\/uploads\/sites\/5\/2025\/03\/IGSS-CAMIP-Pamplona-Colina-pensionados-2025-3-768x768.jpg 768w, \/wp-content\/uploads\/sites\/5\/2025\/03\/IGSS-CAMIP-Pamplona-Colina-pensionados-2025-3-420x420.jpg 420w, \/wp-content\/uploads\/sites\/5\/2025\/03\/IGSS-CAMIP-Pamplona-Colina-pensionados-2025-3-696x696.jpg 696w, \/wp-content\/uploads\/sites\/5\/2025\/03\/IGSS-CAMIP-Pamplona-Colina-pensionados-2025-3-1068x1068.jpg 1068w, \/wp-content\/uploads\/sites\/5\/2025\/03\/IGSS-CAMIP-Pamplona-Colina-pensionados-2025-3-462x462.jpg 462w, \/wp-content\/uploads\/sites\/5\/2025\/03\/IGSS-CAMIP-Pamplona-Colina-pensionados-2025-3.jpg 1496w\" sizes=\"auto, (max-width: 721px) 100vw, 721px\" \/><figcaption id=\"caption-attachment-47116\" class=\"wp-caption-text\">La se\u00f1ora Maira Acevedo celebr\u00f3 junto a sus amigas el cumplea\u00f1os n\u00famero 67.<\/figcaption><\/figure>\n<p>Para el director de la Unidad M\u00e9dica, doctor Kenneth Portillo, este es un espacio que CAMIP mantiene habilitado para facilitar el intercambio y la recreaci\u00f3n en un medio natural para los pensionados, jubilados y beneficiarios que asisten a cita m\u00e9dica, ex\u00e1menes de laboratorio cl\u00ednico, rehabilitaci\u00f3n o terapia ocupacional.\u00a0\u00a0\u00a0<\/p>\n<p>As\u00ed pasan los d\u00edas en la Colina de CAMIP, un caf\u00e9, un pan con pollo, un pepi\u00e1n o una pizza compartida y largas charlas que remontan a los pacientes a los d\u00edas de anta\u00f1o cuando desarrollaban actividades laborales en instituciones estatales, aut\u00f3nomas o en la iniciativa privada.<\/p>\n\r\n                <style type=\"text\/css\">\r\n                    \r\n                    #tdi_1  .td-doubleSlider-2 .td-item1 {\r\n                        background: url(\/wp-content\/uploads\/sites\/5\/2025\/03\/IGSS-CAMIP-Pamplona-Colina-pensionados-2025-2-80x60.jpg) 0 0 no-repeat;\r\n                    }\r\n                    #tdi_1  .td-doubleSlider-2 .td-item2 {\r\n                        background: url(\/wp-content\/uploads\/sites\/5\/2025\/03\/IGSS-CAMIP-Pamplona-Colina-pensionados-2025-3-80x60.jpg) 0 0 no-repeat;\r\n                    }\r\n                    #tdi_1  .td-doubleSlider-2 .td-item3 {\r\n                        background: url(\/wp-content\/uploads\/sites\/5\/2025\/03\/IGSS-CAMIP-Pamplona-Colina-pensionados-2025-4-80x60.jpg) 0 0 no-repeat;\r\n                    }\r\n                    #tdi_1  .td-doubleSlider-2 .td-item4 {\r\n                        background: url(\/wp-content\/uploads\/sites\/5\/2025\/03\/IGSS-CAMIP-Pamplona-Colina-pensionados-2025-5-80x60.jpg) 0 0 no-repeat;\r\n                    }\r\n                <\/style>\r\n\r\n                <div id=\"tdi_1\" class=\"td-gallery td-slide-on-2-columns\">\r\n                    <div class=\"post_td_gallery\">\r\n                        <div class=\"td-gallery-slide-top\">\r\n                           <div class=\"td-gallery-title\">M\u00e1s fotos:<\/div>\r\n\r\n                            <div class=\"td-gallery-controls-wrapper\">\r\n                                <div class=\"td-gallery-slide-count\"><span class=\"td-gallery-slide-item-focus\">1<\/span> de 4<\/div>\r\n                                <div class=\"td-gallery-slide-prev-next-but\">\r\n                                    <i class = \"td-icon-left doubleSliderPrevButton\"><\/i>\r\n                                    <i class = \"td-icon-right doubleSliderNextButton\"><\/i>\r\n                                <\/div>\r\n                            <\/div>\r\n                        <\/div>\r\n\r\n                        <div class = \"td-doubleSlider-1 \">\r\n                            <div class = \"td-slider\">\r\n                                \r\n                    <div class = \"td-slide-item td-item1\">\r\n                        <figure class=\"td-slide-galery-figure td-slide-popup-gallery\">\r\n                            <a class=\"slide-gallery-image-link\" href=\"\/wp-content\/uploads\/sites\/5\/2025\/03\/IGSS-CAMIP-Pamplona-Colina-pensionados-2025-2.jpg\" title=\"IGSS CAMIP Pamplona Colina pensionados 2025-2\"  data-caption=\"\"  data-description=\"\">\r\n                                <img decoding=\"async\" src=\"\/wp-content\/uploads\/sites\/5\/2025\/03\/IGSS-CAMIP-Pamplona-Colina-pensionados-2025-2-420x420.jpg\" srcset=\"\/wp-content\/uploads\/sites\/5\/2025\/03\/IGSS-CAMIP-Pamplona-Colina-pensionados-2025-2-420x420.jpg 420w, \/wp-content\/uploads\/sites\/5\/2025\/03\/IGSS-CAMIP-Pamplona-Colina-pensionados-2025-2-300x300.jpg 300w, \/wp-content\/uploads\/sites\/5\/2025\/03\/IGSS-CAMIP-Pamplona-Colina-pensionados-2025-2-1024x1024.jpg 1024w, \/wp-content\/uploads\/sites\/5\/2025\/03\/IGSS-CAMIP-Pamplona-Colina-pensionados-2025-2-150x150.jpg 150w, \/wp-content\/uploads\/sites\/5\/2025\/03\/IGSS-CAMIP-Pamplona-Colina-pensionados-2025-2-768x768.jpg 768w, \/wp-content\/uploads\/sites\/5\/2025\/03\/IGSS-CAMIP-Pamplona-Colina-pensionados-2025-2-696x696.jpg 696w, \/wp-content\/uploads\/sites\/5\/2025\/03\/IGSS-CAMIP-Pamplona-Colina-pensionados-2025-2-1068x1068.jpg 1068w, \/wp-content\/uploads\/sites\/5\/2025\/03\/IGSS-CAMIP-Pamplona-Colina-pensionados-2025-2-462x462.jpg 462w, \/wp-content\/uploads\/sites\/5\/2025\/03\/IGSS-CAMIP-Pamplona-Colina-pensionados-2025-2.jpg 1496w\" sizes=\"(max-width: 420px) 100vw, 420px\" alt=\"\">\r\n                            <\/a>\r\n                            \r\n                        <\/figure>\r\n                    <\/div>\r\n                    <div class = \"td-slide-item td-item2\">\r\n                        <figure class=\"td-slide-galery-figure td-slide-popup-gallery\">\r\n                            <a class=\"slide-gallery-image-link\" href=\"\/wp-content\/uploads\/sites\/5\/2025\/03\/IGSS-CAMIP-Pamplona-Colina-pensionados-2025-3.jpg\" title=\"IGSS CAMIP Pamplona Colina pensionados 2025-3\"  data-caption=\"\"  data-description=\"\">\r\n                                <img decoding=\"async\" src=\"\/wp-content\/uploads\/sites\/5\/2025\/03\/IGSS-CAMIP-Pamplona-Colina-pensionados-2025-3-420x420.jpg\" srcset=\"\/wp-content\/uploads\/sites\/5\/2025\/03\/IGSS-CAMIP-Pamplona-Colina-pensionados-2025-3-420x420.jpg 420w, \/wp-content\/uploads\/sites\/5\/2025\/03\/IGSS-CAMIP-Pamplona-Colina-pensionados-2025-3-300x300.jpg 300w, \/wp-content\/uploads\/sites\/5\/2025\/03\/IGSS-CAMIP-Pamplona-Colina-pensionados-2025-3-1024x1024.jpg 1024w, \/wp-content\/uploads\/sites\/5\/2025\/03\/IGSS-CAMIP-Pamplona-Colina-pensionados-2025-3-150x150.jpg 150w, \/wp-content\/uploads\/sites\/5\/2025\/03\/IGSS-CAMIP-Pamplona-Colina-pensionados-2025-3-768x768.jpg 768w, \/wp-content\/uploads\/sites\/5\/2025\/03\/IGSS-CAMIP-Pamplona-Colina-pensionados-2025-3-696x696.jpg 696w, \/wp-content\/uploads\/sites\/5\/2025\/03\/IGSS-CAMIP-Pamplona-Colina-pensionados-2025-3-1068x1068.jpg 1068w, \/wp-content\/uploads\/sites\/5\/2025\/03\/IGSS-CAMIP-Pamplona-Colina-pensionados-2025-3-462x462.jpg 462w, \/wp-content\/uploads\/sites\/5\/2025\/03\/IGSS-CAMIP-Pamplona-Colina-pensionados-2025-3.jpg 1496w\" sizes=\"(max-width: 420px) 100vw, 420px\" alt=\"\">\r\n                            <\/a>\r\n                            \r\n                        <\/figure>\r\n                    <\/div>\r\n                    <div class = \"td-slide-item td-item3\">\r\n                        <figure class=\"td-slide-galery-figure td-slide-popup-gallery\">\r\n                            <a class=\"slide-gallery-image-link\" href=\"\/wp-content\/uploads\/sites\/5\/2025\/03\/IGSS-CAMIP-Pamplona-Colina-pensionados-2025-4.jpg\" title=\"IGSS CAMIP Pamplona Colina pensionados 2025-4\"  data-caption=\"\"  data-description=\"\">\r\n                                <img decoding=\"async\" src=\"\/wp-content\/uploads\/sites\/5\/2025\/03\/IGSS-CAMIP-Pamplona-Colina-pensionados-2025-4-420x420.jpg\" srcset=\"\/wp-content\/uploads\/sites\/5\/2025\/03\/IGSS-CAMIP-Pamplona-Colina-pensionados-2025-4-420x420.jpg 420w, \/wp-content\/uploads\/sites\/5\/2025\/03\/IGSS-CAMIP-Pamplona-Colina-pensionados-2025-4-300x300.jpg 300w, \/wp-content\/uploads\/sites\/5\/2025\/03\/IGSS-CAMIP-Pamplona-Colina-pensionados-2025-4-1024x1024.jpg 1024w, \/wp-content\/uploads\/sites\/5\/2025\/03\/IGSS-CAMIP-Pamplona-Colina-pensionados-2025-4-150x150.jpg 150w, \/wp-content\/uploads\/sites\/5\/2025\/03\/IGSS-CAMIP-Pamplona-Colina-pensionados-2025-4-768x768.jpg 768w, \/wp-content\/uploads\/sites\/5\/2025\/03\/IGSS-CAMIP-Pamplona-Colina-pensionados-2025-4-696x696.jpg 696w, \/wp-content\/uploads\/sites\/5\/2025\/03\/IGSS-CAMIP-Pamplona-Colina-pensionados-2025-4-1068x1068.jpg 1068w, \/wp-content\/uploads\/sites\/5\/2025\/03\/IGSS-CAMIP-Pamplona-Colina-pensionados-2025-4-462x462.jpg 462w, \/wp-content\/uploads\/sites\/5\/2025\/03\/IGSS-CAMIP-Pamplona-Colina-pensionados-2025-4.jpg 1280w\" sizes=\"(max-width: 420px) 100vw, 420px\" alt=\"\">\r\n                            <\/a>\r\n                            \r\n                        <\/figure>\r\n                    <\/div>\r\n                    <div class = \"td-slide-item td-item4\">\r\n                        <figure class=\"td-slide-galery-figure td-slide-popup-gallery\">\r\n                            <a class=\"slide-gallery-image-link\" href=\"\/wp-content\/uploads\/sites\/5\/2025\/03\/IGSS-CAMIP-Pamplona-Colina-pensionados-2025-5.jpg\" title=\"IGSS CAMIP Pamplona Colina pensionados 2025-5\"  data-caption=\"\"  data-description=\"\">\r\n                                <img decoding=\"async\" src=\"\/wp-content\/uploads\/sites\/5\/2025\/03\/IGSS-CAMIP-Pamplona-Colina-pensionados-2025-5-616x420.jpg\" srcset=\"\/wp-content\/uploads\/sites\/5\/2025\/03\/IGSS-CAMIP-Pamplona-Colina-pensionados-2025-5-616x420.jpg 616w, \/wp-content\/uploads\/sites\/5\/2025\/03\/IGSS-CAMIP-Pamplona-Colina-pensionados-2025-5-300x205.jpg 300w, \/wp-content\/uploads\/sites\/5\/2025\/03\/IGSS-CAMIP-Pamplona-Colina-pensionados-2025-5-1024x698.jpg 1024w, \/wp-content\/uploads\/sites\/5\/2025\/03\/IGSS-CAMIP-Pamplona-Colina-pensionados-2025-5-768x524.jpg 768w, \/wp-content\/uploads\/sites\/5\/2025\/03\/IGSS-CAMIP-Pamplona-Colina-pensionados-2025-5-218x150.jpg 218w, \/wp-content\/uploads\/sites\/5\/2025\/03\/IGSS-CAMIP-Pamplona-Colina-pensionados-2025-5-696x475.jpg 696w, \/wp-content\/uploads\/sites\/5\/2025\/03\/IGSS-CAMIP-Pamplona-Colina-pensionados-2025-5-1068x728.jpg 1068w, \/wp-content\/uploads\/sites\/5\/2025\/03\/IGSS-CAMIP-Pamplona-Colina-pensionados-2025-5-534x364.jpg 534w, \/wp-content\/uploads\/sites\/5\/2025\/03\/IGSS-CAMIP-Pamplona-Colina-pensionados-2025-5.jpg 1496w\" sizes=\"(max-width: 616px) 100vw, 616px\" alt=\"\">\r\n                            <\/a>\r\n                            \r\n                        <\/figure>\r\n                    <\/div>\r\n                            <\/div>\r\n                        <\/div>\r\n\r\n                        <div class = \"td-doubleSlider-2\">\r\n                            <div class = \"td-slider\">\r\n                                \r\n                    <div class = \"td-button td-item1\">\r\n                        <div class = \"td-border\"><\/div>\r\n                    <\/div>\r\n                    <div class = \"td-button td-item2\">\r\n                        <div class = \"td-border\"><\/div>\r\n                    <\/div>\r\n                    <div class = \"td-button td-item3\">\r\n                        <div class = \"td-border\"><\/div>\r\n                    <\/div>\r\n                    <div class = \"td-button td-item4\">\r\n                        <div class = \"td-border\"><\/div>\r\n                    <\/div>\r\n                            <\/div>\r\n                        <\/div>\r\n\r\n                    <\/div>\r\n\r\n                <\/div>\r\n                \n<p>\u00a0<\/p>\n<p>\u00a0<\/p>\n\n\n\n<p><\/p>\n","protected":false},"excerpt":{"rendered":"<p>La Colina de CAMIP es el punto de encuentro de los nuevos amigos, en este lugar se festeja a los cumplea\u00f1eros del mes y se toma el caf\u00e9 de la ma\u00f1ana antes de la clase de Tai Chi; tambi\u00e9n se comparte el almuerzo despu\u00e9s de asistir al taller de Terapia Ocupacional y se planifica para [&hellip;]<\/p>\n","protected":false},"author":3269,"featured_media":47113,"comment_status":"closed","ping_status":"closed","sticky":false,"template":"","format":"standard","meta":{"footnotes":""},"categories":[3,4,20,25,30],"tags":[149,2065,312,490,543,1369],"coauthors":[1970],"class_list":{"0":"post-47112","1":"post","2":"type-post","3":"status-publish","4":"format-standard","5":"has-post-thumbnail","7":"category-actualidad","8":"category-afiliados","9":"category-jubilados","10":"category-pensionados","11":"category-rehabilitacion","12":"tag-camip-pamplona","13":"tag-colina-de-camip","14":"tag-dr-kenneth-portillo","15":"tag-igss","16":"tag-jubilados","17":"tag-jubilados-del-igss"},"_links":{"self":[{"href":"https:\/\/www.igssgt.org\/noticias\/wp-json\/wp\/v2\/posts\/47112","targetHints":{"allow":["GET"]}}],"collection":[{"href":"https:\/\/www.igssgt.org\/noticias\/wp-json\/wp\/v2\/posts"}],"about":[{"href":"https:\/\/www.igssgt.org\/noticias\/wp-json\/wp\/v2\/types\/post"}],"author":[{"embeddable":true,"href":"https:\/\/www.igssgt.org\/noticias\/wp-json\/wp\/v2\/users\/3269"}],"replies":[{"embeddable":true,"href":"https:\/\/www.igssgt.org\/noticias\/wp-json\/wp\/v2\/comments?post=47112"}],"version-history":[{"count":2,"href":"https:\/\/www.igssgt.org\/noticias\/wp-json\/wp\/v2\/posts\/47112\/revisions"}],"predecessor-version":[{"id":47142,"href":"https:\/\/www.igssgt.org\/noticias\/wp-json\/wp\/v2\/posts\/47112\/revisions\/47142"}],"wp:featuredmedia":[{"embeddable":true,"href":"https:\/\/www.igssgt.org\/noticias\/wp-json\/wp\/v2\/media\/47113"}],"wp:attachment":[{"href":"https:\/\/www.igssgt.org\/noticias\/wp-json\/wp\/v2\/media?parent=47112"}],"wp:term":[{"taxonomy":"category","embeddable":true,"href":"https:\/\/www.igssgt.org\/noticias\/wp-json\/wp\/v2\/categories?post=47112"},{"taxonomy":"post_tag","embeddable":true,"href":"https:\/\/www.igssgt.org\/noticias\/wp-json\/wp\/v2\/tags?post=47112"},{"taxonomy":"author","embeddable":true,"href":"https:\/\/www.igssgt.org\/noticias\/wp-json\/wp\/v2\/coauthors?post=47112"}],"curies":[{"name":"wp","href":"https:\/\/api.w.org\/{rel}","templated":true}]}}