{"id":47124,"date":"2025-03-31T06:06:00","date_gmt":"2025-03-31T12:06:00","guid":{"rendered":"https:\/\/www.igssgt.org\/noticias\/?p=47124"},"modified":"2025-03-25T10:00:04","modified_gmt":"2025-03-25T16:00:04","slug":"profesionales-del-igss-aplauden-el-esfuerzo-diario-de-los-cuidadores","status":"publish","type":"post","link":"https:\/\/www.igssgt.org\/noticias\/2025\/03\/31\/profesionales-del-igss-aplauden-el-esfuerzo-diario-de-los-cuidadores\/","title":{"rendered":"Profesionales del IGSS aplauden el esfuerzo diario de los Cuidadores"},"content":{"rendered":"\n<p class=\"has-drop-cap\">En el Instituto Guatemalteco de Seguridad Social (IGSS) reconocemos el esfuerzo y sacrificio diario de los cuidadores, personas que, muchas veces, anteponen sus necesidades personales por el bienestar de sus seres queridos.<\/p>\n\n\n\n\n\n<p><\/p>\n<p>En este contexto, la salud mental de los cuidadores es un tema que no podemos pasar por alto, ya que su dedicaci\u00f3n puede traer consigo desaf\u00edos emocionales y psicol\u00f3gicos significativos.<\/p>\n<p> <\/p>\n<p>Recientemente, el licenciado Mario Ru\u00edz, psic\u00f3logo de CAMIP 3 Zunil, ofreci\u00f3 una charla dedicada especialmente a los cuidadores en nuestra unidad m\u00e9dica.<\/p>\n<figure id=\"attachment_47129\" aria-describedby=\"caption-attachment-47129\" style=\"width: 711px\" class=\"wp-caption alignnone\"><img loading=\"lazy\" decoding=\"async\" class=\"wp-image-47129\" src=\"\/wp-content\/uploads\/sites\/5\/2025\/03\/IGSS-CAMIP-3-Zunil-cuidadores-2025-4-300x225.jpg\" alt=\"\" width=\"711\" height=\"533\" srcset=\"\/wp-content\/uploads\/sites\/5\/2025\/03\/IGSS-CAMIP-3-Zunil-cuidadores-2025-4-300x225.jpg 300w, \/wp-content\/uploads\/sites\/5\/2025\/03\/IGSS-CAMIP-3-Zunil-cuidadores-2025-4-1024x768.jpg 1024w, \/wp-content\/uploads\/sites\/5\/2025\/03\/IGSS-CAMIP-3-Zunil-cuidadores-2025-4-768x576.jpg 768w, \/wp-content\/uploads\/sites\/5\/2025\/03\/IGSS-CAMIP-3-Zunil-cuidadores-2025-4-1536x1152.jpg 1536w, \/wp-content\/uploads\/sites\/5\/2025\/03\/IGSS-CAMIP-3-Zunil-cuidadores-2025-4-560x420.jpg 560w, \/wp-content\/uploads\/sites\/5\/2025\/03\/IGSS-CAMIP-3-Zunil-cuidadores-2025-4-80x60.jpg 80w, \/wp-content\/uploads\/sites\/5\/2025\/03\/IGSS-CAMIP-3-Zunil-cuidadores-2025-4-696x522.jpg 696w, \/wp-content\/uploads\/sites\/5\/2025\/03\/IGSS-CAMIP-3-Zunil-cuidadores-2025-4-1068x801.jpg 1068w, \/wp-content\/uploads\/sites\/5\/2025\/03\/IGSS-CAMIP-3-Zunil-cuidadores-2025-4-265x198.jpg 265w, \/wp-content\/uploads\/sites\/5\/2025\/03\/IGSS-CAMIP-3-Zunil-cuidadores-2025-4-534x401.jpg 534w, \/wp-content\/uploads\/sites\/5\/2025\/03\/IGSS-CAMIP-3-Zunil-cuidadores-2025-4.jpg 1600w\" sizes=\"auto, (max-width: 711px) 100vw, 711px\" \/><figcaption id=\"caption-attachment-47129\" class=\"wp-caption-text\">Los cuidadores aprendieron recursos pr\u00e1cticos para mejorar su calidad de vida y la de sus familias, con actividades de autocuidado para su vida cotidiana.<\/figcaption><\/figure>\n<p> <\/p>\n<p>En su intervenci\u00f3n, destac\u00f3 la importancia de reconocer los signos de agotamiento emocional, como la angustia, la culpabilidad y el miedo, aspectos que pueden desencadenar problemas m\u00e1s serios como trastornos adaptativos, ansiedad o depresi\u00f3n. \u201cEl cuidador puede sentir agotamiento mental, angustia, culpabilidad y miedo; estados emocionales que se reflejan a nivel psicol\u00f3gico, social y f\u00edsico\u201d, explic\u00f3 Ru\u00edz.<\/p>\n<p> <\/p>\n<p>Adem\u00e1s, el profesional enfatiz\u00f3 un mensaje crucial: el cuidador tambi\u00e9n necesita cuidar de s\u00ed mismo. El \u00abautosacrificio total\u00bb no es sostenible, y es fundamental se permita pedir ayuda. No hay que sentir verg\u00fcenza o culpabilidad por no poder asumir todo el peso, y es fundamental no temer a acudir a un profesional, ya sea psiquiatra o psic\u00f3logo, o a grupos de apoyo que puedan brindar orientaci\u00f3n y asistencia.<\/p>\n<p> <\/p>\n<p>Este esfuerzo de apoyo al cuidador fue organizado por la licenciada Lesbia Qui\u00f1\u00f3nez, trabajadora social de la unidad m\u00e9dica, y fue dirigido al Club de Cuidadores, un grupo especial que busca ofrecer herramientas y orientaci\u00f3n para afrontar de manera saludable la dif\u00edcil labor de cuidar.<\/p>\n<figure id=\"attachment_47127\" aria-describedby=\"caption-attachment-47127\" style=\"width: 715px\" class=\"wp-caption alignnone\"><img loading=\"lazy\" decoding=\"async\" class=\"wp-image-47127\" src=\"\/wp-content\/uploads\/sites\/5\/2025\/03\/IGSS-CAMIP-3-Zunil-cuidadores-2025-9-300x225.jpg\" alt=\"\" width=\"715\" height=\"536\" srcset=\"\/wp-content\/uploads\/sites\/5\/2025\/03\/IGSS-CAMIP-3-Zunil-cuidadores-2025-9-300x225.jpg 300w, \/wp-content\/uploads\/sites\/5\/2025\/03\/IGSS-CAMIP-3-Zunil-cuidadores-2025-9-1024x768.jpg 1024w, \/wp-content\/uploads\/sites\/5\/2025\/03\/IGSS-CAMIP-3-Zunil-cuidadores-2025-9-768x576.jpg 768w, \/wp-content\/uploads\/sites\/5\/2025\/03\/IGSS-CAMIP-3-Zunil-cuidadores-2025-9-1536x1152.jpg 1536w, \/wp-content\/uploads\/sites\/5\/2025\/03\/IGSS-CAMIP-3-Zunil-cuidadores-2025-9-560x420.jpg 560w, \/wp-content\/uploads\/sites\/5\/2025\/03\/IGSS-CAMIP-3-Zunil-cuidadores-2025-9-80x60.jpg 80w, \/wp-content\/uploads\/sites\/5\/2025\/03\/IGSS-CAMIP-3-Zunil-cuidadores-2025-9-696x522.jpg 696w, \/wp-content\/uploads\/sites\/5\/2025\/03\/IGSS-CAMIP-3-Zunil-cuidadores-2025-9-1068x801.jpg 1068w, \/wp-content\/uploads\/sites\/5\/2025\/03\/IGSS-CAMIP-3-Zunil-cuidadores-2025-9-265x198.jpg 265w, \/wp-content\/uploads\/sites\/5\/2025\/03\/IGSS-CAMIP-3-Zunil-cuidadores-2025-9-534x401.jpg 534w, \/wp-content\/uploads\/sites\/5\/2025\/03\/IGSS-CAMIP-3-Zunil-cuidadores-2025-9.jpg 1600w\" sizes=\"auto, (max-width: 715px) 100vw, 715px\" \/><figcaption id=\"caption-attachment-47127\" class=\"wp-caption-text\">Varios profesionales de CAMIP 3 Zunil orientan a los cuidadores con la finalidad de que cuiden de ellos mismos tambi\u00e9n.<\/figcaption><\/figure>\n<p> <\/p>\n<p>Durante la charla, varios pacientes y cuidadores, tanto presentes de forma presencial como conectados virtualmente, compartieron sus experiencias, generando un espacio de comprensi\u00f3n y solidaridad.<\/p>\n<p> <\/p>\n<p>Leonor Guzm\u00e1n M\u00e9rida, una de las cuidadoras presentes, comparti\u00f3 su experiencia personal al cuidar a su hermano enfermo de c\u00e1ncer de piel. \u00abEs agotador, pero es importante, en la medida de lo posible, pedirles a los enfermos que ayuden con lo que puedan, como moverse, comer o con la higiene, para que no sea tan dif\u00edcil para uno\u00bb, relat\u00f3.<\/p>\n<p> <\/p>\n<figure id=\"attachment_47126\" aria-describedby=\"caption-attachment-47126\" style=\"width: 708px\" class=\"wp-caption alignnone\"><img loading=\"lazy\" decoding=\"async\" class=\"wp-image-47126\" src=\"\/wp-content\/uploads\/sites\/5\/2025\/03\/IGSS-CAMIP-3-Zunil-cuidadores-2025-2-300x225.jpg\" alt=\"\" width=\"708\" height=\"531\" srcset=\"\/wp-content\/uploads\/sites\/5\/2025\/03\/IGSS-CAMIP-3-Zunil-cuidadores-2025-2-300x225.jpg 300w, \/wp-content\/uploads\/sites\/5\/2025\/03\/IGSS-CAMIP-3-Zunil-cuidadores-2025-2-1024x768.jpg 1024w, \/wp-content\/uploads\/sites\/5\/2025\/03\/IGSS-CAMIP-3-Zunil-cuidadores-2025-2-768x576.jpg 768w, \/wp-content\/uploads\/sites\/5\/2025\/03\/IGSS-CAMIP-3-Zunil-cuidadores-2025-2-1536x1152.jpg 1536w, \/wp-content\/uploads\/sites\/5\/2025\/03\/IGSS-CAMIP-3-Zunil-cuidadores-2025-2-560x420.jpg 560w, \/wp-content\/uploads\/sites\/5\/2025\/03\/IGSS-CAMIP-3-Zunil-cuidadores-2025-2-80x60.jpg 80w, \/wp-content\/uploads\/sites\/5\/2025\/03\/IGSS-CAMIP-3-Zunil-cuidadores-2025-2-696x522.jpg 696w, \/wp-content\/uploads\/sites\/5\/2025\/03\/IGSS-CAMIP-3-Zunil-cuidadores-2025-2-1068x801.jpg 1068w, \/wp-content\/uploads\/sites\/5\/2025\/03\/IGSS-CAMIP-3-Zunil-cuidadores-2025-2-265x198.jpg 265w, \/wp-content\/uploads\/sites\/5\/2025\/03\/IGSS-CAMIP-3-Zunil-cuidadores-2025-2-534x401.jpg 534w, \/wp-content\/uploads\/sites\/5\/2025\/03\/IGSS-CAMIP-3-Zunil-cuidadores-2025-2.jpg 1600w\" sizes=\"auto, (max-width: 708px) 100vw, 708px\" \/><figcaption id=\"caption-attachment-47126\" class=\"wp-caption-text\">Do\u00f1a Leonor Gonz\u00e1lez particip\u00f3 compartiendo su experiencia.<\/figcaption><\/figure>\n<p> <\/p>\n<p>Estas palabras reflejan la realidad de muchos cuidadores, quienes no solo enfrentan el cansancio f\u00edsico, sino tambi\u00e9n la carga emocional que implica velar por la salud de un ser querido.<\/p>\n<p> <\/p>\n<p>Al finalizar la actividad, se entreg\u00f3 material informativo sobre c\u00f3mo gestionar el estr\u00e9s y la salud mental, brindando herramientas valiosas para mejorar el bienestar integral de los cuidadores.<\/p>\n<figure id=\"attachment_47128\" aria-describedby=\"caption-attachment-47128\" style=\"width: 725px\" class=\"wp-caption alignnone\"><img loading=\"lazy\" decoding=\"async\" class=\"wp-image-47128\" src=\"\/wp-content\/uploads\/sites\/5\/2025\/03\/IGSS-CAMIP-3-Zunil-cuidadores-2025-3-300x225.jpg\" alt=\"\" width=\"725\" height=\"544\" srcset=\"\/wp-content\/uploads\/sites\/5\/2025\/03\/IGSS-CAMIP-3-Zunil-cuidadores-2025-3-300x225.jpg 300w, \/wp-content\/uploads\/sites\/5\/2025\/03\/IGSS-CAMIP-3-Zunil-cuidadores-2025-3-1024x768.jpg 1024w, \/wp-content\/uploads\/sites\/5\/2025\/03\/IGSS-CAMIP-3-Zunil-cuidadores-2025-3-768x576.jpg 768w, \/wp-content\/uploads\/sites\/5\/2025\/03\/IGSS-CAMIP-3-Zunil-cuidadores-2025-3-1536x1152.jpg 1536w, \/wp-content\/uploads\/sites\/5\/2025\/03\/IGSS-CAMIP-3-Zunil-cuidadores-2025-3-560x420.jpg 560w, \/wp-content\/uploads\/sites\/5\/2025\/03\/IGSS-CAMIP-3-Zunil-cuidadores-2025-3-80x60.jpg 80w, \/wp-content\/uploads\/sites\/5\/2025\/03\/IGSS-CAMIP-3-Zunil-cuidadores-2025-3-696x522.jpg 696w, \/wp-content\/uploads\/sites\/5\/2025\/03\/IGSS-CAMIP-3-Zunil-cuidadores-2025-3-1068x801.jpg 1068w, \/wp-content\/uploads\/sites\/5\/2025\/03\/IGSS-CAMIP-3-Zunil-cuidadores-2025-3-265x198.jpg 265w, \/wp-content\/uploads\/sites\/5\/2025\/03\/IGSS-CAMIP-3-Zunil-cuidadores-2025-3-534x401.jpg 534w, \/wp-content\/uploads\/sites\/5\/2025\/03\/IGSS-CAMIP-3-Zunil-cuidadores-2025-3.jpg 1600w\" sizes=\"auto, (max-width: 725px) 100vw, 725px\" \/><figcaption id=\"caption-attachment-47128\" class=\"wp-caption-text\">A los participantes se les entrega material impreso de f\u00e1cil manejo, con ilustraciones, para facilitar su comprensi\u00f3n.<\/figcaption><\/figure>\n<p> <\/p>\n<p>Desde el IGSS, seguimos acompa\u00f1ando a nuestros afiliados y sus familias, reconociendo la importancia de su salud emocional, porque sabemos que el bienestar de los cuidadores tambi\u00e9n es esencial para garantizar una atenci\u00f3n de calidad a quienes lo necesitan.<\/p>\n\r\n                <style type=\"text\/css\">\r\n                    \r\n                    #tdi_1  .td-doubleSlider-2 .td-item1 {\r\n                        background: url(\/wp-content\/uploads\/sites\/5\/2025\/03\/IGSS-CAMIP-3-Zunil-cuidadores-2025-6-80x60.jpg) 0 0 no-repeat;\r\n                    }\r\n                    #tdi_1  .td-doubleSlider-2 .td-item2 {\r\n                        background: url(\/wp-content\/uploads\/sites\/5\/2025\/03\/IGSS-CAMIP-3-Zunil-cuidadores-2025-0-80x60.jpg) 0 0 no-repeat;\r\n                    }\r\n                    #tdi_1  .td-doubleSlider-2 .td-item3 {\r\n                        background: url(\/wp-content\/uploads\/sites\/5\/2025\/03\/IGSS-CAMIP-3-Zunil-cuidadores-2025-1-80x60.jpg) 0 0 no-repeat;\r\n                    }\r\n                    #tdi_1  .td-doubleSlider-2 .td-item4 {\r\n                        background: url(\/wp-content\/uploads\/sites\/5\/2025\/03\/IGSS-CAMIP-3-Zunil-cuidadores-2025-7-80x60.jpg) 0 0 no-repeat;\r\n                    }\r\n                <\/style>\r\n\r\n                <div id=\"tdi_1\" class=\"td-gallery td-slide-on-2-columns\">\r\n                    <div class=\"post_td_gallery\">\r\n                        <div class=\"td-gallery-slide-top\">\r\n                           <div class=\"td-gallery-title\">M\u00e1s fotos de la actividad:<\/div>\r\n\r\n                            <div class=\"td-gallery-controls-wrapper\">\r\n                                <div class=\"td-gallery-slide-count\"><span class=\"td-gallery-slide-item-focus\">1<\/span> de 4<\/div>\r\n                                <div class=\"td-gallery-slide-prev-next-but\">\r\n                                    <i class = \"td-icon-left doubleSliderPrevButton\"><\/i>\r\n                                    <i class = \"td-icon-right doubleSliderNextButton\"><\/i>\r\n                                <\/div>\r\n                            <\/div>\r\n                        <\/div>\r\n\r\n                        <div class = \"td-doubleSlider-1 \">\r\n                            <div class = \"td-slider\">\r\n                                \r\n                    <div class = \"td-slide-item td-item1\">\r\n                        <figure class=\"td-slide-galery-figure td-slide-popup-gallery\">\r\n                            <a class=\"slide-gallery-image-link\" href=\"\/wp-content\/uploads\/sites\/5\/2025\/03\/IGSS-CAMIP-3-Zunil-cuidadores-2025-6.jpg\" title=\"IGSS CAMIP 3 Zunil cuidadores 2025-6\"  data-caption=\"\"  data-description=\"\">\r\n                                <img decoding=\"async\" src=\"\/wp-content\/uploads\/sites\/5\/2025\/03\/IGSS-CAMIP-3-Zunil-cuidadores-2025-6-560x420.jpg\" srcset=\"\/wp-content\/uploads\/sites\/5\/2025\/03\/IGSS-CAMIP-3-Zunil-cuidadores-2025-6-560x420.jpg 560w, \/wp-content\/uploads\/sites\/5\/2025\/03\/IGSS-CAMIP-3-Zunil-cuidadores-2025-6-300x225.jpg 300w, \/wp-content\/uploads\/sites\/5\/2025\/03\/IGSS-CAMIP-3-Zunil-cuidadores-2025-6-1024x768.jpg 1024w, \/wp-content\/uploads\/sites\/5\/2025\/03\/IGSS-CAMIP-3-Zunil-cuidadores-2025-6-768x576.jpg 768w, \/wp-content\/uploads\/sites\/5\/2025\/03\/IGSS-CAMIP-3-Zunil-cuidadores-2025-6-1536x1152.jpg 1536w, \/wp-content\/uploads\/sites\/5\/2025\/03\/IGSS-CAMIP-3-Zunil-cuidadores-2025-6-80x60.jpg 80w, \/wp-content\/uploads\/sites\/5\/2025\/03\/IGSS-CAMIP-3-Zunil-cuidadores-2025-6-696x522.jpg 696w, \/wp-content\/uploads\/sites\/5\/2025\/03\/IGSS-CAMIP-3-Zunil-cuidadores-2025-6-1068x801.jpg 1068w, \/wp-content\/uploads\/sites\/5\/2025\/03\/IGSS-CAMIP-3-Zunil-cuidadores-2025-6-265x198.jpg 265w, \/wp-content\/uploads\/sites\/5\/2025\/03\/IGSS-CAMIP-3-Zunil-cuidadores-2025-6-534x401.jpg 534w, \/wp-content\/uploads\/sites\/5\/2025\/03\/IGSS-CAMIP-3-Zunil-cuidadores-2025-6.jpg 1600w\" sizes=\"(max-width: 560px) 100vw, 560px\" alt=\"\">\r\n                            <\/a>\r\n                            \r\n                        <\/figure>\r\n                    <\/div>\r\n                    <div class = \"td-slide-item td-item2\">\r\n                        <figure class=\"td-slide-galery-figure td-slide-popup-gallery\">\r\n                            <a class=\"slide-gallery-image-link\" href=\"\/wp-content\/uploads\/sites\/5\/2025\/03\/IGSS-CAMIP-3-Zunil-cuidadores-2025-0.jpg\" title=\"IGSS CAMIP 3 Zunil cuidadores 2025-0\"  data-caption=\"\"  data-description=\"\">\r\n                                <img decoding=\"async\" src=\"\/wp-content\/uploads\/sites\/5\/2025\/03\/IGSS-CAMIP-3-Zunil-cuidadores-2025-0-560x420.jpg\" srcset=\"\/wp-content\/uploads\/sites\/5\/2025\/03\/IGSS-CAMIP-3-Zunil-cuidadores-2025-0-560x420.jpg 560w, \/wp-content\/uploads\/sites\/5\/2025\/03\/IGSS-CAMIP-3-Zunil-cuidadores-2025-0-300x225.jpg 300w, \/wp-content\/uploads\/sites\/5\/2025\/03\/IGSS-CAMIP-3-Zunil-cuidadores-2025-0-1024x768.jpg 1024w, \/wp-content\/uploads\/sites\/5\/2025\/03\/IGSS-CAMIP-3-Zunil-cuidadores-2025-0-768x576.jpg 768w, \/wp-content\/uploads\/sites\/5\/2025\/03\/IGSS-CAMIP-3-Zunil-cuidadores-2025-0-1536x1152.jpg 1536w, \/wp-content\/uploads\/sites\/5\/2025\/03\/IGSS-CAMIP-3-Zunil-cuidadores-2025-0-80x60.jpg 80w, \/wp-content\/uploads\/sites\/5\/2025\/03\/IGSS-CAMIP-3-Zunil-cuidadores-2025-0-696x522.jpg 696w, \/wp-content\/uploads\/sites\/5\/2025\/03\/IGSS-CAMIP-3-Zunil-cuidadores-2025-0-1068x801.jpg 1068w, \/wp-content\/uploads\/sites\/5\/2025\/03\/IGSS-CAMIP-3-Zunil-cuidadores-2025-0-265x198.jpg 265w, \/wp-content\/uploads\/sites\/5\/2025\/03\/IGSS-CAMIP-3-Zunil-cuidadores-2025-0-534x401.jpg 534w, \/wp-content\/uploads\/sites\/5\/2025\/03\/IGSS-CAMIP-3-Zunil-cuidadores-2025-0.jpg 1600w\" sizes=\"(max-width: 560px) 100vw, 560px\" alt=\"\">\r\n                            <\/a>\r\n                            \r\n                        <\/figure>\r\n                    <\/div>\r\n                    <div class = \"td-slide-item td-item3\">\r\n                        <figure class=\"td-slide-galery-figure td-slide-popup-gallery\">\r\n                            <a class=\"slide-gallery-image-link\" href=\"\/wp-content\/uploads\/sites\/5\/2025\/03\/IGSS-CAMIP-3-Zunil-cuidadores-2025-1.jpg\" title=\"IGSS CAMIP 3 Zunil cuidadores 2025-1\"  data-caption=\"\"  data-description=\"\">\r\n                                <img decoding=\"async\" src=\"\/wp-content\/uploads\/sites\/5\/2025\/03\/IGSS-CAMIP-3-Zunil-cuidadores-2025-1-560x420.jpg\" srcset=\"\/wp-content\/uploads\/sites\/5\/2025\/03\/IGSS-CAMIP-3-Zunil-cuidadores-2025-1-560x420.jpg 560w, \/wp-content\/uploads\/sites\/5\/2025\/03\/IGSS-CAMIP-3-Zunil-cuidadores-2025-1-300x225.jpg 300w, \/wp-content\/uploads\/sites\/5\/2025\/03\/IGSS-CAMIP-3-Zunil-cuidadores-2025-1-1024x768.jpg 1024w, \/wp-content\/uploads\/sites\/5\/2025\/03\/IGSS-CAMIP-3-Zunil-cuidadores-2025-1-768x576.jpg 768w, \/wp-content\/uploads\/sites\/5\/2025\/03\/IGSS-CAMIP-3-Zunil-cuidadores-2025-1-1536x1152.jpg 1536w, \/wp-content\/uploads\/sites\/5\/2025\/03\/IGSS-CAMIP-3-Zunil-cuidadores-2025-1-80x60.jpg 80w, \/wp-content\/uploads\/sites\/5\/2025\/03\/IGSS-CAMIP-3-Zunil-cuidadores-2025-1-696x522.jpg 696w, \/wp-content\/uploads\/sites\/5\/2025\/03\/IGSS-CAMIP-3-Zunil-cuidadores-2025-1-1068x801.jpg 1068w, \/wp-content\/uploads\/sites\/5\/2025\/03\/IGSS-CAMIP-3-Zunil-cuidadores-2025-1-265x198.jpg 265w, \/wp-content\/uploads\/sites\/5\/2025\/03\/IGSS-CAMIP-3-Zunil-cuidadores-2025-1-534x401.jpg 534w, \/wp-content\/uploads\/sites\/5\/2025\/03\/IGSS-CAMIP-3-Zunil-cuidadores-2025-1.jpg 1600w\" sizes=\"(max-width: 560px) 100vw, 560px\" alt=\"\">\r\n                            <\/a>\r\n                            \r\n                        <\/figure>\r\n                    <\/div>\r\n                    <div class = \"td-slide-item td-item4\">\r\n                        <figure class=\"td-slide-galery-figure td-slide-popup-gallery\">\r\n                            <a class=\"slide-gallery-image-link\" href=\"\/wp-content\/uploads\/sites\/5\/2025\/03\/IGSS-CAMIP-3-Zunil-cuidadores-2025-7.jpg\" title=\"IGSS CAMIP 3 Zunil cuidadores 2025-7\"  data-caption=\"\"  data-description=\"\">\r\n                                <img decoding=\"async\" src=\"\/wp-content\/uploads\/sites\/5\/2025\/03\/IGSS-CAMIP-3-Zunil-cuidadores-2025-7-472x420.jpg\" srcset=\"\/wp-content\/uploads\/sites\/5\/2025\/03\/IGSS-CAMIP-3-Zunil-cuidadores-2025-7-472x420.jpg 472w, \/wp-content\/uploads\/sites\/5\/2025\/03\/IGSS-CAMIP-3-Zunil-cuidadores-2025-7-300x267.jpg 300w, \/wp-content\/uploads\/sites\/5\/2025\/03\/IGSS-CAMIP-3-Zunil-cuidadores-2025-7-1024x911.jpg 1024w, \/wp-content\/uploads\/sites\/5\/2025\/03\/IGSS-CAMIP-3-Zunil-cuidadores-2025-7-768x683.jpg 768w, \/wp-content\/uploads\/sites\/5\/2025\/03\/IGSS-CAMIP-3-Zunil-cuidadores-2025-7-1536x1366.jpg 1536w, \/wp-content\/uploads\/sites\/5\/2025\/03\/IGSS-CAMIP-3-Zunil-cuidadores-2025-7-696x619.jpg 696w, \/wp-content\/uploads\/sites\/5\/2025\/03\/IGSS-CAMIP-3-Zunil-cuidadores-2025-7-1068x950.jpg 1068w, \/wp-content\/uploads\/sites\/5\/2025\/03\/IGSS-CAMIP-3-Zunil-cuidadores-2025-7-520x462.jpg 520w, \/wp-content\/uploads\/sites\/5\/2025\/03\/IGSS-CAMIP-3-Zunil-cuidadores-2025-7.jpg 1599w\" sizes=\"(max-width: 472px) 100vw, 472px\" alt=\"\">\r\n                            <\/a>\r\n                            \r\n                        <\/figure>\r\n                    <\/div>\r\n                            <\/div>\r\n                        <\/div>\r\n\r\n                        <div class = \"td-doubleSlider-2\">\r\n                            <div class = \"td-slider\">\r\n                                \r\n                    <div class = \"td-button td-item1\">\r\n                        <div class = \"td-border\"><\/div>\r\n                    <\/div>\r\n                    <div class = \"td-button td-item2\">\r\n                        <div class = \"td-border\"><\/div>\r\n                    <\/div>\r\n                    <div class = \"td-button td-item3\">\r\n                        <div class = \"td-border\"><\/div>\r\n                    <\/div>\r\n                    <div class = \"td-button td-item4\">\r\n                        <div class = \"td-border\"><\/div>\r\n                    <\/div>\r\n                            <\/div>\r\n                        <\/div>\r\n\r\n                    <\/div>\r\n\r\n                <\/div>\r\n                \n<p><\/p>\n\n\n\n<p><\/p>\n\n\n\n<p><\/p>\n","protected":false},"excerpt":{"rendered":"<p>En el Instituto Guatemalteco de Seguridad Social (IGSS) reconocemos el esfuerzo y sacrificio diario de los cuidadores, personas que, muchas veces, anteponen sus necesidades personales por el bienestar de sus seres queridos. En este contexto, la salud mental de los cuidadores es un tema que no podemos pasar por alto, ya que su dedicaci\u00f3n puede [&hellip;]<\/p>\n","protected":false},"author":3269,"featured_media":47125,"comment_status":"closed","ping_status":"closed","sticky":false,"template":"","format":"standard","meta":{"footnotes":""},"categories":[3,4,8,1130,15,1147,20,25,27,30,31,33],"tags":[147,2066,490],"coauthors":[1970],"class_list":{"0":"post-47124","1":"post","2":"type-post","3":"status-publish","4":"format-standard","5":"has-post-thumbnail","7":"category-actualidad","8":"category-afiliados","9":"category-camip","10":"category-consejos-medicos","11":"category-destacado","12":"category-discapacidad","13":"category-jubilados","14":"category-pensionados","15":"category-prevencion-en-salud","16":"category-rehabilitacion","17":"category-salud","18":"category-servicios-de-salud","19":"tag-camip-3-zunil","20":"tag-club-de-cuidadores","21":"tag-igss"},"_links":{"self":[{"href":"https:\/\/www.igssgt.org\/noticias\/wp-json\/wp\/v2\/posts\/47124","targetHints":{"allow":["GET"]}}],"collection":[{"href":"https:\/\/www.igssgt.org\/noticias\/wp-json\/wp\/v2\/posts"}],"about":[{"href":"https:\/\/www.igssgt.org\/noticias\/wp-json\/wp\/v2\/types\/post"}],"author":[{"embeddable":true,"href":"https:\/\/www.igssgt.org\/noticias\/wp-json\/wp\/v2\/users\/3269"}],"replies":[{"embeddable":true,"href":"https:\/\/www.igssgt.org\/noticias\/wp-json\/wp\/v2\/comments?post=47124"}],"version-history":[{"count":1,"href":"https:\/\/www.igssgt.org\/noticias\/wp-json\/wp\/v2\/posts\/47124\/revisions"}],"predecessor-version":[{"id":47134,"href":"https:\/\/www.igssgt.org\/noticias\/wp-json\/wp\/v2\/posts\/47124\/revisions\/47134"}],"wp:featuredmedia":[{"embeddable":true,"href":"https:\/\/www.igssgt.org\/noticias\/wp-json\/wp\/v2\/media\/47125"}],"wp:attachment":[{"href":"https:\/\/www.igssgt.org\/noticias\/wp-json\/wp\/v2\/media?parent=47124"}],"wp:term":[{"taxonomy":"category","embeddable":true,"href":"https:\/\/www.igssgt.org\/noticias\/wp-json\/wp\/v2\/categories?post=47124"},{"taxonomy":"post_tag","embeddable":true,"href":"https:\/\/www.igssgt.org\/noticias\/wp-json\/wp\/v2\/tags?post=47124"},{"taxonomy":"author","embeddable":true,"href":"https:\/\/www.igssgt.org\/noticias\/wp-json\/wp\/v2\/coauthors?post=47124"}],"curies":[{"name":"wp","href":"https:\/\/api.w.org\/{rel}","templated":true}]}}