{"id":4713,"date":"2018-04-26T16:10:41","date_gmt":"2018-04-26T22:10:41","guid":{"rendered":"http:\/\/noticias.igssgt.org\/?p=4713"},"modified":"2018-04-26T16:10:41","modified_gmt":"2018-04-26T22:10:41","slug":"el-igss-capacita-a-estudiantes-de-medicina","status":"publish","type":"post","link":"https:\/\/www.igssgt.org\/noticias\/2018\/04\/26\/el-igss-capacita-a-estudiantes-de-medicina\/","title":{"rendered":"El IGSS capacita a estudiantes de Medicina"},"content":{"rendered":"<h3><strong>Expertos disertan sobre cultura de prevenci\u00f3n, \u00e9tica y gesti\u00f3n de calidad<\/strong><\/h3>\n<p>El Departamento de Capacitaci\u00f3n y Desarrollo de la Subgerencia de Recursos Humanos del Seguro Social brind\u00f3 capacitaci\u00f3n a m\u00e1s de 300 estudiantes de Medicina, de pregrado externos, internos y de primer a\u00f1o, en temas como \u00e9tica m\u00e9dica, secreto profesional, manejo de expedientes y rol del m\u00e9dico.<\/p>\n<p>El doctor Jorge David Alvarado, encargado del Departamento de Medicina Preventiva, expuso el tema \u00c9tica y comit\u00e9s de bio\u00e9tica en la investigaci\u00f3n. \u00abEs importante velar por la seguridad y privacidad y respeto de los derechos\u00a0 de los pacientes\u00bb, resalt\u00f3 Alvarado.<\/p>\n<p>El doctor Allan Ruano, titular de la Junta Directiva del IGSS por el Colegio de M\u00e9dicos, expuso como profesor de la Facultad de Medicina acerca de los Principios de investigaci\u00f3n y selecci\u00f3n del tema. \u00abEs importante la cultura de investigaci\u00f3n, es una actividad que redunda en beneficio de los pacientes\u00bb, dijo Ruano.<\/p>\n<p>El m\u00e9dico Jorge Nery Cabrera, especialista del Hospital de Enfermedades de la zona 9, expuso el tema Error m\u00e9dico. \u00abEs importante que los residentes internos, externos y de primer ingreso tengan cultura de prevenci\u00f3n creando reportes para prevenir errores y brindar una atenci\u00f3n de calidad a los derechohabientes y afiliados\u201d, expuso.<\/p>\n<p>Por su parte el doctor Edmundo Vel\u00e1squez, del Departamento Actuarial Estad\u00edstico de Econom\u00eda en Salud, disert\u00f3 sobre el tema Proyecto de investigaci\u00f3n de pregrado y postgrado. \u00abLa investigaci\u00f3n de problemas econ\u00f3micos en salud ayuda a determinar qu\u00e9 enfermedades infecciosas dif\u00edciles de tratar ocasionan mayor gasto para implementar una gesti\u00f3n de calidad que ayude a reducirlas. En el caso del Seguro Social son las enfermedades cardiovasculares\u00bb, explic\u00f3.<\/p>\n<p>Con estas capacitaciones el IGSS prepara a las nuevas generaciones de m\u00e9dicos para brindar atenci\u00f3n con calidad a los afiliados y derechohabientes, porque los residentes capacitados son estudiantes que brindar\u00e1n sus servicios en distintos centros asistenciales.<\/p>\n\r\n                <style type=\"text\/css\">\r\n                    \r\n                    #tdi_1  .td-doubleSlider-2 .td-item1 {\r\n                        background: url(\/wp-content\/uploads\/sites\/5\/2018\/04\/Capacitacion-Medicos-IGSS-auditorio-autonomia-2-80x60.jpg) 0 0 no-repeat;\r\n                    }\r\n                    #tdi_1  .td-doubleSlider-2 .td-item2 {\r\n                        background: url(\/wp-content\/uploads\/sites\/5\/2018\/04\/Capacitacion-Medicos-IGSS-auditorio-autonomia-3-80x60.jpg) 0 0 no-repeat;\r\n                    }\r\n                    #tdi_1  .td-doubleSlider-2 .td-item3 {\r\n                        background: url(\/wp-content\/uploads\/sites\/5\/2018\/04\/Capacitacion-Medicos-IGSS-auditorio-autonomia-4-80x60.jpg) 0 0 no-repeat;\r\n                    }\r\n                    #tdi_1  .td-doubleSlider-2 .td-item4 {\r\n                        background: url(\/wp-content\/uploads\/sites\/5\/2018\/04\/Capacitacion-Medicos-IGSS-auditorio-autonomia-1-80x60.jpg) 0 0 no-repeat;\r\n                    }\r\n                    #tdi_1  .td-doubleSlider-2 .td-item5 {\r\n                        background: url(\/wp-content\/uploads\/sites\/5\/2018\/04\/Capacitacion-Medicos-IGSS-auditorio-autonomia-5-80x60.jpg) 0 0 no-repeat;\r\n                    }\r\n                    #tdi_1  .td-doubleSlider-2 .td-item6 {\r\n                        background: url(\/wp-content\/uploads\/sites\/5\/2018\/04\/Capacitacion-Medicos-IGSS-auditorio-autonomia-6-80x60.jpg) 0 0 no-repeat;\r\n                    }\r\n                <\/style>\r\n\r\n                <div id=\"tdi_1\" class=\"td-gallery td-slide-on-2-columns\">\r\n                    <div class=\"post_td_gallery\">\r\n                        <div class=\"td-gallery-slide-top\">\r\n                           <div class=\"td-gallery-title\"><\/div>\r\n\r\n                            <div class=\"td-gallery-controls-wrapper\">\r\n                                <div class=\"td-gallery-slide-count\"><span class=\"td-gallery-slide-item-focus\">1<\/span> de 6<\/div>\r\n                                <div class=\"td-gallery-slide-prev-next-but\">\r\n                                    <i class = \"td-icon-left doubleSliderPrevButton\"><\/i>\r\n                                    <i class = \"td-icon-right doubleSliderNextButton\"><\/i>\r\n                                <\/div>\r\n                            <\/div>\r\n                        <\/div>\r\n\r\n                        <div class = \"td-doubleSlider-1 \">\r\n                            <div class = \"td-slider\">\r\n                                \r\n                    <div class = \"td-slide-item td-item1\">\r\n                        <figure class=\"td-slide-galery-figure td-slide-popup-gallery\">\r\n                            <a class=\"slide-gallery-image-link\" href=\"\/wp-content\/uploads\/sites\/5\/2018\/04\/Capacitacion-Medicos-IGSS-auditorio-autonomia-2-scaled.jpg\" title=\"Capacitacion Medicos IGSS auditorio autonomia-2\"  data-caption=\"\"  data-description=\"\">\r\n                                <img decoding=\"async\" src=\"\/wp-content\/uploads\/sites\/5\/2018\/04\/Capacitacion-Medicos-IGSS-auditorio-autonomia-2-630x420.jpg\" srcset=\"\/wp-content\/uploads\/sites\/5\/2018\/04\/Capacitacion-Medicos-IGSS-auditorio-autonomia-2-630x420.jpg 630w, \/wp-content\/uploads\/sites\/5\/2018\/04\/Capacitacion-Medicos-IGSS-auditorio-autonomia-2-1536x1024.jpg 1536w, \/wp-content\/uploads\/sites\/5\/2018\/04\/Capacitacion-Medicos-IGSS-auditorio-autonomia-2-2048x1365.jpg 2048w, \/wp-content\/uploads\/sites\/5\/2018\/04\/Capacitacion-Medicos-IGSS-auditorio-autonomia-2-300x200.jpg 300w, \/wp-content\/uploads\/sites\/5\/2018\/04\/Capacitacion-Medicos-IGSS-auditorio-autonomia-2-768x512.jpg 768w, \/wp-content\/uploads\/sites\/5\/2018\/04\/Capacitacion-Medicos-IGSS-auditorio-autonomia-2-1024x683.jpg 1024w, \/wp-content\/uploads\/sites\/5\/2018\/04\/Capacitacion-Medicos-IGSS-auditorio-autonomia-2-696x464.jpg 696w, \/wp-content\/uploads\/sites\/5\/2018\/04\/Capacitacion-Medicos-IGSS-auditorio-autonomia-2-1068x712.jpg 1068w, \/wp-content\/uploads\/sites\/5\/2018\/04\/Capacitacion-Medicos-IGSS-auditorio-autonomia-2-534x356.jpg 534w, \/wp-content\/uploads\/sites\/5\/2018\/04\/Capacitacion-Medicos-IGSS-auditorio-autonomia-2-1920x1280.jpg 1920w\" sizes=\"(max-width: 630px) 100vw, 630px\" alt=\"\">\r\n                            <\/a>\r\n                            \r\n                        <\/figure>\r\n                    <\/div>\r\n                    <div class = \"td-slide-item td-item2\">\r\n                        <figure class=\"td-slide-galery-figure td-slide-popup-gallery\">\r\n                            <a class=\"slide-gallery-image-link\" href=\"\/wp-content\/uploads\/sites\/5\/2018\/04\/Capacitacion-Medicos-IGSS-auditorio-autonomia-3-scaled.jpg\" title=\"Capacitacion Medicos IGSS auditorio autonomia-3\"  data-caption=\"\"  data-description=\"\">\r\n                                <img decoding=\"async\" src=\"\/wp-content\/uploads\/sites\/5\/2018\/04\/Capacitacion-Medicos-IGSS-auditorio-autonomia-3-630x420.jpg\" srcset=\"\/wp-content\/uploads\/sites\/5\/2018\/04\/Capacitacion-Medicos-IGSS-auditorio-autonomia-3-630x420.jpg 630w, \/wp-content\/uploads\/sites\/5\/2018\/04\/Capacitacion-Medicos-IGSS-auditorio-autonomia-3-1536x1024.jpg 1536w, \/wp-content\/uploads\/sites\/5\/2018\/04\/Capacitacion-Medicos-IGSS-auditorio-autonomia-3-2048x1365.jpg 2048w, \/wp-content\/uploads\/sites\/5\/2018\/04\/Capacitacion-Medicos-IGSS-auditorio-autonomia-3-300x200.jpg 300w, \/wp-content\/uploads\/sites\/5\/2018\/04\/Capacitacion-Medicos-IGSS-auditorio-autonomia-3-768x512.jpg 768w, \/wp-content\/uploads\/sites\/5\/2018\/04\/Capacitacion-Medicos-IGSS-auditorio-autonomia-3-1024x683.jpg 1024w, \/wp-content\/uploads\/sites\/5\/2018\/04\/Capacitacion-Medicos-IGSS-auditorio-autonomia-3-696x464.jpg 696w, \/wp-content\/uploads\/sites\/5\/2018\/04\/Capacitacion-Medicos-IGSS-auditorio-autonomia-3-1068x712.jpg 1068w, \/wp-content\/uploads\/sites\/5\/2018\/04\/Capacitacion-Medicos-IGSS-auditorio-autonomia-3-534x356.jpg 534w, \/wp-content\/uploads\/sites\/5\/2018\/04\/Capacitacion-Medicos-IGSS-auditorio-autonomia-3-1920x1280.jpg 1920w\" sizes=\"(max-width: 630px) 100vw, 630px\" alt=\"\">\r\n                            <\/a>\r\n                            \r\n                        <\/figure>\r\n                    <\/div>\r\n                    <div class = \"td-slide-item td-item3\">\r\n                        <figure class=\"td-slide-galery-figure td-slide-popup-gallery\">\r\n                            <a class=\"slide-gallery-image-link\" href=\"\/wp-content\/uploads\/sites\/5\/2018\/04\/Capacitacion-Medicos-IGSS-auditorio-autonomia-4-scaled.jpg\" title=\"Capacitacion Medicos IGSS auditorio autonomia-4\"  data-caption=\"\"  data-description=\"\">\r\n                                <img decoding=\"async\" src=\"\/wp-content\/uploads\/sites\/5\/2018\/04\/Capacitacion-Medicos-IGSS-auditorio-autonomia-4-630x420.jpg\" srcset=\"\/wp-content\/uploads\/sites\/5\/2018\/04\/Capacitacion-Medicos-IGSS-auditorio-autonomia-4-630x420.jpg 630w, \/wp-content\/uploads\/sites\/5\/2018\/04\/Capacitacion-Medicos-IGSS-auditorio-autonomia-4-1536x1024.jpg 1536w, \/wp-content\/uploads\/sites\/5\/2018\/04\/Capacitacion-Medicos-IGSS-auditorio-autonomia-4-2048x1365.jpg 2048w, \/wp-content\/uploads\/sites\/5\/2018\/04\/Capacitacion-Medicos-IGSS-auditorio-autonomia-4-300x200.jpg 300w, \/wp-content\/uploads\/sites\/5\/2018\/04\/Capacitacion-Medicos-IGSS-auditorio-autonomia-4-768x512.jpg 768w, \/wp-content\/uploads\/sites\/5\/2018\/04\/Capacitacion-Medicos-IGSS-auditorio-autonomia-4-1024x683.jpg 1024w, \/wp-content\/uploads\/sites\/5\/2018\/04\/Capacitacion-Medicos-IGSS-auditorio-autonomia-4-696x464.jpg 696w, \/wp-content\/uploads\/sites\/5\/2018\/04\/Capacitacion-Medicos-IGSS-auditorio-autonomia-4-1068x712.jpg 1068w, \/wp-content\/uploads\/sites\/5\/2018\/04\/Capacitacion-Medicos-IGSS-auditorio-autonomia-4-534x356.jpg 534w, \/wp-content\/uploads\/sites\/5\/2018\/04\/Capacitacion-Medicos-IGSS-auditorio-autonomia-4-1920x1280.jpg 1920w\" sizes=\"(max-width: 630px) 100vw, 630px\" alt=\"\">\r\n                            <\/a>\r\n                            \r\n                        <\/figure>\r\n                    <\/div>\r\n                    <div class = \"td-slide-item td-item4\">\r\n                        <figure class=\"td-slide-galery-figure td-slide-popup-gallery\">\r\n                            <a class=\"slide-gallery-image-link\" href=\"\/wp-content\/uploads\/sites\/5\/2018\/04\/Capacitacion-Medicos-IGSS-auditorio-autonomia-1-scaled.jpg\" title=\"Capacitacion Medicos IGSS auditorio autonomia-1\"  data-caption=\"\"  data-description=\"\">\r\n                                <img decoding=\"async\" src=\"\/wp-content\/uploads\/sites\/5\/2018\/04\/Capacitacion-Medicos-IGSS-auditorio-autonomia-1-630x420.jpg\" srcset=\"\/wp-content\/uploads\/sites\/5\/2018\/04\/Capacitacion-Medicos-IGSS-auditorio-autonomia-1-630x420.jpg 630w, \/wp-content\/uploads\/sites\/5\/2018\/04\/Capacitacion-Medicos-IGSS-auditorio-autonomia-1-1536x1024.jpg 1536w, \/wp-content\/uploads\/sites\/5\/2018\/04\/Capacitacion-Medicos-IGSS-auditorio-autonomia-1-2048x1365.jpg 2048w, \/wp-content\/uploads\/sites\/5\/2018\/04\/Capacitacion-Medicos-IGSS-auditorio-autonomia-1-300x200.jpg 300w, \/wp-content\/uploads\/sites\/5\/2018\/04\/Capacitacion-Medicos-IGSS-auditorio-autonomia-1-768x512.jpg 768w, \/wp-content\/uploads\/sites\/5\/2018\/04\/Capacitacion-Medicos-IGSS-auditorio-autonomia-1-1024x683.jpg 1024w, \/wp-content\/uploads\/sites\/5\/2018\/04\/Capacitacion-Medicos-IGSS-auditorio-autonomia-1-696x464.jpg 696w, \/wp-content\/uploads\/sites\/5\/2018\/04\/Capacitacion-Medicos-IGSS-auditorio-autonomia-1-1068x712.jpg 1068w, \/wp-content\/uploads\/sites\/5\/2018\/04\/Capacitacion-Medicos-IGSS-auditorio-autonomia-1-534x356.jpg 534w, \/wp-content\/uploads\/sites\/5\/2018\/04\/Capacitacion-Medicos-IGSS-auditorio-autonomia-1-1920x1280.jpg 1920w\" sizes=\"(max-width: 630px) 100vw, 630px\" alt=\"\">\r\n                            <\/a>\r\n                            \r\n                        <\/figure>\r\n                    <\/div>\r\n                    <div class = \"td-slide-item td-item5\">\r\n                        <figure class=\"td-slide-galery-figure td-slide-popup-gallery\">\r\n                            <a class=\"slide-gallery-image-link\" href=\"\/wp-content\/uploads\/sites\/5\/2018\/04\/Capacitacion-Medicos-IGSS-auditorio-autonomia-5-scaled.jpg\" title=\"Capacitacion Medicos IGSS auditorio autonomia-5\"  data-caption=\"\"  data-description=\"\">\r\n                                <img decoding=\"async\" src=\"\/wp-content\/uploads\/sites\/5\/2018\/04\/Capacitacion-Medicos-IGSS-auditorio-autonomia-5-630x420.jpg\" srcset=\"\/wp-content\/uploads\/sites\/5\/2018\/04\/Capacitacion-Medicos-IGSS-auditorio-autonomia-5-630x420.jpg 630w, \/wp-content\/uploads\/sites\/5\/2018\/04\/Capacitacion-Medicos-IGSS-auditorio-autonomia-5-1536x1024.jpg 1536w, \/wp-content\/uploads\/sites\/5\/2018\/04\/Capacitacion-Medicos-IGSS-auditorio-autonomia-5-2048x1365.jpg 2048w, \/wp-content\/uploads\/sites\/5\/2018\/04\/Capacitacion-Medicos-IGSS-auditorio-autonomia-5-300x200.jpg 300w, \/wp-content\/uploads\/sites\/5\/2018\/04\/Capacitacion-Medicos-IGSS-auditorio-autonomia-5-768x512.jpg 768w, \/wp-content\/uploads\/sites\/5\/2018\/04\/Capacitacion-Medicos-IGSS-auditorio-autonomia-5-1024x683.jpg 1024w, \/wp-content\/uploads\/sites\/5\/2018\/04\/Capacitacion-Medicos-IGSS-auditorio-autonomia-5-696x464.jpg 696w, \/wp-content\/uploads\/sites\/5\/2018\/04\/Capacitacion-Medicos-IGSS-auditorio-autonomia-5-1068x712.jpg 1068w, \/wp-content\/uploads\/sites\/5\/2018\/04\/Capacitacion-Medicos-IGSS-auditorio-autonomia-5-534x356.jpg 534w\" sizes=\"(max-width: 630px) 100vw, 630px\" alt=\"\">\r\n                            <\/a>\r\n                            \r\n                        <\/figure>\r\n                    <\/div>\r\n                    <div class = \"td-slide-item td-item6\">\r\n                        <figure class=\"td-slide-galery-figure td-slide-popup-gallery\">\r\n                            <a class=\"slide-gallery-image-link\" href=\"\/wp-content\/uploads\/sites\/5\/2018\/04\/Capacitacion-Medicos-IGSS-auditorio-autonomia-6-scaled.jpg\" title=\"Capacitacion Medicos IGSS auditorio autonomia-6\"  data-caption=\"\"  data-description=\"\">\r\n                                <img decoding=\"async\" src=\"\/wp-content\/uploads\/sites\/5\/2018\/04\/Capacitacion-Medicos-IGSS-auditorio-autonomia-6-630x420.jpg\" srcset=\"\/wp-content\/uploads\/sites\/5\/2018\/04\/Capacitacion-Medicos-IGSS-auditorio-autonomia-6-630x420.jpg 630w, \/wp-content\/uploads\/sites\/5\/2018\/04\/Capacitacion-Medicos-IGSS-auditorio-autonomia-6-1536x1024.jpg 1536w, \/wp-content\/uploads\/sites\/5\/2018\/04\/Capacitacion-Medicos-IGSS-auditorio-autonomia-6-2048x1365.jpg 2048w, \/wp-content\/uploads\/sites\/5\/2018\/04\/Capacitacion-Medicos-IGSS-auditorio-autonomia-6-300x200.jpg 300w, \/wp-content\/uploads\/sites\/5\/2018\/04\/Capacitacion-Medicos-IGSS-auditorio-autonomia-6-768x512.jpg 768w, \/wp-content\/uploads\/sites\/5\/2018\/04\/Capacitacion-Medicos-IGSS-auditorio-autonomia-6-1024x683.jpg 1024w, \/wp-content\/uploads\/sites\/5\/2018\/04\/Capacitacion-Medicos-IGSS-auditorio-autonomia-6-696x464.jpg 696w, \/wp-content\/uploads\/sites\/5\/2018\/04\/Capacitacion-Medicos-IGSS-auditorio-autonomia-6-1068x712.jpg 1068w, \/wp-content\/uploads\/sites\/5\/2018\/04\/Capacitacion-Medicos-IGSS-auditorio-autonomia-6-534x356.jpg 534w, \/wp-content\/uploads\/sites\/5\/2018\/04\/Capacitacion-Medicos-IGSS-auditorio-autonomia-6-1920x1280.jpg 1920w\" sizes=\"(max-width: 630px) 100vw, 630px\" alt=\"\">\r\n                            <\/a>\r\n                            \r\n                        <\/figure>\r\n                    <\/div>\r\n                            <\/div>\r\n                        <\/div>\r\n\r\n                        <div class = \"td-doubleSlider-2\">\r\n                            <div class = \"td-slider\">\r\n                                \r\n                    <div class = \"td-button td-item1\">\r\n                        <div class = \"td-border\"><\/div>\r\n                    <\/div>\r\n                    <div class = \"td-button td-item2\">\r\n                        <div class = \"td-border\"><\/div>\r\n                    <\/div>\r\n                    <div class = \"td-button td-item3\">\r\n                        <div class = \"td-border\"><\/div>\r\n                    <\/div>\r\n                    <div class = \"td-button td-item4\">\r\n                        <div class = \"td-border\"><\/div>\r\n                    <\/div>\r\n                    <div class = \"td-button td-item5\">\r\n                        <div class = \"td-border\"><\/div>\r\n                    <\/div>\r\n                    <div class = \"td-button td-item6\">\r\n                        <div class = \"td-border\"><\/div>\r\n                    <\/div>\r\n                            <\/div>\r\n                        <\/div>\r\n\r\n                    <\/div>\r\n\r\n                <\/div>\r\n                \n<hr \/>\n<p>&nbsp;<\/p>\n","protected":false},"excerpt":{"rendered":"<p>Expertos disertan sobre cultura de prevenci\u00f3n, \u00e9tica y gesti\u00f3n de calidad El Departamento de Capacitaci\u00f3n y Desarrollo de la Subgerencia de Recursos Humanos del Seguro Social brind\u00f3 capacitaci\u00f3n a m\u00e1s de 300 estudiantes de Medicina, de pregrado externos, internos y de primer a\u00f1o, en temas como \u00e9tica m\u00e9dica, secreto profesional, manejo de expedientes y rol [&hellip;]<\/p>\n","protected":false},"author":4,"featured_media":4718,"comment_status":"open","ping_status":"open","sticky":false,"template":"","format":"standard","meta":{"footnotes":""},"categories":[3,17,29],"tags":[160,265,490],"coauthors":[],"class_list":{"0":"post-4713","1":"post","2":"type-post","3":"status-publish","4":"format-standard","5":"has-post-thumbnail","7":"category-actualidad","8":"category-formacion-y-desarrollo","9":"category-publicaciones","10":"tag-capacitacion","11":"tag-dr-allan-ruano","12":"tag-igss"},"_links":{"self":[{"href":"https:\/\/www.igssgt.org\/noticias\/wp-json\/wp\/v2\/posts\/4713","targetHints":{"allow":["GET"]}}],"collection":[{"href":"https:\/\/www.igssgt.org\/noticias\/wp-json\/wp\/v2\/posts"}],"about":[{"href":"https:\/\/www.igssgt.org\/noticias\/wp-json\/wp\/v2\/types\/post"}],"author":[{"embeddable":true,"href":"https:\/\/www.igssgt.org\/noticias\/wp-json\/wp\/v2\/users\/4"}],"replies":[{"embeddable":true,"href":"https:\/\/www.igssgt.org\/noticias\/wp-json\/wp\/v2\/comments?post=4713"}],"version-history":[{"count":0,"href":"https:\/\/www.igssgt.org\/noticias\/wp-json\/wp\/v2\/posts\/4713\/revisions"}],"wp:featuredmedia":[{"embeddable":true,"href":"https:\/\/www.igssgt.org\/noticias\/wp-json\/wp\/v2\/media\/4718"}],"wp:attachment":[{"href":"https:\/\/www.igssgt.org\/noticias\/wp-json\/wp\/v2\/media?parent=4713"}],"wp:term":[{"taxonomy":"category","embeddable":true,"href":"https:\/\/www.igssgt.org\/noticias\/wp-json\/wp\/v2\/categories?post=4713"},{"taxonomy":"post_tag","embeddable":true,"href":"https:\/\/www.igssgt.org\/noticias\/wp-json\/wp\/v2\/tags?post=4713"},{"taxonomy":"author","embeddable":true,"href":"https:\/\/www.igssgt.org\/noticias\/wp-json\/wp\/v2\/coauthors?post=4713"}],"curies":[{"name":"wp","href":"https:\/\/api.w.org\/{rel}","templated":true}]}}