{"id":47180,"date":"2025-04-14T06:06:00","date_gmt":"2025-04-14T12:06:00","guid":{"rendered":"https:\/\/www.igssgt.org\/noticias\/?p=47180"},"modified":"2025-04-14T08:35:01","modified_gmt":"2025-04-14T14:35:01","slug":"prevengamos-el-dengue","status":"publish","type":"post","link":"https:\/\/www.igssgt.org\/noticias\/2025\/04\/14\/prevengamos-el-dengue\/","title":{"rendered":"\u00a1Prevengamos el dengue!"},"content":{"rendered":"\n<p class=\"has-drop-cap\">El calor y la humedad del verano crean el ambiente perfecto para la proliferaci\u00f3n del mosquito Aedes aegypti, transmisor del dengue.<\/p>\n\n\n\n<p>Por ello, el Instituto Guatemalteco de Seguridad Social (IGSS) se mantiene en alerta, reforzando la prevenci\u00f3n como la mejor estrategia para evitar contagios.<\/p>\n\n\n\n\n\n<figure id=\"attachment_47183\" aria-describedby=\"caption-attachment-47183\" style=\"width: 716px\" class=\"wp-caption alignnone\"><img loading=\"lazy\" decoding=\"async\" class=\"wp-image-47183\" src=\"\/wp-content\/uploads\/sites\/5\/2025\/03\/IGSS-verano-dengue-2025-9-300x200.jpeg\" alt=\"\" width=\"716\" height=\"477\" srcset=\"\/wp-content\/uploads\/sites\/5\/2025\/03\/IGSS-verano-dengue-2025-9-300x200.jpeg 300w, \/wp-content\/uploads\/sites\/5\/2025\/03\/IGSS-verano-dengue-2025-9-1024x682.jpeg 1024w, \/wp-content\/uploads\/sites\/5\/2025\/03\/IGSS-verano-dengue-2025-9-768x512.jpeg 768w, \/wp-content\/uploads\/sites\/5\/2025\/03\/IGSS-verano-dengue-2025-9-1536x1023.jpeg 1536w, \/wp-content\/uploads\/sites\/5\/2025\/03\/IGSS-verano-dengue-2025-9-630x420.jpeg 630w, \/wp-content\/uploads\/sites\/5\/2025\/03\/IGSS-verano-dengue-2025-9-696x464.jpeg 696w, \/wp-content\/uploads\/sites\/5\/2025\/03\/IGSS-verano-dengue-2025-9-1068x712.jpeg 1068w, \/wp-content\/uploads\/sites\/5\/2025\/03\/IGSS-verano-dengue-2025-9-534x356.jpeg 534w, \/wp-content\/uploads\/sites\/5\/2025\/03\/IGSS-verano-dengue-2025-9.jpeg 1600w\" sizes=\"auto, (max-width: 716px) 100vw, 716px\" \/><figcaption id=\"caption-attachment-47183\" class=\"wp-caption-text\">Elimine criaderos de mosquitos en su hogar y comunidad para evitar el dengue.<\/figcaption><\/figure>\n<p><strong>Evite la reproducci\u00f3n del mosquito:<\/strong><\/p>\n<p>Para eliminar criaderos en el hogar, siga estas recomendaciones:<\/p>\n<ol>\n<li>Tape o vac\u00ede recipientes que acumulen agua, como baldes, llantas o botellas.<\/li>\n<li>Lave con cepillo y jab\u00f3n los dep\u00f3sitos de agua al menos una vez por semana.<\/li>\n<li>Evite el agua estancada en macetas, canaletas y charcos.<\/li>\n<li>Cambie el agua de bebederos de mascotas y floreros con frecuencia.<\/li>\n<li>Coloque mallas y mosquiteros en puertas y ventanas.<\/li>\n<\/ol>\n<p>\u00a0<\/p>\n<figure id=\"attachment_47185\" aria-describedby=\"caption-attachment-47185\" style=\"width: 410px\" class=\"wp-caption alignnone\"><img loading=\"lazy\" decoding=\"async\" class=\"wp-image-47185\" src=\"\/wp-content\/uploads\/sites\/5\/2025\/03\/IGSS-verano-dengue-2025-0-300x200.jpeg\" alt=\"\" width=\"410\" height=\"273\" srcset=\"\/wp-content\/uploads\/sites\/5\/2025\/03\/IGSS-verano-dengue-2025-0-300x200.jpeg 300w, \/wp-content\/uploads\/sites\/5\/2025\/03\/IGSS-verano-dengue-2025-0-1024x682.jpeg 1024w, \/wp-content\/uploads\/sites\/5\/2025\/03\/IGSS-verano-dengue-2025-0-768x512.jpeg 768w, \/wp-content\/uploads\/sites\/5\/2025\/03\/IGSS-verano-dengue-2025-0-1536x1023.jpeg 1536w, \/wp-content\/uploads\/sites\/5\/2025\/03\/IGSS-verano-dengue-2025-0-630x420.jpeg 630w, \/wp-content\/uploads\/sites\/5\/2025\/03\/IGSS-verano-dengue-2025-0-696x464.jpeg 696w, \/wp-content\/uploads\/sites\/5\/2025\/03\/IGSS-verano-dengue-2025-0-1068x712.jpeg 1068w, \/wp-content\/uploads\/sites\/5\/2025\/03\/IGSS-verano-dengue-2025-0-534x356.jpeg 534w, \/wp-content\/uploads\/sites\/5\/2025\/03\/IGSS-verano-dengue-2025-0.jpeg 1600w\" sizes=\"auto, (max-width: 410px) 100vw, 410px\" \/><figcaption id=\"caption-attachment-47185\" class=\"wp-caption-text\">Use repelente y ropa de manga larga para prevenir picaduras.<\/figcaption><\/figure>\n<p>\u00a0 <img loading=\"lazy\" decoding=\"async\" class=\"alignnone  wp-image-47184\" src=\"\/wp-content\/uploads\/sites\/5\/2025\/03\/IGSS-verano-dengue-2025-8-300x233.jpeg\" alt=\"\" width=\"390\" height=\"303\" srcset=\"\/wp-content\/uploads\/sites\/5\/2025\/03\/IGSS-verano-dengue-2025-8-300x233.jpeg 300w, \/wp-content\/uploads\/sites\/5\/2025\/03\/IGSS-verano-dengue-2025-8-1024x795.jpeg 1024w, \/wp-content\/uploads\/sites\/5\/2025\/03\/IGSS-verano-dengue-2025-8-768x596.jpeg 768w, \/wp-content\/uploads\/sites\/5\/2025\/03\/IGSS-verano-dengue-2025-8-541x420.jpeg 541w, \/wp-content\/uploads\/sites\/5\/2025\/03\/IGSS-verano-dengue-2025-8-696x540.jpeg 696w, \/wp-content\/uploads\/sites\/5\/2025\/03\/IGSS-verano-dengue-2025-8-534x415.jpeg 534w, \/wp-content\/uploads\/sites\/5\/2025\/03\/IGSS-verano-dengue-2025-8.jpeg 1064w\" sizes=\"auto, (max-width: 390px) 100vw, 390px\" \/><\/p>\n<p><strong>Prot\u00e9jase de las picaduras<\/strong><\/p>\n<p>El mosquito pica principalmente al amanecer y al atardecer, pero es importante protegerse todo el d\u00eda. Siga estas recomendaciones para protegerse:<\/p>\n<ul>\n<li>Use repelente en piel y ropa, especialmente en brazos y piernas<\/li>\n<li>V\u00edstase con ropa clara y de manga larga para reducir la exposici\u00f3n<\/li>\n<li>Use ventiladores o aire acondicionado, ya que el viento dificulta su vuelo<\/li>\n<\/ul>\n<figure id=\"attachment_47186\" aria-describedby=\"caption-attachment-47186\" style=\"width: 689px\" class=\"wp-caption alignnone\"><img loading=\"lazy\" decoding=\"async\" class=\"wp-image-47186\" src=\"\/wp-content\/uploads\/sites\/5\/2025\/03\/IGSS-verano-dengue-2025-4-300x200.jpeg\" alt=\"\" width=\"689\" height=\"459\" srcset=\"\/wp-content\/uploads\/sites\/5\/2025\/03\/IGSS-verano-dengue-2025-4-300x200.jpeg 300w, \/wp-content\/uploads\/sites\/5\/2025\/03\/IGSS-verano-dengue-2025-4-1024x683.jpeg 1024w, \/wp-content\/uploads\/sites\/5\/2025\/03\/IGSS-verano-dengue-2025-4-768x512.jpeg 768w, \/wp-content\/uploads\/sites\/5\/2025\/03\/IGSS-verano-dengue-2025-4-630x420.jpeg 630w, \/wp-content\/uploads\/sites\/5\/2025\/03\/IGSS-verano-dengue-2025-4-696x464.jpeg 696w, \/wp-content\/uploads\/sites\/5\/2025\/03\/IGSS-verano-dengue-2025-4-1068x712.jpeg 1068w, \/wp-content\/uploads\/sites\/5\/2025\/03\/IGSS-verano-dengue-2025-4-534x356.jpeg 534w, \/wp-content\/uploads\/sites\/5\/2025\/03\/IGSS-verano-dengue-2025-4.jpeg 1200w\" sizes=\"auto, (max-width: 689px) 100vw, 689px\" \/><figcaption id=\"caption-attachment-47186\" class=\"wp-caption-text\">El mosquito Aedes aegypti, es el transmisor de la enfermedad.<\/figcaption><\/figure>\n<p><strong>S\u00edntomas del dengue: \u00bfC\u00f3mo identificarlo?<\/strong><\/p>\n<p>Si presenta fiebre alta y repentina, acompa\u00f1ada de uno o m\u00e1s de estos s\u00edntomas, podr\u00eda estar contagiado:<\/p>\n<ul>\n<li>Dolor de cabeza intenso<\/li>\n<li>Dolor detr\u00e1s de los ojos<\/li>\n<li>Dolor muscular y en las articulaciones<\/li>\n<li>N\u00e1useas, v\u00f3mitos o p\u00e9rdida de apetito<\/li>\n<li>Erupciones en la piel<\/li>\n<\/ul>\n<figure id=\"attachment_47187\" aria-describedby=\"caption-attachment-47187\" style=\"width: 696px\" class=\"wp-caption alignnone\"><img loading=\"lazy\" decoding=\"async\" class=\"wp-image-47187\" src=\"\/wp-content\/uploads\/sites\/5\/2025\/03\/IGSS-verano-dengue-2025-7-300x197.jpg\" alt=\"\" width=\"696\" height=\"457\" srcset=\"\/wp-content\/uploads\/sites\/5\/2025\/03\/IGSS-verano-dengue-2025-7-300x197.jpg 300w, \/wp-content\/uploads\/sites\/5\/2025\/03\/IGSS-verano-dengue-2025-7-1024x672.jpg 1024w, \/wp-content\/uploads\/sites\/5\/2025\/03\/IGSS-verano-dengue-2025-7-768x504.jpg 768w, \/wp-content\/uploads\/sites\/5\/2025\/03\/IGSS-verano-dengue-2025-7-640x420.jpg 640w, \/wp-content\/uploads\/sites\/5\/2025\/03\/IGSS-verano-dengue-2025-7-696x457.jpg 696w, \/wp-content\/uploads\/sites\/5\/2025\/03\/IGSS-verano-dengue-2025-7-1068x701.jpg 1068w, \/wp-content\/uploads\/sites\/5\/2025\/03\/IGSS-verano-dengue-2025-7-534x350.jpg 534w, \/wp-content\/uploads\/sites\/5\/2025\/03\/IGSS-verano-dengue-2025-7-741x486.jpg 741w, \/wp-content\/uploads\/sites\/5\/2025\/03\/IGSS-verano-dengue-2025-7.jpg 1536w\" sizes=\"auto, (max-width: 696px) 100vw, 696px\" \/><figcaption id=\"caption-attachment-47187\" class=\"wp-caption-text\">Fiebre alta, dolor de cabeza y v\u00f3mitos pueden ser se\u00f1ales de alarma.<\/figcaption><\/figure>\n<p><strong>Signos de alarma:<\/strong><\/p>\n<p>Si adem\u00e1s de fiebre presenta cualquiera de estos s\u00edntomas, acuda urgentemente con el m\u00e9dico:<\/p>\n<ul>\n<li>Dolor abdominal intenso y constante<\/li>\n<li>V\u00f3mitos persistentes<\/li>\n<li>Sangrado en enc\u00edas, nariz o aparici\u00f3n de moretones sin causa aparente<\/li>\n<li>Dificultad para respirar o fatiga extrema<\/li>\n<li>Somnolencia, irritabilidad o debilidad extrema<\/li>\n<\/ul>\n<p><strong>Importante:<\/strong> No se automedique, adopte h\u00e1bitos preventivos para evitar la propagaci\u00f3n del mosquito. La prevenci\u00f3n es la mejor herramienta contra el dengue.<\/p>\n\r\n                <style type=\"text\/css\">\r\n                    \r\n                    #tdi_1  .td-doubleSlider-2 .td-item1 {\r\n                        background: url(\/wp-content\/uploads\/sites\/5\/2025\/03\/IGSS-verano-dengue-2025-1-80x60.jpg) 0 0 no-repeat;\r\n                    }\r\n                    #tdi_1  .td-doubleSlider-2 .td-item2 {\r\n                        background: url(\/wp-content\/uploads\/sites\/5\/2025\/03\/IGSS-verano-dengue-2025-2-80x60.jpg) 0 0 no-repeat;\r\n                    }\r\n                    #tdi_1  .td-doubleSlider-2 .td-item3 {\r\n                        background: url(\/wp-content\/uploads\/sites\/5\/2025\/03\/IGSS-verano-dengue-2025-5-80x60.jpg) 0 0 no-repeat;\r\n                    }\r\n                    #tdi_1  .td-doubleSlider-2 .td-item4 {\r\n                        background: url(\/wp-content\/uploads\/sites\/5\/2025\/03\/IGSS-verano-dengue-2025-6-80x60.jpg) 0 0 no-repeat;\r\n                    }\r\n                <\/style>\r\n\r\n                <div id=\"tdi_1\" class=\"td-gallery td-slide-on-2-columns\">\r\n                    <div class=\"post_td_gallery\">\r\n                        <div class=\"td-gallery-slide-top\">\r\n                           <div class=\"td-gallery-title\">M\u00e1s fotos:<\/div>\r\n\r\n                            <div class=\"td-gallery-controls-wrapper\">\r\n                                <div class=\"td-gallery-slide-count\"><span class=\"td-gallery-slide-item-focus\">1<\/span> de 4<\/div>\r\n                                <div class=\"td-gallery-slide-prev-next-but\">\r\n                                    <i class = \"td-icon-left doubleSliderPrevButton\"><\/i>\r\n                                    <i class = \"td-icon-right doubleSliderNextButton\"><\/i>\r\n                                <\/div>\r\n                            <\/div>\r\n                        <\/div>\r\n\r\n                        <div class = \"td-doubleSlider-1 \">\r\n                            <div class = \"td-slider\">\r\n                                \r\n                    <div class = \"td-slide-item td-item1\">\r\n                        <figure class=\"td-slide-galery-figure td-slide-popup-gallery\">\r\n                            <a class=\"slide-gallery-image-link\" href=\"\/wp-content\/uploads\/sites\/5\/2025\/03\/IGSS-verano-dengue-2025-1.jpg\" title=\"IGSS verano dengue 2025-1\"  data-caption=\"\"  data-description=\"\">\r\n                                <img decoding=\"async\" src=\"\/wp-content\/uploads\/sites\/5\/2025\/03\/IGSS-verano-dengue-2025-1-319x420.jpg\" srcset=\"\/wp-content\/uploads\/sites\/5\/2025\/03\/IGSS-verano-dengue-2025-1-319x420.jpg 319w, \/wp-content\/uploads\/sites\/5\/2025\/03\/IGSS-verano-dengue-2025-1-228x300.jpg 228w, \/wp-content\/uploads\/sites\/5\/2025\/03\/IGSS-verano-dengue-2025-1-351x462.jpg 351w, \/wp-content\/uploads\/sites\/5\/2025\/03\/IGSS-verano-dengue-2025-1.jpg 696w\" sizes=\"(max-width: 319px) 100vw, 319px\" alt=\"\">\r\n                            <\/a>\r\n                            \r\n                        <\/figure>\r\n                    <\/div>\r\n                    <div class = \"td-slide-item td-item2\">\r\n                        <figure class=\"td-slide-galery-figure td-slide-popup-gallery\">\r\n                            <a class=\"slide-gallery-image-link\" href=\"\/wp-content\/uploads\/sites\/5\/2025\/03\/IGSS-verano-dengue-2025-2.jpg\" title=\"IGSS verano dengue 2025-2\"  data-caption=\"\"  data-description=\"\">\r\n                                <img decoding=\"async\" src=\"\/wp-content\/uploads\/sites\/5\/2025\/03\/IGSS-verano-dengue-2025-2-643x420.jpg\" srcset=\"\/wp-content\/uploads\/sites\/5\/2025\/03\/IGSS-verano-dengue-2025-2-643x420.jpg 643w, \/wp-content\/uploads\/sites\/5\/2025\/03\/IGSS-verano-dengue-2025-2-300x196.jpg 300w, \/wp-content\/uploads\/sites\/5\/2025\/03\/IGSS-verano-dengue-2025-2-1024x669.jpg 1024w, \/wp-content\/uploads\/sites\/5\/2025\/03\/IGSS-verano-dengue-2025-2-768x502.jpg 768w, \/wp-content\/uploads\/sites\/5\/2025\/03\/IGSS-verano-dengue-2025-2-696x454.jpg 696w, \/wp-content\/uploads\/sites\/5\/2025\/03\/IGSS-verano-dengue-2025-2-1068x697.jpg 1068w, \/wp-content\/uploads\/sites\/5\/2025\/03\/IGSS-verano-dengue-2025-2-534x349.jpg 534w, \/wp-content\/uploads\/sites\/5\/2025\/03\/IGSS-verano-dengue-2025-2.jpg 1536w\" sizes=\"(max-width: 643px) 100vw, 643px\" alt=\"\">\r\n                            <\/a>\r\n                            \r\n                        <\/figure>\r\n                    <\/div>\r\n                    <div class = \"td-slide-item td-item3\">\r\n                        <figure class=\"td-slide-galery-figure td-slide-popup-gallery\">\r\n                            <a class=\"slide-gallery-image-link\" href=\"\/wp-content\/uploads\/sites\/5\/2025\/03\/IGSS-verano-dengue-2025-5.jpg\" title=\"IGSS verano dengue 2025-5\"  data-caption=\"\"  data-description=\"\">\r\n                                <img decoding=\"async\" src=\"\/wp-content\/uploads\/sites\/5\/2025\/03\/IGSS-verano-dengue-2025-5-631x420.jpg\" srcset=\"\/wp-content\/uploads\/sites\/5\/2025\/03\/IGSS-verano-dengue-2025-5-631x420.jpg 631w, \/wp-content\/uploads\/sites\/5\/2025\/03\/IGSS-verano-dengue-2025-5-300x200.jpg 300w, \/wp-content\/uploads\/sites\/5\/2025\/03\/IGSS-verano-dengue-2025-5-768x512.jpg 768w, \/wp-content\/uploads\/sites\/5\/2025\/03\/IGSS-verano-dengue-2025-5-696x464.jpg 696w, \/wp-content\/uploads\/sites\/5\/2025\/03\/IGSS-verano-dengue-2025-5-534x356.jpg 534w, \/wp-content\/uploads\/sites\/5\/2025\/03\/IGSS-verano-dengue-2025-5.jpg 1024w\" sizes=\"(max-width: 631px) 100vw, 631px\" alt=\"\">\r\n                            <\/a>\r\n                            \r\n                        <\/figure>\r\n                    <\/div>\r\n                    <div class = \"td-slide-item td-item4\">\r\n                        <figure class=\"td-slide-galery-figure td-slide-popup-gallery\">\r\n                            <a class=\"slide-gallery-image-link\" href=\"\/wp-content\/uploads\/sites\/5\/2025\/03\/IGSS-verano-dengue-2025-6.jpg\" title=\"IGSS verano dengue 2025-6\"  data-caption=\"\"  data-description=\"\">\r\n                                <img decoding=\"async\" src=\"\/wp-content\/uploads\/sites\/5\/2025\/03\/IGSS-verano-dengue-2025-6-607x420.jpg\" srcset=\"\/wp-content\/uploads\/sites\/5\/2025\/03\/IGSS-verano-dengue-2025-6-607x420.jpg 607w, \/wp-content\/uploads\/sites\/5\/2025\/03\/IGSS-verano-dengue-2025-6-300x208.jpg 300w, \/wp-content\/uploads\/sites\/5\/2025\/03\/IGSS-verano-dengue-2025-6-1024x709.jpg 1024w, \/wp-content\/uploads\/sites\/5\/2025\/03\/IGSS-verano-dengue-2025-6-768x531.jpg 768w, \/wp-content\/uploads\/sites\/5\/2025\/03\/IGSS-verano-dengue-2025-6-218x150.jpg 218w, \/wp-content\/uploads\/sites\/5\/2025\/03\/IGSS-verano-dengue-2025-6-696x482.jpg 696w, \/wp-content\/uploads\/sites\/5\/2025\/03\/IGSS-verano-dengue-2025-6-1068x739.jpg 1068w, \/wp-content\/uploads\/sites\/5\/2025\/03\/IGSS-verano-dengue-2025-6-100x70.jpg 100w, \/wp-content\/uploads\/sites\/5\/2025\/03\/IGSS-verano-dengue-2025-6-534x370.jpg 534w, \/wp-content\/uploads\/sites\/5\/2025\/03\/IGSS-verano-dengue-2025-6.jpg 1510w\" sizes=\"(max-width: 607px) 100vw, 607px\" alt=\"\">\r\n                            <\/a>\r\n                            \r\n                        <\/figure>\r\n                    <\/div>\r\n                            <\/div>\r\n                        <\/div>\r\n\r\n                        <div class = \"td-doubleSlider-2\">\r\n                            <div class = \"td-slider\">\r\n                                \r\n                    <div class = \"td-button td-item1\">\r\n                        <div class = \"td-border\"><\/div>\r\n                    <\/div>\r\n                    <div class = \"td-button td-item2\">\r\n                        <div class = \"td-border\"><\/div>\r\n                    <\/div>\r\n                    <div class = \"td-button td-item3\">\r\n                        <div class = \"td-border\"><\/div>\r\n                    <\/div>\r\n                    <div class = \"td-button td-item4\">\r\n                        <div class = \"td-border\"><\/div>\r\n                    <\/div>\r\n                            <\/div>\r\n                        <\/div>\r\n\r\n                    <\/div>\r\n\r\n                <\/div>\r\n                \n<p>\u00a0<\/p>\n","protected":false},"excerpt":{"rendered":"<p>El calor y la humedad del verano crean el ambiente perfecto para la proliferaci\u00f3n del mosquito Aedes aegypti, transmisor del dengue. Por ello, el Instituto Guatemalteco de Seguridad Social (IGSS) se mantiene en alerta, reforzando la prevenci\u00f3n como la mejor estrategia para evitar contagios. Evite la reproducci\u00f3n del mosquito: Para eliminar criaderos en el hogar, [&hellip;]<\/p>\n","protected":false},"author":3269,"featured_media":47181,"comment_status":"closed","ping_status":"closed","sticky":false,"template":"","format":"standard","meta":{"footnotes":""},"categories":[3,4,1130,27,31,1856],"tags":[227,490,2068,1453,2069],"coauthors":[1970],"class_list":{"0":"post-47180","1":"post","2":"type-post","3":"status-publish","4":"format-standard","5":"has-post-thumbnail","7":"category-actualidad","8":"category-afiliados","9":"category-consejos-medicos","10":"category-prevencion-en-salud","11":"category-salud","12":"category-semana-santa-segura-y-sin-accidentes","13":"tag-dengue","14":"tag-igss","15":"tag-prevencion-dengue","16":"tag-semana-santa","17":"tag-semana-santa-segura"},"_links":{"self":[{"href":"https:\/\/www.igssgt.org\/noticias\/wp-json\/wp\/v2\/posts\/47180","targetHints":{"allow":["GET"]}}],"collection":[{"href":"https:\/\/www.igssgt.org\/noticias\/wp-json\/wp\/v2\/posts"}],"about":[{"href":"https:\/\/www.igssgt.org\/noticias\/wp-json\/wp\/v2\/types\/post"}],"author":[{"embeddable":true,"href":"https:\/\/www.igssgt.org\/noticias\/wp-json\/wp\/v2\/users\/3269"}],"replies":[{"embeddable":true,"href":"https:\/\/www.igssgt.org\/noticias\/wp-json\/wp\/v2\/comments?post=47180"}],"version-history":[{"count":3,"href":"https:\/\/www.igssgt.org\/noticias\/wp-json\/wp\/v2\/posts\/47180\/revisions"}],"predecessor-version":[{"id":47440,"href":"https:\/\/www.igssgt.org\/noticias\/wp-json\/wp\/v2\/posts\/47180\/revisions\/47440"}],"wp:featuredmedia":[{"embeddable":true,"href":"https:\/\/www.igssgt.org\/noticias\/wp-json\/wp\/v2\/media\/47181"}],"wp:attachment":[{"href":"https:\/\/www.igssgt.org\/noticias\/wp-json\/wp\/v2\/media?parent=47180"}],"wp:term":[{"taxonomy":"category","embeddable":true,"href":"https:\/\/www.igssgt.org\/noticias\/wp-json\/wp\/v2\/categories?post=47180"},{"taxonomy":"post_tag","embeddable":true,"href":"https:\/\/www.igssgt.org\/noticias\/wp-json\/wp\/v2\/tags?post=47180"},{"taxonomy":"author","embeddable":true,"href":"https:\/\/www.igssgt.org\/noticias\/wp-json\/wp\/v2\/coauthors?post=47180"}],"curies":[{"name":"wp","href":"https:\/\/api.w.org\/{rel}","templated":true}]}}