{"id":47220,"date":"2025-04-03T06:12:00","date_gmt":"2025-04-03T12:12:00","guid":{"rendered":"https:\/\/www.igssgt.org\/noticias\/?p=47220"},"modified":"2025-04-03T16:32:16","modified_gmt":"2025-04-03T22:32:16","slug":"como-optar-a-un-implante-coclear-en-el-seguro-social","status":"publish","type":"post","link":"https:\/\/www.igssgt.org\/noticias\/2025\/04\/03\/como-optar-a-un-implante-coclear-en-el-seguro-social\/","title":{"rendered":"C\u00f3mo optar a un implante coclear en el Seguro Social"},"content":{"rendered":"\n<p class=\"has-drop-cap\">El implante coclear es una soluci\u00f3n efectiva para personas con hipoacusia neurosensorial profunda, es decir, un tratamiento para pacientes con p\u00e9rdida auditiva grave debida al da\u00f1o del o\u00eddo interno o el nervio auditivo.<\/p>\n\n\n\n<p>En el Instituto Guatemalteco de Seguridad Social (IGSS), el procedimiento sigue un riguroso protocolo para garantizar su \u00e9xito. Este incluye una serie de entrevistas y ex\u00e1menes practicados por un equipo multidisciplinario de primer nivel.<\/p>\n<figure id=\"attachment_47222\" aria-describedby=\"caption-attachment-47222\" style=\"width: 728px\" class=\"wp-caption alignnone\"><img loading=\"lazy\" decoding=\"async\" class=\"wp-image-47222\" src=\"\/wp-content\/uploads\/sites\/5\/2025\/03\/IGSS-candidatos-implantes-cocleares-2025-2-300x207.jpg\" alt=\"\" width=\"728\" height=\"502\" srcset=\"\/wp-content\/uploads\/sites\/5\/2025\/03\/IGSS-candidatos-implantes-cocleares-2025-2-300x207.jpg 300w, \/wp-content\/uploads\/sites\/5\/2025\/03\/IGSS-candidatos-implantes-cocleares-2025-2-1024x705.jpg 1024w, \/wp-content\/uploads\/sites\/5\/2025\/03\/IGSS-candidatos-implantes-cocleares-2025-2-768x529.jpg 768w, \/wp-content\/uploads\/sites\/5\/2025\/03\/IGSS-candidatos-implantes-cocleares-2025-2-1536x1057.jpg 1536w, \/wp-content\/uploads\/sites\/5\/2025\/03\/IGSS-candidatos-implantes-cocleares-2025-2-2048x1410.jpg 2048w, \/wp-content\/uploads\/sites\/5\/2025\/03\/IGSS-candidatos-implantes-cocleares-2025-2-610x420.jpg 610w, \/wp-content\/uploads\/sites\/5\/2025\/03\/IGSS-candidatos-implantes-cocleares-2025-2-218x150.jpg 218w, \/wp-content\/uploads\/sites\/5\/2025\/03\/IGSS-candidatos-implantes-cocleares-2025-2-696x479.jpg 696w, \/wp-content\/uploads\/sites\/5\/2025\/03\/IGSS-candidatos-implantes-cocleares-2025-2-1068x735.jpg 1068w, \/wp-content\/uploads\/sites\/5\/2025\/03\/IGSS-candidatos-implantes-cocleares-2025-2-1920x1322.jpg 1920w, \/wp-content\/uploads\/sites\/5\/2025\/03\/IGSS-candidatos-implantes-cocleares-2025-2-100x70.jpg 100w, \/wp-content\/uploads\/sites\/5\/2025\/03\/IGSS-candidatos-implantes-cocleares-2025-2-534x368.jpg 534w\" sizes=\"auto, (max-width: 728px) 100vw, 728px\" \/><figcaption id=\"caption-attachment-47222\" class=\"wp-caption-text\">El IGSS prioriza el acceso al implante coclear para mejorar la calidad de vida de los pacientes.<\/figcaption><\/figure>\n<p><strong>Evaluaci\u00f3n y candidatura:<\/strong><\/p>\n<p>El proceso inicia con una consulta en la Cl\u00ednica de Otorrinolaringolog\u00eda, donde se diagnostica la hipoacusia neurosensorial bilateral profunda.<\/p>\n<p>Si el paciente es candidato, se remite al \u00c1rea de Trabajo Social para realizar un plan educacional y un estudio socioecon\u00f3mico.<\/p>\n<p>Las evaluaciones m\u00e9dicas incluyen ex\u00e1menes en neurolog\u00eda, psicolog\u00eda y rehabilitaci\u00f3n, junto con pruebas diagn\u00f3sticas como resonancia magn\u00e9tica, tomograf\u00eda y emisiones otoac\u00fasticas, entre otras. La suma de estos estudios determina la viabilidad del implante.<\/p>\n<figure id=\"attachment_47224\" aria-describedby=\"caption-attachment-47224\" style=\"width: 738px\" class=\"wp-caption alignnone\"><img loading=\"lazy\" decoding=\"async\" class=\"wp-image-47224\" src=\"\/wp-content\/uploads\/sites\/5\/2025\/03\/IGSS-candidatos-implantes-cocleares-2025-1-300x200.jpg\" alt=\"\" width=\"738\" height=\"492\" srcset=\"\/wp-content\/uploads\/sites\/5\/2025\/03\/IGSS-candidatos-implantes-cocleares-2025-1-300x200.jpg 300w, \/wp-content\/uploads\/sites\/5\/2025\/03\/IGSS-candidatos-implantes-cocleares-2025-1-1024x683.jpg 1024w, \/wp-content\/uploads\/sites\/5\/2025\/03\/IGSS-candidatos-implantes-cocleares-2025-1-768x512.jpg 768w, \/wp-content\/uploads\/sites\/5\/2025\/03\/IGSS-candidatos-implantes-cocleares-2025-1-1536x1024.jpg 1536w, \/wp-content\/uploads\/sites\/5\/2025\/03\/IGSS-candidatos-implantes-cocleares-2025-1-2048x1365.jpg 2048w, \/wp-content\/uploads\/sites\/5\/2025\/03\/IGSS-candidatos-implantes-cocleares-2025-1-630x420.jpg 630w, \/wp-content\/uploads\/sites\/5\/2025\/03\/IGSS-candidatos-implantes-cocleares-2025-1-696x464.jpg 696w, \/wp-content\/uploads\/sites\/5\/2025\/03\/IGSS-candidatos-implantes-cocleares-2025-1-1068x712.jpg 1068w, \/wp-content\/uploads\/sites\/5\/2025\/03\/IGSS-candidatos-implantes-cocleares-2025-1-1920x1280.jpg 1920w, \/wp-content\/uploads\/sites\/5\/2025\/03\/IGSS-candidatos-implantes-cocleares-2025-1-534x356.jpg 534w\" sizes=\"auto, (max-width: 738px) 100vw, 738px\" \/><figcaption id=\"caption-attachment-47224\" class=\"wp-caption-text\">El procedimiento significa un camino integral para recuperar la audici\u00f3n.<\/figcaption><\/figure>\n<p>Si el paciente no aplica a la operaci\u00f3n, se le brinda la opci\u00f3n de terapias de lenguaje de se\u00f1as en el Hospital de Rehabilitaci\u00f3n del Seguro Social.<\/p>\n<p>El Comit\u00e9 de Implante Coclear, compuesto por especialistas de diversas \u00e1reas, analiza los resultados m\u00e9dicos y entrevista a los padres. Si se aprueba la intervenci\u00f3n, se programa la cirug\u00eda y la rehabilitaci\u00f3n postoperatoria.<\/p>\n<p><strong>\u00bfQu\u00e9 es un implante coclear?<\/strong><\/p>\n<p>Es un dispositivo electr\u00f3nico que estimula directamente el nervio auditivo, transformando las se\u00f1ales sonoras en impulsos el\u00e9ctricos que el cerebro interpreta como sonido.<\/p>\n<p>Para muchos ni\u00f1os, representa la oportunidad de aprender a hablar, integrarse en la escuela y comunicarse con su entorno.<\/p>\n<figure id=\"attachment_47223\" aria-describedby=\"caption-attachment-47223\" style=\"width: 756px\" class=\"wp-caption alignnone\"><img loading=\"lazy\" decoding=\"async\" class=\"wp-image-47223\" src=\"\/wp-content\/uploads\/sites\/5\/2025\/03\/IGSS-candidatos-implantes-cocleares-2025-4-300x204.jpg\" alt=\"\" width=\"756\" height=\"514\" srcset=\"\/wp-content\/uploads\/sites\/5\/2025\/03\/IGSS-candidatos-implantes-cocleares-2025-4-300x204.jpg 300w, \/wp-content\/uploads\/sites\/5\/2025\/03\/IGSS-candidatos-implantes-cocleares-2025-4-1024x695.jpg 1024w, \/wp-content\/uploads\/sites\/5\/2025\/03\/IGSS-candidatos-implantes-cocleares-2025-4-768x521.jpg 768w, \/wp-content\/uploads\/sites\/5\/2025\/03\/IGSS-candidatos-implantes-cocleares-2025-4-1536x1043.jpg 1536w, \/wp-content\/uploads\/sites\/5\/2025\/03\/IGSS-candidatos-implantes-cocleares-2025-4-2048x1390.jpg 2048w, \/wp-content\/uploads\/sites\/5\/2025\/03\/IGSS-candidatos-implantes-cocleares-2025-4-619x420.jpg 619w, \/wp-content\/uploads\/sites\/5\/2025\/03\/IGSS-candidatos-implantes-cocleares-2025-4-696x472.jpg 696w, \/wp-content\/uploads\/sites\/5\/2025\/03\/IGSS-candidatos-implantes-cocleares-2025-4-1068x725.jpg 1068w, \/wp-content\/uploads\/sites\/5\/2025\/03\/IGSS-candidatos-implantes-cocleares-2025-4-1920x1303.jpg 1920w, \/wp-content\/uploads\/sites\/5\/2025\/03\/IGSS-candidatos-implantes-cocleares-2025-4-534x363.jpg 534w\" sizes=\"auto, (max-width: 756px) 100vw, 756px\" \/><figcaption id=\"caption-attachment-47223\" class=\"wp-caption-text\">El implante coclear brinda la oportunidad de escuchar y comunicarse con el mundo.<\/figcaption><\/figure>\n<p>El implante coclear mejora significativamente la calidad de vida de los pacientes y sus familias.<\/p>\n<p>Su \u00e9xito depende del compromiso del paciente y su entorno familiar con el proceso de adaptaci\u00f3n.<\/p>\n<p>El Seguro Social prioriza el acceso a estas oportunidades m\u00e9dicas, facilitando la integraci\u00f3n social y el desarrollo personal de ni\u00f1os con discapacidad auditiva.<\/p>\n\r\n                <style type=\"text\/css\">\r\n                    \r\n                    #tdi_1  .td-doubleSlider-2 .td-item1 {\r\n                        background: url(\/wp-content\/uploads\/sites\/5\/2025\/03\/IGSS-candidatos-implantes-cocleares-2025-3-1-80x60.jpg) 0 0 no-repeat;\r\n                    }\r\n                    #tdi_1  .td-doubleSlider-2 .td-item2 {\r\n                        background: url(\/wp-content\/uploads\/sites\/5\/2025\/03\/IGSS-candidatos-implantes-cocleares-2025-5-1-80x60.jpg) 0 0 no-repeat;\r\n                    }\r\n                <\/style>\r\n\r\n                <div id=\"tdi_1\" class=\"td-gallery td-slide-on-2-columns\">\r\n                    <div class=\"post_td_gallery\">\r\n                        <div class=\"td-gallery-slide-top\">\r\n                           <div class=\"td-gallery-title\">M\u00e1s fotos:<\/div>\r\n\r\n                            <div class=\"td-gallery-controls-wrapper\">\r\n                                <div class=\"td-gallery-slide-count\"><span class=\"td-gallery-slide-item-focus\">1<\/span> de 2<\/div>\r\n                                <div class=\"td-gallery-slide-prev-next-but\">\r\n                                    <i class = \"td-icon-left doubleSliderPrevButton\"><\/i>\r\n                                    <i class = \"td-icon-right doubleSliderNextButton\"><\/i>\r\n                                <\/div>\r\n                            <\/div>\r\n                        <\/div>\r\n\r\n                        <div class = \"td-doubleSlider-1 \">\r\n                            <div class = \"td-slider\">\r\n                                \r\n                    <div class = \"td-slide-item td-item1\">\r\n                        <figure class=\"td-slide-galery-figure td-slide-popup-gallery\">\r\n                            <a class=\"slide-gallery-image-link\" href=\"\/wp-content\/uploads\/sites\/5\/2025\/03\/IGSS-candidatos-implantes-cocleares-2025-3-1-scaled.jpg\" title=\"IGSS candidatos implantes cocleares 2025-3\"  data-caption=\"\"  data-description=\"\">\r\n                                <img decoding=\"async\" src=\"\/wp-content\/uploads\/sites\/5\/2025\/03\/IGSS-candidatos-implantes-cocleares-2025-3-1-588x420.jpg\" srcset=\"\/wp-content\/uploads\/sites\/5\/2025\/03\/IGSS-candidatos-implantes-cocleares-2025-3-1-588x420.jpg 588w, \/wp-content\/uploads\/sites\/5\/2025\/03\/IGSS-candidatos-implantes-cocleares-2025-3-1-300x214.jpg 300w, \/wp-content\/uploads\/sites\/5\/2025\/03\/IGSS-candidatos-implantes-cocleares-2025-3-1-1024x732.jpg 1024w, \/wp-content\/uploads\/sites\/5\/2025\/03\/IGSS-candidatos-implantes-cocleares-2025-3-1-768x549.jpg 768w, \/wp-content\/uploads\/sites\/5\/2025\/03\/IGSS-candidatos-implantes-cocleares-2025-3-1-1536x1098.jpg 1536w, \/wp-content\/uploads\/sites\/5\/2025\/03\/IGSS-candidatos-implantes-cocleares-2025-3-1-2048x1464.jpg 2048w, \/wp-content\/uploads\/sites\/5\/2025\/03\/IGSS-candidatos-implantes-cocleares-2025-3-1-696x497.jpg 696w, \/wp-content\/uploads\/sites\/5\/2025\/03\/IGSS-candidatos-implantes-cocleares-2025-3-1-1068x763.jpg 1068w, \/wp-content\/uploads\/sites\/5\/2025\/03\/IGSS-candidatos-implantes-cocleares-2025-3-1-1920x1372.jpg 1920w, \/wp-content\/uploads\/sites\/5\/2025\/03\/IGSS-candidatos-implantes-cocleares-2025-3-1-100x70.jpg 100w, \/wp-content\/uploads\/sites\/5\/2025\/03\/IGSS-candidatos-implantes-cocleares-2025-3-1-534x382.jpg 534w\" sizes=\"(max-width: 588px) 100vw, 588px\" alt=\"\">\r\n                            <\/a>\r\n                            \r\n                        <\/figure>\r\n                    <\/div>\r\n                    <div class = \"td-slide-item td-item2\">\r\n                        <figure class=\"td-slide-galery-figure td-slide-popup-gallery\">\r\n                            <a class=\"slide-gallery-image-link\" href=\"\/wp-content\/uploads\/sites\/5\/2025\/03\/IGSS-candidatos-implantes-cocleares-2025-5-1-scaled.jpg\" title=\"IGSS candidatos implantes cocleares 2025-5\"  data-caption=\"\"  data-description=\"\">\r\n                                <img decoding=\"async\" src=\"\/wp-content\/uploads\/sites\/5\/2025\/03\/IGSS-candidatos-implantes-cocleares-2025-5-1-338x420.jpg\" srcset=\"\/wp-content\/uploads\/sites\/5\/2025\/03\/IGSS-candidatos-implantes-cocleares-2025-5-1-338x420.jpg 338w, \/wp-content\/uploads\/sites\/5\/2025\/03\/IGSS-candidatos-implantes-cocleares-2025-5-1-241x300.jpg 241w, \/wp-content\/uploads\/sites\/5\/2025\/03\/IGSS-candidatos-implantes-cocleares-2025-5-1-823x1024.jpg 823w, \/wp-content\/uploads\/sites\/5\/2025\/03\/IGSS-candidatos-implantes-cocleares-2025-5-1-768x956.jpg 768w, \/wp-content\/uploads\/sites\/5\/2025\/03\/IGSS-candidatos-implantes-cocleares-2025-5-1-1234x1536.jpg 1234w, \/wp-content\/uploads\/sites\/5\/2025\/03\/IGSS-candidatos-implantes-cocleares-2025-5-1-1646x2048.jpg 1646w, \/wp-content\/uploads\/sites\/5\/2025\/03\/IGSS-candidatos-implantes-cocleares-2025-5-1-696x866.jpg 696w, \/wp-content\/uploads\/sites\/5\/2025\/03\/IGSS-candidatos-implantes-cocleares-2025-5-1-1068x1329.jpg 1068w, \/wp-content\/uploads\/sites\/5\/2025\/03\/IGSS-candidatos-implantes-cocleares-2025-5-1-1920x2389.jpg 1920w, \/wp-content\/uploads\/sites\/5\/2025\/03\/IGSS-candidatos-implantes-cocleares-2025-5-1-371x462.jpg 371w\" sizes=\"(max-width: 338px) 100vw, 338px\" alt=\"\">\r\n                            <\/a>\r\n                            \r\n                        <\/figure>\r\n                    <\/div>\r\n                            <\/div>\r\n                        <\/div>\r\n\r\n                        <div class = \"td-doubleSlider-2\">\r\n                            <div class = \"td-slider\">\r\n                                \r\n                    <div class = \"td-button td-item1\">\r\n                        <div class = \"td-border\"><\/div>\r\n                    <\/div>\r\n                    <div class = \"td-button td-item2\">\r\n                        <div class = \"td-border\"><\/div>\r\n                    <\/div>\r\n                            <\/div>\r\n                        <\/div>\r\n\r\n                    <\/div>\r\n\r\n                <\/div>\r\n                \n","protected":false},"excerpt":{"rendered":"<p>El implante coclear es una soluci\u00f3n efectiva para personas con hipoacusia neurosensorial profunda, es decir, un tratamiento para pacientes con p\u00e9rdida auditiva grave debida al da\u00f1o del o\u00eddo interno o el nervio auditivo. En el Instituto Guatemalteco de Seguridad Social (IGSS), el procedimiento sigue un riguroso protocolo para garantizar su \u00e9xito. Este incluye una serie [&hellip;]<\/p>\n","protected":false},"author":3269,"featured_media":47221,"comment_status":"closed","ping_status":"closed","sticky":false,"template":"","format":"standard","meta":{"footnotes":""},"categories":[3,15,24,1291,31,33,1884],"tags":[481,490,1156,687],"coauthors":[1970],"class_list":{"0":"post-47220","1":"post","2":"type-post","3":"status-publish","4":"format-standard","5":"has-post-thumbnail","7":"category-actualidad","8":"category-destacado","9":"category-pediatria","10":"category-prestaciones-en-salud","11":"category-salud","12":"category-servicios-de-salud","13":"category-technology","14":"tag-hospital-general-de-enfermedades","15":"tag-igss","16":"tag-implante-coclear","17":"tag-otorrinolaringologia"},"_links":{"self":[{"href":"https:\/\/www.igssgt.org\/noticias\/wp-json\/wp\/v2\/posts\/47220","targetHints":{"allow":["GET"]}}],"collection":[{"href":"https:\/\/www.igssgt.org\/noticias\/wp-json\/wp\/v2\/posts"}],"about":[{"href":"https:\/\/www.igssgt.org\/noticias\/wp-json\/wp\/v2\/types\/post"}],"author":[{"embeddable":true,"href":"https:\/\/www.igssgt.org\/noticias\/wp-json\/wp\/v2\/users\/3269"}],"replies":[{"embeddable":true,"href":"https:\/\/www.igssgt.org\/noticias\/wp-json\/wp\/v2\/comments?post=47220"}],"version-history":[{"count":1,"href":"https:\/\/www.igssgt.org\/noticias\/wp-json\/wp\/v2\/posts\/47220\/revisions"}],"predecessor-version":[{"id":47229,"href":"https:\/\/www.igssgt.org\/noticias\/wp-json\/wp\/v2\/posts\/47220\/revisions\/47229"}],"wp:featuredmedia":[{"embeddable":true,"href":"https:\/\/www.igssgt.org\/noticias\/wp-json\/wp\/v2\/media\/47221"}],"wp:attachment":[{"href":"https:\/\/www.igssgt.org\/noticias\/wp-json\/wp\/v2\/media?parent=47220"}],"wp:term":[{"taxonomy":"category","embeddable":true,"href":"https:\/\/www.igssgt.org\/noticias\/wp-json\/wp\/v2\/categories?post=47220"},{"taxonomy":"post_tag","embeddable":true,"href":"https:\/\/www.igssgt.org\/noticias\/wp-json\/wp\/v2\/tags?post=47220"},{"taxonomy":"author","embeddable":true,"href":"https:\/\/www.igssgt.org\/noticias\/wp-json\/wp\/v2\/coauthors?post=47220"}],"curies":[{"name":"wp","href":"https:\/\/api.w.org\/{rel}","templated":true}]}}