{"id":47284,"date":"2025-04-08T06:12:00","date_gmt":"2025-04-08T12:12:00","guid":{"rendered":"https:\/\/www.igssgt.org\/noticias\/?p=47284"},"modified":"2025-04-08T09:33:55","modified_gmt":"2025-04-08T15:33:55","slug":"papanicolau-la-evaluacion-ginecologica-que-salva-vidas","status":"publish","type":"post","link":"https:\/\/www.igssgt.org\/noticias\/2025\/04\/08\/papanicolau-la-evaluacion-ginecologica-que-salva-vidas\/","title":{"rendered":"Papanicolaou, la evaluaci\u00f3n ginecol\u00f3gica que salva vidas"},"content":{"rendered":"\n<p class=\"has-drop-cap\">Todas las mujeres con una vida sexual activa deber\u00edan realizarse cada a\u00f1o el papanicolaou o citolog\u00eda del cuello uterino que consiste en una prueba sencilla que puede detectar lesiones precancerosas.<\/p>\n\n\n\n<p>El doctor, Daniel Figueroa, ginec\u00f3logo y obstetra de la Unidad Perif\u00e9rica Zona 11 refiri\u00f3 que para esta evaluaci\u00f3n las pacientes deben tomar en cuenta algunas indicaciones:<\/p>\n<ul>\n<li>Evitar relaciones sexuales, duchas vaginales y uso de \u00f3vulos 48 horas antes<\/li>\n<li>No estar menstruando el d\u00eda del examen<\/li>\n<\/ul>\n<p>As\u00ed mismo ante la duda que surge en la poblaci\u00f3n femenina el especialista indic\u00f3 en que situaciones ya no hay necesidad de realizar un Pap. \u201c En casos espec\u00edficos de mujeres menores de 25 a\u00f1os sin factores de riesgo o mayores de 64 a\u00f1os con pruebas negativas previas y sin antecedentes de lesiones, o pacientes sin cuello uterino (por histerectom\u00eda total por causas no relacionadas con c\u00e1ncer)\u201d.<\/p>\n<figure id=\"attachment_47286\" aria-describedby=\"caption-attachment-47286\" style=\"width: 751px\" class=\"wp-caption alignnone\"><img loading=\"lazy\" decoding=\"async\" class=\"wp-image-47286\" src=\"\/wp-content\/uploads\/sites\/5\/2025\/04\/IGSS-Unidad-Periferica-Zona-11-Cancer-de-cuello-uterino2025-2025-4-300x169.jpg\" alt=\"\" width=\"751\" height=\"423\" srcset=\"\/wp-content\/uploads\/sites\/5\/2025\/04\/IGSS-Unidad-Periferica-Zona-11-Cancer-de-cuello-uterino2025-2025-4-300x169.jpg 300w, \/wp-content\/uploads\/sites\/5\/2025\/04\/IGSS-Unidad-Periferica-Zona-11-Cancer-de-cuello-uterino2025-2025-4-1024x576.jpg 1024w, \/wp-content\/uploads\/sites\/5\/2025\/04\/IGSS-Unidad-Periferica-Zona-11-Cancer-de-cuello-uterino2025-2025-4-768x432.jpg 768w, \/wp-content\/uploads\/sites\/5\/2025\/04\/IGSS-Unidad-Periferica-Zona-11-Cancer-de-cuello-uterino2025-2025-4-1536x864.jpg 1536w, \/wp-content\/uploads\/sites\/5\/2025\/04\/IGSS-Unidad-Periferica-Zona-11-Cancer-de-cuello-uterino2025-2025-4-747x420.jpg 747w, \/wp-content\/uploads\/sites\/5\/2025\/04\/IGSS-Unidad-Periferica-Zona-11-Cancer-de-cuello-uterino2025-2025-4-696x392.jpg 696w, \/wp-content\/uploads\/sites\/5\/2025\/04\/IGSS-Unidad-Periferica-Zona-11-Cancer-de-cuello-uterino2025-2025-4-1068x601.jpg 1068w, \/wp-content\/uploads\/sites\/5\/2025\/04\/IGSS-Unidad-Periferica-Zona-11-Cancer-de-cuello-uterino2025-2025-4-534x300.jpg 534w, \/wp-content\/uploads\/sites\/5\/2025\/04\/IGSS-Unidad-Periferica-Zona-11-Cancer-de-cuello-uterino2025-2025-4.jpg 1600w\" sizes=\"auto, (max-width: 751px) 100vw, 751px\" \/><figcaption id=\"caption-attachment-47286\" class=\"wp-caption-text\">Los ex\u00e1menes tempranos permiten detectar varias cepas del virus del papiloma humano, que juegan un papel importante en la causa de la mayor\u00eda de los tipos de c\u00e1ncer del cuello del \u00fatero.<\/figcaption><\/figure>\n<p>6 cl\u00ednicas especializadas en ginecolog\u00eda tiene la Unidad.<\/p>\n<p>30 mil 707 afiliadas fueron atendidas en 2024.<\/p>\n<p>6 mil 783 consultas ginecol\u00f3gicas se han atendido en lo que va del a\u00f1o la Perif\u00e9rica Zona 11.<\/p>\n<p>En los quir\u00f3fanos del Hospital Modular Zona 11 en febrero pasado se llev\u00f3 a cabo la primera histerectom\u00eda abdominal total exitosa.<\/p>\n<figure id=\"attachment_47287\" aria-describedby=\"caption-attachment-47287\" style=\"width: 774px\" class=\"wp-caption alignnone\"><img loading=\"lazy\" decoding=\"async\" class=\"wp-image-47287\" src=\"\/wp-content\/uploads\/sites\/5\/2025\/04\/IGSS-Unidad-Periferica-Zona-11-Cancer-de-cuello-uterino2025-2025-3-300x169.jpg\" alt=\"\" width=\"774\" height=\"436\" srcset=\"\/wp-content\/uploads\/sites\/5\/2025\/04\/IGSS-Unidad-Periferica-Zona-11-Cancer-de-cuello-uterino2025-2025-3-300x169.jpg 300w, \/wp-content\/uploads\/sites\/5\/2025\/04\/IGSS-Unidad-Periferica-Zona-11-Cancer-de-cuello-uterino2025-2025-3-1024x576.jpg 1024w, \/wp-content\/uploads\/sites\/5\/2025\/04\/IGSS-Unidad-Periferica-Zona-11-Cancer-de-cuello-uterino2025-2025-3-768x432.jpg 768w, \/wp-content\/uploads\/sites\/5\/2025\/04\/IGSS-Unidad-Periferica-Zona-11-Cancer-de-cuello-uterino2025-2025-3-1536x864.jpg 1536w, \/wp-content\/uploads\/sites\/5\/2025\/04\/IGSS-Unidad-Periferica-Zona-11-Cancer-de-cuello-uterino2025-2025-3-747x420.jpg 747w, \/wp-content\/uploads\/sites\/5\/2025\/04\/IGSS-Unidad-Periferica-Zona-11-Cancer-de-cuello-uterino2025-2025-3-696x392.jpg 696w, \/wp-content\/uploads\/sites\/5\/2025\/04\/IGSS-Unidad-Periferica-Zona-11-Cancer-de-cuello-uterino2025-2025-3-1068x601.jpg 1068w, \/wp-content\/uploads\/sites\/5\/2025\/04\/IGSS-Unidad-Periferica-Zona-11-Cancer-de-cuello-uterino2025-2025-3-534x300.jpg 534w, \/wp-content\/uploads\/sites\/5\/2025\/04\/IGSS-Unidad-Periferica-Zona-11-Cancer-de-cuello-uterino2025-2025-3.jpg 1600w\" sizes=\"auto, (max-width: 774px) 100vw, 774px\" \/><figcaption id=\"caption-attachment-47287\" class=\"wp-caption-text\">El doctor, Daniel Figueroa, ginec\u00f3logo y obstetra de la Unidad Perif\u00e9rica Zona 11, aconseja programar una cita m\u00e9dica si tiene alg\u00fan s\u00edntoma que le preocupa.<\/figcaption><\/figure>\n<blockquote>\n<p>\u00a0\u201cA las pacientes al entrar a cl\u00ednica se les explica en qu\u00e9 consiste el papanicolaou, el tiempo de incomodidad de la toma de muestra es breve, pero resulta necesario para detectar y prevenir el c\u00e1ncer cervicouterino\u201d, Doctor Daniel Figueroa, ginec\u00f3logo y obstetra, Unidad Perif\u00e9rica Zona 11.<\/p>\n<\/blockquote>\n\r\n                <style type=\"text\/css\">\r\n                    \r\n                    #tdi_1  .td-doubleSlider-2 .td-item1 {\r\n                        background: url(\/wp-content\/uploads\/sites\/5\/2025\/04\/IGSS-Unidad-Periferica-Zona-11-Cancer-de-cuello-uterino2025-2025-2-80x60.jpg) 0 0 no-repeat;\r\n                    }\r\n                    #tdi_1  .td-doubleSlider-2 .td-item2 {\r\n                        background: url(\/wp-content\/uploads\/sites\/5\/2025\/04\/IGSS-Unidad-Periferica-Zona-11-Cancer-de-cuello-uterino2025-2025-1-80x60.jpg) 0 0 no-repeat;\r\n                    }\r\n                <\/style>\r\n\r\n                <div id=\"tdi_1\" class=\"td-gallery td-slide-on-2-columns\">\r\n                    <div class=\"post_td_gallery\">\r\n                        <div class=\"td-gallery-slide-top\">\r\n                           <div class=\"td-gallery-title\">Galer\u00eda de im\u00e1genes:<\/div>\r\n\r\n                            <div class=\"td-gallery-controls-wrapper\">\r\n                                <div class=\"td-gallery-slide-count\"><span class=\"td-gallery-slide-item-focus\">1<\/span> de 2<\/div>\r\n                                <div class=\"td-gallery-slide-prev-next-but\">\r\n                                    <i class = \"td-icon-left doubleSliderPrevButton\"><\/i>\r\n                                    <i class = \"td-icon-right doubleSliderNextButton\"><\/i>\r\n                                <\/div>\r\n                            <\/div>\r\n                        <\/div>\r\n\r\n                        <div class = \"td-doubleSlider-1 \">\r\n                            <div class = \"td-slider\">\r\n                                \r\n                    <div class = \"td-slide-item td-item1\">\r\n                        <figure class=\"td-slide-galery-figure td-slide-popup-gallery\">\r\n                            <a class=\"slide-gallery-image-link\" href=\"\/wp-content\/uploads\/sites\/5\/2025\/04\/IGSS-Unidad-Periferica-Zona-11-Cancer-de-cuello-uterino2025-2025-2.jpg\" title=\"IGSS Unidad Perife\u0301rica Zona 11 Ca\u0301ncer de cuello uterino2025 2025-2\"  data-caption=\"\"  data-description=\"\">\r\n                                <img decoding=\"async\" src=\"\/wp-content\/uploads\/sites\/5\/2025\/04\/IGSS-Unidad-Periferica-Zona-11-Cancer-de-cuello-uterino2025-2025-2-747x420.jpg\" srcset=\"\/wp-content\/uploads\/sites\/5\/2025\/04\/IGSS-Unidad-Periferica-Zona-11-Cancer-de-cuello-uterino2025-2025-2-747x420.jpg 747w, \/wp-content\/uploads\/sites\/5\/2025\/04\/IGSS-Unidad-Periferica-Zona-11-Cancer-de-cuello-uterino2025-2025-2-300x169.jpg 300w, \/wp-content\/uploads\/sites\/5\/2025\/04\/IGSS-Unidad-Periferica-Zona-11-Cancer-de-cuello-uterino2025-2025-2-1024x576.jpg 1024w, \/wp-content\/uploads\/sites\/5\/2025\/04\/IGSS-Unidad-Periferica-Zona-11-Cancer-de-cuello-uterino2025-2025-2-768x432.jpg 768w, \/wp-content\/uploads\/sites\/5\/2025\/04\/IGSS-Unidad-Periferica-Zona-11-Cancer-de-cuello-uterino2025-2025-2-1536x864.jpg 1536w, \/wp-content\/uploads\/sites\/5\/2025\/04\/IGSS-Unidad-Periferica-Zona-11-Cancer-de-cuello-uterino2025-2025-2-696x392.jpg 696w, \/wp-content\/uploads\/sites\/5\/2025\/04\/IGSS-Unidad-Periferica-Zona-11-Cancer-de-cuello-uterino2025-2025-2-1068x601.jpg 1068w, \/wp-content\/uploads\/sites\/5\/2025\/04\/IGSS-Unidad-Periferica-Zona-11-Cancer-de-cuello-uterino2025-2025-2-534x300.jpg 534w, \/wp-content\/uploads\/sites\/5\/2025\/04\/IGSS-Unidad-Periferica-Zona-11-Cancer-de-cuello-uterino2025-2025-2.jpg 1600w\" sizes=\"(max-width: 747px) 100vw, 747px\" alt=\"\">\r\n                            <\/a>\r\n                            \r\n                        <\/figure>\r\n                    <\/div>\r\n                    <div class = \"td-slide-item td-item2\">\r\n                        <figure class=\"td-slide-galery-figure td-slide-popup-gallery\">\r\n                            <a class=\"slide-gallery-image-link\" href=\"\/wp-content\/uploads\/sites\/5\/2025\/04\/IGSS-Unidad-Periferica-Zona-11-Cancer-de-cuello-uterino2025-2025-1.jpg\" title=\"IGSS Unidad Perife\u0301rica Zona 11 Ca\u0301ncer de cuello uterino2025 2025-1\"  data-caption=\"\"  data-description=\"\">\r\n                                <img decoding=\"async\" src=\"\/wp-content\/uploads\/sites\/5\/2025\/04\/IGSS-Unidad-Periferica-Zona-11-Cancer-de-cuello-uterino2025-2025-1-747x420.jpg\" srcset=\"\/wp-content\/uploads\/sites\/5\/2025\/04\/IGSS-Unidad-Periferica-Zona-11-Cancer-de-cuello-uterino2025-2025-1-747x420.jpg 747w, \/wp-content\/uploads\/sites\/5\/2025\/04\/IGSS-Unidad-Periferica-Zona-11-Cancer-de-cuello-uterino2025-2025-1-300x169.jpg 300w, \/wp-content\/uploads\/sites\/5\/2025\/04\/IGSS-Unidad-Periferica-Zona-11-Cancer-de-cuello-uterino2025-2025-1-1024x576.jpg 1024w, \/wp-content\/uploads\/sites\/5\/2025\/04\/IGSS-Unidad-Periferica-Zona-11-Cancer-de-cuello-uterino2025-2025-1-768x432.jpg 768w, \/wp-content\/uploads\/sites\/5\/2025\/04\/IGSS-Unidad-Periferica-Zona-11-Cancer-de-cuello-uterino2025-2025-1-1536x864.jpg 1536w, \/wp-content\/uploads\/sites\/5\/2025\/04\/IGSS-Unidad-Periferica-Zona-11-Cancer-de-cuello-uterino2025-2025-1-696x392.jpg 696w, \/wp-content\/uploads\/sites\/5\/2025\/04\/IGSS-Unidad-Periferica-Zona-11-Cancer-de-cuello-uterino2025-2025-1-1068x601.jpg 1068w, \/wp-content\/uploads\/sites\/5\/2025\/04\/IGSS-Unidad-Periferica-Zona-11-Cancer-de-cuello-uterino2025-2025-1-534x300.jpg 534w, \/wp-content\/uploads\/sites\/5\/2025\/04\/IGSS-Unidad-Periferica-Zona-11-Cancer-de-cuello-uterino2025-2025-1.jpg 1600w\" sizes=\"(max-width: 747px) 100vw, 747px\" alt=\"\">\r\n                            <\/a>\r\n                            \r\n                        <\/figure>\r\n                    <\/div>\r\n                            <\/div>\r\n                        <\/div>\r\n\r\n                        <div class = \"td-doubleSlider-2\">\r\n                            <div class = \"td-slider\">\r\n                                \r\n                    <div class = \"td-button td-item1\">\r\n                        <div class = \"td-border\"><\/div>\r\n                    <\/div>\r\n                    <div class = \"td-button td-item2\">\r\n                        <div class = \"td-border\"><\/div>\r\n                    <\/div>\r\n                            <\/div>\r\n                        <\/div>\r\n\r\n                    <\/div>\r\n\r\n                <\/div>\r\n                \n<p>\u00a0<\/p>\n","protected":false},"excerpt":{"rendered":"<p>Todas las mujeres con una vida sexual activa deber\u00edan realizarse cada a\u00f1o el papanicolaou o citolog\u00eda del cuello uterino que consiste en una prueba sencilla que puede detectar lesiones precancerosas. El doctor, Daniel Figueroa, ginec\u00f3logo y obstetra de la Unidad Perif\u00e9rica Zona 11 refiri\u00f3 que para esta evaluaci\u00f3n las pacientes deben tomar en cuenta algunas [&hellip;]<\/p>\n","protected":false},"author":3269,"featured_media":47285,"comment_status":"closed","ping_status":"closed","sticky":false,"template":"","format":"standard","meta":{"footnotes":""},"categories":[3,4,1291,27,31,33,36],"tags":[1667,2077,490,693,1443],"coauthors":[1970],"class_list":{"0":"post-47284","1":"post","2":"type-post","3":"status-publish","4":"format-standard","5":"has-post-thumbnail","7":"category-actualidad","8":"category-afiliados","9":"category-prestaciones-en-salud","10":"category-prevencion-en-salud","11":"category-salud","12":"category-servicios-de-salud","13":"category-unidades-medicas","14":"tag-cancer-de-cuello-uterino","15":"tag-citologia","16":"tag-igss","17":"tag-papanicolaou","18":"tag-unidad-periferica-zona-11"},"_links":{"self":[{"href":"https:\/\/www.igssgt.org\/noticias\/wp-json\/wp\/v2\/posts\/47284","targetHints":{"allow":["GET"]}}],"collection":[{"href":"https:\/\/www.igssgt.org\/noticias\/wp-json\/wp\/v2\/posts"}],"about":[{"href":"https:\/\/www.igssgt.org\/noticias\/wp-json\/wp\/v2\/types\/post"}],"author":[{"embeddable":true,"href":"https:\/\/www.igssgt.org\/noticias\/wp-json\/wp\/v2\/users\/3269"}],"replies":[{"embeddable":true,"href":"https:\/\/www.igssgt.org\/noticias\/wp-json\/wp\/v2\/comments?post=47284"}],"version-history":[{"count":7,"href":"https:\/\/www.igssgt.org\/noticias\/wp-json\/wp\/v2\/posts\/47284\/revisions"}],"predecessor-version":[{"id":47396,"href":"https:\/\/www.igssgt.org\/noticias\/wp-json\/wp\/v2\/posts\/47284\/revisions\/47396"}],"wp:featuredmedia":[{"embeddable":true,"href":"https:\/\/www.igssgt.org\/noticias\/wp-json\/wp\/v2\/media\/47285"}],"wp:attachment":[{"href":"https:\/\/www.igssgt.org\/noticias\/wp-json\/wp\/v2\/media?parent=47284"}],"wp:term":[{"taxonomy":"category","embeddable":true,"href":"https:\/\/www.igssgt.org\/noticias\/wp-json\/wp\/v2\/categories?post=47284"},{"taxonomy":"post_tag","embeddable":true,"href":"https:\/\/www.igssgt.org\/noticias\/wp-json\/wp\/v2\/tags?post=47284"},{"taxonomy":"author","embeddable":true,"href":"https:\/\/www.igssgt.org\/noticias\/wp-json\/wp\/v2\/coauthors?post=47284"}],"curies":[{"name":"wp","href":"https:\/\/api.w.org\/{rel}","templated":true}]}}