{"id":47294,"date":"2025-04-11T05:59:00","date_gmt":"2025-04-11T11:59:00","guid":{"rendered":"https:\/\/www.igssgt.org\/noticias\/?p=47294"},"modified":"2025-04-01T15:09:28","modified_gmt":"2025-04-01T21:09:28","slug":"el-igss-en-alerta-amarilla-por-semana-santa-2025","status":"publish","type":"post","link":"https:\/\/www.igssgt.org\/noticias\/2025\/04\/11\/el-igss-en-alerta-amarilla-por-semana-santa-2025\/","title":{"rendered":"El IGSS en alerta amarilla por Semana Santa 2025"},"content":{"rendered":"\n<p class=\"has-drop-cap\">El Instituto Guatemalteco de Seguridad Social (IGSS) garantiza la prestaci\u00f3n de sus servicios de manera eficiente, oportuna e ininterrumpida durante esta Semana Santa 2025.<\/p>\n\n\n\n<p>Desde el Mi\u00e9rcoles Santo (16 de abril) a las 6:00 horas hasta el domingo 20 de abril a las 23:59 horas, el Instituto se mantendr\u00e1 en alerta amarilla para dar respuesta inmediata a cualquier eventualidad.<\/p>\n<figure id=\"attachment_47296\" aria-describedby=\"caption-attachment-47296\" style=\"width: 728px\" class=\"wp-caption alignnone\"><img loading=\"lazy\" decoding=\"async\" class=\"wp-image-47296\" src=\"\/wp-content\/uploads\/sites\/5\/2025\/04\/IGSS-Alerta-Amarilla-Semana-Santa-2025-2025-4-300x200.jpg\" alt=\"\" width=\"728\" height=\"485\" srcset=\"\/wp-content\/uploads\/sites\/5\/2025\/04\/IGSS-Alerta-Amarilla-Semana-Santa-2025-2025-4-300x200.jpg 300w, \/wp-content\/uploads\/sites\/5\/2025\/04\/IGSS-Alerta-Amarilla-Semana-Santa-2025-2025-4-1024x683.jpg 1024w, \/wp-content\/uploads\/sites\/5\/2025\/04\/IGSS-Alerta-Amarilla-Semana-Santa-2025-2025-4-768x512.jpg 768w, \/wp-content\/uploads\/sites\/5\/2025\/04\/IGSS-Alerta-Amarilla-Semana-Santa-2025-2025-4-1536x1024.jpg 1536w, \/wp-content\/uploads\/sites\/5\/2025\/04\/IGSS-Alerta-Amarilla-Semana-Santa-2025-2025-4-2048x1365.jpg 2048w, \/wp-content\/uploads\/sites\/5\/2025\/04\/IGSS-Alerta-Amarilla-Semana-Santa-2025-2025-4-630x420.jpg 630w, \/wp-content\/uploads\/sites\/5\/2025\/04\/IGSS-Alerta-Amarilla-Semana-Santa-2025-2025-4-696x464.jpg 696w, \/wp-content\/uploads\/sites\/5\/2025\/04\/IGSS-Alerta-Amarilla-Semana-Santa-2025-2025-4-1068x712.jpg 1068w, \/wp-content\/uploads\/sites\/5\/2025\/04\/IGSS-Alerta-Amarilla-Semana-Santa-2025-2025-4-1920x1280.jpg 1920w, \/wp-content\/uploads\/sites\/5\/2025\/04\/IGSS-Alerta-Amarilla-Semana-Santa-2025-2025-4-534x356.jpg 534w\" sizes=\"auto, (max-width: 728px) 100vw, 728px\" \/><figcaption id=\"caption-attachment-47296\" class=\"wp-caption-text\">Ambulancias e infraestructura hospitalaria del IGSS tambi\u00e9n estar\u00e1n a disposici\u00f3n durante la alerta amarilla.<\/figcaption><\/figure>\n<p>El IGSS pondr\u00e1 en apresto toda su capacidad de respuesta, a trav\u00e9s de su personal m\u00e9dico y su infraestructura hospitalaria. El recurso humano a disposici\u00f3n estar\u00e1 compuesto por:<\/p>\n<ul>\n<li>4 mil 797 enfermeras<\/li>\n<li>2 mil 229 m\u00e9dicos<\/li>\n<li>1 mil 346 t\u00e9cnicos<\/li>\n<li>150 salvavidas<\/li>\n<\/ul>\n<p>Mientras que en tema de infraestructura:<\/p>\n<ul>\n<li>23 hospitales departamentales<\/li>\n<li>5 hospitales metropolitanos<\/li>\n<li>38 consultorios<\/li>\n<li>163 ambulancias en unidades hospitalarias<\/li>\n<li>8 ambulancias en bah\u00edas<\/li>\n<\/ul>\n<p>\u201cEl Seguro Social prestar\u00e1 servicio de atenci\u00f3n de emergencia a cualquier persona. Esto es muy importante, el IGSS estabiliza a toda persona que lo necesite, afiliado o no afiliado, y luego lo refiere al lugar donde corresponda\u201d, indic\u00f3 el jefe de la Secci\u00f3n de Seguridad e Higiene, Dr. Mynor Mej\u00eda.<\/p>\n<figure id=\"attachment_47297\" aria-describedby=\"caption-attachment-47297\" style=\"width: 753px\" class=\"wp-caption alignnone\"><img loading=\"lazy\" decoding=\"async\" class=\"wp-image-47297\" src=\"\/wp-content\/uploads\/sites\/5\/2025\/04\/IGSS-Alerta-Amarilla-Semana-Santa-2025-2025-1-300x200.jpg\" alt=\"\" width=\"753\" height=\"502\" srcset=\"\/wp-content\/uploads\/sites\/5\/2025\/04\/IGSS-Alerta-Amarilla-Semana-Santa-2025-2025-1-300x200.jpg 300w, \/wp-content\/uploads\/sites\/5\/2025\/04\/IGSS-Alerta-Amarilla-Semana-Santa-2025-2025-1-1024x683.jpg 1024w, \/wp-content\/uploads\/sites\/5\/2025\/04\/IGSS-Alerta-Amarilla-Semana-Santa-2025-2025-1-768x512.jpg 768w, \/wp-content\/uploads\/sites\/5\/2025\/04\/IGSS-Alerta-Amarilla-Semana-Santa-2025-2025-1-1536x1024.jpg 1536w, \/wp-content\/uploads\/sites\/5\/2025\/04\/IGSS-Alerta-Amarilla-Semana-Santa-2025-2025-1-2048x1365.jpg 2048w, \/wp-content\/uploads\/sites\/5\/2025\/04\/IGSS-Alerta-Amarilla-Semana-Santa-2025-2025-1-630x420.jpg 630w, \/wp-content\/uploads\/sites\/5\/2025\/04\/IGSS-Alerta-Amarilla-Semana-Santa-2025-2025-1-696x464.jpg 696w, \/wp-content\/uploads\/sites\/5\/2025\/04\/IGSS-Alerta-Amarilla-Semana-Santa-2025-2025-1-1068x712.jpg 1068w, \/wp-content\/uploads\/sites\/5\/2025\/04\/IGSS-Alerta-Amarilla-Semana-Santa-2025-2025-1-1920x1280.jpg 1920w, \/wp-content\/uploads\/sites\/5\/2025\/04\/IGSS-Alerta-Amarilla-Semana-Santa-2025-2025-1-534x356.jpg 534w\" sizes=\"auto, (max-width: 753px) 100vw, 753px\" \/><figcaption id=\"caption-attachment-47297\" class=\"wp-caption-text\">Personal m\u00e9dico, de Enfermer\u00eda y Salvavidas estar\u00e1n en apresto durante la Semana Mayor.<\/figcaption><\/figure>\n<p><strong>IGSS en todo el pa\u00eds<\/strong><\/p>\n<p>El Instituto, a trav\u00e9s de su Cuerpo de Salvamento, velar\u00e1 por la seguridad y el bienestar de los ba\u00f1istas en las diferentes playas y centros recreativos a nivel nacional en:<\/p>\n<ul>\n<li>Playa de Las Lisas<\/li>\n<li>Playa de Monterrico<\/li>\n<li>Playa de Iztapa<\/li>\n<li>Playa Tilapa Isla El Tular<\/li>\n<li>Puerto de San Jos\u00e9<\/li>\n<li>Playa El Pared\u00f3n<\/li>\n<li>Playa La Empalizada<\/li>\n<li>Playa El Semillero<\/li>\n<li>Playa Tecojate<\/li>\n<li>Playa Tulate<\/li>\n<li>Playa Champerico<\/li>\n<li>Playa de Oc\u00f3s<\/li>\n<li>Lago de Atitl\u00e1n<\/li>\n<li>Centro Recreativo del Nororiente de Chiquimula \u201cGuayac\u00e1n\u201d<\/li>\n<li>Centro Recreativo \u201cLas Ninfas\u201d en Amatitl\u00e1n<\/li>\n<\/ul>\n<p>Adem\u00e1s, el Instituto instalar\u00e1 un puesto de salud en la playa del Puerto San Jos\u00e9, en donde brindar\u00e1 atenci\u00f3n m\u00e9dica y primeros auxilios.<\/p>\n<figure id=\"attachment_47298\" aria-describedby=\"caption-attachment-47298\" style=\"width: 704px\" class=\"wp-caption alignnone\"><img loading=\"lazy\" decoding=\"async\" class=\"wp-image-47298\" src=\"\/wp-content\/uploads\/sites\/5\/2025\/04\/IGSS-Alerta-Amarilla-Semana-Santa-2025-2025-5-300x200.jpg\" alt=\"\" width=\"704\" height=\"469\" srcset=\"\/wp-content\/uploads\/sites\/5\/2025\/04\/IGSS-Alerta-Amarilla-Semana-Santa-2025-2025-5-300x200.jpg 300w, \/wp-content\/uploads\/sites\/5\/2025\/04\/IGSS-Alerta-Amarilla-Semana-Santa-2025-2025-5-1024x683.jpg 1024w, \/wp-content\/uploads\/sites\/5\/2025\/04\/IGSS-Alerta-Amarilla-Semana-Santa-2025-2025-5-768x512.jpg 768w, \/wp-content\/uploads\/sites\/5\/2025\/04\/IGSS-Alerta-Amarilla-Semana-Santa-2025-2025-5-1536x1024.jpg 1536w, \/wp-content\/uploads\/sites\/5\/2025\/04\/IGSS-Alerta-Amarilla-Semana-Santa-2025-2025-5-2048x1365.jpg 2048w, \/wp-content\/uploads\/sites\/5\/2025\/04\/IGSS-Alerta-Amarilla-Semana-Santa-2025-2025-5-630x420.jpg 630w, \/wp-content\/uploads\/sites\/5\/2025\/04\/IGSS-Alerta-Amarilla-Semana-Santa-2025-2025-5-696x464.jpg 696w, \/wp-content\/uploads\/sites\/5\/2025\/04\/IGSS-Alerta-Amarilla-Semana-Santa-2025-2025-5-1068x712.jpg 1068w, \/wp-content\/uploads\/sites\/5\/2025\/04\/IGSS-Alerta-Amarilla-Semana-Santa-2025-2025-5-1920x1280.jpg 1920w, \/wp-content\/uploads\/sites\/5\/2025\/04\/IGSS-Alerta-Amarilla-Semana-Santa-2025-2025-5-534x356.jpg 534w\" sizes=\"auto, (max-width: 704px) 100vw, 704px\" \/><figcaption id=\"caption-attachment-47298\" class=\"wp-caption-text\">El contingente que el Seguro Social pondr\u00e1 a disposici\u00f3n de los veraneantes est\u00e1 conformado por m\u00e1 de 8 mil 500 profesionales de la salud.<\/figcaption><\/figure>\n<p>El puesto estar\u00e1 al servicio de los veraneantes las 24 horas del d\u00eda, del Mi\u00e9rcoles Santo al Domingo de Resurrecci\u00f3n.<\/p>\n\r\n                <style type=\"text\/css\">\r\n                    \r\n                    #tdi_1  .td-doubleSlider-2 .td-item1 {\r\n                        background: url(\/wp-content\/uploads\/sites\/5\/2025\/04\/IGSS-Alerta-Amarilla-Semana-Santa-2025-2025-2-1-80x60.jpg) 0 0 no-repeat;\r\n                    }\r\n                    #tdi_1  .td-doubleSlider-2 .td-item2 {\r\n                        background: url(\/wp-content\/uploads\/sites\/5\/2025\/04\/IGSS-Alerta-Amarilla-Semana-Santa-2025-2025-3-1-80x60.jpg) 0 0 no-repeat;\r\n                    }\r\n                <\/style>\r\n\r\n                <div id=\"tdi_1\" class=\"td-gallery td-slide-on-2-columns\">\r\n                    <div class=\"post_td_gallery\">\r\n                        <div class=\"td-gallery-slide-top\">\r\n                           <div class=\"td-gallery-title\">M\u00e1s fotos:<\/div>\r\n\r\n                            <div class=\"td-gallery-controls-wrapper\">\r\n                                <div class=\"td-gallery-slide-count\"><span class=\"td-gallery-slide-item-focus\">1<\/span> de 2<\/div>\r\n                                <div class=\"td-gallery-slide-prev-next-but\">\r\n                                    <i class = \"td-icon-left doubleSliderPrevButton\"><\/i>\r\n                                    <i class = \"td-icon-right doubleSliderNextButton\"><\/i>\r\n                                <\/div>\r\n                            <\/div>\r\n                        <\/div>\r\n\r\n                        <div class = \"td-doubleSlider-1 \">\r\n                            <div class = \"td-slider\">\r\n                                \r\n                    <div class = \"td-slide-item td-item1\">\r\n                        <figure class=\"td-slide-galery-figure td-slide-popup-gallery\">\r\n                            <a class=\"slide-gallery-image-link\" href=\"\/wp-content\/uploads\/sites\/5\/2025\/04\/IGSS-Alerta-Amarilla-Semana-Santa-2025-2025-2-1-scaled.jpg\" title=\"IGSS Alerta Amarilla Semana Santa 2025 2025-2\"  data-caption=\"\"  data-description=\"\">\r\n                                <img decoding=\"async\" src=\"\/wp-content\/uploads\/sites\/5\/2025\/04\/IGSS-Alerta-Amarilla-Semana-Santa-2025-2025-2-1-630x420.jpg\" srcset=\"\/wp-content\/uploads\/sites\/5\/2025\/04\/IGSS-Alerta-Amarilla-Semana-Santa-2025-2025-2-1-630x420.jpg 630w, \/wp-content\/uploads\/sites\/5\/2025\/04\/IGSS-Alerta-Amarilla-Semana-Santa-2025-2025-2-1-300x200.jpg 300w, \/wp-content\/uploads\/sites\/5\/2025\/04\/IGSS-Alerta-Amarilla-Semana-Santa-2025-2025-2-1-1024x683.jpg 1024w, \/wp-content\/uploads\/sites\/5\/2025\/04\/IGSS-Alerta-Amarilla-Semana-Santa-2025-2025-2-1-768x512.jpg 768w, \/wp-content\/uploads\/sites\/5\/2025\/04\/IGSS-Alerta-Amarilla-Semana-Santa-2025-2025-2-1-1536x1024.jpg 1536w, \/wp-content\/uploads\/sites\/5\/2025\/04\/IGSS-Alerta-Amarilla-Semana-Santa-2025-2025-2-1-2048x1365.jpg 2048w, \/wp-content\/uploads\/sites\/5\/2025\/04\/IGSS-Alerta-Amarilla-Semana-Santa-2025-2025-2-1-696x464.jpg 696w, \/wp-content\/uploads\/sites\/5\/2025\/04\/IGSS-Alerta-Amarilla-Semana-Santa-2025-2025-2-1-1068x712.jpg 1068w, \/wp-content\/uploads\/sites\/5\/2025\/04\/IGSS-Alerta-Amarilla-Semana-Santa-2025-2025-2-1-1920x1280.jpg 1920w, \/wp-content\/uploads\/sites\/5\/2025\/04\/IGSS-Alerta-Amarilla-Semana-Santa-2025-2025-2-1-534x356.jpg 534w\" sizes=\"(max-width: 630px) 100vw, 630px\" alt=\"\">\r\n                            <\/a>\r\n                            \r\n                        <\/figure>\r\n                    <\/div>\r\n                    <div class = \"td-slide-item td-item2\">\r\n                        <figure class=\"td-slide-galery-figure td-slide-popup-gallery\">\r\n                            <a class=\"slide-gallery-image-link\" href=\"\/wp-content\/uploads\/sites\/5\/2025\/04\/IGSS-Alerta-Amarilla-Semana-Santa-2025-2025-3-1-scaled.jpg\" title=\"IGSS Alerta Amarilla Semana Santa 2025 2025-3\"  data-caption=\"\"  data-description=\"\">\r\n                                <img decoding=\"async\" src=\"\/wp-content\/uploads\/sites\/5\/2025\/04\/IGSS-Alerta-Amarilla-Semana-Santa-2025-2025-3-1-593x420.jpg\" srcset=\"\/wp-content\/uploads\/sites\/5\/2025\/04\/IGSS-Alerta-Amarilla-Semana-Santa-2025-2025-3-1-593x420.jpg 593w, \/wp-content\/uploads\/sites\/5\/2025\/04\/IGSS-Alerta-Amarilla-Semana-Santa-2025-2025-3-1-300x212.jpg 300w, \/wp-content\/uploads\/sites\/5\/2025\/04\/IGSS-Alerta-Amarilla-Semana-Santa-2025-2025-3-1-1024x725.jpg 1024w, \/wp-content\/uploads\/sites\/5\/2025\/04\/IGSS-Alerta-Amarilla-Semana-Santa-2025-2025-3-1-768x544.jpg 768w, \/wp-content\/uploads\/sites\/5\/2025\/04\/IGSS-Alerta-Amarilla-Semana-Santa-2025-2025-3-1-1536x1087.jpg 1536w, \/wp-content\/uploads\/sites\/5\/2025\/04\/IGSS-Alerta-Amarilla-Semana-Santa-2025-2025-3-1-2048x1449.jpg 2048w, \/wp-content\/uploads\/sites\/5\/2025\/04\/IGSS-Alerta-Amarilla-Semana-Santa-2025-2025-3-1-696x493.jpg 696w, \/wp-content\/uploads\/sites\/5\/2025\/04\/IGSS-Alerta-Amarilla-Semana-Santa-2025-2025-3-1-1068x756.jpg 1068w, \/wp-content\/uploads\/sites\/5\/2025\/04\/IGSS-Alerta-Amarilla-Semana-Santa-2025-2025-3-1-1920x1359.jpg 1920w, \/wp-content\/uploads\/sites\/5\/2025\/04\/IGSS-Alerta-Amarilla-Semana-Santa-2025-2025-3-1-100x70.jpg 100w, \/wp-content\/uploads\/sites\/5\/2025\/04\/IGSS-Alerta-Amarilla-Semana-Santa-2025-2025-3-1-534x378.jpg 534w\" sizes=\"(max-width: 593px) 100vw, 593px\" alt=\"\">\r\n                            <\/a>\r\n                            \r\n                        <\/figure>\r\n                    <\/div>\r\n                            <\/div>\r\n                        <\/div>\r\n\r\n                        <div class = \"td-doubleSlider-2\">\r\n                            <div class = \"td-slider\">\r\n                                \r\n                    <div class = \"td-button td-item1\">\r\n                        <div class = \"td-border\"><\/div>\r\n                    <\/div>\r\n                    <div class = \"td-button td-item2\">\r\n                        <div class = \"td-border\"><\/div>\r\n                    <\/div>\r\n                            <\/div>\r\n                        <\/div>\r\n\r\n                    <\/div>\r\n\r\n                <\/div>\r\n                \n<p>\u00a0<\/p>\n","protected":false},"excerpt":{"rendered":"<p>El Instituto Guatemalteco de Seguridad Social (IGSS) garantiza la prestaci\u00f3n de sus servicios de manera eficiente, oportuna e ininterrumpida durante esta Semana Santa 2025. Desde el Mi\u00e9rcoles Santo (16 de abril) a las 6:00 horas hasta el domingo 20 de abril a las 23:59 horas, el Instituto se mantendr\u00e1 en alerta amarilla para dar respuesta [&hellip;]<\/p>\n","protected":false},"author":3269,"featured_media":47295,"comment_status":"closed","ping_status":"closed","sticky":false,"template":"","format":"standard","meta":{"footnotes":""},"categories":[3,4,1903,15,1291,27,31,1856,33,34,1885,36],"tags":[101,2078,2080,216,490,2079,1070,2018,2069],"coauthors":[1970],"class_list":{"0":"post-47294","1":"post","2":"type-post","3":"status-publish","4":"format-standard","5":"has-post-thumbnail","7":"category-actualidad","8":"category-afiliados","9":"category-alertas","10":"category-destacado","11":"category-prestaciones-en-salud","12":"category-prevencion-en-salud","13":"category-salud","14":"category-semana-santa-segura-y-sin-accidentes","15":"category-servicios-de-salud","16":"category-travel","17":"category-travel-lifestyle","18":"category-unidades-medicas","19":"tag-alerta-amarilla","20":"tag-banistas","21":"tag-centros-recreativos","22":"tag-cuerpo-de-salvamento-del-igss","23":"tag-igss","24":"tag-lagos","25":"tag-playas","26":"tag-semana-santa-2025","27":"tag-semana-santa-segura"},"_links":{"self":[{"href":"https:\/\/www.igssgt.org\/noticias\/wp-json\/wp\/v2\/posts\/47294","targetHints":{"allow":["GET"]}}],"collection":[{"href":"https:\/\/www.igssgt.org\/noticias\/wp-json\/wp\/v2\/posts"}],"about":[{"href":"https:\/\/www.igssgt.org\/noticias\/wp-json\/wp\/v2\/types\/post"}],"author":[{"embeddable":true,"href":"https:\/\/www.igssgt.org\/noticias\/wp-json\/wp\/v2\/users\/3269"}],"replies":[{"embeddable":true,"href":"https:\/\/www.igssgt.org\/noticias\/wp-json\/wp\/v2\/comments?post=47294"}],"version-history":[{"count":1,"href":"https:\/\/www.igssgt.org\/noticias\/wp-json\/wp\/v2\/posts\/47294\/revisions"}],"predecessor-version":[{"id":47303,"href":"https:\/\/www.igssgt.org\/noticias\/wp-json\/wp\/v2\/posts\/47294\/revisions\/47303"}],"wp:featuredmedia":[{"embeddable":true,"href":"https:\/\/www.igssgt.org\/noticias\/wp-json\/wp\/v2\/media\/47295"}],"wp:attachment":[{"href":"https:\/\/www.igssgt.org\/noticias\/wp-json\/wp\/v2\/media?parent=47294"}],"wp:term":[{"taxonomy":"category","embeddable":true,"href":"https:\/\/www.igssgt.org\/noticias\/wp-json\/wp\/v2\/categories?post=47294"},{"taxonomy":"post_tag","embeddable":true,"href":"https:\/\/www.igssgt.org\/noticias\/wp-json\/wp\/v2\/tags?post=47294"},{"taxonomy":"author","embeddable":true,"href":"https:\/\/www.igssgt.org\/noticias\/wp-json\/wp\/v2\/coauthors?post=47294"}],"curies":[{"name":"wp","href":"https:\/\/api.w.org\/{rel}","templated":true}]}}