{"id":47314,"date":"2025-04-02T10:47:09","date_gmt":"2025-04-02T16:47:09","guid":{"rendered":"https:\/\/www.igssgt.org\/noticias\/?p=47314"},"modified":"2025-04-02T10:47:09","modified_gmt":"2025-04-02T16:47:09","slug":"hospital-general-de-enfermedades-conmemora-el-dia-mundial-de-concientizacion-sobre-el-autismo","status":"publish","type":"post","link":"https:\/\/www.igssgt.org\/noticias\/2025\/04\/02\/hospital-general-de-enfermedades-conmemora-el-dia-mundial-de-concientizacion-sobre-el-autismo\/","title":{"rendered":"Hospital General de Enfermedades conmemora el D\u00eda Mundial de Concientizaci\u00f3n sobre el Autismo"},"content":{"rendered":"\n<p class=\"has-drop-cap\">En el D\u00eda Mundial de Concientizaci\u00f3n sobre el Trastorno del Espectro Autista (TEA), el Hospital General de Enfermedades, hace un llamado a las familias que tienen hijos con dicha condici\u00f3n a conocer la amplia sintomatolog\u00eda para comprender la adversidad a la que enfrentan y sobre todo brindarles mucho amor y paciencia.<\/p>\n\n\n\n<figure id=\"attachment_47316\" aria-describedby=\"caption-attachment-47316\" style=\"width: 721px\" class=\"wp-caption alignnone\"><img loading=\"lazy\" decoding=\"async\" class=\"wp-image-47316\" src=\"\/wp-content\/uploads\/sites\/5\/2025\/04\/IGSS-Hospital-General-de-Enfermedades-Dia-Mundial-de-Concienciacion-sobre-el-Autismo-2025-1-300x169.jpg\" alt=\"\" width=\"721\" height=\"406\" srcset=\"\/wp-content\/uploads\/sites\/5\/2025\/04\/IGSS-Hospital-General-de-Enfermedades-Dia-Mundial-de-Concienciacion-sobre-el-Autismo-2025-1-300x169.jpg 300w, \/wp-content\/uploads\/sites\/5\/2025\/04\/IGSS-Hospital-General-de-Enfermedades-Dia-Mundial-de-Concienciacion-sobre-el-Autismo-2025-1-1024x576.jpg 1024w, \/wp-content\/uploads\/sites\/5\/2025\/04\/IGSS-Hospital-General-de-Enfermedades-Dia-Mundial-de-Concienciacion-sobre-el-Autismo-2025-1-768x432.jpg 768w, \/wp-content\/uploads\/sites\/5\/2025\/04\/IGSS-Hospital-General-de-Enfermedades-Dia-Mundial-de-Concienciacion-sobre-el-Autismo-2025-1-746x420.jpg 746w, \/wp-content\/uploads\/sites\/5\/2025\/04\/IGSS-Hospital-General-de-Enfermedades-Dia-Mundial-de-Concienciacion-sobre-el-Autismo-2025-1-696x392.jpg 696w, \/wp-content\/uploads\/sites\/5\/2025\/04\/IGSS-Hospital-General-de-Enfermedades-Dia-Mundial-de-Concienciacion-sobre-el-Autismo-2025-1-534x301.jpg 534w, \/wp-content\/uploads\/sites\/5\/2025\/04\/IGSS-Hospital-General-de-Enfermedades-Dia-Mundial-de-Concienciacion-sobre-el-Autismo-2025-1.jpg 1032w\" sizes=\"auto, (max-width: 721px) 100vw, 721px\" \/><figcaption id=\"caption-attachment-47316\" class=\"wp-caption-text\">El Hospital General de Enfermedades atiende de 8 a 9 pacientes diarios con autismo.<\/figcaption><\/figure>\n<p>La doctora Mar\u00eda Elisa Argueta, quien cuenta con una maestr\u00eda en psiquiatr\u00eda infantil destac\u00f3 que el autismo es una enfermedad del desarrollo neurol\u00f3gico que afecta la comunicaci\u00f3n verbal, el lenguaje no verbal y el desarrollo social en los ni\u00f1os. En el IGSS de zona 9 trabajan para mejorar la calidad de vida de ni\u00f1os con autismo donde son atendidos de 8 a 19 pacientes diarios, entre los servicios que abarcan son diagn\u00f3stico temprano, la rehabilitaci\u00f3n y las terapias especializadas.<\/p>\n<p>La profesional tambi\u00e9n destac\u00f3 que el autismo no se detecta durante el embarazo, este se determina a partir del primer a\u00f1o de vida del beb\u00e9 momento en el que se observan los cambios de conductas del desarrollo se detallan a continuaci\u00f3n:<\/p>\n<ul>\n<li>Dificultades en la comunicaci\u00f3n e interacci\u00f3n social<\/li>\n<li>Patrones de comportamiento repetitivos<\/li>\n<li>Alteraciones en el procesamiento sensorial<\/li>\n<li>Hipersensibilidad o hiposensibilidad a sonidos, luces o texturas<\/li>\n<li>Dificultad para mantener el contacto visual<\/li>\n<li>Falta de interacci\u00f3n con el entorno<\/li>\n<li>Diferencias en la emisi\u00f3n, forma y contenido del lenguaje<\/li>\n<li>Deseo e insistencia en el seguimiento estricto de ciertas rutinas<\/li>\n<li>Movimientos estereotipados como el aleteo de manos, entre otras.<\/li>\n<\/ul>\n<p><strong>Acuda al pediatra<\/strong><\/p>\n<p>Para detectar la afecci\u00f3n, los padres de familia deben acudir con el pediatra quien detectar\u00e1 los s\u00edntomas y determinar si existe un trastorno del desarrollo y los refiere al neur\u00f3logo, psiquiatra o al psic\u00f3logo y posteriormente a que reciba terapias de lenguaje, ocupacional y sensorial.<\/p>\n<figure id=\"attachment_47317\" aria-describedby=\"caption-attachment-47317\" style=\"width: 686px\" class=\"wp-caption alignnone\"><img loading=\"lazy\" decoding=\"async\" class=\"wp-image-47317\" src=\"\/wp-content\/uploads\/sites\/5\/2025\/04\/IGSS-Hospital-General-de-Enfermedades-Dia-Mundial-de-Concienciacion-sobre-el-Autismo-2025-2-300x200.jpg\" alt=\"\" width=\"686\" height=\"457\" srcset=\"\/wp-content\/uploads\/sites\/5\/2025\/04\/IGSS-Hospital-General-de-Enfermedades-Dia-Mundial-de-Concienciacion-sobre-el-Autismo-2025-2-300x200.jpg 300w, \/wp-content\/uploads\/sites\/5\/2025\/04\/IGSS-Hospital-General-de-Enfermedades-Dia-Mundial-de-Concienciacion-sobre-el-Autismo-2025-2-630x420.jpg 630w, \/wp-content\/uploads\/sites\/5\/2025\/04\/IGSS-Hospital-General-de-Enfermedades-Dia-Mundial-de-Concienciacion-sobre-el-Autismo-2025-2-696x464.jpg 696w, \/wp-content\/uploads\/sites\/5\/2025\/04\/IGSS-Hospital-General-de-Enfermedades-Dia-Mundial-de-Concienciacion-sobre-el-Autismo-2025-2-534x356.jpg 534w, \/wp-content\/uploads\/sites\/5\/2025\/04\/IGSS-Hospital-General-de-Enfermedades-Dia-Mundial-de-Concienciacion-sobre-el-Autismo-2025-2.jpg 768w\" sizes=\"auto, (max-width: 686px) 100vw, 686px\" \/><figcaption id=\"caption-attachment-47317\" class=\"wp-caption-text\">El Trastorno del Espectro Autista (TEA), es detectado los primeros a\u00f1os de vida de los ni\u00f1os.<\/figcaption><\/figure>\n<p>\u201cLas terapias son otorgadas en el Hospital de Rehabilitaci\u00f3n donde representan el octavo lugar de consulta pedi\u00e1trica y atenci\u00f3n especializada a ni\u00f1os donde son tratados los tres grados de trastorno por un equipo multidisciplinario y se le brinda apoyo psicol\u00f3gico familiar y educacional para el tratamiento de los ni\u00f1os desde casa\u201d, inform\u00f3 el doctor Kevin Armando Portillo, director m\u00e9dico de dicho hospital.<\/p>\n<p>\u00a0<\/p>\n<figure id=\"attachment_47318\" aria-describedby=\"caption-attachment-47318\" style=\"width: 673px\" class=\"wp-caption alignnone\"><img loading=\"lazy\" decoding=\"async\" class=\"wp-image-47318\" src=\"\/wp-content\/uploads\/sites\/5\/2025\/04\/IGSS-Hospital-General-de-Enfermedades-Dia-Mundial-de-Concienciacion-sobre-el-Autismo-2025-3-300x192.png\" alt=\"\" width=\"673\" height=\"431\" srcset=\"\/wp-content\/uploads\/sites\/5\/2025\/04\/IGSS-Hospital-General-de-Enfermedades-Dia-Mundial-de-Concienciacion-sobre-el-Autismo-2025-3-300x192.png 300w, \/wp-content\/uploads\/sites\/5\/2025\/04\/IGSS-Hospital-General-de-Enfermedades-Dia-Mundial-de-Concienciacion-sobre-el-Autismo-2025-3-768x491.png 768w, \/wp-content\/uploads\/sites\/5\/2025\/04\/IGSS-Hospital-General-de-Enfermedades-Dia-Mundial-de-Concienciacion-sobre-el-Autismo-2025-3-657x420.png 657w, \/wp-content\/uploads\/sites\/5\/2025\/04\/IGSS-Hospital-General-de-Enfermedades-Dia-Mundial-de-Concienciacion-sobre-el-Autismo-2025-3-696x445.png 696w, \/wp-content\/uploads\/sites\/5\/2025\/04\/IGSS-Hospital-General-de-Enfermedades-Dia-Mundial-de-Concienciacion-sobre-el-Autismo-2025-3-534x341.png 534w, \/wp-content\/uploads\/sites\/5\/2025\/04\/IGSS-Hospital-General-de-Enfermedades-Dia-Mundial-de-Concienciacion-sobre-el-Autismo-2025-3.png 776w\" sizes=\"auto, (max-width: 673px) 100vw, 673px\" \/><figcaption id=\"caption-attachment-47318\" class=\"wp-caption-text\">El TEA es un trastorno neurobiol\u00f3gico del desarrollo en los ni\u00f1os y se detecta despu\u00e9s del embarazo.<\/figcaption><\/figure>\n<p>Grado 1. Trastorno autista: no desarrolla su lenguaje de forma adecuada, evita contacto visual y se a\u00edsla en su propio mundo.<\/p>\n<p>Grado 2. Autismo regresivo: empieza a perder de manera paulatina las habilidades aprendidas.<\/p>\n<p>Grado 3. Autismo de alto funcionamiento: presenta rigidez mental, ideas y actividades obsesivas e incapacidad motora.<\/p>\n<p>\u00a0<\/p>\n\n\n","protected":false},"excerpt":{"rendered":"<p>En el D\u00eda Mundial de Concientizaci\u00f3n sobre el Trastorno del Espectro Autista (TEA), el Hospital General de Enfermedades, hace un llamado a las familias que tienen hijos con dicha condici\u00f3n a conocer la amplia sintomatolog\u00eda para comprender la adversidad a la que enfrentan y sobre todo brindarles mucho amor y paciencia. La doctora Mar\u00eda Elisa [&hellip;]<\/p>\n","protected":false},"author":3269,"featured_media":47315,"comment_status":"closed","ping_status":"closed","sticky":false,"template":"","format":"standard","meta":{"footnotes":""},"categories":[3,4,1130,15,1291,27,30,31,33,36],"tags":[2084,2083,478,481,490],"coauthors":[],"class_list":{"0":"post-47314","1":"post","2":"type-post","3":"status-publish","4":"format-standard","5":"has-post-thumbnail","7":"category-actualidad","8":"category-afiliados","9":"category-consejos-medicos","10":"category-destacado","11":"category-prestaciones-en-salud","12":"category-prevencion-en-salud","13":"category-rehabilitacion","14":"category-salud","15":"category-servicios-de-salud","16":"category-unidades-medicas","17":"tag-dia-mundial-de-concienciacion-sobre-el-autismo","18":"tag-dr-kevin-armando-portillo","19":"tag-hospital-de-rehabilitacion","20":"tag-hospital-general-de-enfermedades","21":"tag-igss"},"_links":{"self":[{"href":"https:\/\/www.igssgt.org\/noticias\/wp-json\/wp\/v2\/posts\/47314","targetHints":{"allow":["GET"]}}],"collection":[{"href":"https:\/\/www.igssgt.org\/noticias\/wp-json\/wp\/v2\/posts"}],"about":[{"href":"https:\/\/www.igssgt.org\/noticias\/wp-json\/wp\/v2\/types\/post"}],"author":[{"embeddable":true,"href":"https:\/\/www.igssgt.org\/noticias\/wp-json\/wp\/v2\/users\/3269"}],"replies":[{"embeddable":true,"href":"https:\/\/www.igssgt.org\/noticias\/wp-json\/wp\/v2\/comments?post=47314"}],"version-history":[{"count":1,"href":"https:\/\/www.igssgt.org\/noticias\/wp-json\/wp\/v2\/posts\/47314\/revisions"}],"predecessor-version":[{"id":47319,"href":"https:\/\/www.igssgt.org\/noticias\/wp-json\/wp\/v2\/posts\/47314\/revisions\/47319"}],"wp:featuredmedia":[{"embeddable":true,"href":"https:\/\/www.igssgt.org\/noticias\/wp-json\/wp\/v2\/media\/47315"}],"wp:attachment":[{"href":"https:\/\/www.igssgt.org\/noticias\/wp-json\/wp\/v2\/media?parent=47314"}],"wp:term":[{"taxonomy":"category","embeddable":true,"href":"https:\/\/www.igssgt.org\/noticias\/wp-json\/wp\/v2\/categories?post=47314"},{"taxonomy":"post_tag","embeddable":true,"href":"https:\/\/www.igssgt.org\/noticias\/wp-json\/wp\/v2\/tags?post=47314"},{"taxonomy":"author","embeddable":true,"href":"https:\/\/www.igssgt.org\/noticias\/wp-json\/wp\/v2\/coauthors?post=47314"}],"curies":[{"name":"wp","href":"https:\/\/api.w.org\/{rel}","templated":true}]}}