{"id":47322,"date":"2025-04-02T11:48:40","date_gmt":"2025-04-02T17:48:40","guid":{"rendered":"https:\/\/www.igssgt.org\/noticias\/?p=47322"},"modified":"2025-04-02T11:48:41","modified_gmt":"2025-04-02T17:48:41","slug":"iniciamos-un-viaje-de-integridad-y-transparencia","status":"publish","type":"post","link":"https:\/\/www.igssgt.org\/noticias\/2025\/04\/02\/iniciamos-un-viaje-de-integridad-y-transparencia\/","title":{"rendered":"Iniciamos Un Viaje de Integridad y Transparencia"},"content":{"rendered":"\n<p class=\"has-drop-cap\">El Instituto Guatemalteco de Seguridad Social (IGSS), fiel a su \u00a0compromiso con la \u00e9tica y la transparencia a trav\u00e9s del programa de formaci\u00f3n 2025 de la Subgerencia de Integridad y Transparencia Administrativa (SITA), inicia con el ciclo de capacitaciones de este a\u00f1o.<\/p>\n\n\n\n<p>Este esfuerzo tiene como prop\u00f3sito fortalecer los principios de honestidad, responsabilidad y servicio en cada uno de los colaboradores de la instituci\u00f3n, asegurando que la atenci\u00f3n a los afiliados y derechohabientes se realice con los m\u00e1s altos est\u00e1ndares de integridad.<\/p>\n<figure id=\"attachment_47324\" aria-describedby=\"caption-attachment-47324\" style=\"width: 725px\" class=\"wp-caption alignnone\"><img loading=\"lazy\" decoding=\"async\" class=\"wp-image-47324\" src=\"\/wp-content\/uploads\/sites\/5\/2025\/04\/IGSS-Inician-capacitaciones-2025-SITA-2025-6-300x200.jpg\" alt=\"\" width=\"725\" height=\"483\" srcset=\"\/wp-content\/uploads\/sites\/5\/2025\/04\/IGSS-Inician-capacitaciones-2025-SITA-2025-6-300x200.jpg 300w, \/wp-content\/uploads\/sites\/5\/2025\/04\/IGSS-Inician-capacitaciones-2025-SITA-2025-6-1024x682.jpg 1024w, \/wp-content\/uploads\/sites\/5\/2025\/04\/IGSS-Inician-capacitaciones-2025-SITA-2025-6-768x512.jpg 768w, \/wp-content\/uploads\/sites\/5\/2025\/04\/IGSS-Inician-capacitaciones-2025-SITA-2025-6-1536x1023.jpg 1536w, \/wp-content\/uploads\/sites\/5\/2025\/04\/IGSS-Inician-capacitaciones-2025-SITA-2025-6-630x420.jpg 630w, \/wp-content\/uploads\/sites\/5\/2025\/04\/IGSS-Inician-capacitaciones-2025-SITA-2025-6-696x464.jpg 696w, \/wp-content\/uploads\/sites\/5\/2025\/04\/IGSS-Inician-capacitaciones-2025-SITA-2025-6-1068x712.jpg 1068w, \/wp-content\/uploads\/sites\/5\/2025\/04\/IGSS-Inician-capacitaciones-2025-SITA-2025-6-534x356.jpg 534w, \/wp-content\/uploads\/sites\/5\/2025\/04\/IGSS-Inician-capacitaciones-2025-SITA-2025-6.jpg 1600w\" sizes=\"auto, (max-width: 725px) 100vw, 725px\" \/><figcaption id=\"caption-attachment-47324\" class=\"wp-caption-text\">El esfuerzo interinstitucional busca fortalecer la confianza de la ciudadan\u00eda y consolidar una cultura organizacional basada en principios s\u00f3lidos.<\/figcaption><\/figure>\n<p>La licenciada Irma Estela Guzm\u00e1n, titular de la SITA, destac\u00f3 la importancia de estos valores en el desempe\u00f1o diario del personal del IGSS. \u201cSomos personas sirviendo a personas, y en ese sentido, debemos fortalecer nuestra integridad y abrazar la transparencia en todo momento\u201d, afirm\u00f3.<\/p>\n<p>Estas palabras reflejan el esp\u00edritu del programa de formaci\u00f3n, que busca no solo impartir conocimientos te\u00f3ricos, sino tambi\u00e9n generar un cambio real en la cultura institucional.<\/p>\n<figure id=\"attachment_47334\" aria-describedby=\"caption-attachment-47334\" style=\"width: 735px\" class=\"wp-caption alignnone\"><img loading=\"lazy\" decoding=\"async\" class=\"wp-image-47334\" src=\"\/wp-content\/uploads\/sites\/5\/2025\/04\/cc8e3856-21cf-4665-bbdc-a14305b59112-300x200.jpg\" alt=\"\" width=\"735\" height=\"490\" srcset=\"\/wp-content\/uploads\/sites\/5\/2025\/04\/cc8e3856-21cf-4665-bbdc-a14305b59112-300x200.jpg 300w, \/wp-content\/uploads\/sites\/5\/2025\/04\/cc8e3856-21cf-4665-bbdc-a14305b59112-1024x682.jpg 1024w, \/wp-content\/uploads\/sites\/5\/2025\/04\/cc8e3856-21cf-4665-bbdc-a14305b59112-768x512.jpg 768w, \/wp-content\/uploads\/sites\/5\/2025\/04\/cc8e3856-21cf-4665-bbdc-a14305b59112-1536x1023.jpg 1536w, \/wp-content\/uploads\/sites\/5\/2025\/04\/cc8e3856-21cf-4665-bbdc-a14305b59112-630x420.jpg 630w, \/wp-content\/uploads\/sites\/5\/2025\/04\/cc8e3856-21cf-4665-bbdc-a14305b59112-696x464.jpg 696w, \/wp-content\/uploads\/sites\/5\/2025\/04\/cc8e3856-21cf-4665-bbdc-a14305b59112-1068x712.jpg 1068w, \/wp-content\/uploads\/sites\/5\/2025\/04\/cc8e3856-21cf-4665-bbdc-a14305b59112-534x356.jpg 534w, \/wp-content\/uploads\/sites\/5\/2025\/04\/cc8e3856-21cf-4665-bbdc-a14305b59112.jpg 1600w\" sizes=\"auto, (max-width: 735px) 100vw, 735px\" \/><figcaption id=\"caption-attachment-47334\" class=\"wp-caption-text\">La finalidad de las capacitaciones es transparentar todos los procesos administrativos.<\/figcaption><\/figure>\n<p>El programa inicia con esta primera capacitaci\u00f3n, de cinco encuentros formativos que se llevar\u00e1n a cabo durante el a\u00f1o con la colaboraci\u00f3n de la Contralor\u00eda General de Cuentas.<\/p>\n<p>El objetivo es consolidar un equipo de trabajo m\u00e1s s\u00f3lido, confiable y humano, que act\u00fae con \u00e9tica en la toma de decisiones y en la administraci\u00f3n de los recursos p\u00fablicos.<\/p>\n<p>Cada una de las sesiones de formaci\u00f3n abordar\u00e1 temas relacionados con la rendici\u00f3n de cuentas, la prevenci\u00f3n de la corrupci\u00f3n y el correcto ejercicio de la funci\u00f3n p\u00fablica.<\/p>\n<figure id=\"attachment_47325\" aria-describedby=\"caption-attachment-47325\" style=\"width: 707px\" class=\"wp-caption alignnone\"><img loading=\"lazy\" decoding=\"async\" class=\"wp-image-47325\" src=\"\/wp-content\/uploads\/sites\/5\/2025\/04\/IGSS-Inician-capacitaciones-2025-SITA-2025-11-300x200.jpg\" alt=\"\" width=\"707\" height=\"471\" srcset=\"\/wp-content\/uploads\/sites\/5\/2025\/04\/IGSS-Inician-capacitaciones-2025-SITA-2025-11-300x200.jpg 300w, \/wp-content\/uploads\/sites\/5\/2025\/04\/IGSS-Inician-capacitaciones-2025-SITA-2025-11-1024x682.jpg 1024w, \/wp-content\/uploads\/sites\/5\/2025\/04\/IGSS-Inician-capacitaciones-2025-SITA-2025-11-768x512.jpg 768w, \/wp-content\/uploads\/sites\/5\/2025\/04\/IGSS-Inician-capacitaciones-2025-SITA-2025-11-1536x1023.jpg 1536w, \/wp-content\/uploads\/sites\/5\/2025\/04\/IGSS-Inician-capacitaciones-2025-SITA-2025-11-630x420.jpg 630w, \/wp-content\/uploads\/sites\/5\/2025\/04\/IGSS-Inician-capacitaciones-2025-SITA-2025-11-696x464.jpg 696w, \/wp-content\/uploads\/sites\/5\/2025\/04\/IGSS-Inician-capacitaciones-2025-SITA-2025-11-1068x712.jpg 1068w, \/wp-content\/uploads\/sites\/5\/2025\/04\/IGSS-Inician-capacitaciones-2025-SITA-2025-11-534x356.jpg 534w, \/wp-content\/uploads\/sites\/5\/2025\/04\/IGSS-Inician-capacitaciones-2025-SITA-2025-11.jpg 1600w\" sizes=\"auto, (max-width: 707px) 100vw, 707px\" \/><figcaption id=\"caption-attachment-47325\" class=\"wp-caption-text\">Los trabajadores del Instituto ofrecen un servicio de calidad, regido por los valores de integridad, transparencia y vocaci\u00f3n de servicio.<\/figcaption><\/figure>\n<p>Adem\u00e1s, se fomentar\u00e1 la reflexi\u00f3n sobre la importancia del compromiso personal en la construcci\u00f3n de una instituci\u00f3n \u00edntegra y transparente.<\/p>\n<p>Este esfuerzo no solo beneficia al personal del IGSS, sino tambi\u00e9n a la poblaci\u00f3n afiliada, que deposita su confianza en la seguridad social del pa\u00eds.<\/p>\n<p>La transparencia y la \u00e9tica en la gesti\u00f3n permiten garantizar que los servicios de salud y prestaciones econ\u00f3micas lleguen de manera eficiente y justa a quienes m\u00e1s lo necesitan.<\/p>\n\r\n                <style type=\"text\/css\">\r\n                    \r\n                    #tdi_1  .td-doubleSlider-2 .td-item1 {\r\n                        background: url(\/wp-content\/uploads\/sites\/5\/2025\/04\/IGSS-Inician-capacitaciones-2025-SITA-2025-2-80x60.jpg) 0 0 no-repeat;\r\n                    }\r\n                    #tdi_1  .td-doubleSlider-2 .td-item2 {\r\n                        background: url(\/wp-content\/uploads\/sites\/5\/2025\/04\/IGSS-Inician-capacitaciones-2025-SITA-2025-1-80x60.jpg) 0 0 no-repeat;\r\n                    }\r\n                    #tdi_1  .td-doubleSlider-2 .td-item3 {\r\n                        background: url(\/wp-content\/uploads\/sites\/5\/2025\/04\/IGSS-Inician-capacitaciones-2025-SITA-2025-4-80x60.jpg) 0 0 no-repeat;\r\n                    }\r\n                    #tdi_1  .td-doubleSlider-2 .td-item4 {\r\n                        background: url(\/wp-content\/uploads\/sites\/5\/2025\/04\/IGSS-Inician-capacitaciones-2025-SITA-2025-5-80x60.jpg) 0 0 no-repeat;\r\n                    }\r\n                    #tdi_1  .td-doubleSlider-2 .td-item5 {\r\n                        background: url(\/wp-content\/uploads\/sites\/5\/2025\/04\/IGSS-Inician-capacitaciones-2025-SITA-2025-8-80x60.jpg) 0 0 no-repeat;\r\n                    }\r\n                    #tdi_1  .td-doubleSlider-2 .td-item6 {\r\n                        background: url(\/wp-content\/uploads\/sites\/5\/2025\/04\/IGSS-Inician-capacitaciones-2025-SITA-2025-9-80x60.jpg) 0 0 no-repeat;\r\n                    }\r\n                    #tdi_1  .td-doubleSlider-2 .td-item7 {\r\n                        background: url(\/wp-content\/uploads\/sites\/5\/2025\/04\/IGSS-Inician-capacitaciones-2025-SITA-2025-7-80x60.jpg) 0 0 no-repeat;\r\n                    }\r\n                    #tdi_1  .td-doubleSlider-2 .td-item8 {\r\n                        background: url(\/wp-content\/uploads\/sites\/5\/2025\/04\/IGSS-Inician-capacitaciones-2025-SITA-2025-10-80x60.jpg) 0 0 no-repeat;\r\n                    }\r\n                <\/style>\r\n\r\n                <div id=\"tdi_1\" class=\"td-gallery td-slide-on-2-columns\">\r\n                    <div class=\"post_td_gallery\">\r\n                        <div class=\"td-gallery-slide-top\">\r\n                           <div class=\"td-gallery-title\">Galer\u00eda de la actividad:<\/div>\r\n\r\n                            <div class=\"td-gallery-controls-wrapper\">\r\n                                <div class=\"td-gallery-slide-count\"><span class=\"td-gallery-slide-item-focus\">1<\/span> de 8<\/div>\r\n                                <div class=\"td-gallery-slide-prev-next-but\">\r\n                                    <i class = \"td-icon-left doubleSliderPrevButton\"><\/i>\r\n                                    <i class = \"td-icon-right doubleSliderNextButton\"><\/i>\r\n                                <\/div>\r\n                            <\/div>\r\n                        <\/div>\r\n\r\n                        <div class = \"td-doubleSlider-1 \">\r\n                            <div class = \"td-slider\">\r\n                                \r\n                    <div class = \"td-slide-item td-item1\">\r\n                        <figure class=\"td-slide-galery-figure td-slide-popup-gallery\">\r\n                            <a class=\"slide-gallery-image-link\" href=\"\/wp-content\/uploads\/sites\/5\/2025\/04\/IGSS-Inician-capacitaciones-2025-SITA-2025-2.jpg\" title=\"IGSS Inician capacitaciones 2025 SITA - 2025 2\"  data-caption=\"\"  data-description=\"\">\r\n                                <img decoding=\"async\" src=\"\/wp-content\/uploads\/sites\/5\/2025\/04\/IGSS-Inician-capacitaciones-2025-SITA-2025-2-630x420.jpg\" srcset=\"\/wp-content\/uploads\/sites\/5\/2025\/04\/IGSS-Inician-capacitaciones-2025-SITA-2025-2-630x420.jpg 630w, \/wp-content\/uploads\/sites\/5\/2025\/04\/IGSS-Inician-capacitaciones-2025-SITA-2025-2-300x200.jpg 300w, \/wp-content\/uploads\/sites\/5\/2025\/04\/IGSS-Inician-capacitaciones-2025-SITA-2025-2-1024x682.jpg 1024w, \/wp-content\/uploads\/sites\/5\/2025\/04\/IGSS-Inician-capacitaciones-2025-SITA-2025-2-768x512.jpg 768w, \/wp-content\/uploads\/sites\/5\/2025\/04\/IGSS-Inician-capacitaciones-2025-SITA-2025-2-1536x1023.jpg 1536w, \/wp-content\/uploads\/sites\/5\/2025\/04\/IGSS-Inician-capacitaciones-2025-SITA-2025-2-696x464.jpg 696w, \/wp-content\/uploads\/sites\/5\/2025\/04\/IGSS-Inician-capacitaciones-2025-SITA-2025-2-1068x712.jpg 1068w, \/wp-content\/uploads\/sites\/5\/2025\/04\/IGSS-Inician-capacitaciones-2025-SITA-2025-2-534x356.jpg 534w, \/wp-content\/uploads\/sites\/5\/2025\/04\/IGSS-Inician-capacitaciones-2025-SITA-2025-2.jpg 1600w\" sizes=\"(max-width: 630px) 100vw, 630px\" alt=\"\">\r\n                            <\/a>\r\n                            \r\n                        <\/figure>\r\n                    <\/div>\r\n                    <div class = \"td-slide-item td-item2\">\r\n                        <figure class=\"td-slide-galery-figure td-slide-popup-gallery\">\r\n                            <a class=\"slide-gallery-image-link\" href=\"\/wp-content\/uploads\/sites\/5\/2025\/04\/IGSS-Inician-capacitaciones-2025-SITA-2025-1.jpg\" title=\"IGSS Inician capacitaciones 2025 SITA - 2025 1\"  data-caption=\"\"  data-description=\"\">\r\n                                <img decoding=\"async\" src=\"\/wp-content\/uploads\/sites\/5\/2025\/04\/IGSS-Inician-capacitaciones-2025-SITA-2025-1-630x420.jpg\" srcset=\"\/wp-content\/uploads\/sites\/5\/2025\/04\/IGSS-Inician-capacitaciones-2025-SITA-2025-1-630x420.jpg 630w, \/wp-content\/uploads\/sites\/5\/2025\/04\/IGSS-Inician-capacitaciones-2025-SITA-2025-1-300x200.jpg 300w, \/wp-content\/uploads\/sites\/5\/2025\/04\/IGSS-Inician-capacitaciones-2025-SITA-2025-1-1024x682.jpg 1024w, \/wp-content\/uploads\/sites\/5\/2025\/04\/IGSS-Inician-capacitaciones-2025-SITA-2025-1-768x512.jpg 768w, \/wp-content\/uploads\/sites\/5\/2025\/04\/IGSS-Inician-capacitaciones-2025-SITA-2025-1-1536x1023.jpg 1536w, \/wp-content\/uploads\/sites\/5\/2025\/04\/IGSS-Inician-capacitaciones-2025-SITA-2025-1-696x464.jpg 696w, \/wp-content\/uploads\/sites\/5\/2025\/04\/IGSS-Inician-capacitaciones-2025-SITA-2025-1-1068x712.jpg 1068w, \/wp-content\/uploads\/sites\/5\/2025\/04\/IGSS-Inician-capacitaciones-2025-SITA-2025-1-534x356.jpg 534w, \/wp-content\/uploads\/sites\/5\/2025\/04\/IGSS-Inician-capacitaciones-2025-SITA-2025-1.jpg 1600w\" sizes=\"(max-width: 630px) 100vw, 630px\" alt=\"\">\r\n                            <\/a>\r\n                            \r\n                        <\/figure>\r\n                    <\/div>\r\n                    <div class = \"td-slide-item td-item3\">\r\n                        <figure class=\"td-slide-galery-figure td-slide-popup-gallery\">\r\n                            <a class=\"slide-gallery-image-link\" href=\"\/wp-content\/uploads\/sites\/5\/2025\/04\/IGSS-Inician-capacitaciones-2025-SITA-2025-4.jpg\" title=\"IGSS Inician capacitaciones 2025 SITA - 2025 4\"  data-caption=\"\"  data-description=\"\">\r\n                                <img decoding=\"async\" src=\"\/wp-content\/uploads\/sites\/5\/2025\/04\/IGSS-Inician-capacitaciones-2025-SITA-2025-4-630x420.jpg\" srcset=\"\/wp-content\/uploads\/sites\/5\/2025\/04\/IGSS-Inician-capacitaciones-2025-SITA-2025-4-630x420.jpg 630w, \/wp-content\/uploads\/sites\/5\/2025\/04\/IGSS-Inician-capacitaciones-2025-SITA-2025-4-300x200.jpg 300w, \/wp-content\/uploads\/sites\/5\/2025\/04\/IGSS-Inician-capacitaciones-2025-SITA-2025-4-1024x682.jpg 1024w, \/wp-content\/uploads\/sites\/5\/2025\/04\/IGSS-Inician-capacitaciones-2025-SITA-2025-4-768x512.jpg 768w, \/wp-content\/uploads\/sites\/5\/2025\/04\/IGSS-Inician-capacitaciones-2025-SITA-2025-4-1536x1023.jpg 1536w, \/wp-content\/uploads\/sites\/5\/2025\/04\/IGSS-Inician-capacitaciones-2025-SITA-2025-4-696x464.jpg 696w, \/wp-content\/uploads\/sites\/5\/2025\/04\/IGSS-Inician-capacitaciones-2025-SITA-2025-4-1068x712.jpg 1068w, \/wp-content\/uploads\/sites\/5\/2025\/04\/IGSS-Inician-capacitaciones-2025-SITA-2025-4-534x356.jpg 534w, \/wp-content\/uploads\/sites\/5\/2025\/04\/IGSS-Inician-capacitaciones-2025-SITA-2025-4.jpg 1600w\" sizes=\"(max-width: 630px) 100vw, 630px\" alt=\"\">\r\n                            <\/a>\r\n                            \r\n                        <\/figure>\r\n                    <\/div>\r\n                    <div class = \"td-slide-item td-item4\">\r\n                        <figure class=\"td-slide-galery-figure td-slide-popup-gallery\">\r\n                            <a class=\"slide-gallery-image-link\" href=\"\/wp-content\/uploads\/sites\/5\/2025\/04\/IGSS-Inician-capacitaciones-2025-SITA-2025-5.jpg\" title=\"IGSS Inician capacitaciones 2025 SITA - 2025 5\"  data-caption=\"\"  data-description=\"\">\r\n                                <img decoding=\"async\" src=\"\/wp-content\/uploads\/sites\/5\/2025\/04\/IGSS-Inician-capacitaciones-2025-SITA-2025-5-630x420.jpg\" srcset=\"\/wp-content\/uploads\/sites\/5\/2025\/04\/IGSS-Inician-capacitaciones-2025-SITA-2025-5-630x420.jpg 630w, \/wp-content\/uploads\/sites\/5\/2025\/04\/IGSS-Inician-capacitaciones-2025-SITA-2025-5-300x200.jpg 300w, \/wp-content\/uploads\/sites\/5\/2025\/04\/IGSS-Inician-capacitaciones-2025-SITA-2025-5-1024x682.jpg 1024w, \/wp-content\/uploads\/sites\/5\/2025\/04\/IGSS-Inician-capacitaciones-2025-SITA-2025-5-768x512.jpg 768w, \/wp-content\/uploads\/sites\/5\/2025\/04\/IGSS-Inician-capacitaciones-2025-SITA-2025-5-1536x1023.jpg 1536w, \/wp-content\/uploads\/sites\/5\/2025\/04\/IGSS-Inician-capacitaciones-2025-SITA-2025-5-696x464.jpg 696w, \/wp-content\/uploads\/sites\/5\/2025\/04\/IGSS-Inician-capacitaciones-2025-SITA-2025-5-1068x712.jpg 1068w, \/wp-content\/uploads\/sites\/5\/2025\/04\/IGSS-Inician-capacitaciones-2025-SITA-2025-5-534x356.jpg 534w, \/wp-content\/uploads\/sites\/5\/2025\/04\/IGSS-Inician-capacitaciones-2025-SITA-2025-5.jpg 1600w\" sizes=\"(max-width: 630px) 100vw, 630px\" alt=\"\">\r\n                            <\/a>\r\n                            \r\n                        <\/figure>\r\n                    <\/div>\r\n                    <div class = \"td-slide-item td-item5\">\r\n                        <figure class=\"td-slide-galery-figure td-slide-popup-gallery\">\r\n                            <a class=\"slide-gallery-image-link\" href=\"\/wp-content\/uploads\/sites\/5\/2025\/04\/IGSS-Inician-capacitaciones-2025-SITA-2025-8.jpg\" title=\"IGSS Inician capacitaciones 2025 SITA - 2025 8\"  data-caption=\"\"  data-description=\"\">\r\n                                <img decoding=\"async\" src=\"\/wp-content\/uploads\/sites\/5\/2025\/04\/IGSS-Inician-capacitaciones-2025-SITA-2025-8-630x420.jpg\" srcset=\"\/wp-content\/uploads\/sites\/5\/2025\/04\/IGSS-Inician-capacitaciones-2025-SITA-2025-8-630x420.jpg 630w, \/wp-content\/uploads\/sites\/5\/2025\/04\/IGSS-Inician-capacitaciones-2025-SITA-2025-8-300x200.jpg 300w, \/wp-content\/uploads\/sites\/5\/2025\/04\/IGSS-Inician-capacitaciones-2025-SITA-2025-8-1024x682.jpg 1024w, \/wp-content\/uploads\/sites\/5\/2025\/04\/IGSS-Inician-capacitaciones-2025-SITA-2025-8-768x512.jpg 768w, \/wp-content\/uploads\/sites\/5\/2025\/04\/IGSS-Inician-capacitaciones-2025-SITA-2025-8-1536x1023.jpg 1536w, \/wp-content\/uploads\/sites\/5\/2025\/04\/IGSS-Inician-capacitaciones-2025-SITA-2025-8-696x464.jpg 696w, \/wp-content\/uploads\/sites\/5\/2025\/04\/IGSS-Inician-capacitaciones-2025-SITA-2025-8-1068x712.jpg 1068w, \/wp-content\/uploads\/sites\/5\/2025\/04\/IGSS-Inician-capacitaciones-2025-SITA-2025-8-534x356.jpg 534w, \/wp-content\/uploads\/sites\/5\/2025\/04\/IGSS-Inician-capacitaciones-2025-SITA-2025-8.jpg 1600w\" sizes=\"(max-width: 630px) 100vw, 630px\" alt=\"\">\r\n                            <\/a>\r\n                            \r\n                        <\/figure>\r\n                    <\/div>\r\n                    <div class = \"td-slide-item td-item6\">\r\n                        <figure class=\"td-slide-galery-figure td-slide-popup-gallery\">\r\n                            <a class=\"slide-gallery-image-link\" href=\"\/wp-content\/uploads\/sites\/5\/2025\/04\/IGSS-Inician-capacitaciones-2025-SITA-2025-9.jpg\" title=\"IGSS Inician capacitaciones 2025 SITA - 2025 9\"  data-caption=\"\"  data-description=\"\">\r\n                                <img decoding=\"async\" src=\"\/wp-content\/uploads\/sites\/5\/2025\/04\/IGSS-Inician-capacitaciones-2025-SITA-2025-9-630x420.jpg\" srcset=\"\/wp-content\/uploads\/sites\/5\/2025\/04\/IGSS-Inician-capacitaciones-2025-SITA-2025-9-630x420.jpg 630w, \/wp-content\/uploads\/sites\/5\/2025\/04\/IGSS-Inician-capacitaciones-2025-SITA-2025-9-300x200.jpg 300w, \/wp-content\/uploads\/sites\/5\/2025\/04\/IGSS-Inician-capacitaciones-2025-SITA-2025-9-1024x682.jpg 1024w, \/wp-content\/uploads\/sites\/5\/2025\/04\/IGSS-Inician-capacitaciones-2025-SITA-2025-9-768x512.jpg 768w, \/wp-content\/uploads\/sites\/5\/2025\/04\/IGSS-Inician-capacitaciones-2025-SITA-2025-9-1536x1023.jpg 1536w, \/wp-content\/uploads\/sites\/5\/2025\/04\/IGSS-Inician-capacitaciones-2025-SITA-2025-9-696x464.jpg 696w, \/wp-content\/uploads\/sites\/5\/2025\/04\/IGSS-Inician-capacitaciones-2025-SITA-2025-9-1068x712.jpg 1068w, \/wp-content\/uploads\/sites\/5\/2025\/04\/IGSS-Inician-capacitaciones-2025-SITA-2025-9-534x356.jpg 534w, \/wp-content\/uploads\/sites\/5\/2025\/04\/IGSS-Inician-capacitaciones-2025-SITA-2025-9.jpg 1600w\" sizes=\"(max-width: 630px) 100vw, 630px\" alt=\"\">\r\n                            <\/a>\r\n                            \r\n                        <\/figure>\r\n                    <\/div>\r\n                    <div class = \"td-slide-item td-item7\">\r\n                        <figure class=\"td-slide-galery-figure td-slide-popup-gallery\">\r\n                            <a class=\"slide-gallery-image-link\" href=\"\/wp-content\/uploads\/sites\/5\/2025\/04\/IGSS-Inician-capacitaciones-2025-SITA-2025-7.jpg\" title=\"IGSS Inician capacitaciones 2025 SITA - 2025 7\"  data-caption=\"\"  data-description=\"\">\r\n                                <img decoding=\"async\" src=\"\/wp-content\/uploads\/sites\/5\/2025\/04\/IGSS-Inician-capacitaciones-2025-SITA-2025-7-630x420.jpg\" srcset=\"\/wp-content\/uploads\/sites\/5\/2025\/04\/IGSS-Inician-capacitaciones-2025-SITA-2025-7-630x420.jpg 630w, \/wp-content\/uploads\/sites\/5\/2025\/04\/IGSS-Inician-capacitaciones-2025-SITA-2025-7-300x200.jpg 300w, \/wp-content\/uploads\/sites\/5\/2025\/04\/IGSS-Inician-capacitaciones-2025-SITA-2025-7-1024x682.jpg 1024w, \/wp-content\/uploads\/sites\/5\/2025\/04\/IGSS-Inician-capacitaciones-2025-SITA-2025-7-768x512.jpg 768w, \/wp-content\/uploads\/sites\/5\/2025\/04\/IGSS-Inician-capacitaciones-2025-SITA-2025-7-1536x1023.jpg 1536w, \/wp-content\/uploads\/sites\/5\/2025\/04\/IGSS-Inician-capacitaciones-2025-SITA-2025-7-696x464.jpg 696w, \/wp-content\/uploads\/sites\/5\/2025\/04\/IGSS-Inician-capacitaciones-2025-SITA-2025-7-1068x712.jpg 1068w, \/wp-content\/uploads\/sites\/5\/2025\/04\/IGSS-Inician-capacitaciones-2025-SITA-2025-7-534x356.jpg 534w, \/wp-content\/uploads\/sites\/5\/2025\/04\/IGSS-Inician-capacitaciones-2025-SITA-2025-7.jpg 1600w\" sizes=\"(max-width: 630px) 100vw, 630px\" alt=\"\">\r\n                            <\/a>\r\n                            \r\n                        <\/figure>\r\n                    <\/div>\r\n                    <div class = \"td-slide-item td-item8\">\r\n                        <figure class=\"td-slide-galery-figure td-slide-popup-gallery\">\r\n                            <a class=\"slide-gallery-image-link\" href=\"\/wp-content\/uploads\/sites\/5\/2025\/04\/IGSS-Inician-capacitaciones-2025-SITA-2025-10.jpg\" title=\"IGSS Inician capacitaciones 2025 SITA - 2025 10\"  data-caption=\"\"  data-description=\"\">\r\n                                <img decoding=\"async\" src=\"\/wp-content\/uploads\/sites\/5\/2025\/04\/IGSS-Inician-capacitaciones-2025-SITA-2025-10-630x420.jpg\" srcset=\"\/wp-content\/uploads\/sites\/5\/2025\/04\/IGSS-Inician-capacitaciones-2025-SITA-2025-10-630x420.jpg 630w, \/wp-content\/uploads\/sites\/5\/2025\/04\/IGSS-Inician-capacitaciones-2025-SITA-2025-10-300x200.jpg 300w, \/wp-content\/uploads\/sites\/5\/2025\/04\/IGSS-Inician-capacitaciones-2025-SITA-2025-10-1024x682.jpg 1024w, \/wp-content\/uploads\/sites\/5\/2025\/04\/IGSS-Inician-capacitaciones-2025-SITA-2025-10-768x512.jpg 768w, \/wp-content\/uploads\/sites\/5\/2025\/04\/IGSS-Inician-capacitaciones-2025-SITA-2025-10-1536x1023.jpg 1536w, \/wp-content\/uploads\/sites\/5\/2025\/04\/IGSS-Inician-capacitaciones-2025-SITA-2025-10-696x464.jpg 696w, \/wp-content\/uploads\/sites\/5\/2025\/04\/IGSS-Inician-capacitaciones-2025-SITA-2025-10-1068x712.jpg 1068w, \/wp-content\/uploads\/sites\/5\/2025\/04\/IGSS-Inician-capacitaciones-2025-SITA-2025-10-534x356.jpg 534w, \/wp-content\/uploads\/sites\/5\/2025\/04\/IGSS-Inician-capacitaciones-2025-SITA-2025-10.jpg 1600w\" sizes=\"(max-width: 630px) 100vw, 630px\" alt=\"\">\r\n                            <\/a>\r\n                            \r\n                        <\/figure>\r\n                    <\/div>\r\n                            <\/div>\r\n                        <\/div>\r\n\r\n                        <div class = \"td-doubleSlider-2\">\r\n                            <div class = \"td-slider\">\r\n                                \r\n                    <div class = \"td-button td-item1\">\r\n                        <div class = \"td-border\"><\/div>\r\n                    <\/div>\r\n                    <div class = \"td-button td-item2\">\r\n                        <div class = \"td-border\"><\/div>\r\n                    <\/div>\r\n                    <div class = \"td-button td-item3\">\r\n                        <div class = \"td-border\"><\/div>\r\n                    <\/div>\r\n                    <div class = \"td-button td-item4\">\r\n                        <div class = \"td-border\"><\/div>\r\n                    <\/div>\r\n                    <div class = \"td-button td-item5\">\r\n                        <div class = \"td-border\"><\/div>\r\n                    <\/div>\r\n                    <div class = \"td-button td-item6\">\r\n                        <div class = \"td-border\"><\/div>\r\n                    <\/div>\r\n                    <div class = \"td-button td-item7\">\r\n                        <div class = \"td-border\"><\/div>\r\n                    <\/div>\r\n                    <div class = \"td-button td-item8\">\r\n                        <div class = \"td-border\"><\/div>\r\n                    <\/div>\r\n                            <\/div>\r\n                        <\/div>\r\n\r\n                    <\/div>\r\n\r\n                <\/div>\r\n                \n","protected":false},"excerpt":{"rendered":"<p>El Instituto Guatemalteco de Seguridad Social (IGSS), fiel a su \u00a0compromiso con la \u00e9tica y la transparencia a trav\u00e9s del programa de formaci\u00f3n 2025 de la Subgerencia de Integridad y Transparencia Administrativa (SITA), inicia con el ciclo de capacitaciones de este a\u00f1o. Este esfuerzo tiene como prop\u00f3sito fortalecer los principios de honestidad, responsabilidad y servicio [&hellip;]<\/p>\n","protected":false},"author":3269,"featured_media":47323,"comment_status":"closed","ping_status":"closed","sticky":false,"template":"","format":"standard","meta":{"footnotes":""},"categories":[3,4,15,19],"tags":[1113,1752,490],"coauthors":[],"class_list":{"0":"post-47322","1":"post","2":"type-post","3":"status-publish","4":"format-standard","5":"has-post-thumbnail","7":"category-actualidad","8":"category-afiliados","9":"category-destacado","10":"category-integridad-y-trasparencia","11":"tag-codigo-de-etica","12":"tag-cultura-de-etica-institucional","13":"tag-igss"},"_links":{"self":[{"href":"https:\/\/www.igssgt.org\/noticias\/wp-json\/wp\/v2\/posts\/47322","targetHints":{"allow":["GET"]}}],"collection":[{"href":"https:\/\/www.igssgt.org\/noticias\/wp-json\/wp\/v2\/posts"}],"about":[{"href":"https:\/\/www.igssgt.org\/noticias\/wp-json\/wp\/v2\/types\/post"}],"author":[{"embeddable":true,"href":"https:\/\/www.igssgt.org\/noticias\/wp-json\/wp\/v2\/users\/3269"}],"replies":[{"embeddable":true,"href":"https:\/\/www.igssgt.org\/noticias\/wp-json\/wp\/v2\/comments?post=47322"}],"version-history":[{"count":2,"href":"https:\/\/www.igssgt.org\/noticias\/wp-json\/wp\/v2\/posts\/47322\/revisions"}],"predecessor-version":[{"id":47336,"href":"https:\/\/www.igssgt.org\/noticias\/wp-json\/wp\/v2\/posts\/47322\/revisions\/47336"}],"wp:featuredmedia":[{"embeddable":true,"href":"https:\/\/www.igssgt.org\/noticias\/wp-json\/wp\/v2\/media\/47323"}],"wp:attachment":[{"href":"https:\/\/www.igssgt.org\/noticias\/wp-json\/wp\/v2\/media?parent=47322"}],"wp:term":[{"taxonomy":"category","embeddable":true,"href":"https:\/\/www.igssgt.org\/noticias\/wp-json\/wp\/v2\/categories?post=47322"},{"taxonomy":"post_tag","embeddable":true,"href":"https:\/\/www.igssgt.org\/noticias\/wp-json\/wp\/v2\/tags?post=47322"},{"taxonomy":"author","embeddable":true,"href":"https:\/\/www.igssgt.org\/noticias\/wp-json\/wp\/v2\/coauthors?post=47322"}],"curies":[{"name":"wp","href":"https:\/\/api.w.org\/{rel}","templated":true}]}}