{"id":47337,"date":"2025-04-13T08:15:00","date_gmt":"2025-04-13T14:15:00","guid":{"rendered":"https:\/\/www.igssgt.org\/noticias\/?p=47337"},"modified":"2025-04-13T12:17:27","modified_gmt":"2025-04-13T18:17:27","slug":"conduzca-su-moto-con-responsabilidad-y-disfrute-de-la-semana-santa","status":"publish","type":"post","link":"https:\/\/www.igssgt.org\/noticias\/2025\/04\/13\/conduzca-su-moto-con-responsabilidad-y-disfrute-de-la-semana-santa\/","title":{"rendered":"Conduzca su moto con responsabilidad y disfrute de la Semana Santa"},"content":{"rendered":"\n<p class=\"has-drop-cap\">La Semana Mayor es una de las \u00e9pocas del a\u00f1o con mayor movimiento en calles y carreteras, ya que miles de guatemaltecos viajan para disfrutar del descanso, visitar a sus familias o participar en diferentes actividades.<\/p>\n\n\n\n<p>Sin embargo, tambi\u00e9n es una de las temporadas con mayor n\u00famero de accidentes viales, entre ellos, y en aumento, de motociclistas.<\/p>\n<figure id=\"attachment_47339\" aria-describedby=\"caption-attachment-47339\" style=\"width: 700px\" class=\"wp-caption alignnone\"><img loading=\"lazy\" decoding=\"async\" class=\"wp-image-47339\" src=\"\/wp-content\/uploads\/sites\/5\/2025\/04\/IGSS-Prevencion-motos-Semana-Santa-2025-2025-1-200x300.jpg\" alt=\"\" width=\"700\" height=\"1050\" srcset=\"\/wp-content\/uploads\/sites\/5\/2025\/04\/IGSS-Prevencion-motos-Semana-Santa-2025-2025-1-200x300.jpg 200w, \/wp-content\/uploads\/sites\/5\/2025\/04\/IGSS-Prevencion-motos-Semana-Santa-2025-2025-1-683x1024.jpg 683w, \/wp-content\/uploads\/sites\/5\/2025\/04\/IGSS-Prevencion-motos-Semana-Santa-2025-2025-1-768x1152.jpg 768w, \/wp-content\/uploads\/sites\/5\/2025\/04\/IGSS-Prevencion-motos-Semana-Santa-2025-2025-1-1024x1536.jpg 1024w, \/wp-content\/uploads\/sites\/5\/2025\/04\/IGSS-Prevencion-motos-Semana-Santa-2025-2025-1-1365x2048.jpg 1365w, \/wp-content\/uploads\/sites\/5\/2025\/04\/IGSS-Prevencion-motos-Semana-Santa-2025-2025-1-280x420.jpg 280w, \/wp-content\/uploads\/sites\/5\/2025\/04\/IGSS-Prevencion-motos-Semana-Santa-2025-2025-1-696x1044.jpg 696w, \/wp-content\/uploads\/sites\/5\/2025\/04\/IGSS-Prevencion-motos-Semana-Santa-2025-2025-1-1068x1602.jpg 1068w, \/wp-content\/uploads\/sites\/5\/2025\/04\/IGSS-Prevencion-motos-Semana-Santa-2025-2025-1-1920x2880.jpg 1920w, \/wp-content\/uploads\/sites\/5\/2025\/04\/IGSS-Prevencion-motos-Semana-Santa-2025-2025-1-308x462.jpg 308w, \/wp-content\/uploads\/sites\/5\/2025\/04\/IGSS-Prevencion-motos-Semana-Santa-2025-2025-1-scaled.jpg 1707w\" sizes=\"auto, (max-width: 700px) 100vw, 700px\" \/><figcaption id=\"caption-attachment-47339\" class=\"wp-caption-text\">Un casco puede salvarle la vida. \u00a1\u00daselo siempre, tanto conductor como pasajero!<\/figcaption><\/figure>\n<p>Los hospitales reportan que la mayor\u00eda de los accidentes de tr\u00e1nsito involucran motos, representando hasta el 95 % de los ingresos diarios por este tipo de emergencias.<\/p>\n<p>Las causas m\u00e1s frecuentes son la imprudencia, la falta de experiencia y el incumplimiento de las normas de tr\u00e1nsito.<\/p>\n<figure id=\"attachment_47340\" aria-describedby=\"caption-attachment-47340\" style=\"width: 717px\" class=\"wp-caption alignnone\"><img loading=\"lazy\" decoding=\"async\" class=\"wp-image-47340\" src=\"\/wp-content\/uploads\/sites\/5\/2025\/04\/IGSS-Prevencion-motos-Semana-Santa-2025-2025-2-300x169.jpg\" alt=\"\" width=\"717\" height=\"404\" srcset=\"\/wp-content\/uploads\/sites\/5\/2025\/04\/IGSS-Prevencion-motos-Semana-Santa-2025-2025-2-300x169.jpg 300w, \/wp-content\/uploads\/sites\/5\/2025\/04\/IGSS-Prevencion-motos-Semana-Santa-2025-2025-2-696x393.jpg 696w, \/wp-content\/uploads\/sites\/5\/2025\/04\/IGSS-Prevencion-motos-Semana-Santa-2025-2025-2-534x301.jpg 534w, \/wp-content\/uploads\/sites\/5\/2025\/04\/IGSS-Prevencion-motos-Semana-Santa-2025-2025-2.jpg 744w\" sizes=\"auto, (max-width: 717px) 100vw, 717px\" \/><figcaption id=\"caption-attachment-47340\" class=\"wp-caption-text\">Evite maniobras riesgosas. Lo importante es llegar, no correr.<\/figcaption><\/figure>\n<p>En esta Semana Santa, el personal m\u00e9dico del IGSS hace un llamado a la prevenci\u00f3n y a la conducci\u00f3n responsable, tomando en cuenta lo siguiente:<\/p>\n<ul>\n<li>Usar siempre casco, tanto conductor como pasajero<\/li>\n<li>Encender luces de noche, o con lluvia<\/li>\n<li>No llevar m\u00e1s de dos personas<\/li>\n<li>No transportar ni\u00f1os<\/li>\n<li>Mantener distancia y evitar maniobras peligrosas<\/li>\n<\/ul>\n<p>Adem\u00e1s del dolor humano y las secuelas f\u00edsicas que dejan los accidentes, el impacto en el sistema de salud tambi\u00e9n es considerable.<\/p>\n<p>Atender un paciente grave puede costar hasta Q100 mil debido al uso de unidades de cuidados intensivos, intervenciones quir\u00fargicas y personal m\u00e9dico especializado.<\/p>\n<figure id=\"attachment_47341\" aria-describedby=\"caption-attachment-47341\" style=\"width: 710px\" class=\"wp-caption alignnone\"><img loading=\"lazy\" decoding=\"async\" class=\"wp-image-47341\" src=\"\/wp-content\/uploads\/sites\/5\/2025\/04\/IGSS-Prevencion-motos-Semana-Santa-2025-2025-3-300x212.jpg\" alt=\"\" width=\"710\" height=\"502\" srcset=\"\/wp-content\/uploads\/sites\/5\/2025\/04\/IGSS-Prevencion-motos-Semana-Santa-2025-2025-3-300x212.jpg 300w, \/wp-content\/uploads\/sites\/5\/2025\/04\/IGSS-Prevencion-motos-Semana-Santa-2025-2025-3-1024x725.jpg 1024w, \/wp-content\/uploads\/sites\/5\/2025\/04\/IGSS-Prevencion-motos-Semana-Santa-2025-2025-3-768x544.jpg 768w, \/wp-content\/uploads\/sites\/5\/2025\/04\/IGSS-Prevencion-motos-Semana-Santa-2025-2025-3-593x420.jpg 593w, \/wp-content\/uploads\/sites\/5\/2025\/04\/IGSS-Prevencion-motos-Semana-Santa-2025-2025-3-696x493.jpg 696w, \/wp-content\/uploads\/sites\/5\/2025\/04\/IGSS-Prevencion-motos-Semana-Santa-2025-2025-3-100x70.jpg 100w, \/wp-content\/uploads\/sites\/5\/2025\/04\/IGSS-Prevencion-motos-Semana-Santa-2025-2025-3-534x378.jpg 534w, \/wp-content\/uploads\/sites\/5\/2025\/04\/IGSS-Prevencion-motos-Semana-Santa-2025-2025-3.jpg 1068w\" sizes=\"auto, (max-width: 710px) 100vw, 710px\" \/><figcaption id=\"caption-attachment-47341\" class=\"wp-caption-text\">La moto no es para toda la familia. No exponga a ni\u00f1os ni sobrecargue su veh\u00edculo.<\/figcaption><\/figure>\n<p>En hospitales como el de Accidentes Ceibal, se cuenta con un equipo multidisciplinario que trabaja sin descanso para atender estas emergencias, pero la prevenci\u00f3n sigue siendo la herramienta m\u00e1s efectiva para salvar vidas.<\/p>\n<p>Recuerde: La moto no es un veh\u00edculo familiar. Viaje solo si es necesario y siempre cumpliendo con las normas viales y de seguridad.<\/p>\n<p>Una decisi\u00f3n responsable puede marcar la diferencia entre la vida y la muerte. Esta Semana Santa cuide su vida y la de los suyos. Conducir con responsabilidad no es solo una obligaci\u00f3n legal, sino un acto de amor por quienes lo esperan en casa.<\/p>\n<p>\u00a0<\/p>\n\r\n                <style type=\"text\/css\">\r\n                    \r\n                    #tdi_1  .td-doubleSlider-2 .td-item1 {\r\n                        background: url(\/wp-content\/uploads\/sites\/5\/2025\/04\/IGSS-Prevencion-motos-Semana-Santa-2025-2025-4-80x60.jpg) 0 0 no-repeat;\r\n                    }\r\n                    #tdi_1  .td-doubleSlider-2 .td-item2 {\r\n                        background: url(\/wp-content\/uploads\/sites\/5\/2025\/04\/IGSS-Prevencion-motos-Semana-Santa-2025-2025-5-80x60.jpg) 0 0 no-repeat;\r\n                    }\r\n                    #tdi_1  .td-doubleSlider-2 .td-item3 {\r\n                        background: url(\/wp-content\/uploads\/sites\/5\/2025\/04\/IGSS-Prevencion-motos-Semana-Santa-2025-2025-6-80x60.jpg) 0 0 no-repeat;\r\n                    }\r\n                    #tdi_1  .td-doubleSlider-2 .td-item4 {\r\n                        background: url(\/wp-content\/uploads\/sites\/5\/2025\/04\/IGSS-Prevencion-motos-Semana-Santa-2025-2025-7-80x60.jpg) 0 0 no-repeat;\r\n                    }\r\n                    #tdi_1  .td-doubleSlider-2 .td-item5 {\r\n                        background: url(\/wp-content\/uploads\/sites\/5\/2025\/04\/IGSS-Prevencion-motos-Semana-Santa-2025-2025-8-80x60.jpg) 0 0 no-repeat;\r\n                    }\r\n                    #tdi_1  .td-doubleSlider-2 .td-item6 {\r\n                        background: url(\/wp-content\/uploads\/sites\/5\/2025\/04\/IGSS-Prevencion-motos-Semana-Santa-2025-2025-9-80x60.jpg) 0 0 no-repeat;\r\n                    }\r\n                <\/style>\r\n\r\n                <div id=\"tdi_1\" class=\"td-gallery td-slide-on-2-columns\">\r\n                    <div class=\"post_td_gallery\">\r\n                        <div class=\"td-gallery-slide-top\">\r\n                           <div class=\"td-gallery-title\">M\u00e1s fotos:<\/div>\r\n\r\n                            <div class=\"td-gallery-controls-wrapper\">\r\n                                <div class=\"td-gallery-slide-count\"><span class=\"td-gallery-slide-item-focus\">1<\/span> de 6<\/div>\r\n                                <div class=\"td-gallery-slide-prev-next-but\">\r\n                                    <i class = \"td-icon-left doubleSliderPrevButton\"><\/i>\r\n                                    <i class = \"td-icon-right doubleSliderNextButton\"><\/i>\r\n                                <\/div>\r\n                            <\/div>\r\n                        <\/div>\r\n\r\n                        <div class = \"td-doubleSlider-1 \">\r\n                            <div class = \"td-slider\">\r\n                                \r\n                    <div class = \"td-slide-item td-item1\">\r\n                        <figure class=\"td-slide-galery-figure td-slide-popup-gallery\">\r\n                            <a class=\"slide-gallery-image-link\" href=\"\/wp-content\/uploads\/sites\/5\/2025\/04\/IGSS-Prevencion-motos-Semana-Santa-2025-2025-4.jpg\" title=\"IGSS Prevencio\u0301n motos Semana Santa 2025 - 2025 4\"  data-caption=\"\"  data-description=\"\">\r\n                                <img decoding=\"async\" src=\"\/wp-content\/uploads\/sites\/5\/2025\/04\/IGSS-Prevencion-motos-Semana-Santa-2025-2025-4-630x420.jpg\" srcset=\"\/wp-content\/uploads\/sites\/5\/2025\/04\/IGSS-Prevencion-motos-Semana-Santa-2025-2025-4-630x420.jpg 630w, \/wp-content\/uploads\/sites\/5\/2025\/04\/IGSS-Prevencion-motos-Semana-Santa-2025-2025-4-300x200.jpg 300w, \/wp-content\/uploads\/sites\/5\/2025\/04\/IGSS-Prevencion-motos-Semana-Santa-2025-2025-4-696x464.jpg 696w, \/wp-content\/uploads\/sites\/5\/2025\/04\/IGSS-Prevencion-motos-Semana-Santa-2025-2025-4-534x356.jpg 534w, \/wp-content\/uploads\/sites\/5\/2025\/04\/IGSS-Prevencion-motos-Semana-Santa-2025-2025-4.jpg 768w\" sizes=\"(max-width: 630px) 100vw, 630px\" alt=\"\">\r\n                            <\/a>\r\n                            \r\n                        <\/figure>\r\n                    <\/div>\r\n                    <div class = \"td-slide-item td-item2\">\r\n                        <figure class=\"td-slide-galery-figure td-slide-popup-gallery\">\r\n                            <a class=\"slide-gallery-image-link\" href=\"\/wp-content\/uploads\/sites\/5\/2025\/04\/IGSS-Prevencion-motos-Semana-Santa-2025-2025-5-scaled.jpg\" title=\"IGSS Prevencio\u0301n motos Semana Santa 2025 - 2025 5\"  data-caption=\"\"  data-description=\"\">\r\n                                <img decoding=\"async\" src=\"\/wp-content\/uploads\/sites\/5\/2025\/04\/IGSS-Prevencion-motos-Semana-Santa-2025-2025-5-630x420.jpg\" srcset=\"\/wp-content\/uploads\/sites\/5\/2025\/04\/IGSS-Prevencion-motos-Semana-Santa-2025-2025-5-630x420.jpg 630w, \/wp-content\/uploads\/sites\/5\/2025\/04\/IGSS-Prevencion-motos-Semana-Santa-2025-2025-5-300x200.jpg 300w, \/wp-content\/uploads\/sites\/5\/2025\/04\/IGSS-Prevencion-motos-Semana-Santa-2025-2025-5-1024x683.jpg 1024w, \/wp-content\/uploads\/sites\/5\/2025\/04\/IGSS-Prevencion-motos-Semana-Santa-2025-2025-5-768x512.jpg 768w, \/wp-content\/uploads\/sites\/5\/2025\/04\/IGSS-Prevencion-motos-Semana-Santa-2025-2025-5-1536x1024.jpg 1536w, \/wp-content\/uploads\/sites\/5\/2025\/04\/IGSS-Prevencion-motos-Semana-Santa-2025-2025-5-2048x1365.jpg 2048w, \/wp-content\/uploads\/sites\/5\/2025\/04\/IGSS-Prevencion-motos-Semana-Santa-2025-2025-5-696x464.jpg 696w, \/wp-content\/uploads\/sites\/5\/2025\/04\/IGSS-Prevencion-motos-Semana-Santa-2025-2025-5-1068x712.jpg 1068w, \/wp-content\/uploads\/sites\/5\/2025\/04\/IGSS-Prevencion-motos-Semana-Santa-2025-2025-5-1920x1280.jpg 1920w, \/wp-content\/uploads\/sites\/5\/2025\/04\/IGSS-Prevencion-motos-Semana-Santa-2025-2025-5-534x356.jpg 534w\" sizes=\"(max-width: 630px) 100vw, 630px\" alt=\"\">\r\n                            <\/a>\r\n                            \r\n                        <\/figure>\r\n                    <\/div>\r\n                    <div class = \"td-slide-item td-item3\">\r\n                        <figure class=\"td-slide-galery-figure td-slide-popup-gallery\">\r\n                            <a class=\"slide-gallery-image-link\" href=\"\/wp-content\/uploads\/sites\/5\/2025\/04\/IGSS-Prevencion-motos-Semana-Santa-2025-2025-6-scaled.jpg\" title=\"IGSS Prevencio\u0301n motos Semana Santa 2025 - 2025 6\"  data-caption=\"\"  data-description=\"\">\r\n                                <img decoding=\"async\" src=\"\/wp-content\/uploads\/sites\/5\/2025\/04\/IGSS-Prevencion-motos-Semana-Santa-2025-2025-6-280x420.jpg\" srcset=\"\/wp-content\/uploads\/sites\/5\/2025\/04\/IGSS-Prevencion-motos-Semana-Santa-2025-2025-6-280x420.jpg 280w, \/wp-content\/uploads\/sites\/5\/2025\/04\/IGSS-Prevencion-motos-Semana-Santa-2025-2025-6-200x300.jpg 200w, \/wp-content\/uploads\/sites\/5\/2025\/04\/IGSS-Prevencion-motos-Semana-Santa-2025-2025-6-683x1024.jpg 683w, \/wp-content\/uploads\/sites\/5\/2025\/04\/IGSS-Prevencion-motos-Semana-Santa-2025-2025-6-768x1152.jpg 768w, \/wp-content\/uploads\/sites\/5\/2025\/04\/IGSS-Prevencion-motos-Semana-Santa-2025-2025-6-1024x1536.jpg 1024w, \/wp-content\/uploads\/sites\/5\/2025\/04\/IGSS-Prevencion-motos-Semana-Santa-2025-2025-6-1365x2048.jpg 1365w, \/wp-content\/uploads\/sites\/5\/2025\/04\/IGSS-Prevencion-motos-Semana-Santa-2025-2025-6-696x1044.jpg 696w, \/wp-content\/uploads\/sites\/5\/2025\/04\/IGSS-Prevencion-motos-Semana-Santa-2025-2025-6-1068x1602.jpg 1068w, \/wp-content\/uploads\/sites\/5\/2025\/04\/IGSS-Prevencion-motos-Semana-Santa-2025-2025-6-1920x2880.jpg 1920w, \/wp-content\/uploads\/sites\/5\/2025\/04\/IGSS-Prevencion-motos-Semana-Santa-2025-2025-6-308x462.jpg 308w, \/wp-content\/uploads\/sites\/5\/2025\/04\/IGSS-Prevencion-motos-Semana-Santa-2025-2025-6-scaled.jpg 1707w\" sizes=\"(max-width: 280px) 100vw, 280px\" alt=\"\">\r\n                            <\/a>\r\n                            \r\n                        <\/figure>\r\n                    <\/div>\r\n                    <div class = \"td-slide-item td-item4\">\r\n                        <figure class=\"td-slide-galery-figure td-slide-popup-gallery\">\r\n                            <a class=\"slide-gallery-image-link\" href=\"\/wp-content\/uploads\/sites\/5\/2025\/04\/IGSS-Prevencion-motos-Semana-Santa-2025-2025-7.jpg\" title=\"IGSS Prevencio\u0301n motos Semana Santa 2025 - 2025 7\"  data-caption=\"\"  data-description=\"\">\r\n                                <img decoding=\"async\" src=\"\/wp-content\/uploads\/sites\/5\/2025\/04\/IGSS-Prevencion-motos-Semana-Santa-2025-2025-7-611x420.jpg\" srcset=\"\/wp-content\/uploads\/sites\/5\/2025\/04\/IGSS-Prevencion-motos-Semana-Santa-2025-2025-7-611x420.jpg 611w, \/wp-content\/uploads\/sites\/5\/2025\/04\/IGSS-Prevencion-motos-Semana-Santa-2025-2025-7-300x206.jpg 300w, \/wp-content\/uploads\/sites\/5\/2025\/04\/IGSS-Prevencion-motos-Semana-Santa-2025-2025-7-1024x704.jpg 1024w, \/wp-content\/uploads\/sites\/5\/2025\/04\/IGSS-Prevencion-motos-Semana-Santa-2025-2025-7-768x528.jpg 768w, \/wp-content\/uploads\/sites\/5\/2025\/04\/IGSS-Prevencion-motos-Semana-Santa-2025-2025-7-218x150.jpg 218w, \/wp-content\/uploads\/sites\/5\/2025\/04\/IGSS-Prevencion-motos-Semana-Santa-2025-2025-7-696x478.jpg 696w, \/wp-content\/uploads\/sites\/5\/2025\/04\/IGSS-Prevencion-motos-Semana-Santa-2025-2025-7-100x70.jpg 100w, \/wp-content\/uploads\/sites\/5\/2025\/04\/IGSS-Prevencion-motos-Semana-Santa-2025-2025-7-534x367.jpg 534w, \/wp-content\/uploads\/sites\/5\/2025\/04\/IGSS-Prevencion-motos-Semana-Santa-2025-2025-7.jpg 1068w\" sizes=\"(max-width: 611px) 100vw, 611px\" alt=\"\">\r\n                            <\/a>\r\n                            \r\n                        <\/figure>\r\n                    <\/div>\r\n                    <div class = \"td-slide-item td-item5\">\r\n                        <figure class=\"td-slide-galery-figure td-slide-popup-gallery\">\r\n                            <a class=\"slide-gallery-image-link\" href=\"\/wp-content\/uploads\/sites\/5\/2025\/04\/IGSS-Prevencion-motos-Semana-Santa-2025-2025-8.jpg\" title=\"IGSS Prevencio\u0301n motos Semana Santa 2025 - 2025 8\"  data-caption=\"\"  data-description=\"\">\r\n                                <img decoding=\"async\" src=\"\/wp-content\/uploads\/sites\/5\/2025\/04\/IGSS-Prevencion-motos-Semana-Santa-2025-2025-8.jpg\" srcset=\"\/wp-content\/uploads\/sites\/5\/2025\/04\/IGSS-Prevencion-motos-Semana-Santa-2025-2025-8.jpg 560w, \/wp-content\/uploads\/sites\/5\/2025\/04\/IGSS-Prevencion-motos-Semana-Santa-2025-2025-8-300x225.jpg 300w, \/wp-content\/uploads\/sites\/5\/2025\/04\/IGSS-Prevencion-motos-Semana-Santa-2025-2025-8-80x60.jpg 80w, \/wp-content\/uploads\/sites\/5\/2025\/04\/IGSS-Prevencion-motos-Semana-Santa-2025-2025-8-265x198.jpg 265w, \/wp-content\/uploads\/sites\/5\/2025\/04\/IGSS-Prevencion-motos-Semana-Santa-2025-2025-8-534x401.jpg 534w\" sizes=\"(max-width: 560px) 100vw, 560px\" alt=\"\">\r\n                            <\/a>\r\n                            \r\n                        <\/figure>\r\n                    <\/div>\r\n                    <div class = \"td-slide-item td-item6\">\r\n                        <figure class=\"td-slide-galery-figure td-slide-popup-gallery\">\r\n                            <a class=\"slide-gallery-image-link\" href=\"\/wp-content\/uploads\/sites\/5\/2025\/04\/IGSS-Prevencion-motos-Semana-Santa-2025-2025-9.jpg\" title=\"IGSS Prevencio\u0301n motos Semana Santa 2025 - 2025 9\"  data-caption=\"\"  data-description=\"\">\r\n                                <img decoding=\"async\" src=\"\/wp-content\/uploads\/sites\/5\/2025\/04\/IGSS-Prevencion-motos-Semana-Santa-2025-2025-9.jpg\" srcset=\"\/wp-content\/uploads\/sites\/5\/2025\/04\/IGSS-Prevencion-motos-Semana-Santa-2025-2025-9.jpg 560w, \/wp-content\/uploads\/sites\/5\/2025\/04\/IGSS-Prevencion-motos-Semana-Santa-2025-2025-9-300x225.jpg 300w, \/wp-content\/uploads\/sites\/5\/2025\/04\/IGSS-Prevencion-motos-Semana-Santa-2025-2025-9-80x60.jpg 80w, \/wp-content\/uploads\/sites\/5\/2025\/04\/IGSS-Prevencion-motos-Semana-Santa-2025-2025-9-265x198.jpg 265w, \/wp-content\/uploads\/sites\/5\/2025\/04\/IGSS-Prevencion-motos-Semana-Santa-2025-2025-9-534x401.jpg 534w\" sizes=\"(max-width: 560px) 100vw, 560px\" alt=\"\">\r\n                            <\/a>\r\n                            \r\n                        <\/figure>\r\n                    <\/div>\r\n                            <\/div>\r\n                        <\/div>\r\n\r\n                        <div class = \"td-doubleSlider-2\">\r\n                            <div class = \"td-slider\">\r\n                                \r\n                    <div class = \"td-button td-item1\">\r\n                        <div class = \"td-border\"><\/div>\r\n                    <\/div>\r\n                    <div class = \"td-button td-item2\">\r\n                        <div class = \"td-border\"><\/div>\r\n                    <\/div>\r\n                    <div class = \"td-button td-item3\">\r\n                        <div class = \"td-border\"><\/div>\r\n                    <\/div>\r\n                    <div class = \"td-button td-item4\">\r\n                        <div class = \"td-border\"><\/div>\r\n                    <\/div>\r\n                    <div class = \"td-button td-item5\">\r\n                        <div class = \"td-border\"><\/div>\r\n                    <\/div>\r\n                    <div class = \"td-button td-item6\">\r\n                        <div class = \"td-border\"><\/div>\r\n                    <\/div>\r\n                            <\/div>\r\n                        <\/div>\r\n\r\n                    <\/div>\r\n\r\n                <\/div>\r\n                \n","protected":false},"excerpt":{"rendered":"<p>La Semana Mayor es una de las \u00e9pocas del a\u00f1o con mayor movimiento en calles y carreteras, ya que miles de guatemaltecos viajan para disfrutar del descanso, visitar a sus familias o participar en diferentes actividades. Sin embargo, tambi\u00e9n es una de las temporadas con mayor n\u00famero de accidentes viales, entre ellos, y en aumento, [&hellip;]<\/p>\n","protected":false},"author":3269,"featured_media":47338,"comment_status":"closed","ping_status":"closed","sticky":false,"template":"","format":"standard","meta":{"footnotes":""},"categories":[3,4,1130,1291,27,31,1856,33,34,1885,36],"tags":[78,2028,490,2018,2069],"coauthors":[],"class_list":{"0":"post-47337","1":"post","2":"type-post","3":"status-publish","4":"format-standard","5":"has-post-thumbnail","7":"category-actualidad","8":"category-afiliados","9":"category-consejos-medicos","10":"category-prestaciones-en-salud","11":"category-prevencion-en-salud","12":"category-salud","13":"category-semana-santa-segura-y-sin-accidentes","14":"category-servicios-de-salud","15":"category-travel","16":"category-travel-lifestyle","17":"category-unidades-medicas","18":"tag-accidentes-de-transito","19":"tag-accidentes-en-moto","20":"tag-igss","21":"tag-semana-santa-2025","22":"tag-semana-santa-segura"},"_links":{"self":[{"href":"https:\/\/www.igssgt.org\/noticias\/wp-json\/wp\/v2\/posts\/47337","targetHints":{"allow":["GET"]}}],"collection":[{"href":"https:\/\/www.igssgt.org\/noticias\/wp-json\/wp\/v2\/posts"}],"about":[{"href":"https:\/\/www.igssgt.org\/noticias\/wp-json\/wp\/v2\/types\/post"}],"author":[{"embeddable":true,"href":"https:\/\/www.igssgt.org\/noticias\/wp-json\/wp\/v2\/users\/3269"}],"replies":[{"embeddable":true,"href":"https:\/\/www.igssgt.org\/noticias\/wp-json\/wp\/v2\/comments?post=47337"}],"version-history":[{"count":3,"href":"https:\/\/www.igssgt.org\/noticias\/wp-json\/wp\/v2\/posts\/47337\/revisions"}],"predecessor-version":[{"id":47439,"href":"https:\/\/www.igssgt.org\/noticias\/wp-json\/wp\/v2\/posts\/47337\/revisions\/47439"}],"wp:featuredmedia":[{"embeddable":true,"href":"https:\/\/www.igssgt.org\/noticias\/wp-json\/wp\/v2\/media\/47338"}],"wp:attachment":[{"href":"https:\/\/www.igssgt.org\/noticias\/wp-json\/wp\/v2\/media?parent=47337"}],"wp:term":[{"taxonomy":"category","embeddable":true,"href":"https:\/\/www.igssgt.org\/noticias\/wp-json\/wp\/v2\/categories?post=47337"},{"taxonomy":"post_tag","embeddable":true,"href":"https:\/\/www.igssgt.org\/noticias\/wp-json\/wp\/v2\/tags?post=47337"},{"taxonomy":"author","embeddable":true,"href":"https:\/\/www.igssgt.org\/noticias\/wp-json\/wp\/v2\/coauthors?post=47337"}],"curies":[{"name":"wp","href":"https:\/\/api.w.org\/{rel}","templated":true}]}}