{"id":47366,"date":"2025-04-17T06:02:00","date_gmt":"2025-04-17T12:02:00","guid":{"rendered":"https:\/\/www.igssgt.org\/noticias\/?p=47366"},"modified":"2025-04-03T10:21:15","modified_gmt":"2025-04-03T16:21:15","slug":"verano-seguro-proteja-la-salud-de-sus-hijos","status":"publish","type":"post","link":"https:\/\/www.igssgt.org\/noticias\/2025\/04\/17\/verano-seguro-proteja-la-salud-de-sus-hijos\/","title":{"rendered":"Verano seguro: proteja la salud de sus hijos"},"content":{"rendered":"\n<p class=\"has-drop-cap\">El aumento de la temperatura, la exposici\u00f3n prolongada al sol y los cambios en la rutina diaria representan riesgos importantes para la salud de la ni\u00f1ez, sino existe supervisi\u00f3n.<\/p>\n\n\n\n<p>Por ello, especialistas del Instituto Guatemalteco de Seguridad Social (IGSS) hacen un llamado a reforzar las medidas de prevenci\u00f3n para disfrutar de un verano seguro y saludable para los m\u00e1s peque\u00f1os de la casa.<\/p>\n<figure id=\"attachment_47368\" aria-describedby=\"caption-attachment-47368\" style=\"width: 719px\" class=\"wp-caption alignnone\"><img loading=\"lazy\" decoding=\"async\" class=\"wp-image-47368\" src=\"\/wp-content\/uploads\/sites\/5\/2025\/04\/IGSS-Cuidado-de-Ninos-Semana-Santa-2025-2025-1-300x200.jpg\" alt=\"\" width=\"719\" height=\"479\" srcset=\"\/wp-content\/uploads\/sites\/5\/2025\/04\/IGSS-Cuidado-de-Ninos-Semana-Santa-2025-2025-1-300x200.jpg 300w, \/wp-content\/uploads\/sites\/5\/2025\/04\/IGSS-Cuidado-de-Ninos-Semana-Santa-2025-2025-1-534x356.jpg 534w, \/wp-content\/uploads\/sites\/5\/2025\/04\/IGSS-Cuidado-de-Ninos-Semana-Santa-2025-2025-1.jpg 630w\" sizes=\"auto, (max-width: 719px) 100vw, 719px\" \/><figcaption id=\"caption-attachment-47368\" class=\"wp-caption-text\">Recuerde, los beb\u00e9s menores de 6 meses no deben consumir agua.<\/figcaption><\/figure>\n<p>Nelly Monterroso de L\u00f3pez, pediatra; Edder Higueros, dermat\u00f3logo pediatra; y Mar\u00eda Fernanda Castillo, coordinadora de Pediatr\u00eda de la Unidad Perif\u00e9rica de zona 5, coinciden en que la prevenci\u00f3n y el cuidado integral son claves para evitar complicaciones comunes de la temporada.<\/p>\n<p>Una de las recomendaciones m\u00e1s importantes, a decir de la doctora Monterroso, es evitar ofrecer agua a beb\u00e9s menores de seis meses. \u201cSu organismo a\u00fan no est\u00e1 preparado para digerir otros l\u00edquidos. La leche materna debe ser su \u00fanica fuente de hidrataci\u00f3n\u201d, explic\u00f3.<\/p>\n<p>Adem\u00e1s, advirti\u00f3 sobre el uso indiscriminado de sueros orales sin supervisi\u00f3n m\u00e9dica, reiterando la importancia de mantener un control pedi\u00e1trico regular.<\/p>\n<p>Por su parte, su colega Castillo resalt\u00f3 que en la \u00e9poca aumentan los casos de infecciones gastrointestinales, derivadas muchas veces de la descomposici\u00f3n r\u00e1pida de los alimentos.<\/p>\n<figure id=\"attachment_47369\" aria-describedby=\"caption-attachment-47369\" style=\"width: 730px\" class=\"wp-caption alignnone\"><img loading=\"lazy\" decoding=\"async\" class=\"wp-image-47369\" src=\"\/wp-content\/uploads\/sites\/5\/2025\/04\/IGSS-Cuidado-de-Ninos-Semana-Santa-2025-2025-2-300x203.jpg\" alt=\"\" width=\"730\" height=\"494\" srcset=\"\/wp-content\/uploads\/sites\/5\/2025\/04\/IGSS-Cuidado-de-Ninos-Semana-Santa-2025-2025-2-300x203.jpg 300w, \/wp-content\/uploads\/sites\/5\/2025\/04\/IGSS-Cuidado-de-Ninos-Semana-Santa-2025-2025-2-1024x692.jpg 1024w, \/wp-content\/uploads\/sites\/5\/2025\/04\/IGSS-Cuidado-de-Ninos-Semana-Santa-2025-2025-2-768x519.jpg 768w, \/wp-content\/uploads\/sites\/5\/2025\/04\/IGSS-Cuidado-de-Ninos-Semana-Santa-2025-2025-2-621x420.jpg 621w, \/wp-content\/uploads\/sites\/5\/2025\/04\/IGSS-Cuidado-de-Ninos-Semana-Santa-2025-2025-2-696x471.jpg 696w, \/wp-content\/uploads\/sites\/5\/2025\/04\/IGSS-Cuidado-de-Ninos-Semana-Santa-2025-2025-2-534x361.jpg 534w, \/wp-content\/uploads\/sites\/5\/2025\/04\/IGSS-Cuidado-de-Ninos-Semana-Santa-2025-2025-2.jpg 1068w\" sizes=\"auto, (max-width: 730px) 100vw, 730px\" \/><figcaption id=\"caption-attachment-47369\" class=\"wp-caption-text\">Cuide la alimentaci\u00f3n de los peque\u00f1os para evitar problemas g\u00e1stricos.<\/figcaption><\/figure>\n<p>En ese sentido, recomend\u00f3 reforzar la higiene en el hogar, con \u00e9nfasis en el lavado frecuente de manos, evitar el consumo de comida en la calle y conservar adecuadamente los alimentos antes de servirlos.<\/p>\n<p>Tambi\u00e9n mencion\u00f3 que el calor puede alterar el descanso de los ni\u00f1os provocando irritabilidad y dificultades para dormir. Para favorecer un sue\u00f1o reparador, sugiri\u00f3 mantener ambientes ventilados, dar ba\u00f1os antes de dormir y vestir a los peque\u00f1os con ropa ligera de algod\u00f3n.<\/p>\n<p>Mientras que Higueros hizo hincapi\u00e9 en la importancia de proteger la piel desde edades tempranas. Aconsej\u00f3 evitar la exposici\u00f3n directa al sol en beb\u00e9s menores de seis meses y, a partir de esa edad, aplicarles protector solar.<\/p>\n<p>Recomend\u00f3 tambi\u00e9n limitar las actividades al aire libre entre las 10:00 y las 15:00 horas, y vestir a los ni\u00f1os con ropa clara y fresca, que permita la transpiraci\u00f3n.<\/p>\n<figure id=\"attachment_47370\" aria-describedby=\"caption-attachment-47370\" style=\"width: 743px\" class=\"wp-caption alignnone\"><img loading=\"lazy\" decoding=\"async\" class=\"wp-image-47370\" src=\"\/wp-content\/uploads\/sites\/5\/2025\/04\/IGSS-Cuidado-de-Ninos-Semana-Santa-2025-2025-3-300x200.jpg\" alt=\"\" width=\"743\" height=\"495\" srcset=\"\/wp-content\/uploads\/sites\/5\/2025\/04\/IGSS-Cuidado-de-Ninos-Semana-Santa-2025-2025-3-300x200.jpg 300w, \/wp-content\/uploads\/sites\/5\/2025\/04\/IGSS-Cuidado-de-Ninos-Semana-Santa-2025-2025-3-534x356.jpg 534w, \/wp-content\/uploads\/sites\/5\/2025\/04\/IGSS-Cuidado-de-Ninos-Semana-Santa-2025-2025-3.jpg 630w\" sizes=\"auto, (max-width: 743px) 100vw, 743px\" \/><figcaption id=\"caption-attachment-47370\" class=\"wp-caption-text\">Ante cualquier s\u00edntoma, acuda a los profesionales de la salud para evitar complicaciones.<\/figcaption><\/figure>\n<p>Finalmente, los expertos recordaron que los ni\u00f1os entre 1 y 3 a\u00f1os deben ingerir al menos cuatro vasos de l\u00edquidos al d\u00eda, mientras que los de 4 a 7 a\u00f1os requieren un m\u00ednimo de cinco vasos.<\/p>\n<p>Asimismo, pidieron evitar el consumo de comida chatarra en menores de dos a\u00f1os, promoviendo una alimentaci\u00f3n nutritiva y adecuada para su etapa de crecimiento.<\/p>\n<p>Disfrutar del verano sin comprometer la salud infantil es posible si se toman las precauciones necesarias.<\/p>\n<p>La orientaci\u00f3n m\u00e9dica oportuna y la adopci\u00f3n de h\u00e1bitos saludables son fundamentales para vivir una temporada segura y con bienestar en familia.<\/p>\n\r\n                <style type=\"text\/css\">\r\n                    \r\n                    #tdi_1  .td-doubleSlider-2 .td-item1 {\r\n                        background: url(\/wp-content\/uploads\/sites\/5\/2025\/04\/IGSS-Cuidado-de-Ninos-Semana-Santa-2025-2025-4-80x60.jpg) 0 0 no-repeat;\r\n                    }\r\n                    #tdi_1  .td-doubleSlider-2 .td-item2 {\r\n                        background: url(\/wp-content\/uploads\/sites\/5\/2025\/04\/IGSS-Cuidado-de-Ninos-Semana-Santa-2025-2025-7-80x60.jpg) 0 0 no-repeat;\r\n                    }\r\n                    #tdi_1  .td-doubleSlider-2 .td-item3 {\r\n                        background: url(\/wp-content\/uploads\/sites\/5\/2025\/04\/IGSS-Cuidado-de-Ninos-Semana-Santa-2025-2025-9-80x60.jpg) 0 0 no-repeat;\r\n                    }\r\n                    #tdi_1  .td-doubleSlider-2 .td-item4 {\r\n                        background: url(\/wp-content\/uploads\/sites\/5\/2025\/04\/IGSS-Cuidado-de-Ninos-Semana-Santa-2025-2025-10-80x60.jpg) 0 0 no-repeat;\r\n                    }\r\n                    #tdi_1  .td-doubleSlider-2 .td-item5 {\r\n                        background: url(\/wp-content\/uploads\/sites\/5\/2025\/04\/IGSS-Cuidado-de-Ninos-Semana-Santa-2025-2025-12-80x60.jpg) 0 0 no-repeat;\r\n                    }\r\n                    #tdi_1  .td-doubleSlider-2 .td-item6 {\r\n                        background: url(\/wp-content\/uploads\/sites\/5\/2025\/04\/IGSS-Cuidado-de-Ninos-Semana-Santa-2025-2025-5-80x60.jpg) 0 0 no-repeat;\r\n                    }\r\n                    #tdi_1  .td-doubleSlider-2 .td-item7 {\r\n                        background: url(\/wp-content\/uploads\/sites\/5\/2025\/04\/IGSS-Cuidado-de-Ninos-Semana-Santa-2025-2025-6-80x60.jpg) 0 0 no-repeat;\r\n                    }\r\n                <\/style>\r\n\r\n                <div id=\"tdi_1\" class=\"td-gallery td-slide-on-2-columns\">\r\n                    <div class=\"post_td_gallery\">\r\n                        <div class=\"td-gallery-slide-top\">\r\n                           <div class=\"td-gallery-title\">M\u00e1s fotograf\u00edas<\/div>\r\n\r\n                            <div class=\"td-gallery-controls-wrapper\">\r\n                                <div class=\"td-gallery-slide-count\"><span class=\"td-gallery-slide-item-focus\">1<\/span> de 7<\/div>\r\n                                <div class=\"td-gallery-slide-prev-next-but\">\r\n                                    <i class = \"td-icon-left doubleSliderPrevButton\"><\/i>\r\n                                    <i class = \"td-icon-right doubleSliderNextButton\"><\/i>\r\n                                <\/div>\r\n                            <\/div>\r\n                        <\/div>\r\n\r\n                        <div class = \"td-doubleSlider-1 \">\r\n                            <div class = \"td-slider\">\r\n                                \r\n                    <div class = \"td-slide-item td-item1\">\r\n                        <figure class=\"td-slide-galery-figure td-slide-popup-gallery\">\r\n                            <a class=\"slide-gallery-image-link\" href=\"\/wp-content\/uploads\/sites\/5\/2025\/04\/IGSS-Cuidado-de-Ninos-Semana-Santa-2025-2025-4-scaled.jpg\" title=\"IGSS Cuidado de Nin\u0303os Semana Santa 2025 - 2025 4\"  data-caption=\"\"  data-description=\"\">\r\n                                <img decoding=\"async\" src=\"\/wp-content\/uploads\/sites\/5\/2025\/04\/IGSS-Cuidado-de-Ninos-Semana-Santa-2025-2025-4-630x420.jpg\" srcset=\"\/wp-content\/uploads\/sites\/5\/2025\/04\/IGSS-Cuidado-de-Ninos-Semana-Santa-2025-2025-4-630x420.jpg 630w, \/wp-content\/uploads\/sites\/5\/2025\/04\/IGSS-Cuidado-de-Ninos-Semana-Santa-2025-2025-4-300x200.jpg 300w, \/wp-content\/uploads\/sites\/5\/2025\/04\/IGSS-Cuidado-de-Ninos-Semana-Santa-2025-2025-4-1024x683.jpg 1024w, \/wp-content\/uploads\/sites\/5\/2025\/04\/IGSS-Cuidado-de-Ninos-Semana-Santa-2025-2025-4-768x512.jpg 768w, \/wp-content\/uploads\/sites\/5\/2025\/04\/IGSS-Cuidado-de-Ninos-Semana-Santa-2025-2025-4-1536x1024.jpg 1536w, \/wp-content\/uploads\/sites\/5\/2025\/04\/IGSS-Cuidado-de-Ninos-Semana-Santa-2025-2025-4-2048x1365.jpg 2048w, \/wp-content\/uploads\/sites\/5\/2025\/04\/IGSS-Cuidado-de-Ninos-Semana-Santa-2025-2025-4-696x464.jpg 696w, \/wp-content\/uploads\/sites\/5\/2025\/04\/IGSS-Cuidado-de-Ninos-Semana-Santa-2025-2025-4-1068x712.jpg 1068w, \/wp-content\/uploads\/sites\/5\/2025\/04\/IGSS-Cuidado-de-Ninos-Semana-Santa-2025-2025-4-1920x1280.jpg 1920w, \/wp-content\/uploads\/sites\/5\/2025\/04\/IGSS-Cuidado-de-Ninos-Semana-Santa-2025-2025-4-534x356.jpg 534w\" sizes=\"(max-width: 630px) 100vw, 630px\" alt=\"\">\r\n                            <\/a>\r\n                            \r\n                        <\/figure>\r\n                    <\/div>\r\n                    <div class = \"td-slide-item td-item2\">\r\n                        <figure class=\"td-slide-galery-figure td-slide-popup-gallery\">\r\n                            <a class=\"slide-gallery-image-link\" href=\"\/wp-content\/uploads\/sites\/5\/2025\/04\/IGSS-Cuidado-de-Ninos-Semana-Santa-2025-2025-7-scaled.jpg\" title=\"IGSS Cuidado de Nin\u0303os Semana Santa 2025 - 2025 7\"  data-caption=\"\"  data-description=\"\">\r\n                                <img decoding=\"async\" src=\"\/wp-content\/uploads\/sites\/5\/2025\/04\/IGSS-Cuidado-de-Ninos-Semana-Santa-2025-2025-7-630x420.jpg\" srcset=\"\/wp-content\/uploads\/sites\/5\/2025\/04\/IGSS-Cuidado-de-Ninos-Semana-Santa-2025-2025-7-630x420.jpg 630w, \/wp-content\/uploads\/sites\/5\/2025\/04\/IGSS-Cuidado-de-Ninos-Semana-Santa-2025-2025-7-300x200.jpg 300w, \/wp-content\/uploads\/sites\/5\/2025\/04\/IGSS-Cuidado-de-Ninos-Semana-Santa-2025-2025-7-1024x683.jpg 1024w, \/wp-content\/uploads\/sites\/5\/2025\/04\/IGSS-Cuidado-de-Ninos-Semana-Santa-2025-2025-7-768x512.jpg 768w, \/wp-content\/uploads\/sites\/5\/2025\/04\/IGSS-Cuidado-de-Ninos-Semana-Santa-2025-2025-7-1536x1024.jpg 1536w, \/wp-content\/uploads\/sites\/5\/2025\/04\/IGSS-Cuidado-de-Ninos-Semana-Santa-2025-2025-7-2048x1365.jpg 2048w, \/wp-content\/uploads\/sites\/5\/2025\/04\/IGSS-Cuidado-de-Ninos-Semana-Santa-2025-2025-7-696x464.jpg 696w, \/wp-content\/uploads\/sites\/5\/2025\/04\/IGSS-Cuidado-de-Ninos-Semana-Santa-2025-2025-7-1068x712.jpg 1068w, \/wp-content\/uploads\/sites\/5\/2025\/04\/IGSS-Cuidado-de-Ninos-Semana-Santa-2025-2025-7-1920x1280.jpg 1920w, \/wp-content\/uploads\/sites\/5\/2025\/04\/IGSS-Cuidado-de-Ninos-Semana-Santa-2025-2025-7-534x356.jpg 534w\" sizes=\"(max-width: 630px) 100vw, 630px\" alt=\"\">\r\n                            <\/a>\r\n                            \r\n                        <\/figure>\r\n                    <\/div>\r\n                    <div class = \"td-slide-item td-item3\">\r\n                        <figure class=\"td-slide-galery-figure td-slide-popup-gallery\">\r\n                            <a class=\"slide-gallery-image-link\" href=\"\/wp-content\/uploads\/sites\/5\/2025\/04\/IGSS-Cuidado-de-Ninos-Semana-Santa-2025-2025-9.jpg\" title=\"IGSS Cuidado de Nin\u0303os Semana Santa 2025 - 2025 9\"  data-caption=\"\"  data-description=\"\">\r\n                                <img decoding=\"async\" src=\"\/wp-content\/uploads\/sites\/5\/2025\/04\/IGSS-Cuidado-de-Ninos-Semana-Santa-2025-2025-9-541x420.jpg\" srcset=\"\/wp-content\/uploads\/sites\/5\/2025\/04\/IGSS-Cuidado-de-Ninos-Semana-Santa-2025-2025-9-541x420.jpg 541w, \/wp-content\/uploads\/sites\/5\/2025\/04\/IGSS-Cuidado-de-Ninos-Semana-Santa-2025-2025-9-300x233.jpg 300w, \/wp-content\/uploads\/sites\/5\/2025\/04\/IGSS-Cuidado-de-Ninos-Semana-Santa-2025-2025-9-1024x795.jpg 1024w, \/wp-content\/uploads\/sites\/5\/2025\/04\/IGSS-Cuidado-de-Ninos-Semana-Santa-2025-2025-9-768x596.jpg 768w, \/wp-content\/uploads\/sites\/5\/2025\/04\/IGSS-Cuidado-de-Ninos-Semana-Santa-2025-2025-9-696x540.jpg 696w, \/wp-content\/uploads\/sites\/5\/2025\/04\/IGSS-Cuidado-de-Ninos-Semana-Santa-2025-2025-9-534x415.jpg 534w, \/wp-content\/uploads\/sites\/5\/2025\/04\/IGSS-Cuidado-de-Ninos-Semana-Santa-2025-2025-9.jpg 1064w\" sizes=\"(max-width: 541px) 100vw, 541px\" alt=\"\">\r\n                            <\/a>\r\n                            \r\n                        <\/figure>\r\n                    <\/div>\r\n                    <div class = \"td-slide-item td-item4\">\r\n                        <figure class=\"td-slide-galery-figure td-slide-popup-gallery\">\r\n                            <a class=\"slide-gallery-image-link\" href=\"\/wp-content\/uploads\/sites\/5\/2025\/04\/IGSS-Cuidado-de-Ninos-Semana-Santa-2025-2025-10-scaled.jpg\" title=\"IGSS Cuidado de Nin\u0303os Semana Santa 2025 - 2025 10\"  data-caption=\"\"  data-description=\"\">\r\n                                <img decoding=\"async\" src=\"\/wp-content\/uploads\/sites\/5\/2025\/04\/IGSS-Cuidado-de-Ninos-Semana-Santa-2025-2025-10-630x420.jpg\" srcset=\"\/wp-content\/uploads\/sites\/5\/2025\/04\/IGSS-Cuidado-de-Ninos-Semana-Santa-2025-2025-10-630x420.jpg 630w, \/wp-content\/uploads\/sites\/5\/2025\/04\/IGSS-Cuidado-de-Ninos-Semana-Santa-2025-2025-10-300x200.jpg 300w, \/wp-content\/uploads\/sites\/5\/2025\/04\/IGSS-Cuidado-de-Ninos-Semana-Santa-2025-2025-10-1024x683.jpg 1024w, \/wp-content\/uploads\/sites\/5\/2025\/04\/IGSS-Cuidado-de-Ninos-Semana-Santa-2025-2025-10-768x512.jpg 768w, \/wp-content\/uploads\/sites\/5\/2025\/04\/IGSS-Cuidado-de-Ninos-Semana-Santa-2025-2025-10-1536x1024.jpg 1536w, \/wp-content\/uploads\/sites\/5\/2025\/04\/IGSS-Cuidado-de-Ninos-Semana-Santa-2025-2025-10-2048x1365.jpg 2048w, \/wp-content\/uploads\/sites\/5\/2025\/04\/IGSS-Cuidado-de-Ninos-Semana-Santa-2025-2025-10-696x464.jpg 696w, \/wp-content\/uploads\/sites\/5\/2025\/04\/IGSS-Cuidado-de-Ninos-Semana-Santa-2025-2025-10-1068x712.jpg 1068w, \/wp-content\/uploads\/sites\/5\/2025\/04\/IGSS-Cuidado-de-Ninos-Semana-Santa-2025-2025-10-1920x1280.jpg 1920w, \/wp-content\/uploads\/sites\/5\/2025\/04\/IGSS-Cuidado-de-Ninos-Semana-Santa-2025-2025-10-534x356.jpg 534w\" sizes=\"(max-width: 630px) 100vw, 630px\" alt=\"\">\r\n                            <\/a>\r\n                            \r\n                        <\/figure>\r\n                    <\/div>\r\n                    <div class = \"td-slide-item td-item5\">\r\n                        <figure class=\"td-slide-galery-figure td-slide-popup-gallery\">\r\n                            <a class=\"slide-gallery-image-link\" href=\"\/wp-content\/uploads\/sites\/5\/2025\/04\/IGSS-Cuidado-de-Ninos-Semana-Santa-2025-2025-12-scaled.jpg\" title=\"IGSS Cuidado de Nin\u0303os Semana Santa 2025 - 2025 12\"  data-caption=\"\"  data-description=\"\">\r\n                                <img decoding=\"async\" src=\"\/wp-content\/uploads\/sites\/5\/2025\/04\/IGSS-Cuidado-de-Ninos-Semana-Santa-2025-2025-12-630x420.jpg\" srcset=\"\/wp-content\/uploads\/sites\/5\/2025\/04\/IGSS-Cuidado-de-Ninos-Semana-Santa-2025-2025-12-630x420.jpg 630w, \/wp-content\/uploads\/sites\/5\/2025\/04\/IGSS-Cuidado-de-Ninos-Semana-Santa-2025-2025-12-300x200.jpg 300w, \/wp-content\/uploads\/sites\/5\/2025\/04\/IGSS-Cuidado-de-Ninos-Semana-Santa-2025-2025-12-1024x683.jpg 1024w, \/wp-content\/uploads\/sites\/5\/2025\/04\/IGSS-Cuidado-de-Ninos-Semana-Santa-2025-2025-12-768x512.jpg 768w, \/wp-content\/uploads\/sites\/5\/2025\/04\/IGSS-Cuidado-de-Ninos-Semana-Santa-2025-2025-12-1536x1024.jpg 1536w, \/wp-content\/uploads\/sites\/5\/2025\/04\/IGSS-Cuidado-de-Ninos-Semana-Santa-2025-2025-12-2048x1365.jpg 2048w, \/wp-content\/uploads\/sites\/5\/2025\/04\/IGSS-Cuidado-de-Ninos-Semana-Santa-2025-2025-12-696x464.jpg 696w, \/wp-content\/uploads\/sites\/5\/2025\/04\/IGSS-Cuidado-de-Ninos-Semana-Santa-2025-2025-12-1068x712.jpg 1068w, \/wp-content\/uploads\/sites\/5\/2025\/04\/IGSS-Cuidado-de-Ninos-Semana-Santa-2025-2025-12-1920x1280.jpg 1920w, \/wp-content\/uploads\/sites\/5\/2025\/04\/IGSS-Cuidado-de-Ninos-Semana-Santa-2025-2025-12-534x356.jpg 534w\" sizes=\"(max-width: 630px) 100vw, 630px\" alt=\"\">\r\n                            <\/a>\r\n                            \r\n                        <\/figure>\r\n                    <\/div>\r\n                    <div class = \"td-slide-item td-item6\">\r\n                        <figure class=\"td-slide-galery-figure td-slide-popup-gallery\">\r\n                            <a class=\"slide-gallery-image-link\" href=\"\/wp-content\/uploads\/sites\/5\/2025\/04\/IGSS-Cuidado-de-Ninos-Semana-Santa-2025-2025-5-scaled.jpg\" title=\"IGSS Cuidado de Nin\u0303os Semana Santa 2025 - 2025 5\"  data-caption=\"\"  data-description=\"\">\r\n                                <img decoding=\"async\" src=\"\/wp-content\/uploads\/sites\/5\/2025\/04\/IGSS-Cuidado-de-Ninos-Semana-Santa-2025-2025-5-280x420.jpg\" srcset=\"\/wp-content\/uploads\/sites\/5\/2025\/04\/IGSS-Cuidado-de-Ninos-Semana-Santa-2025-2025-5-280x420.jpg 280w, \/wp-content\/uploads\/sites\/5\/2025\/04\/IGSS-Cuidado-de-Ninos-Semana-Santa-2025-2025-5-200x300.jpg 200w, \/wp-content\/uploads\/sites\/5\/2025\/04\/IGSS-Cuidado-de-Ninos-Semana-Santa-2025-2025-5-683x1024.jpg 683w, \/wp-content\/uploads\/sites\/5\/2025\/04\/IGSS-Cuidado-de-Ninos-Semana-Santa-2025-2025-5-768x1152.jpg 768w, \/wp-content\/uploads\/sites\/5\/2025\/04\/IGSS-Cuidado-de-Ninos-Semana-Santa-2025-2025-5-1024x1536.jpg 1024w, \/wp-content\/uploads\/sites\/5\/2025\/04\/IGSS-Cuidado-de-Ninos-Semana-Santa-2025-2025-5-1365x2048.jpg 1365w, \/wp-content\/uploads\/sites\/5\/2025\/04\/IGSS-Cuidado-de-Ninos-Semana-Santa-2025-2025-5-696x1044.jpg 696w, \/wp-content\/uploads\/sites\/5\/2025\/04\/IGSS-Cuidado-de-Ninos-Semana-Santa-2025-2025-5-1068x1602.jpg 1068w, \/wp-content\/uploads\/sites\/5\/2025\/04\/IGSS-Cuidado-de-Ninos-Semana-Santa-2025-2025-5-1920x2880.jpg 1920w, \/wp-content\/uploads\/sites\/5\/2025\/04\/IGSS-Cuidado-de-Ninos-Semana-Santa-2025-2025-5-308x462.jpg 308w, \/wp-content\/uploads\/sites\/5\/2025\/04\/IGSS-Cuidado-de-Ninos-Semana-Santa-2025-2025-5-scaled.jpg 1707w\" sizes=\"(max-width: 280px) 100vw, 280px\" alt=\"\">\r\n                            <\/a>\r\n                            \r\n                        <\/figure>\r\n                    <\/div>\r\n                    <div class = \"td-slide-item td-item7\">\r\n                        <figure class=\"td-slide-galery-figure td-slide-popup-gallery\">\r\n                            <a class=\"slide-gallery-image-link\" href=\"\/wp-content\/uploads\/sites\/5\/2025\/04\/IGSS-Cuidado-de-Ninos-Semana-Santa-2025-2025-6-scaled.jpg\" title=\"IGSS Cuidado de Nin\u0303os Semana Santa 2025 - 2025 6\"  data-caption=\"\"  data-description=\"\">\r\n                                <img decoding=\"async\" src=\"\/wp-content\/uploads\/sites\/5\/2025\/04\/IGSS-Cuidado-de-Ninos-Semana-Santa-2025-2025-6-630x420.jpg\" srcset=\"\/wp-content\/uploads\/sites\/5\/2025\/04\/IGSS-Cuidado-de-Ninos-Semana-Santa-2025-2025-6-630x420.jpg 630w, \/wp-content\/uploads\/sites\/5\/2025\/04\/IGSS-Cuidado-de-Ninos-Semana-Santa-2025-2025-6-300x200.jpg 300w, \/wp-content\/uploads\/sites\/5\/2025\/04\/IGSS-Cuidado-de-Ninos-Semana-Santa-2025-2025-6-1024x683.jpg 1024w, \/wp-content\/uploads\/sites\/5\/2025\/04\/IGSS-Cuidado-de-Ninos-Semana-Santa-2025-2025-6-768x512.jpg 768w, \/wp-content\/uploads\/sites\/5\/2025\/04\/IGSS-Cuidado-de-Ninos-Semana-Santa-2025-2025-6-1536x1024.jpg 1536w, \/wp-content\/uploads\/sites\/5\/2025\/04\/IGSS-Cuidado-de-Ninos-Semana-Santa-2025-2025-6-2048x1365.jpg 2048w, \/wp-content\/uploads\/sites\/5\/2025\/04\/IGSS-Cuidado-de-Ninos-Semana-Santa-2025-2025-6-696x464.jpg 696w, \/wp-content\/uploads\/sites\/5\/2025\/04\/IGSS-Cuidado-de-Ninos-Semana-Santa-2025-2025-6-1068x712.jpg 1068w, \/wp-content\/uploads\/sites\/5\/2025\/04\/IGSS-Cuidado-de-Ninos-Semana-Santa-2025-2025-6-1920x1280.jpg 1920w, \/wp-content\/uploads\/sites\/5\/2025\/04\/IGSS-Cuidado-de-Ninos-Semana-Santa-2025-2025-6-534x356.jpg 534w\" sizes=\"(max-width: 630px) 100vw, 630px\" alt=\"\">\r\n                            <\/a>\r\n                            \r\n                        <\/figure>\r\n                    <\/div>\r\n                            <\/div>\r\n                        <\/div>\r\n\r\n                        <div class = \"td-doubleSlider-2\">\r\n                            <div class = \"td-slider\">\r\n                                \r\n                    <div class = \"td-button td-item1\">\r\n                        <div class = \"td-border\"><\/div>\r\n                    <\/div>\r\n                    <div class = \"td-button td-item2\">\r\n                        <div class = \"td-border\"><\/div>\r\n                    <\/div>\r\n                    <div class = \"td-button td-item3\">\r\n                        <div class = \"td-border\"><\/div>\r\n                    <\/div>\r\n                    <div class = \"td-button td-item4\">\r\n                        <div class = \"td-border\"><\/div>\r\n                    <\/div>\r\n                    <div class = \"td-button td-item5\">\r\n                        <div class = \"td-border\"><\/div>\r\n                    <\/div>\r\n                    <div class = \"td-button td-item6\">\r\n                        <div class = \"td-border\"><\/div>\r\n                    <\/div>\r\n                    <div class = \"td-button td-item7\">\r\n                        <div class = \"td-border\"><\/div>\r\n                    <\/div>\r\n                            <\/div>\r\n                        <\/div>\r\n\r\n                    <\/div>\r\n\r\n                <\/div>\r\n                \n<p><strong>\u00a0<\/strong><\/p>\n","protected":false},"excerpt":{"rendered":"<p>El aumento de la temperatura, la exposici\u00f3n prolongada al sol y los cambios en la rutina diaria representan riesgos importantes para la salud de la ni\u00f1ez, sino existe supervisi\u00f3n. Por ello, especialistas del Instituto Guatemalteco de Seguridad Social (IGSS) hacen un llamado a reforzar las medidas de prevenci\u00f3n para disfrutar de un verano seguro y [&hellip;]<\/p>\n","protected":false},"author":3269,"featured_media":47367,"comment_status":"closed","ping_status":"closed","sticky":false,"template":"","format":"standard","meta":{"footnotes":""},"categories":[3,4,1130,15,24,27,31,1856,33],"tags":[490,698,1632,837],"coauthors":[1970],"class_list":{"0":"post-47366","1":"post","2":"type-post","3":"status-publish","4":"format-standard","5":"has-post-thumbnail","7":"category-actualidad","8":"category-afiliados","9":"category-consejos-medicos","10":"category-destacado","11":"category-pediatria","12":"category-prevencion-en-salud","13":"category-salud","14":"category-semana-santa-segura-y-sin-accidentes","15":"category-servicios-de-salud","16":"tag-igss","17":"tag-pediatria","18":"tag-pediatria-del-igss-2","19":"tag-unidad-periferica-zona-5"},"_links":{"self":[{"href":"https:\/\/www.igssgt.org\/noticias\/wp-json\/wp\/v2\/posts\/47366","targetHints":{"allow":["GET"]}}],"collection":[{"href":"https:\/\/www.igssgt.org\/noticias\/wp-json\/wp\/v2\/posts"}],"about":[{"href":"https:\/\/www.igssgt.org\/noticias\/wp-json\/wp\/v2\/types\/post"}],"author":[{"embeddable":true,"href":"https:\/\/www.igssgt.org\/noticias\/wp-json\/wp\/v2\/users\/3269"}],"replies":[{"embeddable":true,"href":"https:\/\/www.igssgt.org\/noticias\/wp-json\/wp\/v2\/comments?post=47366"}],"version-history":[{"count":1,"href":"https:\/\/www.igssgt.org\/noticias\/wp-json\/wp\/v2\/posts\/47366\/revisions"}],"predecessor-version":[{"id":47389,"href":"https:\/\/www.igssgt.org\/noticias\/wp-json\/wp\/v2\/posts\/47366\/revisions\/47389"}],"wp:featuredmedia":[{"embeddable":true,"href":"https:\/\/www.igssgt.org\/noticias\/wp-json\/wp\/v2\/media\/47367"}],"wp:attachment":[{"href":"https:\/\/www.igssgt.org\/noticias\/wp-json\/wp\/v2\/media?parent=47366"}],"wp:term":[{"taxonomy":"category","embeddable":true,"href":"https:\/\/www.igssgt.org\/noticias\/wp-json\/wp\/v2\/categories?post=47366"},{"taxonomy":"post_tag","embeddable":true,"href":"https:\/\/www.igssgt.org\/noticias\/wp-json\/wp\/v2\/tags?post=47366"},{"taxonomy":"author","embeddable":true,"href":"https:\/\/www.igssgt.org\/noticias\/wp-json\/wp\/v2\/coauthors?post=47366"}],"curies":[{"name":"wp","href":"https:\/\/api.w.org\/{rel}","templated":true}]}}