{"id":47417,"date":"2025-04-11T13:48:38","date_gmt":"2025-04-11T19:48:38","guid":{"rendered":"https:\/\/www.igssgt.org\/noticias\/?p=47417"},"modified":"2025-04-11T13:57:09","modified_gmt":"2025-04-11T19:57:09","slug":"salvavidas-del-igss-estan-listos-para-la-semana-santa","status":"publish","type":"post","link":"https:\/\/www.igssgt.org\/noticias\/2025\/04\/11\/salvavidas-del-igss-estan-listos-para-la-semana-santa\/","title":{"rendered":"<strong>Salvavidas del IGSS est\u00e1n listos para la Semana Santa<\/strong>"},"content":{"rendered":"\n<p class=\"has-drop-cap\">Los salvavidas del Instituto Guatemalteco de Seguridad Social (IGSS) recibieron el equipo e indumentaria indispensable para brindar protecci\u00f3n a los miles de veraneantes que visitar\u00e1n las playas en esta Semana Santa.<\/p>\n\n\n\n<p>Con ello, el Instituto da el banderazo de salida a los servicios de su Cuerpo de Salvamento. El equipo consiste en:<\/p>\n<ul>\n<li>Mascarillas para Reanimaci\u00f3n Cardiopulmonar (RCP)<\/li>\n<li>Calzoneta<\/li>\n<li>Pantaloneta<\/li>\n<li>Sandalias<\/li>\n<li>Toalla<\/li>\n<li>Camiseta<\/li>\n<li>Gorra<\/li>\n<li>Gorgorito<\/li>\n<li>Pach\u00f3n<\/li>\n<li>Bloqueador solar y flotador<\/li>\n<\/ul>\n<figure id=\"attachment_47419\" aria-describedby=\"caption-attachment-47419\" style=\"width: 1280px\" class=\"wp-caption aligncenter\"><a href=\"\/wp-content\/uploads\/sites\/5\/2025\/04\/Salvavidas-IGSS-Semana-Santa-2025-1.jpg\"><img loading=\"lazy\" decoding=\"async\" class=\"wp-image-47419 size-full\" src=\"\/wp-content\/uploads\/sites\/5\/2025\/04\/Salvavidas-IGSS-Semana-Santa-2025-1.jpg\" alt=\"\" width=\"1280\" height=\"960\" srcset=\"\/wp-content\/uploads\/sites\/5\/2025\/04\/Salvavidas-IGSS-Semana-Santa-2025-1.jpg 1280w, \/wp-content\/uploads\/sites\/5\/2025\/04\/Salvavidas-IGSS-Semana-Santa-2025-1-300x225.jpg 300w, \/wp-content\/uploads\/sites\/5\/2025\/04\/Salvavidas-IGSS-Semana-Santa-2025-1-1024x768.jpg 1024w, \/wp-content\/uploads\/sites\/5\/2025\/04\/Salvavidas-IGSS-Semana-Santa-2025-1-768x576.jpg 768w, \/wp-content\/uploads\/sites\/5\/2025\/04\/Salvavidas-IGSS-Semana-Santa-2025-1-560x420.jpg 560w, \/wp-content\/uploads\/sites\/5\/2025\/04\/Salvavidas-IGSS-Semana-Santa-2025-1-80x60.jpg 80w, \/wp-content\/uploads\/sites\/5\/2025\/04\/Salvavidas-IGSS-Semana-Santa-2025-1-696x522.jpg 696w, \/wp-content\/uploads\/sites\/5\/2025\/04\/Salvavidas-IGSS-Semana-Santa-2025-1-1068x801.jpg 1068w, \/wp-content\/uploads\/sites\/5\/2025\/04\/Salvavidas-IGSS-Semana-Santa-2025-1-265x198.jpg 265w, \/wp-content\/uploads\/sites\/5\/2025\/04\/Salvavidas-IGSS-Semana-Santa-2025-1-534x401.jpg 534w\" sizes=\"auto, (max-width: 1280px) 100vw, 1280px\" \/><\/a><figcaption id=\"caption-attachment-47419\" class=\"wp-caption-text\">Los salvavidas se encuentran en apresto para brindar la protecci\u00f3n a los veraneantes en esta Semana Santa 2025.<\/figcaption><\/figure>\n<p>&nbsp; &nbsp; &nbsp;\u00abToda la indumentaria y equipo est\u00e1n identificados con el logo del IGSS para que la poblaci\u00f3n sepa a qui\u00e9n acercarse\u00bb, inform\u00f3 el Dr. Mynor Mej\u00eda, jefe de la Secci\u00f3n de Seguridad e Higiene.<\/p>\n<p>En total, son 150 los salvavidas del IGSS que estar\u00e1n en apresto durante la Semana Mayor en 14 playas a nivel nacional.<\/p>\n<p>\u201cEsta actividad es la culminaci\u00f3n de la contrataci\u00f3n y preparaci\u00f3n de los salvavidas para este per\u00edodo. Recordemos que para fortalecer la cobertura el Instituto contrata 90 salvavidas adicionales a los 60 permanentes\u201d, indic\u00f3 el profesional.<\/p>\n<p>Durante la ceremonia se homenaje\u00f3 a los diez salvavidas con el mejor desempe\u00f1o durante el proceso de selecci\u00f3n, que consisti\u00f3 en una eliminatoria a mar abierto en el Puerto de San Jos\u00e9.<\/p>\n<figure id=\"attachment_47420\" aria-describedby=\"caption-attachment-47420\" style=\"width: 1600px\" class=\"wp-caption aligncenter\"><a href=\"\/wp-content\/uploads\/sites\/5\/2025\/04\/Salvavidas-IGSS-Semana-Santa-2025-6.jpg\"><img loading=\"lazy\" decoding=\"async\" class=\"wp-image-47420 size-full\" src=\"\/wp-content\/uploads\/sites\/5\/2025\/04\/Salvavidas-IGSS-Semana-Santa-2025-6.jpg\" alt=\"\" width=\"1600\" height=\"1066\" srcset=\"\/wp-content\/uploads\/sites\/5\/2025\/04\/Salvavidas-IGSS-Semana-Santa-2025-6.jpg 1600w, \/wp-content\/uploads\/sites\/5\/2025\/04\/Salvavidas-IGSS-Semana-Santa-2025-6-300x200.jpg 300w, \/wp-content\/uploads\/sites\/5\/2025\/04\/Salvavidas-IGSS-Semana-Santa-2025-6-1024x682.jpg 1024w, \/wp-content\/uploads\/sites\/5\/2025\/04\/Salvavidas-IGSS-Semana-Santa-2025-6-768x512.jpg 768w, \/wp-content\/uploads\/sites\/5\/2025\/04\/Salvavidas-IGSS-Semana-Santa-2025-6-1536x1023.jpg 1536w, \/wp-content\/uploads\/sites\/5\/2025\/04\/Salvavidas-IGSS-Semana-Santa-2025-6-630x420.jpg 630w, \/wp-content\/uploads\/sites\/5\/2025\/04\/Salvavidas-IGSS-Semana-Santa-2025-6-696x464.jpg 696w, \/wp-content\/uploads\/sites\/5\/2025\/04\/Salvavidas-IGSS-Semana-Santa-2025-6-1068x712.jpg 1068w, \/wp-content\/uploads\/sites\/5\/2025\/04\/Salvavidas-IGSS-Semana-Santa-2025-6-534x356.jpg 534w\" sizes=\"auto, (max-width: 1600px) 100vw, 1600px\" \/><\/a><figcaption id=\"caption-attachment-47420\" class=\"wp-caption-text\">Durante la Semana Santa 2024, los salvavidas del IGSS realizaron m\u00e1s de 85 mil acciones preventivas y 1 mil 23 rescates acu\u00e1ticos.<\/figcaption><\/figure>\n<p><strong>Cobertura de los salvavidas IGSS<\/strong><\/p>\n<p>El Cuerpo de Salvamento estar\u00e1 en servicio del mi\u00e9rcoles 16 al domingo 20 de abril, de 08:00 a 18:00 horas, en las siguientes playas:<\/p>\n<ul>\n<li>Playa Las Lisas<\/li>\n<li>Playa de Monterrico<\/li>\n<li>Puerto de San Jos\u00e9<\/li>\n<li>Playa el Pared\u00f3n<\/li>\n<li>Playa La Empalizada<\/li>\n<li>Playa El Semillero<\/li>\n<li>Playa de Tecojate<\/li>\n<li>Playa de Tulate<\/li>\n<li>Playa de Champerico<\/li>\n<li>Playa Tilapa<\/li>\n<li>Playa de Oc\u00f3s<\/li>\n<li>Lago de Atitl\u00e1n<\/li>\n<li>Centro Recreativo del Nororiente de Chiquimula Guayac\u00e1n<\/li>\n<li>Centro Recreativo Las Ninfas, Amatitl\u00e1n<\/li>\n<\/ul>\n<p>\u201cLa primera recomendaci\u00f3n es ba\u00f1arse en un \u00e1rea con la torre y los salvavidas del IGSS y la segunda, y m\u00e1s importante, es atender las recomendaciones que indiquen por favor\u201d, finaliz\u00f3 el Dr. Mej\u00eda.<\/p>\n\r\n                <style type=\"text\/css\">\r\n                    \r\n                    #tdi_1  .td-doubleSlider-2 .td-item1 {\r\n                        background: url(\/wp-content\/uploads\/sites\/5\/2025\/04\/Salvavidas-IGSS-Semana-Santa-2025-2-80x60.jpg) 0 0 no-repeat;\r\n                    }\r\n                    #tdi_1  .td-doubleSlider-2 .td-item2 {\r\n                        background: url(\/wp-content\/uploads\/sites\/5\/2025\/04\/Salvavidas-IGSS-Semana-Santa-2025-5-80x60.jpg) 0 0 no-repeat;\r\n                    }\r\n                    #tdi_1  .td-doubleSlider-2 .td-item3 {\r\n                        background: url(\/wp-content\/uploads\/sites\/5\/2025\/04\/Salvavidas-IGSS-Semana-Santa-2025-7-80x60.jpg) 0 0 no-repeat;\r\n                    }\r\n                    #tdi_1  .td-doubleSlider-2 .td-item4 {\r\n                        background: url(\/wp-content\/uploads\/sites\/5\/2025\/04\/Salvavidas-IGSS-Semana-Santa-2025-8-80x60.jpg) 0 0 no-repeat;\r\n                    }\r\n                    #tdi_1  .td-doubleSlider-2 .td-item5 {\r\n                        background: url(\/wp-content\/uploads\/sites\/5\/2025\/04\/Salvavidas-IGSS-Semana-Santa-2025-9-80x60.jpg) 0 0 no-repeat;\r\n                    }\r\n                    #tdi_1  .td-doubleSlider-2 .td-item6 {\r\n                        background: url(\/wp-content\/uploads\/sites\/5\/2025\/04\/Salvavidas-IGSS-Semana-Santa-2025-10-80x60.jpg) 0 0 no-repeat;\r\n                    }\r\n                <\/style>\r\n\r\n                <div id=\"tdi_1\" class=\"td-gallery td-slide-on-2-columns\">\r\n                    <div class=\"post_td_gallery\">\r\n                        <div class=\"td-gallery-slide-top\">\r\n                           <div class=\"td-gallery-title\">Galer\u00eda de Im\u00e1genes<\/div>\r\n\r\n                            <div class=\"td-gallery-controls-wrapper\">\r\n                                <div class=\"td-gallery-slide-count\"><span class=\"td-gallery-slide-item-focus\">1<\/span> de 6<\/div>\r\n                                <div class=\"td-gallery-slide-prev-next-but\">\r\n                                    <i class = \"td-icon-left doubleSliderPrevButton\"><\/i>\r\n                                    <i class = \"td-icon-right doubleSliderNextButton\"><\/i>\r\n                                <\/div>\r\n                            <\/div>\r\n                        <\/div>\r\n\r\n                        <div class = \"td-doubleSlider-1 \">\r\n                            <div class = \"td-slider\">\r\n                                \r\n                    <div class = \"td-slide-item td-item1\">\r\n                        <figure class=\"td-slide-galery-figure td-slide-popup-gallery\">\r\n                            <a class=\"slide-gallery-image-link\" href=\"\/wp-content\/uploads\/sites\/5\/2025\/04\/Salvavidas-IGSS-Semana-Santa-2025-2.jpg\" title=\"Salvavidas IGSS Semana Santa 2025-2\"  data-caption=\"\"  data-description=\"\">\r\n                                <img decoding=\"async\" src=\"\/wp-content\/uploads\/sites\/5\/2025\/04\/Salvavidas-IGSS-Semana-Santa-2025-2-630x420.jpg\" srcset=\"\/wp-content\/uploads\/sites\/5\/2025\/04\/Salvavidas-IGSS-Semana-Santa-2025-2-630x420.jpg 630w, \/wp-content\/uploads\/sites\/5\/2025\/04\/Salvavidas-IGSS-Semana-Santa-2025-2-300x200.jpg 300w, \/wp-content\/uploads\/sites\/5\/2025\/04\/Salvavidas-IGSS-Semana-Santa-2025-2-1024x682.jpg 1024w, \/wp-content\/uploads\/sites\/5\/2025\/04\/Salvavidas-IGSS-Semana-Santa-2025-2-768x512.jpg 768w, \/wp-content\/uploads\/sites\/5\/2025\/04\/Salvavidas-IGSS-Semana-Santa-2025-2-1536x1023.jpg 1536w, \/wp-content\/uploads\/sites\/5\/2025\/04\/Salvavidas-IGSS-Semana-Santa-2025-2-696x464.jpg 696w, \/wp-content\/uploads\/sites\/5\/2025\/04\/Salvavidas-IGSS-Semana-Santa-2025-2-1068x712.jpg 1068w, \/wp-content\/uploads\/sites\/5\/2025\/04\/Salvavidas-IGSS-Semana-Santa-2025-2-534x356.jpg 534w, \/wp-content\/uploads\/sites\/5\/2025\/04\/Salvavidas-IGSS-Semana-Santa-2025-2.jpg 1600w\" sizes=\"(max-width: 630px) 100vw, 630px\" alt=\"\">\r\n                            <\/a>\r\n                            \r\n                        <\/figure>\r\n                    <\/div>\r\n                    <div class = \"td-slide-item td-item2\">\r\n                        <figure class=\"td-slide-galery-figure td-slide-popup-gallery\">\r\n                            <a class=\"slide-gallery-image-link\" href=\"\/wp-content\/uploads\/sites\/5\/2025\/04\/Salvavidas-IGSS-Semana-Santa-2025-5.jpg\" title=\"Salvavidas IGSS Semana Santa 2025-5\"  data-caption=\"\"  data-description=\"\">\r\n                                <img decoding=\"async\" src=\"\/wp-content\/uploads\/sites\/5\/2025\/04\/Salvavidas-IGSS-Semana-Santa-2025-5-630x420.jpg\" srcset=\"\/wp-content\/uploads\/sites\/5\/2025\/04\/Salvavidas-IGSS-Semana-Santa-2025-5-630x420.jpg 630w, \/wp-content\/uploads\/sites\/5\/2025\/04\/Salvavidas-IGSS-Semana-Santa-2025-5-300x200.jpg 300w, \/wp-content\/uploads\/sites\/5\/2025\/04\/Salvavidas-IGSS-Semana-Santa-2025-5-1024x682.jpg 1024w, \/wp-content\/uploads\/sites\/5\/2025\/04\/Salvavidas-IGSS-Semana-Santa-2025-5-768x512.jpg 768w, \/wp-content\/uploads\/sites\/5\/2025\/04\/Salvavidas-IGSS-Semana-Santa-2025-5-1536x1023.jpg 1536w, \/wp-content\/uploads\/sites\/5\/2025\/04\/Salvavidas-IGSS-Semana-Santa-2025-5-696x464.jpg 696w, \/wp-content\/uploads\/sites\/5\/2025\/04\/Salvavidas-IGSS-Semana-Santa-2025-5-1068x712.jpg 1068w, \/wp-content\/uploads\/sites\/5\/2025\/04\/Salvavidas-IGSS-Semana-Santa-2025-5-534x356.jpg 534w, \/wp-content\/uploads\/sites\/5\/2025\/04\/Salvavidas-IGSS-Semana-Santa-2025-5.jpg 1600w\" sizes=\"(max-width: 630px) 100vw, 630px\" alt=\"\">\r\n                            <\/a>\r\n                            \r\n                        <\/figure>\r\n                    <\/div>\r\n                    <div class = \"td-slide-item td-item3\">\r\n                        <figure class=\"td-slide-galery-figure td-slide-popup-gallery\">\r\n                            <a class=\"slide-gallery-image-link\" href=\"\/wp-content\/uploads\/sites\/5\/2025\/04\/Salvavidas-IGSS-Semana-Santa-2025-7.jpg\" title=\"Salvavidas IGSS Semana Santa 2025-7\"  data-caption=\"\"  data-description=\"\">\r\n                                <img decoding=\"async\" src=\"\/wp-content\/uploads\/sites\/5\/2025\/04\/Salvavidas-IGSS-Semana-Santa-2025-7-630x420.jpg\" srcset=\"\/wp-content\/uploads\/sites\/5\/2025\/04\/Salvavidas-IGSS-Semana-Santa-2025-7-630x420.jpg 630w, \/wp-content\/uploads\/sites\/5\/2025\/04\/Salvavidas-IGSS-Semana-Santa-2025-7-300x200.jpg 300w, \/wp-content\/uploads\/sites\/5\/2025\/04\/Salvavidas-IGSS-Semana-Santa-2025-7-1024x682.jpg 1024w, \/wp-content\/uploads\/sites\/5\/2025\/04\/Salvavidas-IGSS-Semana-Santa-2025-7-768x512.jpg 768w, \/wp-content\/uploads\/sites\/5\/2025\/04\/Salvavidas-IGSS-Semana-Santa-2025-7-1536x1023.jpg 1536w, \/wp-content\/uploads\/sites\/5\/2025\/04\/Salvavidas-IGSS-Semana-Santa-2025-7-696x464.jpg 696w, \/wp-content\/uploads\/sites\/5\/2025\/04\/Salvavidas-IGSS-Semana-Santa-2025-7-1068x712.jpg 1068w, \/wp-content\/uploads\/sites\/5\/2025\/04\/Salvavidas-IGSS-Semana-Santa-2025-7-534x356.jpg 534w, \/wp-content\/uploads\/sites\/5\/2025\/04\/Salvavidas-IGSS-Semana-Santa-2025-7.jpg 1600w\" sizes=\"(max-width: 630px) 100vw, 630px\" alt=\"\">\r\n                            <\/a>\r\n                            \r\n                        <\/figure>\r\n                    <\/div>\r\n                    <div class = \"td-slide-item td-item4\">\r\n                        <figure class=\"td-slide-galery-figure td-slide-popup-gallery\">\r\n                            <a class=\"slide-gallery-image-link\" href=\"\/wp-content\/uploads\/sites\/5\/2025\/04\/Salvavidas-IGSS-Semana-Santa-2025-8.jpg\" title=\"Salvavidas IGSS Semana Santa 2025-8\"  data-caption=\"\"  data-description=\"\">\r\n                                <img decoding=\"async\" src=\"\/wp-content\/uploads\/sites\/5\/2025\/04\/Salvavidas-IGSS-Semana-Santa-2025-8-560x420.jpg\" srcset=\"\/wp-content\/uploads\/sites\/5\/2025\/04\/Salvavidas-IGSS-Semana-Santa-2025-8-560x420.jpg 560w, \/wp-content\/uploads\/sites\/5\/2025\/04\/Salvavidas-IGSS-Semana-Santa-2025-8-300x225.jpg 300w, \/wp-content\/uploads\/sites\/5\/2025\/04\/Salvavidas-IGSS-Semana-Santa-2025-8-1024x768.jpg 1024w, \/wp-content\/uploads\/sites\/5\/2025\/04\/Salvavidas-IGSS-Semana-Santa-2025-8-768x576.jpg 768w, \/wp-content\/uploads\/sites\/5\/2025\/04\/Salvavidas-IGSS-Semana-Santa-2025-8-80x60.jpg 80w, \/wp-content\/uploads\/sites\/5\/2025\/04\/Salvavidas-IGSS-Semana-Santa-2025-8-696x522.jpg 696w, \/wp-content\/uploads\/sites\/5\/2025\/04\/Salvavidas-IGSS-Semana-Santa-2025-8-1068x801.jpg 1068w, \/wp-content\/uploads\/sites\/5\/2025\/04\/Salvavidas-IGSS-Semana-Santa-2025-8-265x198.jpg 265w, \/wp-content\/uploads\/sites\/5\/2025\/04\/Salvavidas-IGSS-Semana-Santa-2025-8-534x401.jpg 534w, \/wp-content\/uploads\/sites\/5\/2025\/04\/Salvavidas-IGSS-Semana-Santa-2025-8.jpg 1280w\" sizes=\"(max-width: 560px) 100vw, 560px\" alt=\"\">\r\n                            <\/a>\r\n                            \r\n                        <\/figure>\r\n                    <\/div>\r\n                    <div class = \"td-slide-item td-item5\">\r\n                        <figure class=\"td-slide-galery-figure td-slide-popup-gallery\">\r\n                            <a class=\"slide-gallery-image-link\" href=\"\/wp-content\/uploads\/sites\/5\/2025\/04\/Salvavidas-IGSS-Semana-Santa-2025-9.jpg\" title=\"Salvavidas IGSS Semana Santa 2025-9\"  data-caption=\"\"  data-description=\"\">\r\n                                <img decoding=\"async\" src=\"\/wp-content\/uploads\/sites\/5\/2025\/04\/Salvavidas-IGSS-Semana-Santa-2025-9-630x420.jpg\" srcset=\"\/wp-content\/uploads\/sites\/5\/2025\/04\/Salvavidas-IGSS-Semana-Santa-2025-9-630x420.jpg 630w, \/wp-content\/uploads\/sites\/5\/2025\/04\/Salvavidas-IGSS-Semana-Santa-2025-9-300x200.jpg 300w, \/wp-content\/uploads\/sites\/5\/2025\/04\/Salvavidas-IGSS-Semana-Santa-2025-9-1024x682.jpg 1024w, \/wp-content\/uploads\/sites\/5\/2025\/04\/Salvavidas-IGSS-Semana-Santa-2025-9-768x512.jpg 768w, \/wp-content\/uploads\/sites\/5\/2025\/04\/Salvavidas-IGSS-Semana-Santa-2025-9-1536x1023.jpg 1536w, \/wp-content\/uploads\/sites\/5\/2025\/04\/Salvavidas-IGSS-Semana-Santa-2025-9-696x464.jpg 696w, \/wp-content\/uploads\/sites\/5\/2025\/04\/Salvavidas-IGSS-Semana-Santa-2025-9-1068x712.jpg 1068w, \/wp-content\/uploads\/sites\/5\/2025\/04\/Salvavidas-IGSS-Semana-Santa-2025-9-534x356.jpg 534w, \/wp-content\/uploads\/sites\/5\/2025\/04\/Salvavidas-IGSS-Semana-Santa-2025-9.jpg 1600w\" sizes=\"(max-width: 630px) 100vw, 630px\" alt=\"\">\r\n                            <\/a>\r\n                            \r\n                        <\/figure>\r\n                    <\/div>\r\n                    <div class = \"td-slide-item td-item6\">\r\n                        <figure class=\"td-slide-galery-figure td-slide-popup-gallery\">\r\n                            <a class=\"slide-gallery-image-link\" href=\"\/wp-content\/uploads\/sites\/5\/2025\/04\/Salvavidas-IGSS-Semana-Santa-2025-10.jpg\" title=\"Salvavidas IGSS Semana Santa 2025-10\"  data-caption=\"\"  data-description=\"\">\r\n                                <img decoding=\"async\" src=\"\/wp-content\/uploads\/sites\/5\/2025\/04\/Salvavidas-IGSS-Semana-Santa-2025-10-630x420.jpg\" srcset=\"\/wp-content\/uploads\/sites\/5\/2025\/04\/Salvavidas-IGSS-Semana-Santa-2025-10-630x420.jpg 630w, \/wp-content\/uploads\/sites\/5\/2025\/04\/Salvavidas-IGSS-Semana-Santa-2025-10-300x200.jpg 300w, \/wp-content\/uploads\/sites\/5\/2025\/04\/Salvavidas-IGSS-Semana-Santa-2025-10-1024x682.jpg 1024w, \/wp-content\/uploads\/sites\/5\/2025\/04\/Salvavidas-IGSS-Semana-Santa-2025-10-768x512.jpg 768w, \/wp-content\/uploads\/sites\/5\/2025\/04\/Salvavidas-IGSS-Semana-Santa-2025-10-1536x1023.jpg 1536w, \/wp-content\/uploads\/sites\/5\/2025\/04\/Salvavidas-IGSS-Semana-Santa-2025-10-696x464.jpg 696w, \/wp-content\/uploads\/sites\/5\/2025\/04\/Salvavidas-IGSS-Semana-Santa-2025-10-1068x712.jpg 1068w, \/wp-content\/uploads\/sites\/5\/2025\/04\/Salvavidas-IGSS-Semana-Santa-2025-10-534x356.jpg 534w, \/wp-content\/uploads\/sites\/5\/2025\/04\/Salvavidas-IGSS-Semana-Santa-2025-10.jpg 1600w\" sizes=\"(max-width: 630px) 100vw, 630px\" alt=\"\">\r\n                            <\/a>\r\n                            \r\n                        <\/figure>\r\n                    <\/div>\r\n                            <\/div>\r\n                        <\/div>\r\n\r\n                        <div class = \"td-doubleSlider-2\">\r\n                            <div class = \"td-slider\">\r\n                                \r\n                    <div class = \"td-button td-item1\">\r\n                        <div class = \"td-border\"><\/div>\r\n                    <\/div>\r\n                    <div class = \"td-button td-item2\">\r\n                        <div class = \"td-border\"><\/div>\r\n                    <\/div>\r\n                    <div class = \"td-button td-item3\">\r\n                        <div class = \"td-border\"><\/div>\r\n                    <\/div>\r\n                    <div class = \"td-button td-item4\">\r\n                        <div class = \"td-border\"><\/div>\r\n                    <\/div>\r\n                    <div class = \"td-button td-item5\">\r\n                        <div class = \"td-border\"><\/div>\r\n                    <\/div>\r\n                    <div class = \"td-button td-item6\">\r\n                        <div class = \"td-border\"><\/div>\r\n                    <\/div>\r\n                            <\/div>\r\n                        <\/div>\r\n\r\n                    <\/div>\r\n\r\n                <\/div>\r\n                \n","protected":false},"excerpt":{"rendered":"<p>Los salvavidas del Instituto Guatemalteco de Seguridad Social (IGSS) recibieron el equipo e indumentaria indispensable para brindar protecci\u00f3n a los miles de veraneantes que visitar\u00e1n las playas en esta Semana Santa.<\/p>\n","protected":false},"author":4,"featured_media":47418,"comment_status":"closed","ping_status":"closed","sticky":false,"template":"","format":"standard","meta":{"footnotes":""},"categories":[3,15,32],"tags":[2091,1896,770],"coauthors":[],"class_list":{"0":"post-47417","1":"post","2":"type-post","3":"status-publish","4":"format-standard","5":"has-post-thumbnail","7":"category-actualidad","8":"category-destacado","9":"category-salvavidas","10":"tag-salvavidas","11":"tag-salvavidas-guatemala","12":"tag-salvavidas-igss"},"_links":{"self":[{"href":"https:\/\/www.igssgt.org\/noticias\/wp-json\/wp\/v2\/posts\/47417","targetHints":{"allow":["GET"]}}],"collection":[{"href":"https:\/\/www.igssgt.org\/noticias\/wp-json\/wp\/v2\/posts"}],"about":[{"href":"https:\/\/www.igssgt.org\/noticias\/wp-json\/wp\/v2\/types\/post"}],"author":[{"embeddable":true,"href":"https:\/\/www.igssgt.org\/noticias\/wp-json\/wp\/v2\/users\/4"}],"replies":[{"embeddable":true,"href":"https:\/\/www.igssgt.org\/noticias\/wp-json\/wp\/v2\/comments?post=47417"}],"version-history":[{"count":2,"href":"https:\/\/www.igssgt.org\/noticias\/wp-json\/wp\/v2\/posts\/47417\/revisions"}],"predecessor-version":[{"id":47429,"href":"https:\/\/www.igssgt.org\/noticias\/wp-json\/wp\/v2\/posts\/47417\/revisions\/47429"}],"wp:featuredmedia":[{"embeddable":true,"href":"https:\/\/www.igssgt.org\/noticias\/wp-json\/wp\/v2\/media\/47418"}],"wp:attachment":[{"href":"https:\/\/www.igssgt.org\/noticias\/wp-json\/wp\/v2\/media?parent=47417"}],"wp:term":[{"taxonomy":"category","embeddable":true,"href":"https:\/\/www.igssgt.org\/noticias\/wp-json\/wp\/v2\/categories?post=47417"},{"taxonomy":"post_tag","embeddable":true,"href":"https:\/\/www.igssgt.org\/noticias\/wp-json\/wp\/v2\/tags?post=47417"},{"taxonomy":"author","embeddable":true,"href":"https:\/\/www.igssgt.org\/noticias\/wp-json\/wp\/v2\/coauthors?post=47417"}],"curies":[{"name":"wp","href":"https:\/\/api.w.org\/{rel}","templated":true}]}}