{"id":47430,"date":"2025-04-11T15:05:00","date_gmt":"2025-04-11T21:05:00","guid":{"rendered":"https:\/\/www.igssgt.org\/noticias\/?p=47430"},"modified":"2025-10-21T13:44:05","modified_gmt":"2025-10-21T19:44:05","slug":"mas-innovacion-y-prevencion-marcan-el-futuro-de-las-clinicas-de-empresa","status":"publish","type":"post","link":"https:\/\/www.igssgt.org\/noticias\/2025\/04\/11\/mas-innovacion-y-prevencion-marcan-el-futuro-de-las-clinicas-de-empresa\/","title":{"rendered":"<strong>M\u00e1s innovaci\u00f3n y prevenci\u00f3n marcan el futuro de las Cl\u00ednicas de Empresa<\/strong>"},"content":{"rendered":"\n<p class=\"has-drop-cap\">La jornada final del 1er Congreso Regional del Sistema de Cl\u00ednicas de Empresa, organizado por el Instituto Guatemalteco de Seguridad Social (IGSS) se enfoc\u00f3 en mostrar avances institucionales a nivel nacional.<\/p>\n\n\n\n<p>Autoridades del Instituto presentaron propuestas en planificaci\u00f3n estrat\u00e9gica, medicina familiar y comunitaria, as\u00ed como la implementaci\u00f3n de nuevas herramientas tecnol\u00f3gicas.<\/p>\n<p><a href=\"\/wp-content\/uploads\/sites\/5\/2025\/04\/Congreso-Regional-Sistema-Clinicas-de-Empresa-IGSS-4.jpg\"><img loading=\"lazy\" decoding=\"async\" class=\"aligncenter size-full wp-image-47432\" src=\"\/wp-content\/uploads\/sites\/5\/2025\/04\/Congreso-Regional-Sistema-Clinicas-de-Empresa-IGSS-4.jpg\" alt=\"\" width=\"1280\" height=\"853\" srcset=\"\/wp-content\/uploads\/sites\/5\/2025\/04\/Congreso-Regional-Sistema-Clinicas-de-Empresa-IGSS-4.jpg 1280w, \/wp-content\/uploads\/sites\/5\/2025\/04\/Congreso-Regional-Sistema-Clinicas-de-Empresa-IGSS-4-300x200.jpg 300w, \/wp-content\/uploads\/sites\/5\/2025\/04\/Congreso-Regional-Sistema-Clinicas-de-Empresa-IGSS-4-1024x682.jpg 1024w, \/wp-content\/uploads\/sites\/5\/2025\/04\/Congreso-Regional-Sistema-Clinicas-de-Empresa-IGSS-4-768x512.jpg 768w, \/wp-content\/uploads\/sites\/5\/2025\/04\/Congreso-Regional-Sistema-Clinicas-de-Empresa-IGSS-4-630x420.jpg 630w, \/wp-content\/uploads\/sites\/5\/2025\/04\/Congreso-Regional-Sistema-Clinicas-de-Empresa-IGSS-4-696x464.jpg 696w, \/wp-content\/uploads\/sites\/5\/2025\/04\/Congreso-Regional-Sistema-Clinicas-de-Empresa-IGSS-4-1068x712.jpg 1068w, \/wp-content\/uploads\/sites\/5\/2025\/04\/Congreso-Regional-Sistema-Clinicas-de-Empresa-IGSS-4-534x356.jpg 534w\" sizes=\"auto, (max-width: 1280px) 100vw, 1280px\" \/><\/a><\/p>\n<p>Durante el evento, el presidente de Junta Directiva, Lic. Jos\u00e9 Adolfo Flamenco Jau, enfatiz\u00f3 que \u00a0\u201cLa innovaci\u00f3n es fundamental para fortalecer la salud ocupacional con un enfoque preventivo y m\u00e1s humano\u201d.<\/p>\n<p>Uno de los momentos clave fue el lanzamiento de FORMATE, una plataforma del IGSS de formaci\u00f3n y desarrollo que permitir\u00e1 fortalecer las competencias del personal.<\/p>\n<p>Adem\u00e1s, se present\u00f3 una nueva herramienta digital que apoyar\u00e1 directamente a las Cl\u00ednicas de Empresa para optimizar la atenci\u00f3n a los afiliados, agilizando procesos y mejorando la calidad del servicio.<\/p>\n<p>El Congreso concluy\u00f3 con un llamado a continuar construyendo un sistema preventivo, moderno y orientado al bienestar integral de los trabajadores.<\/p>\n\r\n                <style type=\"text\/css\">\r\n                    \r\n                    #tdi_1  .td-doubleSlider-2 .td-item1 {\r\n                        background: url(\/wp-content\/uploads\/sites\/5\/2025\/04\/Congreso-Regional-Sistema-Clinicas-de-Empresa-IGSS-3-80x60.jpg) 0 0 no-repeat;\r\n                    }\r\n                    #tdi_1  .td-doubleSlider-2 .td-item2 {\r\n                        background: url(\/wp-content\/uploads\/sites\/5\/2025\/04\/Congreso-Regional-Sistema-Clinicas-de-Empresa-IGSS-2-80x60.jpg) 0 0 no-repeat;\r\n                    }\r\n                    #tdi_1  .td-doubleSlider-2 .td-item3 {\r\n                        background: url(\/wp-content\/uploads\/sites\/5\/2025\/04\/Congreso-Regional-Sistema-Clinicas-de-Empresa-IGSS-7-80x60.jpg) 0 0 no-repeat;\r\n                    }\r\n                    #tdi_1  .td-doubleSlider-2 .td-item4 {\r\n                        background: url(\/wp-content\/uploads\/sites\/5\/2025\/04\/Congreso-Regional-Sistema-Clinicas-de-Empresa-IGSS-5-80x60.jpg) 0 0 no-repeat;\r\n                    }\r\n                <\/style>\r\n\r\n                <div id=\"tdi_1\" class=\"td-gallery td-slide-on-2-columns\">\r\n                    <div class=\"post_td_gallery\">\r\n                        <div class=\"td-gallery-slide-top\">\r\n                           <div class=\"td-gallery-title\">Galer\u00eda de Im\u00e1genes<\/div>\r\n\r\n                            <div class=\"td-gallery-controls-wrapper\">\r\n                                <div class=\"td-gallery-slide-count\"><span class=\"td-gallery-slide-item-focus\">1<\/span> de 4<\/div>\r\n                                <div class=\"td-gallery-slide-prev-next-but\">\r\n                                    <i class = \"td-icon-left doubleSliderPrevButton\"><\/i>\r\n                                    <i class = \"td-icon-right doubleSliderNextButton\"><\/i>\r\n                                <\/div>\r\n                            <\/div>\r\n                        <\/div>\r\n\r\n                        <div class = \"td-doubleSlider-1 \">\r\n                            <div class = \"td-slider\">\r\n                                \r\n                    <div class = \"td-slide-item td-item1\">\r\n                        <figure class=\"td-slide-galery-figure td-slide-popup-gallery\">\r\n                            <a class=\"slide-gallery-image-link\" href=\"\/wp-content\/uploads\/sites\/5\/2025\/04\/Congreso-Regional-Sistema-Clinicas-de-Empresa-IGSS-3.jpg\" title=\"Congreso Regional Sistema Clinicas de Empresa IGSS-3\"  data-caption=\"\"  data-description=\"\">\r\n                                <img decoding=\"async\" src=\"\/wp-content\/uploads\/sites\/5\/2025\/04\/Congreso-Regional-Sistema-Clinicas-de-Empresa-IGSS-3-630x420.jpg\" srcset=\"\/wp-content\/uploads\/sites\/5\/2025\/04\/Congreso-Regional-Sistema-Clinicas-de-Empresa-IGSS-3-630x420.jpg 630w, \/wp-content\/uploads\/sites\/5\/2025\/04\/Congreso-Regional-Sistema-Clinicas-de-Empresa-IGSS-3-300x200.jpg 300w, \/wp-content\/uploads\/sites\/5\/2025\/04\/Congreso-Regional-Sistema-Clinicas-de-Empresa-IGSS-3-1024x683.jpg 1024w, \/wp-content\/uploads\/sites\/5\/2025\/04\/Congreso-Regional-Sistema-Clinicas-de-Empresa-IGSS-3-768x512.jpg 768w, \/wp-content\/uploads\/sites\/5\/2025\/04\/Congreso-Regional-Sistema-Clinicas-de-Empresa-IGSS-3-1536x1024.jpg 1536w, \/wp-content\/uploads\/sites\/5\/2025\/04\/Congreso-Regional-Sistema-Clinicas-de-Empresa-IGSS-3-696x464.jpg 696w, \/wp-content\/uploads\/sites\/5\/2025\/04\/Congreso-Regional-Sistema-Clinicas-de-Empresa-IGSS-3-1068x712.jpg 1068w, \/wp-content\/uploads\/sites\/5\/2025\/04\/Congreso-Regional-Sistema-Clinicas-de-Empresa-IGSS-3-534x356.jpg 534w, \/wp-content\/uploads\/sites\/5\/2025\/04\/Congreso-Regional-Sistema-Clinicas-de-Empresa-IGSS-3.jpg 1599w\" sizes=\"(max-width: 630px) 100vw, 630px\" alt=\"\">\r\n                            <\/a>\r\n                            \r\n                        <\/figure>\r\n                    <\/div>\r\n                    <div class = \"td-slide-item td-item2\">\r\n                        <figure class=\"td-slide-galery-figure td-slide-popup-gallery\">\r\n                            <a class=\"slide-gallery-image-link\" href=\"\/wp-content\/uploads\/sites\/5\/2025\/04\/Congreso-Regional-Sistema-Clinicas-de-Empresa-IGSS-2.jpg\" title=\"Congreso Regional Sistema Clinicas de Empresa IGSS-2\"  data-caption=\"\"  data-description=\"\">\r\n                                <img decoding=\"async\" src=\"\/wp-content\/uploads\/sites\/5\/2025\/04\/Congreso-Regional-Sistema-Clinicas-de-Empresa-IGSS-2-630x420.jpg\" srcset=\"\/wp-content\/uploads\/sites\/5\/2025\/04\/Congreso-Regional-Sistema-Clinicas-de-Empresa-IGSS-2-630x420.jpg 630w, \/wp-content\/uploads\/sites\/5\/2025\/04\/Congreso-Regional-Sistema-Clinicas-de-Empresa-IGSS-2-300x200.jpg 300w, \/wp-content\/uploads\/sites\/5\/2025\/04\/Congreso-Regional-Sistema-Clinicas-de-Empresa-IGSS-2-1024x682.jpg 1024w, \/wp-content\/uploads\/sites\/5\/2025\/04\/Congreso-Regional-Sistema-Clinicas-de-Empresa-IGSS-2-768x512.jpg 768w, \/wp-content\/uploads\/sites\/5\/2025\/04\/Congreso-Regional-Sistema-Clinicas-de-Empresa-IGSS-2-696x464.jpg 696w, \/wp-content\/uploads\/sites\/5\/2025\/04\/Congreso-Regional-Sistema-Clinicas-de-Empresa-IGSS-2-1068x712.jpg 1068w, \/wp-content\/uploads\/sites\/5\/2025\/04\/Congreso-Regional-Sistema-Clinicas-de-Empresa-IGSS-2-534x356.jpg 534w, \/wp-content\/uploads\/sites\/5\/2025\/04\/Congreso-Regional-Sistema-Clinicas-de-Empresa-IGSS-2.jpg 1280w\" sizes=\"(max-width: 630px) 100vw, 630px\" alt=\"\">\r\n                            <\/a>\r\n                            \r\n                        <\/figure>\r\n                    <\/div>\r\n                    <div class = \"td-slide-item td-item3\">\r\n                        <figure class=\"td-slide-galery-figure td-slide-popup-gallery\">\r\n                            <a class=\"slide-gallery-image-link\" href=\"\/wp-content\/uploads\/sites\/5\/2025\/04\/Congreso-Regional-Sistema-Clinicas-de-Empresa-IGSS-7.jpg\" title=\"Congreso Regional Sistema Clinicas de Empresa IGSS-7\"  data-caption=\"\"  data-description=\"\">\r\n                                <img decoding=\"async\" src=\"\/wp-content\/uploads\/sites\/5\/2025\/04\/Congreso-Regional-Sistema-Clinicas-de-Empresa-IGSS-7-630x420.jpg\" srcset=\"\/wp-content\/uploads\/sites\/5\/2025\/04\/Congreso-Regional-Sistema-Clinicas-de-Empresa-IGSS-7-630x420.jpg 630w, \/wp-content\/uploads\/sites\/5\/2025\/04\/Congreso-Regional-Sistema-Clinicas-de-Empresa-IGSS-7-300x200.jpg 300w, \/wp-content\/uploads\/sites\/5\/2025\/04\/Congreso-Regional-Sistema-Clinicas-de-Empresa-IGSS-7-1024x683.jpg 1024w, \/wp-content\/uploads\/sites\/5\/2025\/04\/Congreso-Regional-Sistema-Clinicas-de-Empresa-IGSS-7-768x512.jpg 768w, \/wp-content\/uploads\/sites\/5\/2025\/04\/Congreso-Regional-Sistema-Clinicas-de-Empresa-IGSS-7-1536x1024.jpg 1536w, \/wp-content\/uploads\/sites\/5\/2025\/04\/Congreso-Regional-Sistema-Clinicas-de-Empresa-IGSS-7-696x464.jpg 696w, \/wp-content\/uploads\/sites\/5\/2025\/04\/Congreso-Regional-Sistema-Clinicas-de-Empresa-IGSS-7-1068x712.jpg 1068w, \/wp-content\/uploads\/sites\/5\/2025\/04\/Congreso-Regional-Sistema-Clinicas-de-Empresa-IGSS-7-534x356.jpg 534w, \/wp-content\/uploads\/sites\/5\/2025\/04\/Congreso-Regional-Sistema-Clinicas-de-Empresa-IGSS-7.jpg 1599w\" sizes=\"(max-width: 630px) 100vw, 630px\" alt=\"\">\r\n                            <\/a>\r\n                            \r\n                        <\/figure>\r\n                    <\/div>\r\n                    <div class = \"td-slide-item td-item4\">\r\n                        <figure class=\"td-slide-galery-figure td-slide-popup-gallery\">\r\n                            <a class=\"slide-gallery-image-link\" href=\"\/wp-content\/uploads\/sites\/5\/2025\/04\/Congreso-Regional-Sistema-Clinicas-de-Empresa-IGSS-5.jpg\" title=\"Congreso Regional Sistema Clinicas de Empresa IGSS-5\"  data-caption=\"\"  data-description=\"\">\r\n                                <img decoding=\"async\" src=\"\/wp-content\/uploads\/sites\/5\/2025\/04\/Congreso-Regional-Sistema-Clinicas-de-Empresa-IGSS-5-630x420.jpg\" srcset=\"\/wp-content\/uploads\/sites\/5\/2025\/04\/Congreso-Regional-Sistema-Clinicas-de-Empresa-IGSS-5-630x420.jpg 630w, \/wp-content\/uploads\/sites\/5\/2025\/04\/Congreso-Regional-Sistema-Clinicas-de-Empresa-IGSS-5-300x200.jpg 300w, \/wp-content\/uploads\/sites\/5\/2025\/04\/Congreso-Regional-Sistema-Clinicas-de-Empresa-IGSS-5-1024x682.jpg 1024w, \/wp-content\/uploads\/sites\/5\/2025\/04\/Congreso-Regional-Sistema-Clinicas-de-Empresa-IGSS-5-768x512.jpg 768w, \/wp-content\/uploads\/sites\/5\/2025\/04\/Congreso-Regional-Sistema-Clinicas-de-Empresa-IGSS-5-696x464.jpg 696w, \/wp-content\/uploads\/sites\/5\/2025\/04\/Congreso-Regional-Sistema-Clinicas-de-Empresa-IGSS-5-1068x712.jpg 1068w, \/wp-content\/uploads\/sites\/5\/2025\/04\/Congreso-Regional-Sistema-Clinicas-de-Empresa-IGSS-5-534x356.jpg 534w, \/wp-content\/uploads\/sites\/5\/2025\/04\/Congreso-Regional-Sistema-Clinicas-de-Empresa-IGSS-5.jpg 1280w\" sizes=\"(max-width: 630px) 100vw, 630px\" alt=\"\">\r\n                            <\/a>\r\n                            \r\n                        <\/figure>\r\n                    <\/div>\r\n                            <\/div>\r\n                        <\/div>\r\n\r\n                        <div class = \"td-doubleSlider-2\">\r\n                            <div class = \"td-slider\">\r\n                                \r\n                    <div class = \"td-button td-item1\">\r\n                        <div class = \"td-border\"><\/div>\r\n                    <\/div>\r\n                    <div class = \"td-button td-item2\">\r\n                        <div class = \"td-border\"><\/div>\r\n                    <\/div>\r\n                    <div class = \"td-button td-item3\">\r\n                        <div class = \"td-border\"><\/div>\r\n                    <\/div>\r\n                    <div class = \"td-button td-item4\">\r\n                        <div class = \"td-border\"><\/div>\r\n                    <\/div>\r\n                            <\/div>\r\n                        <\/div>\r\n\r\n                    <\/div>\r\n\r\n                <\/div>\r\n                \n","protected":false},"excerpt":{"rendered":"<p>La jornada final del 1er Congreso Regional del Sistema de Cl\u00ednicas de Empresa, organizado por el Instituto Guatemalteco de Seguridad Social (IGSS) se enfoc\u00f3 en mostrar avances institucionales a nivel nacional.<\/p>\n","protected":false},"author":4,"featured_media":47431,"comment_status":"closed","ping_status":"closed","sticky":false,"template":"","format":"standard","meta":{"footnotes":""},"categories":[3,12,15,23],"tags":[1491],"coauthors":[],"class_list":{"0":"post-47430","1":"post","2":"type-post","3":"status-publish","4":"format-standard","5":"has-post-thumbnail","7":"category-actualidad","8":"category-clinicas-de-empresa","9":"category-destacado","10":"category-patronos","11":"tag-clinicas-de-empresa"},"_links":{"self":[{"href":"https:\/\/www.igssgt.org\/noticias\/wp-json\/wp\/v2\/posts\/47430","targetHints":{"allow":["GET"]}}],"collection":[{"href":"https:\/\/www.igssgt.org\/noticias\/wp-json\/wp\/v2\/posts"}],"about":[{"href":"https:\/\/www.igssgt.org\/noticias\/wp-json\/wp\/v2\/types\/post"}],"author":[{"embeddable":true,"href":"https:\/\/www.igssgt.org\/noticias\/wp-json\/wp\/v2\/users\/4"}],"replies":[{"embeddable":true,"href":"https:\/\/www.igssgt.org\/noticias\/wp-json\/wp\/v2\/comments?post=47430"}],"version-history":[{"count":2,"href":"https:\/\/www.igssgt.org\/noticias\/wp-json\/wp\/v2\/posts\/47430\/revisions"}],"predecessor-version":[{"id":47438,"href":"https:\/\/www.igssgt.org\/noticias\/wp-json\/wp\/v2\/posts\/47430\/revisions\/47438"}],"wp:featuredmedia":[{"embeddable":true,"href":"https:\/\/www.igssgt.org\/noticias\/wp-json\/wp\/v2\/media\/47431"}],"wp:attachment":[{"href":"https:\/\/www.igssgt.org\/noticias\/wp-json\/wp\/v2\/media?parent=47430"}],"wp:term":[{"taxonomy":"category","embeddable":true,"href":"https:\/\/www.igssgt.org\/noticias\/wp-json\/wp\/v2\/categories?post=47430"},{"taxonomy":"post_tag","embeddable":true,"href":"https:\/\/www.igssgt.org\/noticias\/wp-json\/wp\/v2\/tags?post=47430"},{"taxonomy":"author","embeddable":true,"href":"https:\/\/www.igssgt.org\/noticias\/wp-json\/wp\/v2\/coauthors?post=47430"}],"curies":[{"name":"wp","href":"https:\/\/api.w.org\/{rel}","templated":true}]}}