{"id":47452,"date":"2025-04-17T10:00:00","date_gmt":"2025-04-17T16:00:00","guid":{"rendered":"https:\/\/www.igssgt.org\/noticias\/?p=47452"},"modified":"2025-04-17T15:57:09","modified_gmt":"2025-04-17T21:57:09","slug":"cuerpo-de-salvamento-igss-banderas-y-senales-que-salvan-vidas","status":"publish","type":"post","link":"https:\/\/www.igssgt.org\/noticias\/2025\/04\/17\/cuerpo-de-salvamento-igss-banderas-y-senales-que-salvan-vidas\/","title":{"rendered":"<strong>Cuerpo de Salvamento IGSS: Banderas y se\u00f1ales que salvan vidas<\/strong>"},"content":{"rendered":"\n<p class=\"has-drop-cap\">Una de las principales funciones de los salvavidas es la prevenci\u00f3n de emergencias y accidentes en ambientes acu\u00e1ticos. Para ello, recurren a diferentes formas de comunicaci\u00f3n como las banderas y s\u00edmbolos, que son imprescindibles comprender para estar seguro en las playas y centros recreativos.<\/p>\n\n\n\n<p>El doctor Mynor Mej\u00eda, jefe de la Secci\u00f3n de Seguridad e Higiene, resalt\u00f3 que el Cuerpo de Salvamento del Instituto Guatemalteco de Seguridad Social (IGSS) no es est\u00e1tico.<\/p>\n<figure id=\"attachment_47454\" aria-describedby=\"caption-attachment-47454\" style=\"width: 1600px\" class=\"wp-caption aligncenter\"><a href=\"\/wp-content\/uploads\/sites\/5\/2025\/04\/Salvavidas-IGSS-Semana-Santa-2025-7-1.jpg\"><img loading=\"lazy\" decoding=\"async\" class=\"wp-image-47454 size-full\" src=\"\/wp-content\/uploads\/sites\/5\/2025\/04\/Salvavidas-IGSS-Semana-Santa-2025-7-1.jpg\" alt=\"\" width=\"1600\" height=\"1066\" srcset=\"\/wp-content\/uploads\/sites\/5\/2025\/04\/Salvavidas-IGSS-Semana-Santa-2025-7-1.jpg 1600w, \/wp-content\/uploads\/sites\/5\/2025\/04\/Salvavidas-IGSS-Semana-Santa-2025-7-1-300x200.jpg 300w, \/wp-content\/uploads\/sites\/5\/2025\/04\/Salvavidas-IGSS-Semana-Santa-2025-7-1-1024x682.jpg 1024w, \/wp-content\/uploads\/sites\/5\/2025\/04\/Salvavidas-IGSS-Semana-Santa-2025-7-1-768x512.jpg 768w, \/wp-content\/uploads\/sites\/5\/2025\/04\/Salvavidas-IGSS-Semana-Santa-2025-7-1-1536x1023.jpg 1536w, \/wp-content\/uploads\/sites\/5\/2025\/04\/Salvavidas-IGSS-Semana-Santa-2025-7-1-630x420.jpg 630w, \/wp-content\/uploads\/sites\/5\/2025\/04\/Salvavidas-IGSS-Semana-Santa-2025-7-1-696x464.jpg 696w, \/wp-content\/uploads\/sites\/5\/2025\/04\/Salvavidas-IGSS-Semana-Santa-2025-7-1-1068x712.jpg 1068w, \/wp-content\/uploads\/sites\/5\/2025\/04\/Salvavidas-IGSS-Semana-Santa-2025-7-1-534x356.jpg 534w\" sizes=\"auto, (max-width: 1600px) 100vw, 1600px\" \/><\/a><figcaption id=\"caption-attachment-47454\" class=\"wp-caption-text\">Prot\u00e9jase de situaciones adversas en el agua, atienda las recomendaciones de los salvavidas.<\/figcaption><\/figure>\n<p>\u201cNo est\u00e1n en una torre esperando a que suceda un evento para rescatar a la v\u00edctima. Dentro de su protocolo, hacen actuaciones preventivas que consisten en recorridos por la playa para dar recomendaciones\u201d, explic\u00f3.<\/p>\n<p>De acuerdo con el profesional, los salvavidas del Instituto recurren a la se\u00f1alizaci\u00f3n visual y a la auditiva. La visual consiste en banderas:<\/p>\n<p><strong>Verde <\/strong>se coloca en las \u00e1reas donde es prudente ba\u00f1arse.<\/p>\n<p><strong>La amarilla <\/strong>indica precauci\u00f3n y se coloca cuando hay un alfaque o cualquier otra situaci\u00f3n. Si usted ve esta bandera en la torre, puede acercarse a los salvavidas a consultar por qu\u00e9 es la precauci\u00f3n.<\/p>\n<p><strong>La roja<\/strong> significa que no puede ba\u00f1arse.<\/p>\n<figure id=\"attachment_47455\" aria-describedby=\"caption-attachment-47455\" style=\"width: 1600px\" class=\"wp-caption aligncenter\"><a href=\"\/wp-content\/uploads\/sites\/5\/2025\/04\/Salvavidas-IGSS-Semana-Santa-2025-6-1.jpg\"><img loading=\"lazy\" decoding=\"async\" class=\"wp-image-47455 size-full\" src=\"\/wp-content\/uploads\/sites\/5\/2025\/04\/Salvavidas-IGSS-Semana-Santa-2025-6-1.jpg\" alt=\"\" width=\"1600\" height=\"1066\" srcset=\"\/wp-content\/uploads\/sites\/5\/2025\/04\/Salvavidas-IGSS-Semana-Santa-2025-6-1.jpg 1600w, \/wp-content\/uploads\/sites\/5\/2025\/04\/Salvavidas-IGSS-Semana-Santa-2025-6-1-300x200.jpg 300w, \/wp-content\/uploads\/sites\/5\/2025\/04\/Salvavidas-IGSS-Semana-Santa-2025-6-1-1024x682.jpg 1024w, \/wp-content\/uploads\/sites\/5\/2025\/04\/Salvavidas-IGSS-Semana-Santa-2025-6-1-768x512.jpg 768w, \/wp-content\/uploads\/sites\/5\/2025\/04\/Salvavidas-IGSS-Semana-Santa-2025-6-1-1536x1023.jpg 1536w, \/wp-content\/uploads\/sites\/5\/2025\/04\/Salvavidas-IGSS-Semana-Santa-2025-6-1-630x420.jpg 630w, \/wp-content\/uploads\/sites\/5\/2025\/04\/Salvavidas-IGSS-Semana-Santa-2025-6-1-696x464.jpg 696w, \/wp-content\/uploads\/sites\/5\/2025\/04\/Salvavidas-IGSS-Semana-Santa-2025-6-1-1068x712.jpg 1068w, \/wp-content\/uploads\/sites\/5\/2025\/04\/Salvavidas-IGSS-Semana-Santa-2025-6-1-534x356.jpg 534w\" sizes=\"auto, (max-width: 1600px) 100vw, 1600px\" \/><\/a><figcaption id=\"caption-attachment-47455\" class=\"wp-caption-text\">Durante Semana Santa, el IGSS fortalece su Cuerpo de Salvamento para beneficio de los veraneantes en playas.<\/figcaption><\/figure>\n<p>Mientras que la se\u00f1alizaci\u00f3n auditiva es a trav\u00e9s de gorgoritos. Los salvavidas tienen este sistema para llamar la atenci\u00f3n de los ba\u00f1istas, pedir que salgan del agua, prevenirlos u orientarlos respecto a alg\u00fan riesgo al que est\u00e9n expuestos.<\/p>\n<p>\u201cLo m\u00e1s importante es que los salvavidas bajan a la playa y tienen contacto verbal con las personas para prevenirlas\u201d, destac\u00f3 el especialista.<\/p>\n<p>Durante la Semana Santa del 2024, los salvavidas del Instituto realizaron m\u00e1s de 85 mil acciones preventivas y 1 mil 32 rescates acu\u00e1ticos. \u201cEs decir, salvamos a m\u00e1s de 1 mil personas de un riesgo de ahogamiento\u201d, subray\u00f3.<\/p>\n<p><a href=\"\/wp-content\/uploads\/sites\/5\/2025\/04\/Salvavidas-IGSS-Semana-Santa-2025-2-1.jpg\"><img loading=\"lazy\" decoding=\"async\" class=\"aligncenter size-full wp-image-47456\" src=\"\/wp-content\/uploads\/sites\/5\/2025\/04\/Salvavidas-IGSS-Semana-Santa-2025-2-1.jpg\" alt=\"\" width=\"1600\" height=\"1120\" srcset=\"\/wp-content\/uploads\/sites\/5\/2025\/04\/Salvavidas-IGSS-Semana-Santa-2025-2-1.jpg 1600w, \/wp-content\/uploads\/sites\/5\/2025\/04\/Salvavidas-IGSS-Semana-Santa-2025-2-1-300x210.jpg 300w, \/wp-content\/uploads\/sites\/5\/2025\/04\/Salvavidas-IGSS-Semana-Santa-2025-2-1-1024x717.jpg 1024w, \/wp-content\/uploads\/sites\/5\/2025\/04\/Salvavidas-IGSS-Semana-Santa-2025-2-1-768x538.jpg 768w, \/wp-content\/uploads\/sites\/5\/2025\/04\/Salvavidas-IGSS-Semana-Santa-2025-2-1-1536x1075.jpg 1536w, \/wp-content\/uploads\/sites\/5\/2025\/04\/Salvavidas-IGSS-Semana-Santa-2025-2-1-600x420.jpg 600w, \/wp-content\/uploads\/sites\/5\/2025\/04\/Salvavidas-IGSS-Semana-Santa-2025-2-1-696x487.jpg 696w, \/wp-content\/uploads\/sites\/5\/2025\/04\/Salvavidas-IGSS-Semana-Santa-2025-2-1-1068x748.jpg 1068w, \/wp-content\/uploads\/sites\/5\/2025\/04\/Salvavidas-IGSS-Semana-Santa-2025-2-1-100x70.jpg 100w, \/wp-content\/uploads\/sites\/5\/2025\/04\/Salvavidas-IGSS-Semana-Santa-2025-2-1-534x374.jpg 534w\" sizes=\"auto, (max-width: 1600px) 100vw, 1600px\" \/><\/a><\/p>\n<p><strong>Salvavidas en apresto durante la Semana Santa<\/strong><\/p>\n<p>El IGSS, a trav\u00e9s de su Cuerpo de Salvamento, brindar\u00e1 protecci\u00f3n y resguardo a los miles de veraneantes que visitar\u00e1n las diferentes playas a nivel nacional durante Semana Santa 2025.<\/p>\n<p>En total ser\u00e1n 150 salvavidas los que prestar\u00e1n el servicio en 15 playas y centros recreativos de todo el pa\u00eds.<\/p>\n<p>Para esta Semana Mayor, los salvavidas estar\u00e1n prestando el servicio del Mi\u00e9rcoles Santo al Domingo de Resurrecci\u00f3n, de 8:00 de la ma\u00f1ana a las 6:00 de la tarde. \u201cTomen muy en cuenta ese horario\u201d, recalc\u00f3 el profesional.<\/p>\n\r\n                <style type=\"text\/css\">\r\n                    \r\n                    #tdi_1  .td-doubleSlider-2 .td-item1 {\r\n                        background: url(\/wp-content\/uploads\/sites\/5\/2025\/04\/ec92aced-ca98-4066-91d3-4d0cb4eb941f-80x60.jpg) 0 0 no-repeat;\r\n                    }\r\n                    #tdi_1  .td-doubleSlider-2 .td-item2 {\r\n                        background: url(\/wp-content\/uploads\/sites\/5\/2025\/04\/Salvavidas-IGSS-Semana-Santa-2025-3-80x60.jpg) 0 0 no-repeat;\r\n                    }\r\n                    #tdi_1  .td-doubleSlider-2 .td-item3 {\r\n                        background: url(\/wp-content\/uploads\/sites\/5\/2025\/04\/Salvavidas-IGSS-Semana-Santa-2025-4-1-80x60.jpg) 0 0 no-repeat;\r\n                    }\r\n                    #tdi_1  .td-doubleSlider-2 .td-item4 {\r\n                        background: url(\/wp-content\/uploads\/sites\/5\/2025\/04\/Salvavidas-IGSS-Semana-Santa-2025-7-1-80x60.jpg) 0 0 no-repeat;\r\n                    }\r\n                    #tdi_1  .td-doubleSlider-2 .td-item5 {\r\n                        background: url(\/wp-content\/uploads\/sites\/5\/2025\/04\/Salvavidas-IGSS-Semana-Santa-2025-2-1-80x60.jpg) 0 0 no-repeat;\r\n                    }\r\n                    #tdi_1  .td-doubleSlider-2 .td-item6 {\r\n                        background: url(\/wp-content\/uploads\/sites\/5\/2025\/04\/Salvavidas-IGSS-Semana-Santa-2025-6-1-80x60.jpg) 0 0 no-repeat;\r\n                    }\r\n                <\/style>\r\n\r\n                <div id=\"tdi_1\" class=\"td-gallery td-slide-on-2-columns\">\r\n                    <div class=\"post_td_gallery\">\r\n                        <div class=\"td-gallery-slide-top\">\r\n                           <div class=\"td-gallery-title\"><\/div>\r\n\r\n                            <div class=\"td-gallery-controls-wrapper\">\r\n                                <div class=\"td-gallery-slide-count\"><span class=\"td-gallery-slide-item-focus\">1<\/span> de 6<\/div>\r\n                                <div class=\"td-gallery-slide-prev-next-but\">\r\n                                    <i class = \"td-icon-left doubleSliderPrevButton\"><\/i>\r\n                                    <i class = \"td-icon-right doubleSliderNextButton\"><\/i>\r\n                                <\/div>\r\n                            <\/div>\r\n                        <\/div>\r\n\r\n                        <div class = \"td-doubleSlider-1 \">\r\n                            <div class = \"td-slider\">\r\n                                \r\n                    <div class = \"td-slide-item td-item1\">\r\n                        <figure class=\"td-slide-galery-figure td-slide-popup-gallery\">\r\n                            <a class=\"slide-gallery-image-link\" href=\"\/wp-content\/uploads\/sites\/5\/2025\/04\/ec92aced-ca98-4066-91d3-4d0cb4eb941f.jpg\" title=\"ec92aced-ca98-4066-91d3-4d0cb4eb941f\"  data-caption=\"\"  data-description=\"\">\r\n                                <img decoding=\"async\" src=\"\/wp-content\/uploads\/sites\/5\/2025\/04\/ec92aced-ca98-4066-91d3-4d0cb4eb941f-630x420.jpg\" srcset=\"\/wp-content\/uploads\/sites\/5\/2025\/04\/ec92aced-ca98-4066-91d3-4d0cb4eb941f-630x420.jpg 630w, \/wp-content\/uploads\/sites\/5\/2025\/04\/ec92aced-ca98-4066-91d3-4d0cb4eb941f-300x200.jpg 300w, \/wp-content\/uploads\/sites\/5\/2025\/04\/ec92aced-ca98-4066-91d3-4d0cb4eb941f-1024x682.jpg 1024w, \/wp-content\/uploads\/sites\/5\/2025\/04\/ec92aced-ca98-4066-91d3-4d0cb4eb941f-768x512.jpg 768w, \/wp-content\/uploads\/sites\/5\/2025\/04\/ec92aced-ca98-4066-91d3-4d0cb4eb941f-1536x1023.jpg 1536w, \/wp-content\/uploads\/sites\/5\/2025\/04\/ec92aced-ca98-4066-91d3-4d0cb4eb941f-696x464.jpg 696w, \/wp-content\/uploads\/sites\/5\/2025\/04\/ec92aced-ca98-4066-91d3-4d0cb4eb941f-1068x712.jpg 1068w, \/wp-content\/uploads\/sites\/5\/2025\/04\/ec92aced-ca98-4066-91d3-4d0cb4eb941f-534x356.jpg 534w, \/wp-content\/uploads\/sites\/5\/2025\/04\/ec92aced-ca98-4066-91d3-4d0cb4eb941f.jpg 1600w\" sizes=\"(max-width: 630px) 100vw, 630px\" alt=\"\">\r\n                            <\/a>\r\n                            \r\n                        <\/figure>\r\n                    <\/div>\r\n                    <div class = \"td-slide-item td-item2\">\r\n                        <figure class=\"td-slide-galery-figure td-slide-popup-gallery\">\r\n                            <a class=\"slide-gallery-image-link\" href=\"\/wp-content\/uploads\/sites\/5\/2025\/04\/Salvavidas-IGSS-Semana-Santa-2025-3.jpg\" title=\"Salvavidas IGSS Semana Santa 2025-3\"  data-caption=\"\"  data-description=\"\">\r\n                                <img decoding=\"async\" src=\"\/wp-content\/uploads\/sites\/5\/2025\/04\/Salvavidas-IGSS-Semana-Santa-2025-3-630x420.jpg\" srcset=\"\/wp-content\/uploads\/sites\/5\/2025\/04\/Salvavidas-IGSS-Semana-Santa-2025-3-630x420.jpg 630w, \/wp-content\/uploads\/sites\/5\/2025\/04\/Salvavidas-IGSS-Semana-Santa-2025-3-300x200.jpg 300w, \/wp-content\/uploads\/sites\/5\/2025\/04\/Salvavidas-IGSS-Semana-Santa-2025-3-1024x682.jpg 1024w, \/wp-content\/uploads\/sites\/5\/2025\/04\/Salvavidas-IGSS-Semana-Santa-2025-3-768x512.jpg 768w, \/wp-content\/uploads\/sites\/5\/2025\/04\/Salvavidas-IGSS-Semana-Santa-2025-3-1536x1023.jpg 1536w, \/wp-content\/uploads\/sites\/5\/2025\/04\/Salvavidas-IGSS-Semana-Santa-2025-3-696x464.jpg 696w, \/wp-content\/uploads\/sites\/5\/2025\/04\/Salvavidas-IGSS-Semana-Santa-2025-3-1068x712.jpg 1068w, \/wp-content\/uploads\/sites\/5\/2025\/04\/Salvavidas-IGSS-Semana-Santa-2025-3-534x356.jpg 534w, \/wp-content\/uploads\/sites\/5\/2025\/04\/Salvavidas-IGSS-Semana-Santa-2025-3.jpg 1600w\" sizes=\"(max-width: 630px) 100vw, 630px\" alt=\"\">\r\n                            <\/a>\r\n                            \r\n                        <\/figure>\r\n                    <\/div>\r\n                    <div class = \"td-slide-item td-item3\">\r\n                        <figure class=\"td-slide-galery-figure td-slide-popup-gallery\">\r\n                            <a class=\"slide-gallery-image-link\" href=\"\/wp-content\/uploads\/sites\/5\/2025\/04\/Salvavidas-IGSS-Semana-Santa-2025-4-1.jpg\" title=\"Salvavidas IGSS Semana Santa 2025-4\"  data-caption=\"\"  data-description=\"\">\r\n                                <img decoding=\"async\" src=\"\/wp-content\/uploads\/sites\/5\/2025\/04\/Salvavidas-IGSS-Semana-Santa-2025-4-1-530x420.jpg\" srcset=\"\/wp-content\/uploads\/sites\/5\/2025\/04\/Salvavidas-IGSS-Semana-Santa-2025-4-1-530x420.jpg 530w, \/wp-content\/uploads\/sites\/5\/2025\/04\/Salvavidas-IGSS-Semana-Santa-2025-4-1-300x238.jpg 300w, \/wp-content\/uploads\/sites\/5\/2025\/04\/Salvavidas-IGSS-Semana-Santa-2025-4-1-1024x812.jpg 1024w, \/wp-content\/uploads\/sites\/5\/2025\/04\/Salvavidas-IGSS-Semana-Santa-2025-4-1-768x609.jpg 768w, \/wp-content\/uploads\/sites\/5\/2025\/04\/Salvavidas-IGSS-Semana-Santa-2025-4-1-1536x1218.jpg 1536w, \/wp-content\/uploads\/sites\/5\/2025\/04\/Salvavidas-IGSS-Semana-Santa-2025-4-1-696x552.jpg 696w, \/wp-content\/uploads\/sites\/5\/2025\/04\/Salvavidas-IGSS-Semana-Santa-2025-4-1-1068x847.jpg 1068w, \/wp-content\/uploads\/sites\/5\/2025\/04\/Salvavidas-IGSS-Semana-Santa-2025-4-1-534x424.jpg 534w, \/wp-content\/uploads\/sites\/5\/2025\/04\/Salvavidas-IGSS-Semana-Santa-2025-4-1.jpg 1600w\" sizes=\"(max-width: 530px) 100vw, 530px\" alt=\"\">\r\n                            <\/a>\r\n                            \r\n                        <\/figure>\r\n                    <\/div>\r\n                    <div class = \"td-slide-item td-item4\">\r\n                        <figure class=\"td-slide-galery-figure td-slide-popup-gallery\">\r\n                            <a class=\"slide-gallery-image-link\" href=\"\/wp-content\/uploads\/sites\/5\/2025\/04\/Salvavidas-IGSS-Semana-Santa-2025-7-1.jpg\" title=\"Salvavidas IGSS Semana Santa 2025-7\"  data-caption=\"\"  data-description=\"\">\r\n                                <img decoding=\"async\" src=\"\/wp-content\/uploads\/sites\/5\/2025\/04\/Salvavidas-IGSS-Semana-Santa-2025-7-1-630x420.jpg\" srcset=\"\/wp-content\/uploads\/sites\/5\/2025\/04\/Salvavidas-IGSS-Semana-Santa-2025-7-1-630x420.jpg 630w, \/wp-content\/uploads\/sites\/5\/2025\/04\/Salvavidas-IGSS-Semana-Santa-2025-7-1-300x200.jpg 300w, \/wp-content\/uploads\/sites\/5\/2025\/04\/Salvavidas-IGSS-Semana-Santa-2025-7-1-1024x682.jpg 1024w, \/wp-content\/uploads\/sites\/5\/2025\/04\/Salvavidas-IGSS-Semana-Santa-2025-7-1-768x512.jpg 768w, \/wp-content\/uploads\/sites\/5\/2025\/04\/Salvavidas-IGSS-Semana-Santa-2025-7-1-1536x1023.jpg 1536w, \/wp-content\/uploads\/sites\/5\/2025\/04\/Salvavidas-IGSS-Semana-Santa-2025-7-1-696x464.jpg 696w, \/wp-content\/uploads\/sites\/5\/2025\/04\/Salvavidas-IGSS-Semana-Santa-2025-7-1-1068x712.jpg 1068w, \/wp-content\/uploads\/sites\/5\/2025\/04\/Salvavidas-IGSS-Semana-Santa-2025-7-1-534x356.jpg 534w, \/wp-content\/uploads\/sites\/5\/2025\/04\/Salvavidas-IGSS-Semana-Santa-2025-7-1.jpg 1600w\" sizes=\"(max-width: 630px) 100vw, 630px\" alt=\"\">\r\n                            <\/a>\r\n                            \r\n                        <\/figure>\r\n                    <\/div>\r\n                    <div class = \"td-slide-item td-item5\">\r\n                        <figure class=\"td-slide-galery-figure td-slide-popup-gallery\">\r\n                            <a class=\"slide-gallery-image-link\" href=\"\/wp-content\/uploads\/sites\/5\/2025\/04\/Salvavidas-IGSS-Semana-Santa-2025-2-1.jpg\" title=\"Salvavidas IGSS Semana Santa 2025-2\"  data-caption=\"\"  data-description=\"\">\r\n                                <img decoding=\"async\" src=\"\/wp-content\/uploads\/sites\/5\/2025\/04\/Salvavidas-IGSS-Semana-Santa-2025-2-1-600x420.jpg\" srcset=\"\/wp-content\/uploads\/sites\/5\/2025\/04\/Salvavidas-IGSS-Semana-Santa-2025-2-1-600x420.jpg 600w, \/wp-content\/uploads\/sites\/5\/2025\/04\/Salvavidas-IGSS-Semana-Santa-2025-2-1-300x210.jpg 300w, \/wp-content\/uploads\/sites\/5\/2025\/04\/Salvavidas-IGSS-Semana-Santa-2025-2-1-1024x717.jpg 1024w, \/wp-content\/uploads\/sites\/5\/2025\/04\/Salvavidas-IGSS-Semana-Santa-2025-2-1-768x538.jpg 768w, \/wp-content\/uploads\/sites\/5\/2025\/04\/Salvavidas-IGSS-Semana-Santa-2025-2-1-1536x1075.jpg 1536w, \/wp-content\/uploads\/sites\/5\/2025\/04\/Salvavidas-IGSS-Semana-Santa-2025-2-1-696x487.jpg 696w, \/wp-content\/uploads\/sites\/5\/2025\/04\/Salvavidas-IGSS-Semana-Santa-2025-2-1-1068x748.jpg 1068w, \/wp-content\/uploads\/sites\/5\/2025\/04\/Salvavidas-IGSS-Semana-Santa-2025-2-1-100x70.jpg 100w, \/wp-content\/uploads\/sites\/5\/2025\/04\/Salvavidas-IGSS-Semana-Santa-2025-2-1-534x374.jpg 534w, \/wp-content\/uploads\/sites\/5\/2025\/04\/Salvavidas-IGSS-Semana-Santa-2025-2-1.jpg 1600w\" sizes=\"(max-width: 600px) 100vw, 600px\" alt=\"\">\r\n                            <\/a>\r\n                            \r\n                        <\/figure>\r\n                    <\/div>\r\n                    <div class = \"td-slide-item td-item6\">\r\n                        <figure class=\"td-slide-galery-figure td-slide-popup-gallery\">\r\n                            <a class=\"slide-gallery-image-link\" href=\"\/wp-content\/uploads\/sites\/5\/2025\/04\/Salvavidas-IGSS-Semana-Santa-2025-6-1.jpg\" title=\"Salvavidas IGSS Semana Santa 2025-6\"  data-caption=\"\"  data-description=\"\">\r\n                                <img decoding=\"async\" src=\"\/wp-content\/uploads\/sites\/5\/2025\/04\/Salvavidas-IGSS-Semana-Santa-2025-6-1-630x420.jpg\" srcset=\"\/wp-content\/uploads\/sites\/5\/2025\/04\/Salvavidas-IGSS-Semana-Santa-2025-6-1-630x420.jpg 630w, \/wp-content\/uploads\/sites\/5\/2025\/04\/Salvavidas-IGSS-Semana-Santa-2025-6-1-300x200.jpg 300w, \/wp-content\/uploads\/sites\/5\/2025\/04\/Salvavidas-IGSS-Semana-Santa-2025-6-1-1024x682.jpg 1024w, \/wp-content\/uploads\/sites\/5\/2025\/04\/Salvavidas-IGSS-Semana-Santa-2025-6-1-768x512.jpg 768w, \/wp-content\/uploads\/sites\/5\/2025\/04\/Salvavidas-IGSS-Semana-Santa-2025-6-1-1536x1023.jpg 1536w, \/wp-content\/uploads\/sites\/5\/2025\/04\/Salvavidas-IGSS-Semana-Santa-2025-6-1-696x464.jpg 696w, \/wp-content\/uploads\/sites\/5\/2025\/04\/Salvavidas-IGSS-Semana-Santa-2025-6-1-1068x712.jpg 1068w, \/wp-content\/uploads\/sites\/5\/2025\/04\/Salvavidas-IGSS-Semana-Santa-2025-6-1-534x356.jpg 534w, \/wp-content\/uploads\/sites\/5\/2025\/04\/Salvavidas-IGSS-Semana-Santa-2025-6-1.jpg 1600w\" sizes=\"(max-width: 630px) 100vw, 630px\" alt=\"\">\r\n                            <\/a>\r\n                            \r\n                        <\/figure>\r\n                    <\/div>\r\n                            <\/div>\r\n                        <\/div>\r\n\r\n                        <div class = \"td-doubleSlider-2\">\r\n                            <div class = \"td-slider\">\r\n                                \r\n                    <div class = \"td-button td-item1\">\r\n                        <div class = \"td-border\"><\/div>\r\n                    <\/div>\r\n                    <div class = \"td-button td-item2\">\r\n                        <div class = \"td-border\"><\/div>\r\n                    <\/div>\r\n                    <div class = \"td-button td-item3\">\r\n                        <div class = \"td-border\"><\/div>\r\n                    <\/div>\r\n                    <div class = \"td-button td-item4\">\r\n                        <div class = \"td-border\"><\/div>\r\n                    <\/div>\r\n                    <div class = \"td-button td-item5\">\r\n                        <div class = \"td-border\"><\/div>\r\n                    <\/div>\r\n                    <div class = \"td-button td-item6\">\r\n                        <div class = \"td-border\"><\/div>\r\n                    <\/div>\r\n                            <\/div>\r\n                        <\/div>\r\n\r\n                    <\/div>\r\n\r\n                <\/div>\r\n                \n","protected":false},"excerpt":{"rendered":"<p>Una de las principales funciones de los salvavidas es la prevenci\u00f3n de emergencias y accidentes en ambientes acu\u00e1ticos. Para ello, recurren a diferentes formas de comunicaci\u00f3n como las banderas y s\u00edmbolos, que son imprescindibles comprender para estar seguro en las playas y centros recreativos. El doctor Mynor Mej\u00eda, jefe de la Secci\u00f3n de Seguridad e [&hellip;]<\/p>\n","protected":false},"author":4,"featured_media":47453,"comment_status":"closed","ping_status":"closed","sticky":false,"template":"","format":"standard","meta":{"footnotes":""},"categories":[3,15,32],"tags":[2091,1896,770],"coauthors":[],"class_list":{"0":"post-47452","1":"post","2":"type-post","3":"status-publish","4":"format-standard","5":"has-post-thumbnail","7":"category-actualidad","8":"category-destacado","9":"category-salvavidas","10":"tag-salvavidas","11":"tag-salvavidas-guatemala","12":"tag-salvavidas-igss"},"_links":{"self":[{"href":"https:\/\/www.igssgt.org\/noticias\/wp-json\/wp\/v2\/posts\/47452","targetHints":{"allow":["GET"]}}],"collection":[{"href":"https:\/\/www.igssgt.org\/noticias\/wp-json\/wp\/v2\/posts"}],"about":[{"href":"https:\/\/www.igssgt.org\/noticias\/wp-json\/wp\/v2\/types\/post"}],"author":[{"embeddable":true,"href":"https:\/\/www.igssgt.org\/noticias\/wp-json\/wp\/v2\/users\/4"}],"replies":[{"embeddable":true,"href":"https:\/\/www.igssgt.org\/noticias\/wp-json\/wp\/v2\/comments?post=47452"}],"version-history":[{"count":1,"href":"https:\/\/www.igssgt.org\/noticias\/wp-json\/wp\/v2\/posts\/47452\/revisions"}],"predecessor-version":[{"id":47460,"href":"https:\/\/www.igssgt.org\/noticias\/wp-json\/wp\/v2\/posts\/47452\/revisions\/47460"}],"wp:featuredmedia":[{"embeddable":true,"href":"https:\/\/www.igssgt.org\/noticias\/wp-json\/wp\/v2\/media\/47453"}],"wp:attachment":[{"href":"https:\/\/www.igssgt.org\/noticias\/wp-json\/wp\/v2\/media?parent=47452"}],"wp:term":[{"taxonomy":"category","embeddable":true,"href":"https:\/\/www.igssgt.org\/noticias\/wp-json\/wp\/v2\/categories?post=47452"},{"taxonomy":"post_tag","embeddable":true,"href":"https:\/\/www.igssgt.org\/noticias\/wp-json\/wp\/v2\/tags?post=47452"},{"taxonomy":"author","embeddable":true,"href":"https:\/\/www.igssgt.org\/noticias\/wp-json\/wp\/v2\/coauthors?post=47452"}],"curies":[{"name":"wp","href":"https:\/\/api.w.org\/{rel}","templated":true}]}}