{"id":47562,"date":"2025-04-28T06:06:00","date_gmt":"2025-04-28T12:06:00","guid":{"rendered":"https:\/\/www.igssgt.org\/noticias\/?p=47562"},"modified":"2025-05-06T17:30:15","modified_gmt":"2025-05-06T23:30:15","slug":"la-salud-y-seguridad-de-los-trabajadores-es-un-compromiso-del-igss","status":"publish","type":"post","link":"https:\/\/www.igssgt.org\/noticias\/2025\/04\/28\/la-salud-y-seguridad-de-los-trabajadores-es-un-compromiso-del-igss\/","title":{"rendered":"La salud y seguridad de los trabajadores es un compromiso del IGSS"},"content":{"rendered":"\n<p class=\"has-drop-cap\">Los accidentes y enfermedades derivados del trabajo tienen un impacto social y econ\u00f3mico significativo en la sociedad, las empresas y el trabajador y su familia.<\/p>\n\n\n\n<p>A pesar de ser prevenibles, solo en el 2024 se registraron m\u00e1s de 115 mil accidentes laborales, de acuerdo con los registros del Instituto Guatemalteco de Seguridad Social (IGSS).<\/p>\n<figure id=\"attachment_47564\" aria-describedby=\"caption-attachment-47564\" style=\"width: 720px\" class=\"wp-caption alignnone\"><img loading=\"lazy\" decoding=\"async\" class=\"wp-image-47564\" src=\"\/wp-content\/uploads\/sites\/5\/2025\/04\/IGSS-Seccion-de-Seguridad-e-Higiene-Dia-mundial-de-la-Seguridad-y-Salud-en-el-Trabajo-2025-1-300x200.jpg\" alt=\"\" width=\"720\" height=\"480\" srcset=\"\/wp-content\/uploads\/sites\/5\/2025\/04\/IGSS-Seccion-de-Seguridad-e-Higiene-Dia-mundial-de-la-Seguridad-y-Salud-en-el-Trabajo-2025-1-300x200.jpg 300w, \/wp-content\/uploads\/sites\/5\/2025\/04\/IGSS-Seccion-de-Seguridad-e-Higiene-Dia-mundial-de-la-Seguridad-y-Salud-en-el-Trabajo-2025-1-1024x682.jpg 1024w, \/wp-content\/uploads\/sites\/5\/2025\/04\/IGSS-Seccion-de-Seguridad-e-Higiene-Dia-mundial-de-la-Seguridad-y-Salud-en-el-Trabajo-2025-1-768x512.jpg 768w, \/wp-content\/uploads\/sites\/5\/2025\/04\/IGSS-Seccion-de-Seguridad-e-Higiene-Dia-mundial-de-la-Seguridad-y-Salud-en-el-Trabajo-2025-1-1536x1023.jpg 1536w, \/wp-content\/uploads\/sites\/5\/2025\/04\/IGSS-Seccion-de-Seguridad-e-Higiene-Dia-mundial-de-la-Seguridad-y-Salud-en-el-Trabajo-2025-1-630x420.jpg 630w, \/wp-content\/uploads\/sites\/5\/2025\/04\/IGSS-Seccion-de-Seguridad-e-Higiene-Dia-mundial-de-la-Seguridad-y-Salud-en-el-Trabajo-2025-1-696x464.jpg 696w, \/wp-content\/uploads\/sites\/5\/2025\/04\/IGSS-Seccion-de-Seguridad-e-Higiene-Dia-mundial-de-la-Seguridad-y-Salud-en-el-Trabajo-2025-1-1068x712.jpg 1068w, \/wp-content\/uploads\/sites\/5\/2025\/04\/IGSS-Seccion-de-Seguridad-e-Higiene-Dia-mundial-de-la-Seguridad-y-Salud-en-el-Trabajo-2025-1-534x356.jpg 534w, \/wp-content\/uploads\/sites\/5\/2025\/04\/IGSS-Seccion-de-Seguridad-e-Higiene-Dia-mundial-de-la-Seguridad-y-Salud-en-el-Trabajo-2025-1.jpg 1600w\" sizes=\"auto, (max-width: 720px) 100vw, 720px\" \/><figcaption id=\"caption-attachment-47564\" class=\"wp-caption-text\">Promover una cultura de salud y seguridad ocupacional garantiza la salud y bienestar de los trabajadores, as\u00ed como la productividad de la empresa.<\/figcaption><\/figure>\n<p>En el D\u00eda Mundial de la Seguridad y la Salud en el Trabajo, el Seguro Social reitera su compromiso por fortalecer la promoci\u00f3n de una cultura de salud y seguridad ocupacional que garantice el bienestar, la salud y unas condiciones de trabajo adecuadas para los trabajadores.<\/p>\n<p>El Dr. Mynor Mej\u00eda, jefe de la Secci\u00f3n de Seguridad e Higiene, indic\u00f3 que la finalidad de esta conmemoraci\u00f3n es recordar a los trabajadores fallecidos en labores, y crear el compromiso de que no vuelva a suceder.<\/p>\n<p>\u201cEste es el mensaje que queremos dar: que no se repitan los accidentes laborales porque son prevenibles\u201d, recalc\u00f3 Mej\u00eda.<\/p>\n<p><strong>Principales accidentes y enfermedades <\/strong><\/p>\n<p>El profesional detall\u00f3 que en Guatemala no hay un registro de accidentes y enfermedades laborales, por lo que las atenciones en las Emergencias del IGSS son los datos verificables. \u201cEl a\u00f1o pasado fueron m\u00e1s de 115 mil accidentes laborales los que contabilizamos\u201d, explic\u00f3.\u00a0<\/p>\n<figure id=\"attachment_47565\" aria-describedby=\"caption-attachment-47565\" style=\"width: 724px\" class=\"wp-caption alignnone\"><img loading=\"lazy\" decoding=\"async\" class=\"wp-image-47565\" src=\"\/wp-content\/uploads\/sites\/5\/2025\/04\/IGSS-Seccion-de-Seguridad-e-Higiene-Dia-mundial-de-la-Seguridad-y-Salud-en-el-Trabajo-2025-2-300x221.jpg\" alt=\"\" width=\"724\" height=\"533\" srcset=\"\/wp-content\/uploads\/sites\/5\/2025\/04\/IGSS-Seccion-de-Seguridad-e-Higiene-Dia-mundial-de-la-Seguridad-y-Salud-en-el-Trabajo-2025-2-300x221.jpg 300w, \/wp-content\/uploads\/sites\/5\/2025\/04\/IGSS-Seccion-de-Seguridad-e-Higiene-Dia-mundial-de-la-Seguridad-y-Salud-en-el-Trabajo-2025-2-1024x753.jpg 1024w, \/wp-content\/uploads\/sites\/5\/2025\/04\/IGSS-Seccion-de-Seguridad-e-Higiene-Dia-mundial-de-la-Seguridad-y-Salud-en-el-Trabajo-2025-2-768x564.jpg 768w, \/wp-content\/uploads\/sites\/5\/2025\/04\/IGSS-Seccion-de-Seguridad-e-Higiene-Dia-mundial-de-la-Seguridad-y-Salud-en-el-Trabajo-2025-2-1536x1129.jpg 1536w, \/wp-content\/uploads\/sites\/5\/2025\/04\/IGSS-Seccion-de-Seguridad-e-Higiene-Dia-mundial-de-la-Seguridad-y-Salud-en-el-Trabajo-2025-2-571x420.jpg 571w, \/wp-content\/uploads\/sites\/5\/2025\/04\/IGSS-Seccion-de-Seguridad-e-Higiene-Dia-mundial-de-la-Seguridad-y-Salud-en-el-Trabajo-2025-2-80x60.jpg 80w, \/wp-content\/uploads\/sites\/5\/2025\/04\/IGSS-Seccion-de-Seguridad-e-Higiene-Dia-mundial-de-la-Seguridad-y-Salud-en-el-Trabajo-2025-2-696x512.jpg 696w, \/wp-content\/uploads\/sites\/5\/2025\/04\/IGSS-Seccion-de-Seguridad-e-Higiene-Dia-mundial-de-la-Seguridad-y-Salud-en-el-Trabajo-2025-2-1068x785.jpg 1068w, \/wp-content\/uploads\/sites\/5\/2025\/04\/IGSS-Seccion-de-Seguridad-e-Higiene-Dia-mundial-de-la-Seguridad-y-Salud-en-el-Trabajo-2025-2-534x392.jpg 534w, \/wp-content\/uploads\/sites\/5\/2025\/04\/IGSS-Seccion-de-Seguridad-e-Higiene-Dia-mundial-de-la-Seguridad-y-Salud-en-el-Trabajo-2025-2.jpg 1600w\" sizes=\"auto, (max-width: 724px) 100vw, 724px\" \/><figcaption id=\"caption-attachment-47565\" class=\"wp-caption-text\">El Seguro Social capacita a las empresas en salud y seguridad ocupacional. Puede solicitar esta formaci\u00f3n al 2412-1224, Secci\u00f3n de Seguridad e Higiene.<\/figcaption><\/figure>\n<p>Los m\u00e1s recurrentes son las ca\u00eddas en el sector de la construcci\u00f3n, muertes de trabajadores en espacios confinados y sin una ventilaci\u00f3n adecuada, as\u00ed como los accidentes de trabajadores en motocicletas.<\/p>\n<p>Mientras que las enfermedades profesionales m\u00e1s comunes son los problemas osteomusculares, como afecciones en la columna vertebral por malas posturas, as\u00ed como enfermedades dermatol\u00f3gicas por la exposici\u00f3n al sol y a agentes nocivos.<\/p>\n<p><strong>Estrategias IGSS<\/strong><\/p>\n<p>El especialista resalt\u00f3 que el Seguro Social desarrolla dos estrategias b\u00e1sicas para la promoci\u00f3n de una cultura de salud y seguridad ocupacional.<\/p>\n<p>La primera son las inspecciones en las empresas para verificar el cumplimiento del reglamento, lo cual implica la evaluaci\u00f3n t\u00e9cnica y de riesgos, as\u00ed como la capacitaci\u00f3n y formaci\u00f3n.<\/p>\n<p>\u201cLas inspecciones son un beneficio. El Seguro Social no sanciona a la empresa, m\u00e1s all\u00e1 de ser una evaluaci\u00f3n t\u00e9cnica, los orientar\u00e1 para el cumplimiento de la normativa\u201d, resalt\u00f3.<\/p>\n<figure id=\"attachment_47566\" aria-describedby=\"caption-attachment-47566\" style=\"width: 731px\" class=\"wp-caption alignnone\"><img loading=\"lazy\" decoding=\"async\" class=\"wp-image-47566\" src=\"\/wp-content\/uploads\/sites\/5\/2025\/04\/IGSS-Seccion-de-Seguridad-e-Higiene-Dia-mundial-de-la-Seguridad-y-Salud-en-el-Trabajo-2025-4-300x200.jpg\" alt=\"\" width=\"731\" height=\"487\" srcset=\"\/wp-content\/uploads\/sites\/5\/2025\/04\/IGSS-Seccion-de-Seguridad-e-Higiene-Dia-mundial-de-la-Seguridad-y-Salud-en-el-Trabajo-2025-4-300x200.jpg 300w, \/wp-content\/uploads\/sites\/5\/2025\/04\/IGSS-Seccion-de-Seguridad-e-Higiene-Dia-mundial-de-la-Seguridad-y-Salud-en-el-Trabajo-2025-4-1024x682.jpg 1024w, \/wp-content\/uploads\/sites\/5\/2025\/04\/IGSS-Seccion-de-Seguridad-e-Higiene-Dia-mundial-de-la-Seguridad-y-Salud-en-el-Trabajo-2025-4-768x512.jpg 768w, \/wp-content\/uploads\/sites\/5\/2025\/04\/IGSS-Seccion-de-Seguridad-e-Higiene-Dia-mundial-de-la-Seguridad-y-Salud-en-el-Trabajo-2025-4-1536x1023.jpg 1536w, \/wp-content\/uploads\/sites\/5\/2025\/04\/IGSS-Seccion-de-Seguridad-e-Higiene-Dia-mundial-de-la-Seguridad-y-Salud-en-el-Trabajo-2025-4-630x420.jpg 630w, \/wp-content\/uploads\/sites\/5\/2025\/04\/IGSS-Seccion-de-Seguridad-e-Higiene-Dia-mundial-de-la-Seguridad-y-Salud-en-el-Trabajo-2025-4-696x464.jpg 696w, \/wp-content\/uploads\/sites\/5\/2025\/04\/IGSS-Seccion-de-Seguridad-e-Higiene-Dia-mundial-de-la-Seguridad-y-Salud-en-el-Trabajo-2025-4-1068x712.jpg 1068w, \/wp-content\/uploads\/sites\/5\/2025\/04\/IGSS-Seccion-de-Seguridad-e-Higiene-Dia-mundial-de-la-Seguridad-y-Salud-en-el-Trabajo-2025-4-534x356.jpg 534w, \/wp-content\/uploads\/sites\/5\/2025\/04\/IGSS-Seccion-de-Seguridad-e-Higiene-Dia-mundial-de-la-Seguridad-y-Salud-en-el-Trabajo-2025-4.jpg 1600w\" sizes=\"auto, (max-width: 731px) 100vw, 731px\" \/><figcaption id=\"caption-attachment-47566\" class=\"wp-caption-text\">La Pol\u00edtica Preventiva de la Seguridad Social en Guatemala promueve ambientes de trabajo saludables y seguros.<\/figcaption><\/figure>\n<p>La segunda gran estrategia es la formaci\u00f3n y capacitaci\u00f3n. El Instituto es la \u00fanica instituci\u00f3n con un programa de formaci\u00f3n de monitores en salud y seguridad ocupacional.<\/p>\n<p>\u201cNo esperen a que un inspector llegue y deje sus hallazgos. Pueden pedir informaci\u00f3n y la visita a sus empresas para que hagamos las recomendaciones al respecto, no con el fin de sancionar. La idea del Seguro Social es apoyar a las empresas\u201d, agreg\u00f3.<\/p>\n<p>Los patronos interesados en recibir la orientaci\u00f3n y formaci\u00f3n del IGSS pueden comunicarse al 2412-1224, Secci\u00f3n de Seguridad e Higiene, o acercarse al 10\u00ba. nivel de Torre Caf\u00e9, en donde puede dirigir la solicitud al Dr. Mynor Mej\u00eda, jefe de dicha Secci\u00f3n.<\/p>\n<p><strong>CIFRAS<\/strong><\/p>\n<p>10 mil inspecciones se realizaron en 2024<\/p>\n<p>10 mil monitores de salud y seguridad ocupacional registrados hasta 2024<\/p>\n<p>20 mil capacitaciones se impartieron el a\u00f1o pasado<\/p>\n\r\n                <style type=\"text\/css\">\r\n                    \r\n                    #tdi_1  .td-doubleSlider-2 .td-item1 {\r\n                        background: url(\/wp-content\/uploads\/sites\/5\/2025\/04\/IGSS-Seccion-de-Seguridad-e-Higiene-Dia-mundial-de-la-Seguridad-y-Salud-en-el-Trabajo-2025-3-80x60.jpg) 0 0 no-repeat;\r\n                    }\r\n                    #tdi_1  .td-doubleSlider-2 .td-item2 {\r\n                        background: url(\/wp-content\/uploads\/sites\/5\/2025\/04\/IGSS-Seccion-de-Seguridad-e-Higiene-Dia-mundial-de-la-Seguridad-y-Salud-en-el-Trabajo-2025-5-80x60.jpg) 0 0 no-repeat;\r\n                    }\r\n                    #tdi_1  .td-doubleSlider-2 .td-item3 {\r\n                        background: url(\/wp-content\/uploads\/sites\/5\/2025\/04\/IGSS-Seccion-de-Seguridad-e-Higiene-Dia-mundial-de-la-Seguridad-y-Salud-en-el-Trabajo-2025-6-80x60.jpg) 0 0 no-repeat;\r\n                    }\r\n                    #tdi_1  .td-doubleSlider-2 .td-item4 {\r\n                        background: url(\/wp-content\/uploads\/sites\/5\/2025\/04\/IGSS-Seccion-de-Seguridad-e-Higiene-Dia-mundial-de-la-Seguridad-y-Salud-en-el-Trabajo-2025-7-80x60.jpg) 0 0 no-repeat;\r\n                    }\r\n                <\/style>\r\n\r\n                <div id=\"tdi_1\" class=\"td-gallery td-slide-on-2-columns\">\r\n                    <div class=\"post_td_gallery\">\r\n                        <div class=\"td-gallery-slide-top\">\r\n                           <div class=\"td-gallery-title\">Galer\u00eda de fotos:<\/div>\r\n\r\n                            <div class=\"td-gallery-controls-wrapper\">\r\n                                <div class=\"td-gallery-slide-count\"><span class=\"td-gallery-slide-item-focus\">1<\/span> de 4<\/div>\r\n                                <div class=\"td-gallery-slide-prev-next-but\">\r\n                                    <i class = \"td-icon-left doubleSliderPrevButton\"><\/i>\r\n                                    <i class = \"td-icon-right doubleSliderNextButton\"><\/i>\r\n                                <\/div>\r\n                            <\/div>\r\n                        <\/div>\r\n\r\n                        <div class = \"td-doubleSlider-1 \">\r\n                            <div class = \"td-slider\">\r\n                                \r\n                    <div class = \"td-slide-item td-item1\">\r\n                        <figure class=\"td-slide-galery-figure td-slide-popup-gallery\">\r\n                            <a class=\"slide-gallery-image-link\" href=\"\/wp-content\/uploads\/sites\/5\/2025\/04\/IGSS-Seccion-de-Seguridad-e-Higiene-Dia-mundial-de-la-Seguridad-y-Salud-en-el-Trabajo-2025-3.jpg\" title=\"IGSS Seccio\u0301n de Seguridad e Higiene Dia mundial de la Seguridad y Salud en el Trabajo 2025 3\"  data-caption=\"\"  data-description=\"\">\r\n                                <img decoding=\"async\" src=\"\/wp-content\/uploads\/sites\/5\/2025\/04\/IGSS-Seccion-de-Seguridad-e-Higiene-Dia-mundial-de-la-Seguridad-y-Salud-en-el-Trabajo-2025-3-630x420.jpg\" srcset=\"\/wp-content\/uploads\/sites\/5\/2025\/04\/IGSS-Seccion-de-Seguridad-e-Higiene-Dia-mundial-de-la-Seguridad-y-Salud-en-el-Trabajo-2025-3-630x420.jpg 630w, \/wp-content\/uploads\/sites\/5\/2025\/04\/IGSS-Seccion-de-Seguridad-e-Higiene-Dia-mundial-de-la-Seguridad-y-Salud-en-el-Trabajo-2025-3-300x200.jpg 300w, \/wp-content\/uploads\/sites\/5\/2025\/04\/IGSS-Seccion-de-Seguridad-e-Higiene-Dia-mundial-de-la-Seguridad-y-Salud-en-el-Trabajo-2025-3-1024x682.jpg 1024w, \/wp-content\/uploads\/sites\/5\/2025\/04\/IGSS-Seccion-de-Seguridad-e-Higiene-Dia-mundial-de-la-Seguridad-y-Salud-en-el-Trabajo-2025-3-768x512.jpg 768w, \/wp-content\/uploads\/sites\/5\/2025\/04\/IGSS-Seccion-de-Seguridad-e-Higiene-Dia-mundial-de-la-Seguridad-y-Salud-en-el-Trabajo-2025-3-1536x1023.jpg 1536w, \/wp-content\/uploads\/sites\/5\/2025\/04\/IGSS-Seccion-de-Seguridad-e-Higiene-Dia-mundial-de-la-Seguridad-y-Salud-en-el-Trabajo-2025-3-696x464.jpg 696w, \/wp-content\/uploads\/sites\/5\/2025\/04\/IGSS-Seccion-de-Seguridad-e-Higiene-Dia-mundial-de-la-Seguridad-y-Salud-en-el-Trabajo-2025-3-1068x712.jpg 1068w, \/wp-content\/uploads\/sites\/5\/2025\/04\/IGSS-Seccion-de-Seguridad-e-Higiene-Dia-mundial-de-la-Seguridad-y-Salud-en-el-Trabajo-2025-3-534x356.jpg 534w, \/wp-content\/uploads\/sites\/5\/2025\/04\/IGSS-Seccion-de-Seguridad-e-Higiene-Dia-mundial-de-la-Seguridad-y-Salud-en-el-Trabajo-2025-3.jpg 1600w\" sizes=\"(max-width: 630px) 100vw, 630px\" alt=\"\">\r\n                            <\/a>\r\n                            \r\n                        <\/figure>\r\n                    <\/div>\r\n                    <div class = \"td-slide-item td-item2\">\r\n                        <figure class=\"td-slide-galery-figure td-slide-popup-gallery\">\r\n                            <a class=\"slide-gallery-image-link\" href=\"\/wp-content\/uploads\/sites\/5\/2025\/04\/IGSS-Seccion-de-Seguridad-e-Higiene-Dia-mundial-de-la-Seguridad-y-Salud-en-el-Trabajo-2025-5.jpg\" title=\"IGSS Seccio\u0301n de Seguridad e Higiene Dia mundial de la Seguridad y Salud en el Trabajo 2025 5\"  data-caption=\"\"  data-description=\"\">\r\n                                <img decoding=\"async\" src=\"\/wp-content\/uploads\/sites\/5\/2025\/04\/IGSS-Seccion-de-Seguridad-e-Higiene-Dia-mundial-de-la-Seguridad-y-Salud-en-el-Trabajo-2025-5-630x420.jpg\" srcset=\"\/wp-content\/uploads\/sites\/5\/2025\/04\/IGSS-Seccion-de-Seguridad-e-Higiene-Dia-mundial-de-la-Seguridad-y-Salud-en-el-Trabajo-2025-5-630x420.jpg 630w, \/wp-content\/uploads\/sites\/5\/2025\/04\/IGSS-Seccion-de-Seguridad-e-Higiene-Dia-mundial-de-la-Seguridad-y-Salud-en-el-Trabajo-2025-5-300x200.jpg 300w, \/wp-content\/uploads\/sites\/5\/2025\/04\/IGSS-Seccion-de-Seguridad-e-Higiene-Dia-mundial-de-la-Seguridad-y-Salud-en-el-Trabajo-2025-5-1024x682.jpg 1024w, \/wp-content\/uploads\/sites\/5\/2025\/04\/IGSS-Seccion-de-Seguridad-e-Higiene-Dia-mundial-de-la-Seguridad-y-Salud-en-el-Trabajo-2025-5-768x512.jpg 768w, \/wp-content\/uploads\/sites\/5\/2025\/04\/IGSS-Seccion-de-Seguridad-e-Higiene-Dia-mundial-de-la-Seguridad-y-Salud-en-el-Trabajo-2025-5-1536x1023.jpg 1536w, \/wp-content\/uploads\/sites\/5\/2025\/04\/IGSS-Seccion-de-Seguridad-e-Higiene-Dia-mundial-de-la-Seguridad-y-Salud-en-el-Trabajo-2025-5-696x464.jpg 696w, \/wp-content\/uploads\/sites\/5\/2025\/04\/IGSS-Seccion-de-Seguridad-e-Higiene-Dia-mundial-de-la-Seguridad-y-Salud-en-el-Trabajo-2025-5-1068x712.jpg 1068w, \/wp-content\/uploads\/sites\/5\/2025\/04\/IGSS-Seccion-de-Seguridad-e-Higiene-Dia-mundial-de-la-Seguridad-y-Salud-en-el-Trabajo-2025-5-534x356.jpg 534w, \/wp-content\/uploads\/sites\/5\/2025\/04\/IGSS-Seccion-de-Seguridad-e-Higiene-Dia-mundial-de-la-Seguridad-y-Salud-en-el-Trabajo-2025-5.jpg 1600w\" sizes=\"(max-width: 630px) 100vw, 630px\" alt=\"\">\r\n                            <\/a>\r\n                            \r\n                        <\/figure>\r\n                    <\/div>\r\n                    <div class = \"td-slide-item td-item3\">\r\n                        <figure class=\"td-slide-galery-figure td-slide-popup-gallery\">\r\n                            <a class=\"slide-gallery-image-link\" href=\"\/wp-content\/uploads\/sites\/5\/2025\/04\/IGSS-Seccion-de-Seguridad-e-Higiene-Dia-mundial-de-la-Seguridad-y-Salud-en-el-Trabajo-2025-6.jpg\" title=\"IGSS Seccio\u0301n de Seguridad e Higiene Dia mundial de la Seguridad y Salud en el Trabajo 2025 6\"  data-caption=\"\"  data-description=\"\">\r\n                                <img decoding=\"async\" src=\"\/wp-content\/uploads\/sites\/5\/2025\/04\/IGSS-Seccion-de-Seguridad-e-Higiene-Dia-mundial-de-la-Seguridad-y-Salud-en-el-Trabajo-2025-6-630x420.jpg\" srcset=\"\/wp-content\/uploads\/sites\/5\/2025\/04\/IGSS-Seccion-de-Seguridad-e-Higiene-Dia-mundial-de-la-Seguridad-y-Salud-en-el-Trabajo-2025-6-630x420.jpg 630w, \/wp-content\/uploads\/sites\/5\/2025\/04\/IGSS-Seccion-de-Seguridad-e-Higiene-Dia-mundial-de-la-Seguridad-y-Salud-en-el-Trabajo-2025-6-300x200.jpg 300w, \/wp-content\/uploads\/sites\/5\/2025\/04\/IGSS-Seccion-de-Seguridad-e-Higiene-Dia-mundial-de-la-Seguridad-y-Salud-en-el-Trabajo-2025-6-1024x682.jpg 1024w, \/wp-content\/uploads\/sites\/5\/2025\/04\/IGSS-Seccion-de-Seguridad-e-Higiene-Dia-mundial-de-la-Seguridad-y-Salud-en-el-Trabajo-2025-6-768x512.jpg 768w, \/wp-content\/uploads\/sites\/5\/2025\/04\/IGSS-Seccion-de-Seguridad-e-Higiene-Dia-mundial-de-la-Seguridad-y-Salud-en-el-Trabajo-2025-6-1536x1023.jpg 1536w, \/wp-content\/uploads\/sites\/5\/2025\/04\/IGSS-Seccion-de-Seguridad-e-Higiene-Dia-mundial-de-la-Seguridad-y-Salud-en-el-Trabajo-2025-6-696x464.jpg 696w, \/wp-content\/uploads\/sites\/5\/2025\/04\/IGSS-Seccion-de-Seguridad-e-Higiene-Dia-mundial-de-la-Seguridad-y-Salud-en-el-Trabajo-2025-6-1068x712.jpg 1068w, \/wp-content\/uploads\/sites\/5\/2025\/04\/IGSS-Seccion-de-Seguridad-e-Higiene-Dia-mundial-de-la-Seguridad-y-Salud-en-el-Trabajo-2025-6-534x356.jpg 534w, \/wp-content\/uploads\/sites\/5\/2025\/04\/IGSS-Seccion-de-Seguridad-e-Higiene-Dia-mundial-de-la-Seguridad-y-Salud-en-el-Trabajo-2025-6.jpg 1600w\" sizes=\"(max-width: 630px) 100vw, 630px\" alt=\"\">\r\n                            <\/a>\r\n                            \r\n                        <\/figure>\r\n                    <\/div>\r\n                    <div class = \"td-slide-item td-item4\">\r\n                        <figure class=\"td-slide-galery-figure td-slide-popup-gallery\">\r\n                            <a class=\"slide-gallery-image-link\" href=\"\/wp-content\/uploads\/sites\/5\/2025\/04\/IGSS-Seccion-de-Seguridad-e-Higiene-Dia-mundial-de-la-Seguridad-y-Salud-en-el-Trabajo-2025-7.jpg\" title=\"IGSS Seccio\u0301n de Seguridad e Higiene Dia mundial de la Seguridad y Salud en el Trabajo 2025 7\"  data-caption=\"\"  data-description=\"\">\r\n                                <img decoding=\"async\" src=\"\/wp-content\/uploads\/sites\/5\/2025\/04\/IGSS-Seccion-de-Seguridad-e-Higiene-Dia-mundial-de-la-Seguridad-y-Salud-en-el-Trabajo-2025-7-630x420.jpg\" srcset=\"\/wp-content\/uploads\/sites\/5\/2025\/04\/IGSS-Seccion-de-Seguridad-e-Higiene-Dia-mundial-de-la-Seguridad-y-Salud-en-el-Trabajo-2025-7-630x420.jpg 630w, \/wp-content\/uploads\/sites\/5\/2025\/04\/IGSS-Seccion-de-Seguridad-e-Higiene-Dia-mundial-de-la-Seguridad-y-Salud-en-el-Trabajo-2025-7-300x200.jpg 300w, \/wp-content\/uploads\/sites\/5\/2025\/04\/IGSS-Seccion-de-Seguridad-e-Higiene-Dia-mundial-de-la-Seguridad-y-Salud-en-el-Trabajo-2025-7-1024x682.jpg 1024w, \/wp-content\/uploads\/sites\/5\/2025\/04\/IGSS-Seccion-de-Seguridad-e-Higiene-Dia-mundial-de-la-Seguridad-y-Salud-en-el-Trabajo-2025-7-768x512.jpg 768w, \/wp-content\/uploads\/sites\/5\/2025\/04\/IGSS-Seccion-de-Seguridad-e-Higiene-Dia-mundial-de-la-Seguridad-y-Salud-en-el-Trabajo-2025-7-1536x1023.jpg 1536w, \/wp-content\/uploads\/sites\/5\/2025\/04\/IGSS-Seccion-de-Seguridad-e-Higiene-Dia-mundial-de-la-Seguridad-y-Salud-en-el-Trabajo-2025-7-696x464.jpg 696w, \/wp-content\/uploads\/sites\/5\/2025\/04\/IGSS-Seccion-de-Seguridad-e-Higiene-Dia-mundial-de-la-Seguridad-y-Salud-en-el-Trabajo-2025-7-1068x712.jpg 1068w, \/wp-content\/uploads\/sites\/5\/2025\/04\/IGSS-Seccion-de-Seguridad-e-Higiene-Dia-mundial-de-la-Seguridad-y-Salud-en-el-Trabajo-2025-7-534x356.jpg 534w, \/wp-content\/uploads\/sites\/5\/2025\/04\/IGSS-Seccion-de-Seguridad-e-Higiene-Dia-mundial-de-la-Seguridad-y-Salud-en-el-Trabajo-2025-7.jpg 1600w\" sizes=\"(max-width: 630px) 100vw, 630px\" alt=\"\">\r\n                            <\/a>\r\n                            \r\n                        <\/figure>\r\n                    <\/div>\r\n                            <\/div>\r\n                        <\/div>\r\n\r\n                        <div class = \"td-doubleSlider-2\">\r\n                            <div class = \"td-slider\">\r\n                                \r\n                    <div class = \"td-button td-item1\">\r\n                        <div class = \"td-border\"><\/div>\r\n                    <\/div>\r\n                    <div class = \"td-button td-item2\">\r\n                        <div class = \"td-border\"><\/div>\r\n                    <\/div>\r\n                    <div class = \"td-button td-item3\">\r\n                        <div class = \"td-border\"><\/div>\r\n                    <\/div>\r\n                    <div class = \"td-button td-item4\">\r\n                        <div class = \"td-border\"><\/div>\r\n                    <\/div>\r\n                            <\/div>\r\n                        <\/div>\r\n\r\n                    <\/div>\r\n\r\n                <\/div>\r\n                \n<p>\u00a0<\/p>\n","protected":false},"excerpt":{"rendered":"<p>Los accidentes y enfermedades derivados del trabajo tienen un impacto social y econ\u00f3mico significativo en la sociedad, las empresas y el trabajador y su familia.<\/p>\n<p>A pesar de ser prevenibles, solo en el 2024 se registraron m\u00e1s de 115 mil accidentes laborales, de acuerdo con los registros del Instituto Guatemalteco de Seguridad Social.<\/p>\n","protected":false},"author":3269,"featured_media":47563,"comment_status":"closed","ping_status":"closed","sticky":false,"template":"","format":"standard","meta":{"footnotes":""},"categories":[3,4,15,17,23,27,1915,33],"tags":[1702,320,490,2074],"coauthors":[1970],"class_list":{"0":"post-47562","1":"post","2":"type-post","3":"status-publish","4":"format-standard","5":"has-post-thumbnail","7":"category-actualidad","8":"category-afiliados","9":"category-destacado","10":"category-formacion-y-desarrollo","11":"category-patronos","12":"category-prevencion-en-salud","13":"category-salud-y-seguridad-ocupacional","14":"category-servicios-de-salud","15":"tag-dia-mundial-de-la-seguridad-y-la-salud-en-el-trabajo","16":"tag-dr-mynor-mejia","17":"tag-igss","18":"tag-seccion-de-seguridad-e-higiene-y-prevencion-de-accidentes-del-igss"},"_links":{"self":[{"href":"https:\/\/www.igssgt.org\/noticias\/wp-json\/wp\/v2\/posts\/47562","targetHints":{"allow":["GET"]}}],"collection":[{"href":"https:\/\/www.igssgt.org\/noticias\/wp-json\/wp\/v2\/posts"}],"about":[{"href":"https:\/\/www.igssgt.org\/noticias\/wp-json\/wp\/v2\/types\/post"}],"author":[{"embeddable":true,"href":"https:\/\/www.igssgt.org\/noticias\/wp-json\/wp\/v2\/users\/3269"}],"replies":[{"embeddable":true,"href":"https:\/\/www.igssgt.org\/noticias\/wp-json\/wp\/v2\/comments?post=47562"}],"version-history":[{"count":2,"href":"https:\/\/www.igssgt.org\/noticias\/wp-json\/wp\/v2\/posts\/47562\/revisions"}],"predecessor-version":[{"id":47702,"href":"https:\/\/www.igssgt.org\/noticias\/wp-json\/wp\/v2\/posts\/47562\/revisions\/47702"}],"wp:featuredmedia":[{"embeddable":true,"href":"https:\/\/www.igssgt.org\/noticias\/wp-json\/wp\/v2\/media\/47563"}],"wp:attachment":[{"href":"https:\/\/www.igssgt.org\/noticias\/wp-json\/wp\/v2\/media?parent=47562"}],"wp:term":[{"taxonomy":"category","embeddable":true,"href":"https:\/\/www.igssgt.org\/noticias\/wp-json\/wp\/v2\/categories?post=47562"},{"taxonomy":"post_tag","embeddable":true,"href":"https:\/\/www.igssgt.org\/noticias\/wp-json\/wp\/v2\/tags?post=47562"},{"taxonomy":"author","embeddable":true,"href":"https:\/\/www.igssgt.org\/noticias\/wp-json\/wp\/v2\/coauthors?post=47562"}],"curies":[{"name":"wp","href":"https:\/\/api.w.org\/{rel}","templated":true}]}}