{"id":47593,"date":"2025-05-02T06:06:00","date_gmt":"2025-05-02T12:06:00","guid":{"rendered":"https:\/\/www.igssgt.org\/noticias\/?p=47593"},"modified":"2025-04-30T14:41:51","modified_gmt":"2025-04-30T20:41:51","slug":"el-departamento-de-trabajo-social-cumple-76-anos-de-labor","status":"publish","type":"post","link":"https:\/\/www.igssgt.org\/noticias\/2025\/05\/02\/el-departamento-de-trabajo-social-cumple-76-anos-de-labor\/","title":{"rendered":"El Departamento de Trabajo Social cumple 76 a\u00f1os de labor"},"content":{"rendered":"\n<p class=\"has-drop-cap\">El Departamento de Trabajo Social, es hoy una dependencia de la Subgerencia de Prestaciones Pecuniarias y para llegar hasta aqu\u00ed, hubo un trabajo arduo que surge de una regulaci\u00f3n en la Ley Org\u00e1nica del IGSS en 1946.\u00a0 En 1948 se cre\u00f3 como instancia laboral en el Instituto.<\/p>\n\n\n\n<p>Posteriormente, el IGSS y la Organizaci\u00f3n de las Naciones Unidas (ONU) fundaron, el 17 de marzo de 1949, la primera Escuela Superior de Servicio Social, la cual fue habilitada el 8 de abril de ese mismo a\u00f1o.<\/p>\n<figure id=\"attachment_47596\" aria-describedby=\"caption-attachment-47596\" style=\"width: 737px\" class=\"wp-caption alignnone\"><img loading=\"lazy\" decoding=\"async\" class=\"wp-image-47596\" src=\"\/wp-content\/uploads\/sites\/5\/2025\/04\/IGSS-Dia-Trabajo-Social-2025-1-225x300.jpg\" alt=\"\" width=\"737\" height=\"983\" srcset=\"\/wp-content\/uploads\/sites\/5\/2025\/04\/IGSS-Dia-Trabajo-Social-2025-1-225x300.jpg 225w, \/wp-content\/uploads\/sites\/5\/2025\/04\/IGSS-Dia-Trabajo-Social-2025-1-314x420.jpg 314w, \/wp-content\/uploads\/sites\/5\/2025\/04\/IGSS-Dia-Trabajo-Social-2025-1-346x462.jpg 346w, \/wp-content\/uploads\/sites\/5\/2025\/04\/IGSS-Dia-Trabajo-Social-2025-1.jpg 563w\" sizes=\"auto, (max-width: 737px) 100vw, 737px\" \/><figcaption id=\"caption-attachment-47596\" class=\"wp-caption-text\">El Departamento de Trabajo Social del IGSS cuenta con profesionales comprometidos con la poblaci\u00f3n m\u00e1s necesitada del pa\u00eds.<\/figcaption><\/figure>\n<p>El 2 de mayo, \u00a0sus aulas recibieron al grupo de estudiantes pioneros en esa disciplina; as\u00ed es como inicia funciones el Departamento de Trabajo Social, con el nombre de Escuela Superior de Servicio Social, tan solo 3 a\u00f1os despu\u00e9s de la creaci\u00f3n del IGSS.\u00a0 Por ello es que el Instituto es pionero del Trabajo Social en Guatemala.<\/p>\n<p>Los profesionales de esta ciencia social destacan en el Instituto por forjar un v\u00ednculo humano basado en la calidez y solidaridad entre los afiliados y el recurso humano, ya que su labor facilita las prestaciones pecuniarias y en salud.<\/p>\n<figure id=\"attachment_47597\" aria-describedby=\"caption-attachment-47597\" style=\"width: 761px\" class=\"wp-caption alignnone\"><img loading=\"lazy\" decoding=\"async\" class=\"wp-image-47597\" src=\"\/wp-content\/uploads\/sites\/5\/2025\/04\/IGSS-Dia-Trabajo-Social-2025-2-300x200.jpg\" alt=\"\" width=\"761\" height=\"507\" srcset=\"\/wp-content\/uploads\/sites\/5\/2025\/04\/IGSS-Dia-Trabajo-Social-2025-2-300x200.jpg 300w, \/wp-content\/uploads\/sites\/5\/2025\/04\/IGSS-Dia-Trabajo-Social-2025-2-768x511.jpg 768w, \/wp-content\/uploads\/sites\/5\/2025\/04\/IGSS-Dia-Trabajo-Social-2025-2-631x420.jpg 631w, \/wp-content\/uploads\/sites\/5\/2025\/04\/IGSS-Dia-Trabajo-Social-2025-2-696x463.jpg 696w, \/wp-content\/uploads\/sites\/5\/2025\/04\/IGSS-Dia-Trabajo-Social-2025-2-534x355.jpg 534w, \/wp-content\/uploads\/sites\/5\/2025\/04\/IGSS-Dia-Trabajo-Social-2025-2.jpg 921w\" sizes=\"auto, (max-width: 761px) 100vw, 761px\" \/><figcaption id=\"caption-attachment-47597\" class=\"wp-caption-text\">El Departamento de Trabajo Social de la Subgerencia de Prestaciones Pecuniarias cumple 76 a\u00f1os el 2 de mayo.<\/figcaption><\/figure>\n<p>\u201cMe enorgullece mucho la dedicaci\u00f3n y empat\u00eda del personal del Departamento de Trabajo Social, sobre todo la solidaridad y b\u00fasqueda de justicia para nuestros afiliados, pensionados y derechohabientes.\u00a0 Felicitaciones al Departamento por su aniversario y a todos los Trabajadores Sociales del IGSS en su d\u00eda\u201d, dijo el licenciado Jos\u00e9 Domingo Argueta Salazar, Subgerente de Prestaciones Pecuniarias.<\/p>\n<p>El aniversario del Departamento coincide con el D\u00eda del Trabajador Social en Guatemala, es por ello que la Licenciada Esmeralda Gir\u00f3n, Subjefa de dicho Departamento dijo que,\u00a0 \u201cla labor del Trabajador Social es un faro de esperanza en tiempos dif\u00edciles, es por ello que los inst\u00f3 a seguir adelante, perseverar y mantener la llama de la empat\u00eda y la solidaridad encendida\u201d.<\/p>\n<figure id=\"attachment_47598\" aria-describedby=\"caption-attachment-47598\" style=\"width: 773px\" class=\"wp-caption alignnone\"><img loading=\"lazy\" decoding=\"async\" class=\"wp-image-47598\" src=\"\/wp-content\/uploads\/sites\/5\/2025\/04\/IGSS-Dia-Trabajo-Social-2025-3-300x266.jpg\" alt=\"\" width=\"773\" height=\"685\" srcset=\"\/wp-content\/uploads\/sites\/5\/2025\/04\/IGSS-Dia-Trabajo-Social-2025-3-300x266.jpg 300w, \/wp-content\/uploads\/sites\/5\/2025\/04\/IGSS-Dia-Trabajo-Social-2025-3-768x681.jpg 768w, \/wp-content\/uploads\/sites\/5\/2025\/04\/IGSS-Dia-Trabajo-Social-2025-3-474x420.jpg 474w, \/wp-content\/uploads\/sites\/5\/2025\/04\/IGSS-Dia-Trabajo-Social-2025-3-696x617.jpg 696w, \/wp-content\/uploads\/sites\/5\/2025\/04\/IGSS-Dia-Trabajo-Social-2025-3-521x462.jpg 521w, \/wp-content\/uploads\/sites\/5\/2025\/04\/IGSS-Dia-Trabajo-Social-2025-3.jpg 802w\" sizes=\"auto, (max-width: 773px) 100vw, 773px\" \/><figcaption id=\"caption-attachment-47598\" class=\"wp-caption-text\">El 2 de mayo de 1949 surge la primera Escuela de Servicio Social en el pa\u00eds, bajo el auspicio del Seguro Social.<\/figcaption><\/figure>\n<p>El Lic. Mario Jo Chang, Jefe del Departamento de Trabajo Social mencion\u00f3 que \u201cel Departamento cuenta con funciones generales y espec\u00edficas y entre las principales siguen siendo la investigaci\u00f3n de estudio socioecon\u00f3mico y las Comprobaciones de Supervivencia y Persistencias de Condiciones de Derecho, funciones que permiten determinar el derecho que corresponde a los interesados, as\u00ed como continuar percibiendo la pensi\u00f3n que le corresponde\u201d.<\/p>\n\r\n                <style type=\"text\/css\">\r\n                    \r\n                    #tdi_1  .td-doubleSlider-2 .td-item1 {\r\n                        background: url(\/wp-content\/uploads\/sites\/5\/2025\/05\/IGSS-Dia-Trabajo-Social-2025-4-80x60.jpg) 0 0 no-repeat;\r\n                    }\r\n                    #tdi_1  .td-doubleSlider-2 .td-item2 {\r\n                        background: url(\/wp-content\/uploads\/sites\/5\/2025\/05\/IGSS-Dia-Trabajo-Social-2025-5-80x60.jpg) 0 0 no-repeat;\r\n                    }\r\n                    #tdi_1  .td-doubleSlider-2 .td-item3 {\r\n                        background: url(\/wp-content\/uploads\/sites\/5\/2025\/05\/IGSS-Dia-Trabajo-Social-2025-7-80x60.jpg) 0 0 no-repeat;\r\n                    }\r\n                    #tdi_1  .td-doubleSlider-2 .td-item4 {\r\n                        background: url(\/wp-content\/uploads\/sites\/5\/2025\/05\/IGSS-Dia-Trabajo-Social-2025-6-80x60.jpg) 0 0 no-repeat;\r\n                    }\r\n                    #tdi_1  .td-doubleSlider-2 .td-item5 {\r\n                        background: url(\/wp-content\/uploads\/sites\/5\/2025\/05\/IGSS-Dia-Trabajo-Social-2025-8-80x60.jpg) 0 0 no-repeat;\r\n                    }\r\n                    #tdi_1  .td-doubleSlider-2 .td-item6 {\r\n                        background: url(\/wp-content\/uploads\/sites\/5\/2025\/05\/IGSS-Dia-Trabajo-Social-2025-9-80x60.jpg) 0 0 no-repeat;\r\n                    }\r\n                    #tdi_1  .td-doubleSlider-2 .td-item7 {\r\n                        background: url(\/wp-content\/uploads\/sites\/5\/2025\/05\/IGSS-Dia-Trabajo-Social-2025-10-80x60.jpg) 0 0 no-repeat;\r\n                    }\r\n                    #tdi_1  .td-doubleSlider-2 .td-item8 {\r\n                        background: url(\/wp-content\/uploads\/sites\/5\/2025\/05\/IGSS-Dia-Trabajo-Social-2025-11-80x60.jpg) 0 0 no-repeat;\r\n                    }\r\n                    #tdi_1  .td-doubleSlider-2 .td-item9 {\r\n                        background: url(\/wp-content\/uploads\/sites\/5\/2025\/05\/IGSS-Dia-Trabajo-Social-2025-12-80x60.jpg) 0 0 no-repeat;\r\n                    }\r\n                    #tdi_1  .td-doubleSlider-2 .td-item10 {\r\n                        background: url(\/wp-content\/uploads\/sites\/5\/2025\/05\/IGSS-Dia-Trabajo-Social-2025-13-80x60.jpg) 0 0 no-repeat;\r\n                    }\r\n                    #tdi_1  .td-doubleSlider-2 .td-item11 {\r\n                        background: url(\/wp-content\/uploads\/sites\/5\/2025\/05\/IGSS-Dia-Trabajo-Social-2025-14-80x60.jpg) 0 0 no-repeat;\r\n                    }\r\n                <\/style>\r\n\r\n                <div id=\"tdi_1\" class=\"td-gallery td-slide-on-2-columns\">\r\n                    <div class=\"post_td_gallery\">\r\n                        <div class=\"td-gallery-slide-top\">\r\n                           <div class=\"td-gallery-title\">Fotos departamentales:<\/div>\r\n\r\n                            <div class=\"td-gallery-controls-wrapper\">\r\n                                <div class=\"td-gallery-slide-count\"><span class=\"td-gallery-slide-item-focus\">1<\/span> de 11<\/div>\r\n                                <div class=\"td-gallery-slide-prev-next-but\">\r\n                                    <i class = \"td-icon-left doubleSliderPrevButton\"><\/i>\r\n                                    <i class = \"td-icon-right doubleSliderNextButton\"><\/i>\r\n                                <\/div>\r\n                            <\/div>\r\n                        <\/div>\r\n\r\n                        <div class = \"td-doubleSlider-1 \">\r\n                            <div class = \"td-slider\">\r\n                                \r\n                    <div class = \"td-slide-item td-item1\">\r\n                        <figure class=\"td-slide-galery-figure td-slide-popup-gallery\">\r\n                            <a class=\"slide-gallery-image-link\" href=\"\/wp-content\/uploads\/sites\/5\/2025\/05\/IGSS-Dia-Trabajo-Social-2025-4.jpg\" title=\"IGSS Dia Trabajo Social 2025 4\"  data-caption=\"\"  data-description=\"\">\r\n                                <img decoding=\"async\" src=\"\/wp-content\/uploads\/sites\/5\/2025\/05\/IGSS-Dia-Trabajo-Social-2025-4-357x420.jpg\" srcset=\"\/wp-content\/uploads\/sites\/5\/2025\/05\/IGSS-Dia-Trabajo-Social-2025-4-357x420.jpg 357w, \/wp-content\/uploads\/sites\/5\/2025\/05\/IGSS-Dia-Trabajo-Social-2025-4-255x300.jpg 255w, \/wp-content\/uploads\/sites\/5\/2025\/05\/IGSS-Dia-Trabajo-Social-2025-4-393x462.jpg 393w, \/wp-content\/uploads\/sites\/5\/2025\/05\/IGSS-Dia-Trabajo-Social-2025-4.jpg 533w\" sizes=\"(max-width: 357px) 100vw, 357px\" alt=\"\">\r\n                            <\/a>\r\n                            \r\n                        <\/figure>\r\n                    <\/div>\r\n                    <div class = \"td-slide-item td-item2\">\r\n                        <figure class=\"td-slide-galery-figure td-slide-popup-gallery\">\r\n                            <a class=\"slide-gallery-image-link\" href=\"\/wp-content\/uploads\/sites\/5\/2025\/05\/IGSS-Dia-Trabajo-Social-2025-5.jpg\" title=\"IGSS Dia Trabajo Social 2025 5\"  data-caption=\"\"  data-description=\"\">\r\n                                <img decoding=\"async\" src=\"\/wp-content\/uploads\/sites\/5\/2025\/05\/IGSS-Dia-Trabajo-Social-2025-5-420x420.jpg\" srcset=\"\/wp-content\/uploads\/sites\/5\/2025\/05\/IGSS-Dia-Trabajo-Social-2025-5-420x420.jpg 420w, \/wp-content\/uploads\/sites\/5\/2025\/05\/IGSS-Dia-Trabajo-Social-2025-5-300x300.jpg 300w, \/wp-content\/uploads\/sites\/5\/2025\/05\/IGSS-Dia-Trabajo-Social-2025-5-1024x1024.jpg 1024w, \/wp-content\/uploads\/sites\/5\/2025\/05\/IGSS-Dia-Trabajo-Social-2025-5-150x150.jpg 150w, \/wp-content\/uploads\/sites\/5\/2025\/05\/IGSS-Dia-Trabajo-Social-2025-5-768x768.jpg 768w, \/wp-content\/uploads\/sites\/5\/2025\/05\/IGSS-Dia-Trabajo-Social-2025-5-696x696.jpg 696w, \/wp-content\/uploads\/sites\/5\/2025\/05\/IGSS-Dia-Trabajo-Social-2025-5-1068x1068.jpg 1068w, \/wp-content\/uploads\/sites\/5\/2025\/05\/IGSS-Dia-Trabajo-Social-2025-5-462x462.jpg 462w, \/wp-content\/uploads\/sites\/5\/2025\/05\/IGSS-Dia-Trabajo-Social-2025-5.jpg 1495w\" sizes=\"(max-width: 420px) 100vw, 420px\" alt=\"\">\r\n                            <\/a>\r\n                            \r\n                        <\/figure>\r\n                    <\/div>\r\n                    <div class = \"td-slide-item td-item3\">\r\n                        <figure class=\"td-slide-galery-figure td-slide-popup-gallery\">\r\n                            <a class=\"slide-gallery-image-link\" href=\"\/wp-content\/uploads\/sites\/5\/2025\/05\/IGSS-Dia-Trabajo-Social-2025-7.jpg\" title=\"IGSS Dia Trabajo Social 2025 7\"  data-caption=\"\"  data-description=\"\">\r\n                                <img decoding=\"async\" src=\"\/wp-content\/uploads\/sites\/5\/2025\/05\/IGSS-Dia-Trabajo-Social-2025-7-475x420.jpg\" srcset=\"\/wp-content\/uploads\/sites\/5\/2025\/05\/IGSS-Dia-Trabajo-Social-2025-7-475x420.jpg 475w, \/wp-content\/uploads\/sites\/5\/2025\/05\/IGSS-Dia-Trabajo-Social-2025-7-300x265.jpg 300w, \/wp-content\/uploads\/sites\/5\/2025\/05\/IGSS-Dia-Trabajo-Social-2025-7-1024x905.jpg 1024w, \/wp-content\/uploads\/sites\/5\/2025\/05\/IGSS-Dia-Trabajo-Social-2025-7-768x679.jpg 768w, \/wp-content\/uploads\/sites\/5\/2025\/05\/IGSS-Dia-Trabajo-Social-2025-7-696x615.jpg 696w, \/wp-content\/uploads\/sites\/5\/2025\/05\/IGSS-Dia-Trabajo-Social-2025-7-523x462.jpg 523w, \/wp-content\/uploads\/sites\/5\/2025\/05\/IGSS-Dia-Trabajo-Social-2025-7.jpg 1060w\" sizes=\"(max-width: 475px) 100vw, 475px\" alt=\"\">\r\n                            <\/a>\r\n                            \r\n                        <\/figure>\r\n                    <\/div>\r\n                    <div class = \"td-slide-item td-item4\">\r\n                        <figure class=\"td-slide-galery-figure td-slide-popup-gallery\">\r\n                            <a class=\"slide-gallery-image-link\" href=\"\/wp-content\/uploads\/sites\/5\/2025\/05\/IGSS-Dia-Trabajo-Social-2025-6.jpg\" title=\"IGSS Dia Trabajo Social 2025 6\"  data-caption=\"\"  data-description=\"\">\r\n                                <img decoding=\"async\" src=\"\/wp-content\/uploads\/sites\/5\/2025\/05\/IGSS-Dia-Trabajo-Social-2025-6.jpg\" srcset=\"\/wp-content\/uploads\/sites\/5\/2025\/05\/IGSS-Dia-Trabajo-Social-2025-6.jpg 561w, \/wp-content\/uploads\/sites\/5\/2025\/05\/IGSS-Dia-Trabajo-Social-2025-6-300x221.jpg 300w, \/wp-content\/uploads\/sites\/5\/2025\/05\/IGSS-Dia-Trabajo-Social-2025-6-80x60.jpg 80w, \/wp-content\/uploads\/sites\/5\/2025\/05\/IGSS-Dia-Trabajo-Social-2025-6-534x393.jpg 534w\" sizes=\"(max-width: 561px) 100vw, 561px\" alt=\"\">\r\n                            <\/a>\r\n                            \r\n                        <\/figure>\r\n                    <\/div>\r\n                    <div class = \"td-slide-item td-item5\">\r\n                        <figure class=\"td-slide-galery-figure td-slide-popup-gallery\">\r\n                            <a class=\"slide-gallery-image-link\" href=\"\/wp-content\/uploads\/sites\/5\/2025\/05\/IGSS-Dia-Trabajo-Social-2025-8.jpg\" title=\"IGSS Dia Trabajo Social 2025 8\"  data-caption=\"\"  data-description=\"\">\r\n                                <img decoding=\"async\" src=\"\/wp-content\/uploads\/sites\/5\/2025\/05\/IGSS-Dia-Trabajo-Social-2025-8-635x420.jpg\" srcset=\"\/wp-content\/uploads\/sites\/5\/2025\/05\/IGSS-Dia-Trabajo-Social-2025-8-635x420.jpg 635w, \/wp-content\/uploads\/sites\/5\/2025\/05\/IGSS-Dia-Trabajo-Social-2025-8-300x198.jpg 300w, \/wp-content\/uploads\/sites\/5\/2025\/05\/IGSS-Dia-Trabajo-Social-2025-8-768x508.jpg 768w, \/wp-content\/uploads\/sites\/5\/2025\/05\/IGSS-Dia-Trabajo-Social-2025-8-696x460.jpg 696w, \/wp-content\/uploads\/sites\/5\/2025\/05\/IGSS-Dia-Trabajo-Social-2025-8-534x353.jpg 534w, \/wp-content\/uploads\/sites\/5\/2025\/05\/IGSS-Dia-Trabajo-Social-2025-8.jpg 915w\" sizes=\"(max-width: 635px) 100vw, 635px\" alt=\"\">\r\n                            <\/a>\r\n                            \r\n                        <\/figure>\r\n                    <\/div>\r\n                    <div class = \"td-slide-item td-item6\">\r\n                        <figure class=\"td-slide-galery-figure td-slide-popup-gallery\">\r\n                            <a class=\"slide-gallery-image-link\" href=\"\/wp-content\/uploads\/sites\/5\/2025\/05\/IGSS-Dia-Trabajo-Social-2025-9.jpg\" title=\"IGSS Dia Trabajo Social 2025 9\"  data-caption=\"\"  data-description=\"\">\r\n                                <img decoding=\"async\" src=\"\/wp-content\/uploads\/sites\/5\/2025\/05\/IGSS-Dia-Trabajo-Social-2025-9-560x420.jpg\" srcset=\"\/wp-content\/uploads\/sites\/5\/2025\/05\/IGSS-Dia-Trabajo-Social-2025-9-560x420.jpg 560w, \/wp-content\/uploads\/sites\/5\/2025\/05\/IGSS-Dia-Trabajo-Social-2025-9-300x225.jpg 300w, \/wp-content\/uploads\/sites\/5\/2025\/05\/IGSS-Dia-Trabajo-Social-2025-9-1024x768.jpg 1024w, \/wp-content\/uploads\/sites\/5\/2025\/05\/IGSS-Dia-Trabajo-Social-2025-9-768x576.jpg 768w, \/wp-content\/uploads\/sites\/5\/2025\/05\/IGSS-Dia-Trabajo-Social-2025-9-80x60.jpg 80w, \/wp-content\/uploads\/sites\/5\/2025\/05\/IGSS-Dia-Trabajo-Social-2025-9-696x522.jpg 696w, \/wp-content\/uploads\/sites\/5\/2025\/05\/IGSS-Dia-Trabajo-Social-2025-9-1068x801.jpg 1068w, \/wp-content\/uploads\/sites\/5\/2025\/05\/IGSS-Dia-Trabajo-Social-2025-9-265x198.jpg 265w, \/wp-content\/uploads\/sites\/5\/2025\/05\/IGSS-Dia-Trabajo-Social-2025-9-534x401.jpg 534w, \/wp-content\/uploads\/sites\/5\/2025\/05\/IGSS-Dia-Trabajo-Social-2025-9.jpg 1280w\" sizes=\"(max-width: 560px) 100vw, 560px\" alt=\"\">\r\n                            <\/a>\r\n                            \r\n                        <\/figure>\r\n                    <\/div>\r\n                    <div class = \"td-slide-item td-item7\">\r\n                        <figure class=\"td-slide-galery-figure td-slide-popup-gallery\">\r\n                            <a class=\"slide-gallery-image-link\" href=\"\/wp-content\/uploads\/sites\/5\/2025\/05\/IGSS-Dia-Trabajo-Social-2025-10.jpg\" title=\"IGSS Dia Trabajo Social 2025 10\"  data-caption=\"\"  data-description=\"\">\r\n                                <img decoding=\"async\" src=\"\/wp-content\/uploads\/sites\/5\/2025\/05\/IGSS-Dia-Trabajo-Social-2025-10-684x420.jpg\" srcset=\"\/wp-content\/uploads\/sites\/5\/2025\/05\/IGSS-Dia-Trabajo-Social-2025-10-684x420.jpg 684w, \/wp-content\/uploads\/sites\/5\/2025\/05\/IGSS-Dia-Trabajo-Social-2025-10-300x184.jpg 300w, \/wp-content\/uploads\/sites\/5\/2025\/05\/IGSS-Dia-Trabajo-Social-2025-10-696x427.jpg 696w, \/wp-content\/uploads\/sites\/5\/2025\/05\/IGSS-Dia-Trabajo-Social-2025-10-356x220.jpg 356w, \/wp-content\/uploads\/sites\/5\/2025\/05\/IGSS-Dia-Trabajo-Social-2025-10-534x328.jpg 534w, \/wp-content\/uploads\/sites\/5\/2025\/05\/IGSS-Dia-Trabajo-Social-2025-10.jpg 738w\" sizes=\"(max-width: 684px) 100vw, 684px\" alt=\"\">\r\n                            <\/a>\r\n                            \r\n                        <\/figure>\r\n                    <\/div>\r\n                    <div class = \"td-slide-item td-item8\">\r\n                        <figure class=\"td-slide-galery-figure td-slide-popup-gallery\">\r\n                            <a class=\"slide-gallery-image-link\" href=\"\/wp-content\/uploads\/sites\/5\/2025\/05\/IGSS-Dia-Trabajo-Social-2025-11.jpg\" title=\"IGSS Dia Trabajo Social 2025 11\"  data-caption=\"\"  data-description=\"\">\r\n                                <img decoding=\"async\" src=\"\/wp-content\/uploads\/sites\/5\/2025\/05\/IGSS-Dia-Trabajo-Social-2025-11-354x420.jpg\" srcset=\"\/wp-content\/uploads\/sites\/5\/2025\/05\/IGSS-Dia-Trabajo-Social-2025-11-354x420.jpg 354w, \/wp-content\/uploads\/sites\/5\/2025\/05\/IGSS-Dia-Trabajo-Social-2025-11-253x300.jpg 253w, \/wp-content\/uploads\/sites\/5\/2025\/05\/IGSS-Dia-Trabajo-Social-2025-11-390x462.jpg 390w, \/wp-content\/uploads\/sites\/5\/2025\/05\/IGSS-Dia-Trabajo-Social-2025-11.jpg 490w\" sizes=\"(max-width: 354px) 100vw, 354px\" alt=\"\">\r\n                            <\/a>\r\n                            \r\n                        <\/figure>\r\n                    <\/div>\r\n                    <div class = \"td-slide-item td-item9\">\r\n                        <figure class=\"td-slide-galery-figure td-slide-popup-gallery\">\r\n                            <a class=\"slide-gallery-image-link\" href=\"\/wp-content\/uploads\/sites\/5\/2025\/05\/IGSS-Dia-Trabajo-Social-2025-12.jpg\" title=\"IGSS Dia Trabajo Social 2025 12\"  data-caption=\"\"  data-description=\"\">\r\n                                <img decoding=\"async\" src=\"\/wp-content\/uploads\/sites\/5\/2025\/05\/IGSS-Dia-Trabajo-Social-2025-12.jpg\" srcset=\"\/wp-content\/uploads\/sites\/5\/2025\/05\/IGSS-Dia-Trabajo-Social-2025-12.jpg 414w, \/wp-content\/uploads\/sites\/5\/2025\/05\/IGSS-Dia-Trabajo-Social-2025-12-300x264.jpg 300w\" sizes=\"(max-width: 414px) 100vw, 414px\" alt=\"\">\r\n                            <\/a>\r\n                            \r\n                        <\/figure>\r\n                    <\/div>\r\n                    <div class = \"td-slide-item td-item10\">\r\n                        <figure class=\"td-slide-galery-figure td-slide-popup-gallery\">\r\n                            <a class=\"slide-gallery-image-link\" href=\"\/wp-content\/uploads\/sites\/5\/2025\/05\/IGSS-Dia-Trabajo-Social-2025-13.jpg\" title=\"IGSS Dia Trabajo Social 2025 13\"  data-caption=\"\"  data-description=\"\">\r\n                                <img decoding=\"async\" src=\"\/wp-content\/uploads\/sites\/5\/2025\/05\/IGSS-Dia-Trabajo-Social-2025-13.jpg\" srcset=\"\/wp-content\/uploads\/sites\/5\/2025\/05\/IGSS-Dia-Trabajo-Social-2025-13.jpg 559w, \/wp-content\/uploads\/sites\/5\/2025\/05\/IGSS-Dia-Trabajo-Social-2025-13-300x196.jpg 300w, \/wp-content\/uploads\/sites\/5\/2025\/05\/IGSS-Dia-Trabajo-Social-2025-13-534x349.jpg 534w\" sizes=\"(max-width: 559px) 100vw, 559px\" alt=\"\">\r\n                            <\/a>\r\n                            \r\n                        <\/figure>\r\n                    <\/div>\r\n                    <div class = \"td-slide-item td-item11\">\r\n                        <figure class=\"td-slide-galery-figure td-slide-popup-gallery\">\r\n                            <a class=\"slide-gallery-image-link\" href=\"\/wp-content\/uploads\/sites\/5\/2025\/05\/IGSS-Dia-Trabajo-Social-2025-14.jpg\" title=\"IGSS Dia Trabajo Social 2025 14\"  data-caption=\"\"  data-description=\"\">\r\n                                <img decoding=\"async\" src=\"\/wp-content\/uploads\/sites\/5\/2025\/05\/IGSS-Dia-Trabajo-Social-2025-14.jpg\" srcset=\"\/wp-content\/uploads\/sites\/5\/2025\/05\/IGSS-Dia-Trabajo-Social-2025-14.jpg 569w, \/wp-content\/uploads\/sites\/5\/2025\/05\/IGSS-Dia-Trabajo-Social-2025-14-300x175.jpg 300w, \/wp-content\/uploads\/sites\/5\/2025\/05\/IGSS-Dia-Trabajo-Social-2025-14-534x312.jpg 534w\" sizes=\"(max-width: 569px) 100vw, 569px\" alt=\"\">\r\n                            <\/a>\r\n                            \r\n                        <\/figure>\r\n                    <\/div>\r\n                            <\/div>\r\n                        <\/div>\r\n\r\n                        <div class = \"td-doubleSlider-2\">\r\n                            <div class = \"td-slider\">\r\n                                \r\n                    <div class = \"td-button td-item1\">\r\n                        <div class = \"td-border\"><\/div>\r\n                    <\/div>\r\n                    <div class = \"td-button td-item2\">\r\n                        <div class = \"td-border\"><\/div>\r\n                    <\/div>\r\n                    <div class = \"td-button td-item3\">\r\n                        <div class = \"td-border\"><\/div>\r\n                    <\/div>\r\n                    <div class = \"td-button td-item4\">\r\n                        <div class = \"td-border\"><\/div>\r\n                    <\/div>\r\n                    <div class = \"td-button td-item5\">\r\n                        <div class = \"td-border\"><\/div>\r\n                    <\/div>\r\n                    <div class = \"td-button td-item6\">\r\n                        <div class = \"td-border\"><\/div>\r\n                    <\/div>\r\n                    <div class = \"td-button td-item7\">\r\n                        <div class = \"td-border\"><\/div>\r\n                    <\/div>\r\n                    <div class = \"td-button td-item8\">\r\n                        <div class = \"td-border\"><\/div>\r\n                    <\/div>\r\n                    <div class = \"td-button td-item9\">\r\n                        <div class = \"td-border\"><\/div>\r\n                    <\/div>\r\n                    <div class = \"td-button td-item10\">\r\n                        <div class = \"td-border\"><\/div>\r\n                    <\/div>\r\n                    <div class = \"td-button td-item11\">\r\n                        <div class = \"td-border\"><\/div>\r\n                    <\/div>\r\n                            <\/div>\r\n                        <\/div>\r\n\r\n                    <\/div>\r\n\r\n                <\/div>\r\n                \n","protected":false},"excerpt":{"rendered":"<p>El Departamento de Trabajo Social, es hoy una dependencia de la Subgerencia de Prestaciones Pecuniarias y para llegar hasta aqu\u00ed, hubo un trabajo arduo que surge de una regulaci\u00f3n en la Ley Org\u00e1nica del IGSS en 1946.\u00a0 En 1948 se cre\u00f3 como instancia laboral en el Instituto. Posteriormente, el IGSS y la Organizaci\u00f3n de las [&hellip;]<\/p>\n","protected":false},"author":3269,"featured_media":47595,"comment_status":"closed","ping_status":"closed","sticky":false,"template":"","format":"standard","meta":{"footnotes":""},"categories":[3,15,1290],"tags":[2110,2111,2112,490,2037,818],"coauthors":[1970],"class_list":{"0":"post-47593","1":"post","2":"type-post","3":"status-publish","4":"format-standard","5":"has-post-thumbnail","7":"category-actualidad","8":"category-destacado","9":"category-prestaciones-economicas","10":"tag-aniversario-trabajo-social-igss","11":"tag-dia-del-trabajador-social","12":"tag-escuela-superior-de-servicio-social","13":"tag-igss","14":"tag-licenciado-jose-domingo-argueta-salazar","15":"tag-trabajo-social"},"_links":{"self":[{"href":"https:\/\/www.igssgt.org\/noticias\/wp-json\/wp\/v2\/posts\/47593","targetHints":{"allow":["GET"]}}],"collection":[{"href":"https:\/\/www.igssgt.org\/noticias\/wp-json\/wp\/v2\/posts"}],"about":[{"href":"https:\/\/www.igssgt.org\/noticias\/wp-json\/wp\/v2\/types\/post"}],"author":[{"embeddable":true,"href":"https:\/\/www.igssgt.org\/noticias\/wp-json\/wp\/v2\/users\/3269"}],"replies":[{"embeddable":true,"href":"https:\/\/www.igssgt.org\/noticias\/wp-json\/wp\/v2\/comments?post=47593"}],"version-history":[{"count":2,"href":"https:\/\/www.igssgt.org\/noticias\/wp-json\/wp\/v2\/posts\/47593\/revisions"}],"predecessor-version":[{"id":47617,"href":"https:\/\/www.igssgt.org\/noticias\/wp-json\/wp\/v2\/posts\/47593\/revisions\/47617"}],"wp:featuredmedia":[{"embeddable":true,"href":"https:\/\/www.igssgt.org\/noticias\/wp-json\/wp\/v2\/media\/47595"}],"wp:attachment":[{"href":"https:\/\/www.igssgt.org\/noticias\/wp-json\/wp\/v2\/media?parent=47593"}],"wp:term":[{"taxonomy":"category","embeddable":true,"href":"https:\/\/www.igssgt.org\/noticias\/wp-json\/wp\/v2\/categories?post=47593"},{"taxonomy":"post_tag","embeddable":true,"href":"https:\/\/www.igssgt.org\/noticias\/wp-json\/wp\/v2\/tags?post=47593"},{"taxonomy":"author","embeddable":true,"href":"https:\/\/www.igssgt.org\/noticias\/wp-json\/wp\/v2\/coauthors?post=47593"}],"curies":[{"name":"wp","href":"https:\/\/api.w.org\/{rel}","templated":true}]}}