{"id":47618,"date":"2025-05-01T06:01:00","date_gmt":"2025-05-01T12:01:00","guid":{"rendered":"https:\/\/www.igssgt.org\/noticias\/?p=47618"},"modified":"2025-05-06T17:15:37","modified_gmt":"2025-05-06T23:15:37","slug":"igss-rinde-homenaje-al-motor-de-la-nacion-en-el-dia-del-trabajo","status":"publish","type":"post","link":"https:\/\/www.igssgt.org\/noticias\/2025\/05\/01\/igss-rinde-homenaje-al-motor-de-la-nacion-en-el-dia-del-trabajo\/","title":{"rendered":"IGSS rinde homenaje al motor de la naci\u00f3n en el D\u00eda del Trabajo"},"content":{"rendered":"\n<p class=\"has-drop-cap\">El Instituto Guatemalteco de Seguridad Social (IGSS) rinde un homenaje a todo los trabajadores guatemaltecos en el D\u00eda Internacional del Trabajo, una fecha emblem\u00e1tica que desde 1947 se conmemora para honrar la lucha hist\u00f3rica por condiciones laborales m\u00e1s justas.<\/p>\n\n\n\n<p>Este d\u00eda recuerda la valent\u00eda de quienes alzaron la voz en defensa de una jornada laboral digna de ocho horas y del derecho a recibir un salario justo, sin discriminaci\u00f3n.<\/p>\n<p>En este contexto, el Seguro Social saluda y reconoce el esfuerzo de los m\u00e1s de 1 mill\u00f3n 710 mil afiliados, cuya labor diaria y aportes fortalecen al Instituto, permitiendo brindar servicios de salud y protecci\u00f3n social a miles de familias guatemaltecas.<\/p>\n<figure id=\"attachment_47621\" aria-describedby=\"caption-attachment-47621\" style=\"width: 727px\" class=\"wp-caption alignnone\"><img loading=\"lazy\" decoding=\"async\" class=\"wp-image-47621\" src=\"\/wp-content\/uploads\/sites\/5\/2025\/04\/IGSS-Dia-del-Trabajo-2025-6-300x225.jpg\" alt=\"\" width=\"727\" height=\"545\" srcset=\"\/wp-content\/uploads\/sites\/5\/2025\/04\/IGSS-Dia-del-Trabajo-2025-6-300x225.jpg 300w, \/wp-content\/uploads\/sites\/5\/2025\/04\/IGSS-Dia-del-Trabajo-2025-6-560x420.jpg 560w, \/wp-content\/uploads\/sites\/5\/2025\/04\/IGSS-Dia-del-Trabajo-2025-6-80x60.jpg 80w, \/wp-content\/uploads\/sites\/5\/2025\/04\/IGSS-Dia-del-Trabajo-2025-6-696x522.jpg 696w, \/wp-content\/uploads\/sites\/5\/2025\/04\/IGSS-Dia-del-Trabajo-2025-6-265x198.jpg 265w, \/wp-content\/uploads\/sites\/5\/2025\/04\/IGSS-Dia-del-Trabajo-2025-6-534x401.jpg 534w, \/wp-content\/uploads\/sites\/5\/2025\/04\/IGSS-Dia-del-Trabajo-2025-6.jpg 768w\" sizes=\"auto, (max-width: 727px) 100vw, 727px\" \/><figcaption id=\"caption-attachment-47621\" class=\"wp-caption-text\">El IGSS reconoce a quienes con esfuerzo sostienen a Guatemala.<\/figcaption><\/figure>\n<p>\u201cUstedes son el motor que mueve al pa\u00eds. Gracias a su compromiso, aseguramos un presente digno y un futuro m\u00e1s seguro\u201d, destacaron las autoridades institucionales.<\/p>\n<p>El Seguro Social contin\u00faa trabajando firme y comprometido para acompa\u00f1ar a cada afiliado en su camino laboral, cuidando su salud y su bienestar en cada etapa de la vida.<\/p>\n<p>Actualmente brinda servicios de salud para la poblaci\u00f3n adherida que incluye atenci\u00f3n m\u00e9dica, suspensi\u00f3n por enfermedad o accidente; en el caso de las mujeres ya sea afiliadas o derechohabientes tienen los servicios de maternidad desde el inicio de su embarazo hasta que nazca el beb\u00e9.<\/p>\n<p>Los ni\u00f1os hasta 7 a\u00f1os, hijos de los afiliados, tienen derecho a recibir atenci\u00f3n m\u00e9dica, servicios en las distintas unidades de especialidades y a recibir su esquema completo de vacunaci\u00f3n.<\/p>\n<figure id=\"attachment_47622\" aria-describedby=\"caption-attachment-47622\" style=\"width: 742px\" class=\"wp-caption alignnone\"><img loading=\"lazy\" decoding=\"async\" class=\"wp-image-47622\" src=\"\/wp-content\/uploads\/sites\/5\/2025\/04\/IGSS-Dia-del-Trabajo-2025-2-300x194.jpeg\" alt=\"\" width=\"742\" height=\"480\" srcset=\"\/wp-content\/uploads\/sites\/5\/2025\/04\/IGSS-Dia-del-Trabajo-2025-2-300x194.jpeg 300w, \/wp-content\/uploads\/sites\/5\/2025\/04\/IGSS-Dia-del-Trabajo-2025-2-1024x661.jpeg 1024w, \/wp-content\/uploads\/sites\/5\/2025\/04\/IGSS-Dia-del-Trabajo-2025-2-651x420.jpeg 651w, \/wp-content\/uploads\/sites\/5\/2025\/04\/IGSS-Dia-del-Trabajo-2025-2-696x449.jpeg 696w, \/wp-content\/uploads\/sites\/5\/2025\/04\/IGSS-Dia-del-Trabajo-2025-2-534x345.jpeg 534w, \/wp-content\/uploads\/sites\/5\/2025\/04\/IGSS-Dia-del-Trabajo-2025-2.jpeg 1068w\" sizes=\"auto, (max-width: 742px) 100vw, 742px\" \/><figcaption id=\"caption-attachment-47622\" class=\"wp-caption-text\">M\u00e1s que un homenaje, es un compromiso con el bienestar de cada trabajador.<\/figcaption><\/figure>\n<p>La actual administraci\u00f3n extendi\u00f3 su servicio llevando a los connacionales en el extranjero la oportunidad de inscribirse voluntariamente al IGSS y as\u00ed asegurar su futuro y el de su familia.<\/p>\n<p>\u201cPorque nos debemos a ustedes trabajadores, el IGSS vela por su seguridad y bienestar incluso al llegar a la vejez brind\u00e1ndoles una pensi\u00f3n digna\u201d, enfatizaron las autoridades.<\/p>\n\r\n                <style type=\"text\/css\">\r\n                    \r\n                    #tdi_1  .td-doubleSlider-2 .td-item1 {\r\n                        background: url(\/wp-content\/uploads\/sites\/5\/2025\/04\/IGSS-Dia-del-Trabajo-2025-8-80x60.jpg) 0 0 no-repeat;\r\n                    }\r\n                    #tdi_1  .td-doubleSlider-2 .td-item2 {\r\n                        background: url(\/wp-content\/uploads\/sites\/5\/2025\/04\/IGSS-Dia-del-Trabajo-2025-3-80x60.jpg) 0 0 no-repeat;\r\n                    }\r\n                    #tdi_1  .td-doubleSlider-2 .td-item3 {\r\n                        background: url(\/wp-content\/uploads\/sites\/5\/2025\/04\/IGSS-Dia-del-Trabajo-2025-4-80x60.jpeg) 0 0 no-repeat;\r\n                    }\r\n                    #tdi_1  .td-doubleSlider-2 .td-item4 {\r\n                        background: url(\/wp-content\/uploads\/sites\/5\/2025\/04\/IGSS-Dia-del-Trabajo-2025-5-80x60.jpg) 0 0 no-repeat;\r\n                    }\r\n                    #tdi_1  .td-doubleSlider-2 .td-item5 {\r\n                        background: url(\/wp-content\/uploads\/sites\/5\/2025\/04\/IGSS-Dia-del-Trabajo-2025-7-80x60.jpg) 0 0 no-repeat;\r\n                    }\r\n                    #tdi_1  .td-doubleSlider-2 .td-item6 {\r\n                        background: url(\/wp-content\/uploads\/sites\/5\/2025\/04\/IGSS-Dia-del-Trabajo-2025-0-1-80x60.jpg) 0 0 no-repeat;\r\n                    }\r\n                    #tdi_1  .td-doubleSlider-2 .td-item7 {\r\n                        background: url(\/wp-content\/uploads\/sites\/5\/2025\/04\/IGSS-Dia-del-Trabajo-2025-9-80x60.jpg) 0 0 no-repeat;\r\n                    }\r\n                <\/style>\r\n\r\n                <div id=\"tdi_1\" class=\"td-gallery td-slide-on-2-columns\">\r\n                    <div class=\"post_td_gallery\">\r\n                        <div class=\"td-gallery-slide-top\">\r\n                           <div class=\"td-gallery-title\">Galer\u00eda de im\u00e1genes:<\/div>\r\n\r\n                            <div class=\"td-gallery-controls-wrapper\">\r\n                                <div class=\"td-gallery-slide-count\"><span class=\"td-gallery-slide-item-focus\">1<\/span> de 7<\/div>\r\n                                <div class=\"td-gallery-slide-prev-next-but\">\r\n                                    <i class = \"td-icon-left doubleSliderPrevButton\"><\/i>\r\n                                    <i class = \"td-icon-right doubleSliderNextButton\"><\/i>\r\n                                <\/div>\r\n                            <\/div>\r\n                        <\/div>\r\n\r\n                        <div class = \"td-doubleSlider-1 \">\r\n                            <div class = \"td-slider\">\r\n                                \r\n                    <div class = \"td-slide-item td-item1\">\r\n                        <figure class=\"td-slide-galery-figure td-slide-popup-gallery\">\r\n                            <a class=\"slide-gallery-image-link\" href=\"\/wp-content\/uploads\/sites\/5\/2025\/04\/IGSS-Dia-del-Trabajo-2025-8.jpg\" title=\"IGSS Dia del Trabajo 2025 8\"  data-caption=\"\"  data-description=\"\">\r\n                                <img decoding=\"async\" src=\"\/wp-content\/uploads\/sites\/5\/2025\/04\/IGSS-Dia-del-Trabajo-2025-8.jpg\" srcset=\"\/wp-content\/uploads\/sites\/5\/2025\/04\/IGSS-Dia-del-Trabajo-2025-8.jpg 560w, \/wp-content\/uploads\/sites\/5\/2025\/04\/IGSS-Dia-del-Trabajo-2025-8-300x225.jpg 300w, \/wp-content\/uploads\/sites\/5\/2025\/04\/IGSS-Dia-del-Trabajo-2025-8-80x60.jpg 80w, \/wp-content\/uploads\/sites\/5\/2025\/04\/IGSS-Dia-del-Trabajo-2025-8-265x198.jpg 265w, \/wp-content\/uploads\/sites\/5\/2025\/04\/IGSS-Dia-del-Trabajo-2025-8-534x401.jpg 534w\" sizes=\"(max-width: 560px) 100vw, 560px\" alt=\"\">\r\n                            <\/a>\r\n                            \r\n                        <\/figure>\r\n                    <\/div>\r\n                    <div class = \"td-slide-item td-item2\">\r\n                        <figure class=\"td-slide-galery-figure td-slide-popup-gallery\">\r\n                            <a class=\"slide-gallery-image-link\" href=\"\/wp-content\/uploads\/sites\/5\/2025\/04\/IGSS-Dia-del-Trabajo-2025-3.jpg\" title=\"IGSS Dia del Trabajo 2025 3\"  data-caption=\"\"  data-description=\"\">\r\n                                <img decoding=\"async\" src=\"\/wp-content\/uploads\/sites\/5\/2025\/04\/IGSS-Dia-del-Trabajo-2025-3-640x420.jpg\" srcset=\"\/wp-content\/uploads\/sites\/5\/2025\/04\/IGSS-Dia-del-Trabajo-2025-3-640x420.jpg 640w, \/wp-content\/uploads\/sites\/5\/2025\/04\/IGSS-Dia-del-Trabajo-2025-3-300x197.jpg 300w, \/wp-content\/uploads\/sites\/5\/2025\/04\/IGSS-Dia-del-Trabajo-2025-3-1024x672.jpg 1024w, \/wp-content\/uploads\/sites\/5\/2025\/04\/IGSS-Dia-del-Trabajo-2025-3-768x504.jpg 768w, \/wp-content\/uploads\/sites\/5\/2025\/04\/IGSS-Dia-del-Trabajo-2025-3-696x457.jpg 696w, \/wp-content\/uploads\/sites\/5\/2025\/04\/IGSS-Dia-del-Trabajo-2025-3-534x351.jpg 534w, \/wp-content\/uploads\/sites\/5\/2025\/04\/IGSS-Dia-del-Trabajo-2025-3-741x486.jpg 741w, \/wp-content\/uploads\/sites\/5\/2025\/04\/IGSS-Dia-del-Trabajo-2025-3.jpg 1068w\" sizes=\"(max-width: 640px) 100vw, 640px\" alt=\"\">\r\n                            <\/a>\r\n                            \r\n                        <\/figure>\r\n                    <\/div>\r\n                    <div class = \"td-slide-item td-item3\">\r\n                        <figure class=\"td-slide-galery-figure td-slide-popup-gallery\">\r\n                            <a class=\"slide-gallery-image-link\" href=\"\/wp-content\/uploads\/sites\/5\/2025\/04\/IGSS-Dia-del-Trabajo-2025-4.jpeg\" title=\"IGSS Dia del Trabajo 2025 4\"  data-caption=\"\"  data-description=\"\">\r\n                                <img decoding=\"async\" src=\"\/wp-content\/uploads\/sites\/5\/2025\/04\/IGSS-Dia-del-Trabajo-2025-4-660x420.jpeg\" srcset=\"\/wp-content\/uploads\/sites\/5\/2025\/04\/IGSS-Dia-del-Trabajo-2025-4-660x420.jpeg 660w, \/wp-content\/uploads\/sites\/5\/2025\/04\/IGSS-Dia-del-Trabajo-2025-4-300x191.jpeg 300w, \/wp-content\/uploads\/sites\/5\/2025\/04\/IGSS-Dia-del-Trabajo-2025-4-1024x651.jpeg 1024w, \/wp-content\/uploads\/sites\/5\/2025\/04\/IGSS-Dia-del-Trabajo-2025-4-768x488.jpeg 768w, \/wp-content\/uploads\/sites\/5\/2025\/04\/IGSS-Dia-del-Trabajo-2025-4-696x443.jpeg 696w, \/wp-content\/uploads\/sites\/5\/2025\/04\/IGSS-Dia-del-Trabajo-2025-4-1068x679.jpeg 1068w, \/wp-content\/uploads\/sites\/5\/2025\/04\/IGSS-Dia-del-Trabajo-2025-4-534x340.jpeg 534w, \/wp-content\/uploads\/sites\/5\/2025\/04\/IGSS-Dia-del-Trabajo-2025-4.jpeg 1382w\" sizes=\"(max-width: 660px) 100vw, 660px\" alt=\"\">\r\n                            <\/a>\r\n                            \r\n                        <\/figure>\r\n                    <\/div>\r\n                    <div class = \"td-slide-item td-item4\">\r\n                        <figure class=\"td-slide-galery-figure td-slide-popup-gallery\">\r\n                            <a class=\"slide-gallery-image-link\" href=\"\/wp-content\/uploads\/sites\/5\/2025\/04\/IGSS-Dia-del-Trabajo-2025-5.jpg\" title=\"IGSS Dia del Trabajo 2025 5\"  data-caption=\"\"  data-description=\"\">\r\n                                <img decoding=\"async\" src=\"\/wp-content\/uploads\/sites\/5\/2025\/04\/IGSS-Dia-del-Trabajo-2025-5-572x420.jpg\" srcset=\"\/wp-content\/uploads\/sites\/5\/2025\/04\/IGSS-Dia-del-Trabajo-2025-5-572x420.jpg 572w, \/wp-content\/uploads\/sites\/5\/2025\/04\/IGSS-Dia-del-Trabajo-2025-5-300x220.jpg 300w, \/wp-content\/uploads\/sites\/5\/2025\/04\/IGSS-Dia-del-Trabajo-2025-5-1024x752.jpg 1024w, \/wp-content\/uploads\/sites\/5\/2025\/04\/IGSS-Dia-del-Trabajo-2025-5-768x564.jpg 768w, \/wp-content\/uploads\/sites\/5\/2025\/04\/IGSS-Dia-del-Trabajo-2025-5-80x60.jpg 80w, \/wp-content\/uploads\/sites\/5\/2025\/04\/IGSS-Dia-del-Trabajo-2025-5-696x511.jpg 696w, \/wp-content\/uploads\/sites\/5\/2025\/04\/IGSS-Dia-del-Trabajo-2025-5-1068x785.jpg 1068w, \/wp-content\/uploads\/sites\/5\/2025\/04\/IGSS-Dia-del-Trabajo-2025-5-534x392.jpg 534w, \/wp-content\/uploads\/sites\/5\/2025\/04\/IGSS-Dia-del-Trabajo-2025-5.jpg 1424w\" sizes=\"(max-width: 572px) 100vw, 572px\" alt=\"\">\r\n                            <\/a>\r\n                            \r\n                        <\/figure>\r\n                    <\/div>\r\n                    <div class = \"td-slide-item td-item5\">\r\n                        <figure class=\"td-slide-galery-figure td-slide-popup-gallery\">\r\n                            <a class=\"slide-gallery-image-link\" href=\"\/wp-content\/uploads\/sites\/5\/2025\/04\/IGSS-Dia-del-Trabajo-2025-7.jpg\" title=\"IGSS Dia del Trabajo 2025 7\"  data-caption=\"\"  data-description=\"\">\r\n                                <img decoding=\"async\" src=\"\/wp-content\/uploads\/sites\/5\/2025\/04\/IGSS-Dia-del-Trabajo-2025-7.jpg\" srcset=\"\/wp-content\/uploads\/sites\/5\/2025\/04\/IGSS-Dia-del-Trabajo-2025-7.jpg 630w, \/wp-content\/uploads\/sites\/5\/2025\/04\/IGSS-Dia-del-Trabajo-2025-7-300x200.jpg 300w, \/wp-content\/uploads\/sites\/5\/2025\/04\/IGSS-Dia-del-Trabajo-2025-7-534x356.jpg 534w\" sizes=\"(max-width: 630px) 100vw, 630px\" alt=\"\">\r\n                            <\/a>\r\n                            \r\n                        <\/figure>\r\n                    <\/div>\r\n                    <div class = \"td-slide-item td-item6\">\r\n                        <figure class=\"td-slide-galery-figure td-slide-popup-gallery\">\r\n                            <a class=\"slide-gallery-image-link\" href=\"\/wp-content\/uploads\/sites\/5\/2025\/04\/IGSS-Dia-del-Trabajo-2025-0-1.jpg\" title=\"IGSS Dia del Trabajo 2025 0\"  data-caption=\"\"  data-description=\"\">\r\n                                <img decoding=\"async\" src=\"\/wp-content\/uploads\/sites\/5\/2025\/04\/IGSS-Dia-del-Trabajo-2025-0-1-630x420.jpg\" srcset=\"\/wp-content\/uploads\/sites\/5\/2025\/04\/IGSS-Dia-del-Trabajo-2025-0-1-630x420.jpg 630w, \/wp-content\/uploads\/sites\/5\/2025\/04\/IGSS-Dia-del-Trabajo-2025-0-1-300x200.jpg 300w, \/wp-content\/uploads\/sites\/5\/2025\/04\/IGSS-Dia-del-Trabajo-2025-0-1-696x464.jpg 696w, \/wp-content\/uploads\/sites\/5\/2025\/04\/IGSS-Dia-del-Trabajo-2025-0-1-534x356.jpg 534w, \/wp-content\/uploads\/sites\/5\/2025\/04\/IGSS-Dia-del-Trabajo-2025-0-1.jpg 768w\" sizes=\"(max-width: 630px) 100vw, 630px\" alt=\"\">\r\n                            <\/a>\r\n                            \r\n                        <\/figure>\r\n                    <\/div>\r\n                    <div class = \"td-slide-item td-item7\">\r\n                        <figure class=\"td-slide-galery-figure td-slide-popup-gallery\">\r\n                            <a class=\"slide-gallery-image-link\" href=\"\/wp-content\/uploads\/sites\/5\/2025\/04\/IGSS-Dia-del-Trabajo-2025-9.jpg\" title=\"IGSS Dia del Trabajo 2025 9\"  data-caption=\"\"  data-description=\"\">\r\n                                <img decoding=\"async\" src=\"\/wp-content\/uploads\/sites\/5\/2025\/04\/IGSS-Dia-del-Trabajo-2025-9-532x420.jpg\" srcset=\"\/wp-content\/uploads\/sites\/5\/2025\/04\/IGSS-Dia-del-Trabajo-2025-9-532x420.jpg 532w, \/wp-content\/uploads\/sites\/5\/2025\/04\/IGSS-Dia-del-Trabajo-2025-9-300x237.jpg 300w, \/wp-content\/uploads\/sites\/5\/2025\/04\/IGSS-Dia-del-Trabajo-2025-9-768x606.jpg 768w, \/wp-content\/uploads\/sites\/5\/2025\/04\/IGSS-Dia-del-Trabajo-2025-9-696x550.jpg 696w, \/wp-content\/uploads\/sites\/5\/2025\/04\/IGSS-Dia-del-Trabajo-2025-9-534x422.jpg 534w, \/wp-content\/uploads\/sites\/5\/2025\/04\/IGSS-Dia-del-Trabajo-2025-9.jpg 960w\" sizes=\"(max-width: 532px) 100vw, 532px\" alt=\"\">\r\n                            <\/a>\r\n                            \r\n                        <\/figure>\r\n                    <\/div>\r\n                            <\/div>\r\n                        <\/div>\r\n\r\n                        <div class = \"td-doubleSlider-2\">\r\n                            <div class = \"td-slider\">\r\n                                \r\n                    <div class = \"td-button td-item1\">\r\n                        <div class = \"td-border\"><\/div>\r\n                    <\/div>\r\n                    <div class = \"td-button td-item2\">\r\n                        <div class = \"td-border\"><\/div>\r\n                    <\/div>\r\n                    <div class = \"td-button td-item3\">\r\n                        <div class = \"td-border\"><\/div>\r\n                    <\/div>\r\n                    <div class = \"td-button td-item4\">\r\n                        <div class = \"td-border\"><\/div>\r\n                    <\/div>\r\n                    <div class = \"td-button td-item5\">\r\n                        <div class = \"td-border\"><\/div>\r\n                    <\/div>\r\n                    <div class = \"td-button td-item6\">\r\n                        <div class = \"td-border\"><\/div>\r\n                    <\/div>\r\n                    <div class = \"td-button td-item7\">\r\n                        <div class = \"td-border\"><\/div>\r\n                    <\/div>\r\n                            <\/div>\r\n                        <\/div>\r\n\r\n                    <\/div>\r\n\r\n                <\/div>\r\n                \n<p>\u00a0<\/p>\n\n\n\n<p><\/p>\n","protected":false},"excerpt":{"rendered":"<p>El Instituto Guatemalteco de Seguridad Social (IGSS) rinde un homenaje a todo los trabajadores guatemaltecos en el D\u00eda Internacional del Trabajo, una fecha emblem\u00e1tica que desde 1947 se conmemora para honrar la lucha hist\u00f3rica por condiciones laborales m\u00e1s justas. Este d\u00eda recuerda la valent\u00eda de quienes alzaron la voz en defensa de una jornada laboral [&hellip;]<\/p>\n","protected":false},"author":3269,"featured_media":47620,"comment_status":"closed","ping_status":"closed","sticky":false,"template":"","format":"standard","meta":{"footnotes":""},"categories":[3,4],"tags":[91,1386,241,490,1636],"coauthors":[1970],"class_list":{"0":"post-47618","1":"post","2":"type-post","3":"status-publish","4":"format-standard","5":"has-post-thumbnail","7":"category-actualidad","8":"category-afiliados","9":"tag-afiliados","10":"tag-afiliados-igss","11":"tag-dia-internacional-del-trabajo","12":"tag-igss","13":"tag-trabajadores"},"_links":{"self":[{"href":"https:\/\/www.igssgt.org\/noticias\/wp-json\/wp\/v2\/posts\/47618","targetHints":{"allow":["GET"]}}],"collection":[{"href":"https:\/\/www.igssgt.org\/noticias\/wp-json\/wp\/v2\/posts"}],"about":[{"href":"https:\/\/www.igssgt.org\/noticias\/wp-json\/wp\/v2\/types\/post"}],"author":[{"embeddable":true,"href":"https:\/\/www.igssgt.org\/noticias\/wp-json\/wp\/v2\/users\/3269"}],"replies":[{"embeddable":true,"href":"https:\/\/www.igssgt.org\/noticias\/wp-json\/wp\/v2\/comments?post=47618"}],"version-history":[{"count":1,"href":"https:\/\/www.igssgt.org\/noticias\/wp-json\/wp\/v2\/posts\/47618\/revisions"}],"predecessor-version":[{"id":47630,"href":"https:\/\/www.igssgt.org\/noticias\/wp-json\/wp\/v2\/posts\/47618\/revisions\/47630"}],"wp:featuredmedia":[{"embeddable":true,"href":"https:\/\/www.igssgt.org\/noticias\/wp-json\/wp\/v2\/media\/47620"}],"wp:attachment":[{"href":"https:\/\/www.igssgt.org\/noticias\/wp-json\/wp\/v2\/media?parent=47618"}],"wp:term":[{"taxonomy":"category","embeddable":true,"href":"https:\/\/www.igssgt.org\/noticias\/wp-json\/wp\/v2\/categories?post=47618"},{"taxonomy":"post_tag","embeddable":true,"href":"https:\/\/www.igssgt.org\/noticias\/wp-json\/wp\/v2\/tags?post=47618"},{"taxonomy":"author","embeddable":true,"href":"https:\/\/www.igssgt.org\/noticias\/wp-json\/wp\/v2\/coauthors?post=47618"}],"curies":[{"name":"wp","href":"https:\/\/api.w.org\/{rel}","templated":true}]}}