{"id":47643,"date":"2025-05-04T06:05:00","date_gmt":"2025-05-04T12:05:00","guid":{"rendered":"https:\/\/www.igssgt.org\/noticias\/?p=47643"},"modified":"2025-05-04T10:42:32","modified_gmt":"2025-05-04T16:42:32","slug":"conozca-como-solicitar-las-capacitaciones-igss-para-su-empresa","status":"publish","type":"post","link":"https:\/\/www.igssgt.org\/noticias\/2025\/05\/04\/conozca-como-solicitar-las-capacitaciones-igss-para-su-empresa\/","title":{"rendered":"Conozca c\u00f3mo solicitar las capacitaciones IGSS para su empresa"},"content":{"rendered":"\n<p class=\"has-drop-cap\">En busca de prevenir los riesgos laborales y fortalecer la seguridad y salud de los trabajadores afiliados, el Instituto Guatemalteco de Seguridad Social (IGSS) imparte capacitaciones sobre diversos temas al personal de las empresas que lo requieran.<\/p>\n\n\n\n<p>Son 15 tem\u00e1ticas que el Instituto pone a disposici\u00f3n de forma virtual y presencial. \u201cEsta es una ayuda directa que otorga el Instituto a las empresas afiliadas\u201d, indic\u00f3 el Dr. Mynor Mej\u00eda, jefe de la Secci\u00f3n de Seguridad e Higiene.<\/p>\n<figure id=\"attachment_47645\" aria-describedby=\"caption-attachment-47645\" style=\"width: 734px\" class=\"wp-caption alignnone\"><img loading=\"lazy\" decoding=\"async\" class=\"wp-image-47645\" src=\"\/wp-content\/uploads\/sites\/5\/2025\/04\/IGSS-capacitaciones-Seguridad-e-Higiene-2025-1-300x200.jpg\" alt=\"\" width=\"734\" height=\"489\" srcset=\"\/wp-content\/uploads\/sites\/5\/2025\/04\/IGSS-capacitaciones-Seguridad-e-Higiene-2025-1-300x200.jpg 300w, \/wp-content\/uploads\/sites\/5\/2025\/04\/IGSS-capacitaciones-Seguridad-e-Higiene-2025-1-1024x682.jpg 1024w, \/wp-content\/uploads\/sites\/5\/2025\/04\/IGSS-capacitaciones-Seguridad-e-Higiene-2025-1-768x512.jpg 768w, \/wp-content\/uploads\/sites\/5\/2025\/04\/IGSS-capacitaciones-Seguridad-e-Higiene-2025-1-1536x1023.jpg 1536w, \/wp-content\/uploads\/sites\/5\/2025\/04\/IGSS-capacitaciones-Seguridad-e-Higiene-2025-1-630x420.jpg 630w, \/wp-content\/uploads\/sites\/5\/2025\/04\/IGSS-capacitaciones-Seguridad-e-Higiene-2025-1-696x464.jpg 696w, \/wp-content\/uploads\/sites\/5\/2025\/04\/IGSS-capacitaciones-Seguridad-e-Higiene-2025-1-1068x712.jpg 1068w, \/wp-content\/uploads\/sites\/5\/2025\/04\/IGSS-capacitaciones-Seguridad-e-Higiene-2025-1-534x356.jpg 534w, \/wp-content\/uploads\/sites\/5\/2025\/04\/IGSS-capacitaciones-Seguridad-e-Higiene-2025-1.jpg 1600w\" sizes=\"auto, (max-width: 734px) 100vw, 734px\" \/><figcaption id=\"caption-attachment-47645\" class=\"wp-caption-text\">Las capacitaciones se imparten en cumplimiento a la normativa sobre salud y seguridad ocupacional sin costo.<\/figcaption><\/figure>\n<p>Los temas que los inspectores imparten son:<\/p>\n<table>\n<tbody>\n<tr>\n<td width=\"292\">\n<h1>Tema<\/h1>\n<\/td>\n<td width=\"290\">\n<h1>Dirigido a<\/h1>\n<\/td>\n<\/tr>\n<tr>\n<td width=\"292\">\n<p>Primeros Auxilios B\u00e1sicos<\/p>\n<\/td>\n<td width=\"290\">\n<p>Personal en general<\/p>\n<\/td>\n<\/tr>\n<tr>\n<td width=\"292\">\n<p>Riesgo Qu\u00edmico<\/p>\n<\/td>\n<td width=\"290\">\n<p>Comit\u00e9s Bipartitos de SSO<\/p>\n<\/td>\n<\/tr>\n<tr>\n<td width=\"292\">\n<p>Bioseguridad\/Desechos S\u00f3lidos Hospitalarios<\/p>\n<\/td>\n<td width=\"290\">\n<p>Comit\u00e9s Bipartitos de SSO<\/p>\n<\/td>\n<\/tr>\n<tr>\n<td width=\"292\">\n<p>Orden y limpieza<\/p>\n<\/td>\n<td width=\"290\">\n<p>Personal en general<\/p>\n<\/td>\n<\/tr>\n<tr>\n<td width=\"292\">\n<p>Equipo Protecci\u00f3n Personal<\/p>\n<\/td>\n<td width=\"290\">\n<p>Personal en general<\/p>\n<\/td>\n<\/tr>\n<tr>\n<td width=\"292\">\n<p>Manejo de Cargas\/M\u00e9todo Cin\u00e9tico<\/p>\n<\/td>\n<td width=\"290\">\n<p>Personal en general<\/p>\n<\/td>\n<\/tr>\n<tr>\n<td width=\"292\">\n<p>Confort T\u00e9rmico<\/p>\n<\/td>\n<td width=\"290\">\n<p>Comit\u00e9s Bipartitos de SSO<\/p>\n<\/td>\n<\/tr>\n<tr>\n<td width=\"292\">\n<p>Salud y Seguridad Ocupacional<\/p>\n<\/td>\n<td width=\"290\">\n<p>Comit\u00e9s Bipartitos de SSO<\/p>\n<\/td>\n<\/tr>\n<tr>\n<td width=\"292\">\n<p>Ergonom\u00eda<\/p>\n<\/td>\n<td width=\"290\">\n<p>Comit\u00e9s Bipartitos de SSO<\/p>\n<\/td>\n<\/tr>\n<tr>\n<td width=\"292\">\n<p>Seguridad Vial<\/p>\n<\/td>\n<td width=\"290\">\n<p>Personal en general<\/p>\n<\/td>\n<\/tr>\n<tr>\n<td width=\"292\">\n<p>Gesti\u00f3n de desastres<\/p>\n<\/td>\n<td width=\"290\">\n<p>Comit\u00e9s Bipartitos de SSO<\/p>\n<\/td>\n<\/tr>\n<tr>\n<td width=\"292\">\n<p>Manejo de Extintores<\/p>\n<\/td>\n<td width=\"290\">\n<p>Personal en general<\/p>\n<\/td>\n<\/tr>\n<tr>\n<td width=\"292\">\n<p>Riesgos F\u00edsicos (Ruido, ventilaci\u00f3n, iluminaci\u00f3n, vibraci\u00f3n y radiaci\u00f3n)<\/p>\n<\/td>\n<td width=\"290\">\n<p>Comit\u00e9s Bipartitos de SSO<\/p>\n<\/td>\n<\/tr>\n<tr>\n<td width=\"292\">\n<p>Aspectos Psicosociales<\/p>\n<\/td>\n<td width=\"290\">\n<p>Personal en general<\/p>\n<\/td>\n<\/tr>\n<tr>\n<td width=\"292\">\n<p>VIH y ETS<\/p>\n<\/td>\n<td width=\"290\">\n<p>Personal en general<\/p>\n<\/td>\n<\/tr>\n<\/tbody>\n<\/table>\n<p>Las empresas interesadas en recibir estas capacitaciones deben presentar una solicitud por escrito al Dr. Mynor Mej\u00eda Andrade, jefe de la Secci\u00f3n de Seguridad e Higiene, en la oficina 1020, edificio Torre Caf\u00e9, 7\u00aa avenida 1-20 zona 4. Para m\u00e1s informaci\u00f3n comun\u00edquese al 2412 \u2013 1458.<\/p>\n<figure id=\"attachment_47646\" aria-describedby=\"caption-attachment-47646\" style=\"width: 705px\" class=\"wp-caption alignnone\"><img loading=\"lazy\" decoding=\"async\" class=\"wp-image-47646\" src=\"\/wp-content\/uploads\/sites\/5\/2025\/04\/IGSS-capacitaciones-Seguridad-e-Higiene-2025-2-300x200.jpg\" alt=\"\" width=\"705\" height=\"470\" srcset=\"\/wp-content\/uploads\/sites\/5\/2025\/04\/IGSS-capacitaciones-Seguridad-e-Higiene-2025-2-300x200.jpg 300w, \/wp-content\/uploads\/sites\/5\/2025\/04\/IGSS-capacitaciones-Seguridad-e-Higiene-2025-2-1024x682.jpg 1024w, \/wp-content\/uploads\/sites\/5\/2025\/04\/IGSS-capacitaciones-Seguridad-e-Higiene-2025-2-768x512.jpg 768w, \/wp-content\/uploads\/sites\/5\/2025\/04\/IGSS-capacitaciones-Seguridad-e-Higiene-2025-2-1536x1023.jpg 1536w, \/wp-content\/uploads\/sites\/5\/2025\/04\/IGSS-capacitaciones-Seguridad-e-Higiene-2025-2-630x420.jpg 630w, \/wp-content\/uploads\/sites\/5\/2025\/04\/IGSS-capacitaciones-Seguridad-e-Higiene-2025-2-696x464.jpg 696w, \/wp-content\/uploads\/sites\/5\/2025\/04\/IGSS-capacitaciones-Seguridad-e-Higiene-2025-2-1068x712.jpg 1068w, \/wp-content\/uploads\/sites\/5\/2025\/04\/IGSS-capacitaciones-Seguridad-e-Higiene-2025-2-534x356.jpg 534w, \/wp-content\/uploads\/sites\/5\/2025\/04\/IGSS-capacitaciones-Seguridad-e-Higiene-2025-2.jpg 1600w\" sizes=\"auto, (max-width: 705px) 100vw, 705px\" \/><figcaption id=\"caption-attachment-47646\" class=\"wp-caption-text\">El Instituto imparte las capacitaciones a toda empresa afiliada que lo solicite.<\/figcaption><\/figure>\n<p>Esta es una de las estrategias del Instituto para fomentar una cultura de salud y seguridad ocupacional. Solo en el 2024 se impartieron 20 mil capacitaciones en diferentes empresas.<\/p>\n\r\n                <style type=\"text\/css\">\r\n                    \r\n                    #tdi_1  .td-doubleSlider-2 .td-item1 {\r\n                        background: url(\/wp-content\/uploads\/sites\/5\/2025\/04\/IGSS-capacitaciones-Seguridad-e-Higiene-2025-4-80x60.jpg) 0 0 no-repeat;\r\n                    }\r\n                    #tdi_1  .td-doubleSlider-2 .td-item2 {\r\n                        background: url(\/wp-content\/uploads\/sites\/5\/2025\/04\/IGSS-capacitaciones-Seguridad-e-Higiene-2025-3-80x60.jpg) 0 0 no-repeat;\r\n                    }\r\n                <\/style>\r\n\r\n                <div id=\"tdi_1\" class=\"td-gallery td-slide-on-2-columns\">\r\n                    <div class=\"post_td_gallery\">\r\n                        <div class=\"td-gallery-slide-top\">\r\n                           <div class=\"td-gallery-title\">M\u00e1s fotos:<\/div>\r\n\r\n                            <div class=\"td-gallery-controls-wrapper\">\r\n                                <div class=\"td-gallery-slide-count\"><span class=\"td-gallery-slide-item-focus\">1<\/span> de 2<\/div>\r\n                                <div class=\"td-gallery-slide-prev-next-but\">\r\n                                    <i class = \"td-icon-left doubleSliderPrevButton\"><\/i>\r\n                                    <i class = \"td-icon-right doubleSliderNextButton\"><\/i>\r\n                                <\/div>\r\n                            <\/div>\r\n                        <\/div>\r\n\r\n                        <div class = \"td-doubleSlider-1 \">\r\n                            <div class = \"td-slider\">\r\n                                \r\n                    <div class = \"td-slide-item td-item1\">\r\n                        <figure class=\"td-slide-galery-figure td-slide-popup-gallery\">\r\n                            <a class=\"slide-gallery-image-link\" href=\"\/wp-content\/uploads\/sites\/5\/2025\/04\/IGSS-capacitaciones-Seguridad-e-Higiene-2025-4.jpg\" title=\"IGSS capacitaciones Seguridad e Higiene 2025 4\"  data-caption=\"\"  data-description=\"\">\r\n                                <img decoding=\"async\" src=\"\/wp-content\/uploads\/sites\/5\/2025\/04\/IGSS-capacitaciones-Seguridad-e-Higiene-2025-4-630x420.jpg\" srcset=\"\/wp-content\/uploads\/sites\/5\/2025\/04\/IGSS-capacitaciones-Seguridad-e-Higiene-2025-4-630x420.jpg 630w, \/wp-content\/uploads\/sites\/5\/2025\/04\/IGSS-capacitaciones-Seguridad-e-Higiene-2025-4-300x200.jpg 300w, \/wp-content\/uploads\/sites\/5\/2025\/04\/IGSS-capacitaciones-Seguridad-e-Higiene-2025-4-1024x682.jpg 1024w, \/wp-content\/uploads\/sites\/5\/2025\/04\/IGSS-capacitaciones-Seguridad-e-Higiene-2025-4-768x512.jpg 768w, \/wp-content\/uploads\/sites\/5\/2025\/04\/IGSS-capacitaciones-Seguridad-e-Higiene-2025-4-1536x1023.jpg 1536w, \/wp-content\/uploads\/sites\/5\/2025\/04\/IGSS-capacitaciones-Seguridad-e-Higiene-2025-4-696x464.jpg 696w, \/wp-content\/uploads\/sites\/5\/2025\/04\/IGSS-capacitaciones-Seguridad-e-Higiene-2025-4-1068x712.jpg 1068w, \/wp-content\/uploads\/sites\/5\/2025\/04\/IGSS-capacitaciones-Seguridad-e-Higiene-2025-4-534x356.jpg 534w, \/wp-content\/uploads\/sites\/5\/2025\/04\/IGSS-capacitaciones-Seguridad-e-Higiene-2025-4.jpg 1600w\" sizes=\"(max-width: 630px) 100vw, 630px\" alt=\"\">\r\n                            <\/a>\r\n                            \r\n                        <\/figure>\r\n                    <\/div>\r\n                    <div class = \"td-slide-item td-item2\">\r\n                        <figure class=\"td-slide-galery-figure td-slide-popup-gallery\">\r\n                            <a class=\"slide-gallery-image-link\" href=\"\/wp-content\/uploads\/sites\/5\/2025\/04\/IGSS-capacitaciones-Seguridad-e-Higiene-2025-3.jpg\" title=\"IGSS capacitaciones Seguridad e Higiene 2025 3\"  data-caption=\"\"  data-description=\"\">\r\n                                <img decoding=\"async\" src=\"\/wp-content\/uploads\/sites\/5\/2025\/04\/IGSS-capacitaciones-Seguridad-e-Higiene-2025-3-630x420.jpg\" srcset=\"\/wp-content\/uploads\/sites\/5\/2025\/04\/IGSS-capacitaciones-Seguridad-e-Higiene-2025-3-630x420.jpg 630w, \/wp-content\/uploads\/sites\/5\/2025\/04\/IGSS-capacitaciones-Seguridad-e-Higiene-2025-3-300x200.jpg 300w, \/wp-content\/uploads\/sites\/5\/2025\/04\/IGSS-capacitaciones-Seguridad-e-Higiene-2025-3-1024x682.jpg 1024w, \/wp-content\/uploads\/sites\/5\/2025\/04\/IGSS-capacitaciones-Seguridad-e-Higiene-2025-3-768x512.jpg 768w, \/wp-content\/uploads\/sites\/5\/2025\/04\/IGSS-capacitaciones-Seguridad-e-Higiene-2025-3-1536x1023.jpg 1536w, \/wp-content\/uploads\/sites\/5\/2025\/04\/IGSS-capacitaciones-Seguridad-e-Higiene-2025-3-696x464.jpg 696w, \/wp-content\/uploads\/sites\/5\/2025\/04\/IGSS-capacitaciones-Seguridad-e-Higiene-2025-3-1068x712.jpg 1068w, \/wp-content\/uploads\/sites\/5\/2025\/04\/IGSS-capacitaciones-Seguridad-e-Higiene-2025-3-534x356.jpg 534w, \/wp-content\/uploads\/sites\/5\/2025\/04\/IGSS-capacitaciones-Seguridad-e-Higiene-2025-3.jpg 1600w\" sizes=\"(max-width: 630px) 100vw, 630px\" alt=\"\">\r\n                            <\/a>\r\n                            \r\n                        <\/figure>\r\n                    <\/div>\r\n                            <\/div>\r\n                        <\/div>\r\n\r\n                        <div class = \"td-doubleSlider-2\">\r\n                            <div class = \"td-slider\">\r\n                                \r\n                    <div class = \"td-button td-item1\">\r\n                        <div class = \"td-border\"><\/div>\r\n                    <\/div>\r\n                    <div class = \"td-button td-item2\">\r\n                        <div class = \"td-border\"><\/div>\r\n                    <\/div>\r\n                            <\/div>\r\n                        <\/div>\r\n\r\n                    <\/div>\r\n\r\n                <\/div>\r\n                \n\n\n\n<p><\/p>\n","protected":false},"excerpt":{"rendered":"<p>En busca de prevenir los riesgos laborales y fortalecer la seguridad y salud de los trabajadores afiliados, el Instituto Guatemalteco de Seguridad Social (IGSS) imparte capacitaciones sobre diversos temas al personal de las empresas que lo requieran.<\/p>\n","protected":false},"author":3269,"featured_media":47644,"comment_status":"closed","ping_status":"closed","sticky":false,"template":"","format":"standard","meta":{"footnotes":""},"categories":[3,15,17,23,27,1915],"tags":[2119,2113,1591,490,2118,1250],"coauthors":[1970],"class_list":{"0":"post-47643","1":"post","2":"type-post","3":"status-publish","4":"format-standard","5":"has-post-thumbnail","7":"category-actualidad","8":"category-destacado","9":"category-formacion-y-desarrollo","10":"category-patronos","11":"category-prevencion-en-salud","12":"category-salud-y-seguridad-ocupacional","13":"tag-capacitaciones-igss","14":"tag-doctor-mynor-mejia","15":"tag-gestion-de-riesgos-laborales","16":"tag-igss","17":"tag-normativa-de-salud","18":"tag-seccion-de-seguridad-e-higiene-y-prevencion-de-accidentes"},"_links":{"self":[{"href":"https:\/\/www.igssgt.org\/noticias\/wp-json\/wp\/v2\/posts\/47643","targetHints":{"allow":["GET"]}}],"collection":[{"href":"https:\/\/www.igssgt.org\/noticias\/wp-json\/wp\/v2\/posts"}],"about":[{"href":"https:\/\/www.igssgt.org\/noticias\/wp-json\/wp\/v2\/types\/post"}],"author":[{"embeddable":true,"href":"https:\/\/www.igssgt.org\/noticias\/wp-json\/wp\/v2\/users\/3269"}],"replies":[{"embeddable":true,"href":"https:\/\/www.igssgt.org\/noticias\/wp-json\/wp\/v2\/comments?post=47643"}],"version-history":[{"count":2,"href":"https:\/\/www.igssgt.org\/noticias\/wp-json\/wp\/v2\/posts\/47643\/revisions"}],"predecessor-version":[{"id":47655,"href":"https:\/\/www.igssgt.org\/noticias\/wp-json\/wp\/v2\/posts\/47643\/revisions\/47655"}],"wp:featuredmedia":[{"embeddable":true,"href":"https:\/\/www.igssgt.org\/noticias\/wp-json\/wp\/v2\/media\/47644"}],"wp:attachment":[{"href":"https:\/\/www.igssgt.org\/noticias\/wp-json\/wp\/v2\/media?parent=47643"}],"wp:term":[{"taxonomy":"category","embeddable":true,"href":"https:\/\/www.igssgt.org\/noticias\/wp-json\/wp\/v2\/categories?post=47643"},{"taxonomy":"post_tag","embeddable":true,"href":"https:\/\/www.igssgt.org\/noticias\/wp-json\/wp\/v2\/tags?post=47643"},{"taxonomy":"author","embeddable":true,"href":"https:\/\/www.igssgt.org\/noticias\/wp-json\/wp\/v2\/coauthors?post=47643"}],"curies":[{"name":"wp","href":"https:\/\/api.w.org\/{rel}","templated":true}]}}