{"id":4770,"date":"2018-04-30T16:05:43","date_gmt":"2018-04-30T22:05:43","guid":{"rendered":"http:\/\/noticias.igssgt.org\/?p=4770"},"modified":"2018-04-30T16:05:43","modified_gmt":"2018-04-30T22:05:43","slug":"personal-de-fisioterapia-es-capacitado-en-la-prevencion-de-accidentes","status":"publish","type":"post","link":"https:\/\/www.igssgt.org\/noticias\/2018\/04\/30\/personal-de-fisioterapia-es-capacitado-en-la-prevencion-de-accidentes\/","title":{"rendered":"Personal de fisioterapia es capacitado en la prevenci\u00f3n de accidentes"},"content":{"rendered":"<p><a href=\"\/noticias\/wp-content\/uploads\/sites\/5\/2018\/04\/Capacitacion-fisioterapia-rescates-salvavidas-igss-2018-6.jpg\"><img loading=\"lazy\" decoding=\"async\" class=\"alignnone size-full wp-image-4776\" src=\"\/noticias\/wp-content\/uploads\/sites\/5\/2018\/04\/Capacitacion-fisioterapia-rescates-salvavidas-igss-2018-6.jpg\" alt=\"\" width=\"1860\" height=\"1240\" srcset=\"\/wp-content\/uploads\/sites\/5\/2018\/04\/Capacitacion-fisioterapia-rescates-salvavidas-igss-2018-6.jpg 1860w, \/wp-content\/uploads\/sites\/5\/2018\/04\/Capacitacion-fisioterapia-rescates-salvavidas-igss-2018-6-1536x1024.jpg 1536w, \/wp-content\/uploads\/sites\/5\/2018\/04\/Capacitacion-fisioterapia-rescates-salvavidas-igss-2018-6-300x200.jpg 300w, \/wp-content\/uploads\/sites\/5\/2018\/04\/Capacitacion-fisioterapia-rescates-salvavidas-igss-2018-6-768x512.jpg 768w, \/wp-content\/uploads\/sites\/5\/2018\/04\/Capacitacion-fisioterapia-rescates-salvavidas-igss-2018-6-1024x683.jpg 1024w, \/wp-content\/uploads\/sites\/5\/2018\/04\/Capacitacion-fisioterapia-rescates-salvavidas-igss-2018-6-630x420.jpg 630w, \/wp-content\/uploads\/sites\/5\/2018\/04\/Capacitacion-fisioterapia-rescates-salvavidas-igss-2018-6-696x464.jpg 696w, \/wp-content\/uploads\/sites\/5\/2018\/04\/Capacitacion-fisioterapia-rescates-salvavidas-igss-2018-6-1068x712.jpg 1068w, \/wp-content\/uploads\/sites\/5\/2018\/04\/Capacitacion-fisioterapia-rescates-salvavidas-igss-2018-6-534x356.jpg 534w\" sizes=\"auto, (max-width: 1860px) 100vw, 1860px\" \/><\/a><\/p>\n<p>M\u00e1s de 55 colaboradores que brindan sus servicios como fisioterapistas en el Hospital de Rehabilitaci\u00f3n fueron capacitados por la Secci\u00f3n de Seguridad e Higiene del IGSS. La actividad fue dirigida por Pedro P\u00e9rez, integrante del Cuerpo de Salvamento, quien disert\u00f3 temas como: Reanimaci\u00f3n Cardiopulmonar (RCP), accidentes por paro card\u00edaco, inmersi\u00f3n por asfixia espec\u00edficamente en \u00e1rea de piscina terap\u00e9utica.<\/p>\n<p>\u201cEn esta o<span class=\"text_exposed_show\">casi\u00f3n hicimos \u00e9nfasis en lo importante que es la prevenci\u00f3n y detectar los factores de riesgo como la edad, o accidentes que puedan suscitarse a causa de distintos tipos de enfermedades como: colesterol, hipertensi\u00f3n entre otras\u201d. El se\u00f1or P\u00e9rez agradeci\u00f3 a las autoridades del Seguro Social por brindar este espacio a los trabajadores para compartir los conocimientos.<\/span><\/p>\n<div class=\"text_exposed_show\">\n<p>El fisioterapeuta Herber Guevara se\u00f1al\u00f3: \u201clas capacitaciones nos ayudan a fortalecer nuestros conocimientos para saber qu\u00e9 medidas implementar al momento de ocurrir una emergencia y poder salvar la vida de las personas\u201d. \u201cEstos equipos del Instituto que intercambian conocimientos permiten estar a la vanguardia en la atenci\u00f3n de los pacientes\u201d manifest\u00f3 Francisca Lemus, jefe de fisioterapia del Hospital.<\/p>\n<p>Finalmente Ingrid L\u00f3pez, subadministradora del Hospital, agradeci\u00f3 el apoyo de las autoridades a nivel central porque gracias a ellos se realizan capacitaciones que ayudan a complementar los conocimientos que ya poseen los colaboradores para atender con calidad y eficiencia a los pacientes que asisten a sus terapias.<\/p>\n<h3><strong>Ver video<\/strong><\/h3>\n<p>https:\/\/youtu.be\/rKj-NI1L060<\/p>\n\r\n                <style type=\"text\/css\">\r\n                    \r\n                    #tdi_1  .td-doubleSlider-2 .td-item1 {\r\n                        background: url(\/wp-content\/uploads\/sites\/5\/2018\/04\/Capacitacion-fisioterapia-rescates-salvavidas-igss-2018-2-80x60.jpg) 0 0 no-repeat;\r\n                    }\r\n                    #tdi_1  .td-doubleSlider-2 .td-item2 {\r\n                        background: url(\/wp-content\/uploads\/sites\/5\/2018\/04\/Capacitacion-fisioterapia-rescates-salvavidas-igss-2018-5-80x60.jpg) 0 0 no-repeat;\r\n                    }\r\n                    #tdi_1  .td-doubleSlider-2 .td-item3 {\r\n                        background: url(\/wp-content\/uploads\/sites\/5\/2018\/04\/Capacitacion-fisioterapia-rescates-salvavidas-igss-2018-3-80x60.jpg) 0 0 no-repeat;\r\n                    }\r\n                    #tdi_1  .td-doubleSlider-2 .td-item4 {\r\n                        background: url(\/wp-content\/uploads\/sites\/5\/2018\/04\/Capacitacion-fisioterapia-rescates-salvavidas-igss-2018-1-80x60.jpg) 0 0 no-repeat;\r\n                    }\r\n                    #tdi_1  .td-doubleSlider-2 .td-item5 {\r\n                        background: url(\/wp-content\/uploads\/sites\/5\/2018\/04\/Capacitacion-fisioterapia-rescates-salvavidas-igss-2018-4-80x60.jpg) 0 0 no-repeat;\r\n                    }\r\n                    #tdi_1  .td-doubleSlider-2 .td-item6 {\r\n                        background: url(\/wp-content\/uploads\/sites\/5\/2018\/04\/Capacitacion-fisioterapia-rescates-salvavidas-igss-2018-6-80x60.jpg) 0 0 no-repeat;\r\n                    }\r\n                    #tdi_1  .td-doubleSlider-2 .td-item7 {\r\n                        background: url(\/wp-content\/uploads\/sites\/5\/2018\/04\/Capacitacion-fisioterapia-rescates-salvavidas-igss-2018-7-80x60.jpg) 0 0 no-repeat;\r\n                    }\r\n                    #tdi_1  .td-doubleSlider-2 .td-item8 {\r\n                        background: url(\/wp-content\/uploads\/sites\/5\/2018\/04\/Capacitacion-fisioterapia-rescates-salvavidas-igss-2018-8-80x60.jpg) 0 0 no-repeat;\r\n                    }\r\n                <\/style>\r\n\r\n                <div id=\"tdi_1\" class=\"td-gallery td-slide-on-2-columns\">\r\n                    <div class=\"post_td_gallery\">\r\n                        <div class=\"td-gallery-slide-top\">\r\n                           <div class=\"td-gallery-title\">Galer\u00eda de im\u00e1genes<\/div>\r\n\r\n                            <div class=\"td-gallery-controls-wrapper\">\r\n                                <div class=\"td-gallery-slide-count\"><span class=\"td-gallery-slide-item-focus\">1<\/span> de 8<\/div>\r\n                                <div class=\"td-gallery-slide-prev-next-but\">\r\n                                    <i class = \"td-icon-left doubleSliderPrevButton\"><\/i>\r\n                                    <i class = \"td-icon-right doubleSliderNextButton\"><\/i>\r\n                                <\/div>\r\n                            <\/div>\r\n                        <\/div>\r\n\r\n                        <div class = \"td-doubleSlider-1 \">\r\n                            <div class = \"td-slider\">\r\n                                \r\n                    <div class = \"td-slide-item td-item1\">\r\n                        <figure class=\"td-slide-galery-figure td-slide-popup-gallery\">\r\n                            <a class=\"slide-gallery-image-link\" href=\"\/wp-content\/uploads\/sites\/5\/2018\/04\/Capacitacion-fisioterapia-rescates-salvavidas-igss-2018-2.jpg\" title=\"Capacitacion fisioterapia rescates salvavidas igss 2018-2\"  data-caption=\"\"  data-description=\"\">\r\n                                <img decoding=\"async\" src=\"\/wp-content\/uploads\/sites\/5\/2018\/04\/Capacitacion-fisioterapia-rescates-salvavidas-igss-2018-2-630x420.jpg\" srcset=\"\/wp-content\/uploads\/sites\/5\/2018\/04\/Capacitacion-fisioterapia-rescates-salvavidas-igss-2018-2-630x420.jpg 630w, \/wp-content\/uploads\/sites\/5\/2018\/04\/Capacitacion-fisioterapia-rescates-salvavidas-igss-2018-2-1536x1024.jpg 1536w, \/wp-content\/uploads\/sites\/5\/2018\/04\/Capacitacion-fisioterapia-rescates-salvavidas-igss-2018-2-300x200.jpg 300w, \/wp-content\/uploads\/sites\/5\/2018\/04\/Capacitacion-fisioterapia-rescates-salvavidas-igss-2018-2-768x512.jpg 768w, \/wp-content\/uploads\/sites\/5\/2018\/04\/Capacitacion-fisioterapia-rescates-salvavidas-igss-2018-2-1024x683.jpg 1024w, \/wp-content\/uploads\/sites\/5\/2018\/04\/Capacitacion-fisioterapia-rescates-salvavidas-igss-2018-2-696x464.jpg 696w, \/wp-content\/uploads\/sites\/5\/2018\/04\/Capacitacion-fisioterapia-rescates-salvavidas-igss-2018-2-1068x712.jpg 1068w, \/wp-content\/uploads\/sites\/5\/2018\/04\/Capacitacion-fisioterapia-rescates-salvavidas-igss-2018-2-534x356.jpg 534w, \/wp-content\/uploads\/sites\/5\/2018\/04\/Capacitacion-fisioterapia-rescates-salvavidas-igss-2018-2.jpg 1860w\" sizes=\"(max-width: 630px) 100vw, 630px\" alt=\"\">\r\n                            <\/a>\r\n                            \r\n                        <\/figure>\r\n                    <\/div>\r\n                    <div class = \"td-slide-item td-item2\">\r\n                        <figure class=\"td-slide-galery-figure td-slide-popup-gallery\">\r\n                            <a class=\"slide-gallery-image-link\" href=\"\/wp-content\/uploads\/sites\/5\/2018\/04\/Capacitacion-fisioterapia-rescates-salvavidas-igss-2018-5.jpg\" title=\"Capacitacion fisioterapia rescates salvavidas igss 2018-5\"  data-caption=\"\"  data-description=\"\">\r\n                                <img decoding=\"async\" src=\"\/wp-content\/uploads\/sites\/5\/2018\/04\/Capacitacion-fisioterapia-rescates-salvavidas-igss-2018-5-630x420.jpg\" srcset=\"\/wp-content\/uploads\/sites\/5\/2018\/04\/Capacitacion-fisioterapia-rescates-salvavidas-igss-2018-5-630x420.jpg 630w, \/wp-content\/uploads\/sites\/5\/2018\/04\/Capacitacion-fisioterapia-rescates-salvavidas-igss-2018-5-1536x1024.jpg 1536w, \/wp-content\/uploads\/sites\/5\/2018\/04\/Capacitacion-fisioterapia-rescates-salvavidas-igss-2018-5-300x200.jpg 300w, \/wp-content\/uploads\/sites\/5\/2018\/04\/Capacitacion-fisioterapia-rescates-salvavidas-igss-2018-5-768x512.jpg 768w, \/wp-content\/uploads\/sites\/5\/2018\/04\/Capacitacion-fisioterapia-rescates-salvavidas-igss-2018-5-1024x683.jpg 1024w, \/wp-content\/uploads\/sites\/5\/2018\/04\/Capacitacion-fisioterapia-rescates-salvavidas-igss-2018-5-696x464.jpg 696w, \/wp-content\/uploads\/sites\/5\/2018\/04\/Capacitacion-fisioterapia-rescates-salvavidas-igss-2018-5-1068x712.jpg 1068w, \/wp-content\/uploads\/sites\/5\/2018\/04\/Capacitacion-fisioterapia-rescates-salvavidas-igss-2018-5-534x356.jpg 534w, \/wp-content\/uploads\/sites\/5\/2018\/04\/Capacitacion-fisioterapia-rescates-salvavidas-igss-2018-5.jpg 1860w\" sizes=\"(max-width: 630px) 100vw, 630px\" alt=\"\">\r\n                            <\/a>\r\n                            \r\n                        <\/figure>\r\n                    <\/div>\r\n                    <div class = \"td-slide-item td-item3\">\r\n                        <figure class=\"td-slide-galery-figure td-slide-popup-gallery\">\r\n                            <a class=\"slide-gallery-image-link\" href=\"\/wp-content\/uploads\/sites\/5\/2018\/04\/Capacitacion-fisioterapia-rescates-salvavidas-igss-2018-3.jpg\" title=\"Capacitacion fisioterapia rescates salvavidas igss 2018-3\"  data-caption=\"\"  data-description=\"\">\r\n                                <img decoding=\"async\" src=\"\/wp-content\/uploads\/sites\/5\/2018\/04\/Capacitacion-fisioterapia-rescates-salvavidas-igss-2018-3-640x420.jpg\" srcset=\"\/wp-content\/uploads\/sites\/5\/2018\/04\/Capacitacion-fisioterapia-rescates-salvavidas-igss-2018-3-640x420.jpg 640w, \/wp-content\/uploads\/sites\/5\/2018\/04\/Capacitacion-fisioterapia-rescates-salvavidas-igss-2018-3-1536x1008.jpg 1536w, \/wp-content\/uploads\/sites\/5\/2018\/04\/Capacitacion-fisioterapia-rescates-salvavidas-igss-2018-3-300x197.jpg 300w, \/wp-content\/uploads\/sites\/5\/2018\/04\/Capacitacion-fisioterapia-rescates-salvavidas-igss-2018-3-768x504.jpg 768w, \/wp-content\/uploads\/sites\/5\/2018\/04\/Capacitacion-fisioterapia-rescates-salvavidas-igss-2018-3-1024x672.jpg 1024w, \/wp-content\/uploads\/sites\/5\/2018\/04\/Capacitacion-fisioterapia-rescates-salvavidas-igss-2018-3-696x457.jpg 696w, \/wp-content\/uploads\/sites\/5\/2018\/04\/Capacitacion-fisioterapia-rescates-salvavidas-igss-2018-3-1068x701.jpg 1068w, \/wp-content\/uploads\/sites\/5\/2018\/04\/Capacitacion-fisioterapia-rescates-salvavidas-igss-2018-3-534x350.jpg 534w, \/wp-content\/uploads\/sites\/5\/2018\/04\/Capacitacion-fisioterapia-rescates-salvavidas-igss-2018-3-741x486.jpg 741w, \/wp-content\/uploads\/sites\/5\/2018\/04\/Capacitacion-fisioterapia-rescates-salvavidas-igss-2018-3-1920x1260.jpg 1920w, \/wp-content\/uploads\/sites\/5\/2018\/04\/Capacitacion-fisioterapia-rescates-salvavidas-igss-2018-3.jpg 2039w\" sizes=\"(max-width: 640px) 100vw, 640px\" alt=\"\">\r\n                            <\/a>\r\n                            \r\n                        <\/figure>\r\n                    <\/div>\r\n                    <div class = \"td-slide-item td-item4\">\r\n                        <figure class=\"td-slide-galery-figure td-slide-popup-gallery\">\r\n                            <a class=\"slide-gallery-image-link\" href=\"\/wp-content\/uploads\/sites\/5\/2018\/04\/Capacitacion-fisioterapia-rescates-salvavidas-igss-2018-1.jpg\" title=\"Capacitacion fisioterapia rescates salvavidas igss 2018-1\"  data-caption=\"\"  data-description=\"\">\r\n                                <img decoding=\"async\" src=\"\/wp-content\/uploads\/sites\/5\/2018\/04\/Capacitacion-fisioterapia-rescates-salvavidas-igss-2018-1-630x420.jpg\" srcset=\"\/wp-content\/uploads\/sites\/5\/2018\/04\/Capacitacion-fisioterapia-rescates-salvavidas-igss-2018-1-630x420.jpg 630w, \/wp-content\/uploads\/sites\/5\/2018\/04\/Capacitacion-fisioterapia-rescates-salvavidas-igss-2018-1-1536x1024.jpg 1536w, \/wp-content\/uploads\/sites\/5\/2018\/04\/Capacitacion-fisioterapia-rescates-salvavidas-igss-2018-1-300x200.jpg 300w, \/wp-content\/uploads\/sites\/5\/2018\/04\/Capacitacion-fisioterapia-rescates-salvavidas-igss-2018-1-768x512.jpg 768w, \/wp-content\/uploads\/sites\/5\/2018\/04\/Capacitacion-fisioterapia-rescates-salvavidas-igss-2018-1-1024x683.jpg 1024w, \/wp-content\/uploads\/sites\/5\/2018\/04\/Capacitacion-fisioterapia-rescates-salvavidas-igss-2018-1-696x464.jpg 696w, \/wp-content\/uploads\/sites\/5\/2018\/04\/Capacitacion-fisioterapia-rescates-salvavidas-igss-2018-1-1068x712.jpg 1068w, \/wp-content\/uploads\/sites\/5\/2018\/04\/Capacitacion-fisioterapia-rescates-salvavidas-igss-2018-1-534x356.jpg 534w, \/wp-content\/uploads\/sites\/5\/2018\/04\/Capacitacion-fisioterapia-rescates-salvavidas-igss-2018-1.jpg 1860w\" sizes=\"(max-width: 630px) 100vw, 630px\" alt=\"\">\r\n                            <\/a>\r\n                            \r\n                        <\/figure>\r\n                    <\/div>\r\n                    <div class = \"td-slide-item td-item5\">\r\n                        <figure class=\"td-slide-galery-figure td-slide-popup-gallery\">\r\n                            <a class=\"slide-gallery-image-link\" href=\"\/wp-content\/uploads\/sites\/5\/2018\/04\/Capacitacion-fisioterapia-rescates-salvavidas-igss-2018-4.jpg\" title=\"Capacitacion fisioterapia rescates salvavidas igss 2018-4\"  data-caption=\"\"  data-description=\"\">\r\n                                <img decoding=\"async\" src=\"\/wp-content\/uploads\/sites\/5\/2018\/04\/Capacitacion-fisioterapia-rescates-salvavidas-igss-2018-4-630x420.jpg\" srcset=\"\/wp-content\/uploads\/sites\/5\/2018\/04\/Capacitacion-fisioterapia-rescates-salvavidas-igss-2018-4-630x420.jpg 630w, \/wp-content\/uploads\/sites\/5\/2018\/04\/Capacitacion-fisioterapia-rescates-salvavidas-igss-2018-4-1536x1024.jpg 1536w, \/wp-content\/uploads\/sites\/5\/2018\/04\/Capacitacion-fisioterapia-rescates-salvavidas-igss-2018-4-300x200.jpg 300w, \/wp-content\/uploads\/sites\/5\/2018\/04\/Capacitacion-fisioterapia-rescates-salvavidas-igss-2018-4-768x512.jpg 768w, \/wp-content\/uploads\/sites\/5\/2018\/04\/Capacitacion-fisioterapia-rescates-salvavidas-igss-2018-4-1024x683.jpg 1024w, \/wp-content\/uploads\/sites\/5\/2018\/04\/Capacitacion-fisioterapia-rescates-salvavidas-igss-2018-4-696x464.jpg 696w, \/wp-content\/uploads\/sites\/5\/2018\/04\/Capacitacion-fisioterapia-rescates-salvavidas-igss-2018-4-1068x712.jpg 1068w, \/wp-content\/uploads\/sites\/5\/2018\/04\/Capacitacion-fisioterapia-rescates-salvavidas-igss-2018-4-534x356.jpg 534w, \/wp-content\/uploads\/sites\/5\/2018\/04\/Capacitacion-fisioterapia-rescates-salvavidas-igss-2018-4.jpg 1860w\" sizes=\"(max-width: 630px) 100vw, 630px\" alt=\"\">\r\n                            <\/a>\r\n                            \r\n                        <\/figure>\r\n                    <\/div>\r\n                    <div class = \"td-slide-item td-item6\">\r\n                        <figure class=\"td-slide-galery-figure td-slide-popup-gallery\">\r\n                            <a class=\"slide-gallery-image-link\" href=\"\/wp-content\/uploads\/sites\/5\/2018\/04\/Capacitacion-fisioterapia-rescates-salvavidas-igss-2018-6.jpg\" title=\"Capacitacion fisioterapia rescates salvavidas igss 2018-6\"  data-caption=\"\"  data-description=\"\">\r\n                                <img decoding=\"async\" src=\"\/wp-content\/uploads\/sites\/5\/2018\/04\/Capacitacion-fisioterapia-rescates-salvavidas-igss-2018-6-630x420.jpg\" srcset=\"\/wp-content\/uploads\/sites\/5\/2018\/04\/Capacitacion-fisioterapia-rescates-salvavidas-igss-2018-6-630x420.jpg 630w, \/wp-content\/uploads\/sites\/5\/2018\/04\/Capacitacion-fisioterapia-rescates-salvavidas-igss-2018-6-1536x1024.jpg 1536w, \/wp-content\/uploads\/sites\/5\/2018\/04\/Capacitacion-fisioterapia-rescates-salvavidas-igss-2018-6-300x200.jpg 300w, \/wp-content\/uploads\/sites\/5\/2018\/04\/Capacitacion-fisioterapia-rescates-salvavidas-igss-2018-6-768x512.jpg 768w, \/wp-content\/uploads\/sites\/5\/2018\/04\/Capacitacion-fisioterapia-rescates-salvavidas-igss-2018-6-1024x683.jpg 1024w, \/wp-content\/uploads\/sites\/5\/2018\/04\/Capacitacion-fisioterapia-rescates-salvavidas-igss-2018-6-696x464.jpg 696w, \/wp-content\/uploads\/sites\/5\/2018\/04\/Capacitacion-fisioterapia-rescates-salvavidas-igss-2018-6-1068x712.jpg 1068w, \/wp-content\/uploads\/sites\/5\/2018\/04\/Capacitacion-fisioterapia-rescates-salvavidas-igss-2018-6-534x356.jpg 534w, \/wp-content\/uploads\/sites\/5\/2018\/04\/Capacitacion-fisioterapia-rescates-salvavidas-igss-2018-6.jpg 1860w\" sizes=\"(max-width: 630px) 100vw, 630px\" alt=\"\">\r\n                            <\/a>\r\n                            \r\n                        <\/figure>\r\n                    <\/div>\r\n                    <div class = \"td-slide-item td-item7\">\r\n                        <figure class=\"td-slide-galery-figure td-slide-popup-gallery\">\r\n                            <a class=\"slide-gallery-image-link\" href=\"\/wp-content\/uploads\/sites\/5\/2018\/04\/Capacitacion-fisioterapia-rescates-salvavidas-igss-2018-7.jpg\" title=\"Capacitacion fisioterapia rescates salvavidas igss 2018-7\"  data-caption=\"\"  data-description=\"\">\r\n                                <img decoding=\"async\" src=\"\/wp-content\/uploads\/sites\/5\/2018\/04\/Capacitacion-fisioterapia-rescates-salvavidas-igss-2018-7-630x420.jpg\" srcset=\"\/wp-content\/uploads\/sites\/5\/2018\/04\/Capacitacion-fisioterapia-rescates-salvavidas-igss-2018-7-630x420.jpg 630w, \/wp-content\/uploads\/sites\/5\/2018\/04\/Capacitacion-fisioterapia-rescates-salvavidas-igss-2018-7-1536x1024.jpg 1536w, \/wp-content\/uploads\/sites\/5\/2018\/04\/Capacitacion-fisioterapia-rescates-salvavidas-igss-2018-7-300x200.jpg 300w, \/wp-content\/uploads\/sites\/5\/2018\/04\/Capacitacion-fisioterapia-rescates-salvavidas-igss-2018-7-768x512.jpg 768w, \/wp-content\/uploads\/sites\/5\/2018\/04\/Capacitacion-fisioterapia-rescates-salvavidas-igss-2018-7-1024x683.jpg 1024w, \/wp-content\/uploads\/sites\/5\/2018\/04\/Capacitacion-fisioterapia-rescates-salvavidas-igss-2018-7-696x464.jpg 696w, \/wp-content\/uploads\/sites\/5\/2018\/04\/Capacitacion-fisioterapia-rescates-salvavidas-igss-2018-7-1068x712.jpg 1068w, \/wp-content\/uploads\/sites\/5\/2018\/04\/Capacitacion-fisioterapia-rescates-salvavidas-igss-2018-7-534x356.jpg 534w, \/wp-content\/uploads\/sites\/5\/2018\/04\/Capacitacion-fisioterapia-rescates-salvavidas-igss-2018-7.jpg 1860w\" sizes=\"(max-width: 630px) 100vw, 630px\" alt=\"\">\r\n                            <\/a>\r\n                            \r\n                        <\/figure>\r\n                    <\/div>\r\n                    <div class = \"td-slide-item td-item8\">\r\n                        <figure class=\"td-slide-galery-figure td-slide-popup-gallery\">\r\n                            <a class=\"slide-gallery-image-link\" href=\"\/wp-content\/uploads\/sites\/5\/2018\/04\/Capacitacion-fisioterapia-rescates-salvavidas-igss-2018-8.jpg\" title=\"Capacitacion fisioterapia rescates salvavidas igss 2018-8\"  data-caption=\"\"  data-description=\"\">\r\n                                <img decoding=\"async\" src=\"\/wp-content\/uploads\/sites\/5\/2018\/04\/Capacitacion-fisioterapia-rescates-salvavidas-igss-2018-8-630x420.jpg\" srcset=\"\/wp-content\/uploads\/sites\/5\/2018\/04\/Capacitacion-fisioterapia-rescates-salvavidas-igss-2018-8-630x420.jpg 630w, \/wp-content\/uploads\/sites\/5\/2018\/04\/Capacitacion-fisioterapia-rescates-salvavidas-igss-2018-8-1536x1024.jpg 1536w, \/wp-content\/uploads\/sites\/5\/2018\/04\/Capacitacion-fisioterapia-rescates-salvavidas-igss-2018-8-300x200.jpg 300w, \/wp-content\/uploads\/sites\/5\/2018\/04\/Capacitacion-fisioterapia-rescates-salvavidas-igss-2018-8-768x512.jpg 768w, \/wp-content\/uploads\/sites\/5\/2018\/04\/Capacitacion-fisioterapia-rescates-salvavidas-igss-2018-8-1024x683.jpg 1024w, \/wp-content\/uploads\/sites\/5\/2018\/04\/Capacitacion-fisioterapia-rescates-salvavidas-igss-2018-8-696x464.jpg 696w, \/wp-content\/uploads\/sites\/5\/2018\/04\/Capacitacion-fisioterapia-rescates-salvavidas-igss-2018-8-1068x712.jpg 1068w, \/wp-content\/uploads\/sites\/5\/2018\/04\/Capacitacion-fisioterapia-rescates-salvavidas-igss-2018-8-534x356.jpg 534w, \/wp-content\/uploads\/sites\/5\/2018\/04\/Capacitacion-fisioterapia-rescates-salvavidas-igss-2018-8.jpg 1860w\" sizes=\"(max-width: 630px) 100vw, 630px\" alt=\"\">\r\n                            <\/a>\r\n                            \r\n                        <\/figure>\r\n                    <\/div>\r\n                            <\/div>\r\n                        <\/div>\r\n\r\n                        <div class = \"td-doubleSlider-2\">\r\n                            <div class = \"td-slider\">\r\n                                \r\n                    <div class = \"td-button td-item1\">\r\n                        <div class = \"td-border\"><\/div>\r\n                    <\/div>\r\n                    <div class = \"td-button td-item2\">\r\n                        <div class = \"td-border\"><\/div>\r\n                    <\/div>\r\n                    <div class = \"td-button td-item3\">\r\n                        <div class = \"td-border\"><\/div>\r\n                    <\/div>\r\n                    <div class = \"td-button td-item4\">\r\n                        <div class = \"td-border\"><\/div>\r\n                    <\/div>\r\n                    <div class = \"td-button td-item5\">\r\n                        <div class = \"td-border\"><\/div>\r\n                    <\/div>\r\n                    <div class = \"td-button td-item6\">\r\n                        <div class = \"td-border\"><\/div>\r\n                    <\/div>\r\n                    <div class = \"td-button td-item7\">\r\n                        <div class = \"td-border\"><\/div>\r\n                    <\/div>\r\n                    <div class = \"td-button td-item8\">\r\n                        <div class = \"td-border\"><\/div>\r\n                    <\/div>\r\n                            <\/div>\r\n                        <\/div>\r\n\r\n                    <\/div>\r\n\r\n                <\/div>\r\n                \n<hr \/>\n<p>&nbsp;<\/p>\n<\/div>\n","protected":false},"excerpt":{"rendered":"<p>M\u00e1s de 55 colaboradores que brindan sus servicios como fisioterapistas en el Hospital de Rehabilitaci\u00f3n fueron capacitados por la Secci\u00f3n de Seguridad e Higiene del IGSS. La actividad fue dirigida por Pedro P\u00e9rez, integrante del Cuerpo de Salvamento, quien disert\u00f3 temas como: Reanimaci\u00f3n Cardiopulmonar (RCP), accidentes por paro card\u00edaco, inmersi\u00f3n por asfixia espec\u00edficamente en \u00e1rea [&hellip;]<\/p>\n","protected":false},"author":4,"featured_media":4771,"comment_status":"open","ping_status":"open","sticky":false,"template":"","format":"standard","meta":{"footnotes":""},"categories":[3,17,29,32,36],"tags":[444,478,490,758,770],"coauthors":[],"class_list":{"0":"post-4770","1":"post","2":"type-post","3":"status-publish","4":"format-standard","5":"has-post-thumbnail","7":"category-actualidad","8":"category-formacion-y-desarrollo","9":"category-publicaciones","10":"category-salvavidas","11":"category-unidades-medicas","12":"tag-fisioterapia","13":"tag-hospital-de-rehabilitacion","14":"tag-igss","15":"tag-respiracion-cardiopulmonar-rcp","16":"tag-salvavidas-igss"},"_links":{"self":[{"href":"https:\/\/www.igssgt.org\/noticias\/wp-json\/wp\/v2\/posts\/4770","targetHints":{"allow":["GET"]}}],"collection":[{"href":"https:\/\/www.igssgt.org\/noticias\/wp-json\/wp\/v2\/posts"}],"about":[{"href":"https:\/\/www.igssgt.org\/noticias\/wp-json\/wp\/v2\/types\/post"}],"author":[{"embeddable":true,"href":"https:\/\/www.igssgt.org\/noticias\/wp-json\/wp\/v2\/users\/4"}],"replies":[{"embeddable":true,"href":"https:\/\/www.igssgt.org\/noticias\/wp-json\/wp\/v2\/comments?post=4770"}],"version-history":[{"count":0,"href":"https:\/\/www.igssgt.org\/noticias\/wp-json\/wp\/v2\/posts\/4770\/revisions"}],"wp:featuredmedia":[{"embeddable":true,"href":"https:\/\/www.igssgt.org\/noticias\/wp-json\/wp\/v2\/media\/4771"}],"wp:attachment":[{"href":"https:\/\/www.igssgt.org\/noticias\/wp-json\/wp\/v2\/media?parent=4770"}],"wp:term":[{"taxonomy":"category","embeddable":true,"href":"https:\/\/www.igssgt.org\/noticias\/wp-json\/wp\/v2\/categories?post=4770"},{"taxonomy":"post_tag","embeddable":true,"href":"https:\/\/www.igssgt.org\/noticias\/wp-json\/wp\/v2\/tags?post=4770"},{"taxonomy":"author","embeddable":true,"href":"https:\/\/www.igssgt.org\/noticias\/wp-json\/wp\/v2\/coauthors?post=4770"}],"curies":[{"name":"wp","href":"https:\/\/api.w.org\/{rel}","templated":true}]}}