{"id":48203,"date":"2025-05-29T09:37:06","date_gmt":"2025-05-29T15:37:06","guid":{"rendered":"https:\/\/www.igssgt.org\/noticias\/?p=48203"},"modified":"2025-05-29T09:37:07","modified_gmt":"2025-05-29T15:37:07","slug":"igss-emite-recomendaciones-ante-la-presencia-del-polvo-del-sahara","status":"publish","type":"post","link":"https:\/\/www.igssgt.org\/noticias\/2025\/05\/29\/igss-emite-recomendaciones-ante-la-presencia-del-polvo-del-sahara\/","title":{"rendered":"IGSS emite recomendaciones ante la presencia del polvo del Sahara"},"content":{"rendered":"\n<p class=\"has-drop-cap\">El Instituto Guatemalteco de Seguridad Social (IGSS), informa a la poblaci\u00f3n sobre la presencia de una masa de polvo proveniente del desierto del Sahara, fen\u00f3meno que afectar\u00e1 el territorio durante varios d\u00edas.<\/p>\n\n\n\n<p>La mayor concentraci\u00f3n ser\u00e1 a partir de hoy, 29 de mayo y hasta el martes 3 de junio, seg\u00fan informaci\u00f3n del Instituto Nacional de Sismolog\u00eda, Vulcanologia, Meteorologia e Hidrolog\u00eda (INSIVUMEH).<\/p>\n<figure id=\"attachment_48205\" aria-describedby=\"caption-attachment-48205\" style=\"width: 704px\" class=\"wp-caption alignnone\"><img loading=\"lazy\" decoding=\"async\" class=\"wp-image-48205\" src=\"\/wp-content\/uploads\/sites\/5\/2025\/05\/IGSS-Recomendaciones-polvo-del-Sahara-202511-300x200.jpg\" alt=\"\" width=\"704\" height=\"469\" srcset=\"\/wp-content\/uploads\/sites\/5\/2025\/05\/IGSS-Recomendaciones-polvo-del-Sahara-202511-300x200.jpg 300w, \/wp-content\/uploads\/sites\/5\/2025\/05\/IGSS-Recomendaciones-polvo-del-Sahara-202511-768x512.jpg 768w, \/wp-content\/uploads\/sites\/5\/2025\/05\/IGSS-Recomendaciones-polvo-del-Sahara-202511-630x420.jpg 630w, \/wp-content\/uploads\/sites\/5\/2025\/05\/IGSS-Recomendaciones-polvo-del-Sahara-202511-696x464.jpg 696w, \/wp-content\/uploads\/sites\/5\/2025\/05\/IGSS-Recomendaciones-polvo-del-Sahara-202511-534x356.jpg 534w, \/wp-content\/uploads\/sites\/5\/2025\/05\/IGSS-Recomendaciones-polvo-del-Sahara-202511.jpg 992w\" sizes=\"auto, (max-width: 704px) 100vw, 704px\" \/><figcaption id=\"caption-attachment-48205\" class=\"wp-caption-text\">El aire seco y polvoriento de la capa de aire sahariana tiene aproximadamente un 50 % menos de humedad que la atm\u00f3sfera tropical t\u00edpica. Esto puede afectar desde la piel hasta los pulmones.<\/figcaption><\/figure>\n<p>Este fen\u00f3meno, com\u00fan entre junio y agosto, se caracteriza por transportar part\u00edculas finas de arena, as\u00ed como materiales qu\u00edmicos y biol\u00f3gicos, los cuales pueden afectar la calidad del aire, la visibilidad y la salud de la poblaci\u00f3n, especialmente a quienes padecen afecciones respiratorias, adultos mayores, mujeres embarazadas, ni\u00f1os y personas inmunodeprimidas.<\/p>\n<p>Ante esta situaci\u00f3n, el Seguro Social recomienda:<\/p>\n<ul>\n<li>Usar mascarilla o pa\u00f1uelo h\u00famedo para cubrir nariz y boca<\/li>\n<li>Utilizar gafas o lentes protectores al salir de casa<\/li>\n<li>Mantener cerradas puertas y ventanas, y si se conduce, llevar los vidrios del veh\u00edculo arriba<\/li>\n<li>Cubrir las fuentes de agua como pilas, toneles, pozos o estanques para evitar su contaminaci\u00f3n<\/li>\n<li>Humedecer el suelo antes de barrer patios y espacios abiertos para evitar la dispersi\u00f3n del polvo<\/li>\n<\/ul>\n<figure id=\"attachment_48206\" aria-describedby=\"caption-attachment-48206\" style=\"width: 713px\" class=\"wp-caption alignnone\"><img loading=\"lazy\" decoding=\"async\" class=\"wp-image-48206\" src=\"\/wp-content\/uploads\/sites\/5\/2025\/05\/IGSS-Recomendaciones-polvo-del-Sahara-20254-300x200.jpg\" alt=\"\" width=\"713\" height=\"475\" srcset=\"\/wp-content\/uploads\/sites\/5\/2025\/05\/IGSS-Recomendaciones-polvo-del-Sahara-20254-300x200.jpg 300w, \/wp-content\/uploads\/sites\/5\/2025\/05\/IGSS-Recomendaciones-polvo-del-Sahara-20254-1024x683.jpg 1024w, \/wp-content\/uploads\/sites\/5\/2025\/05\/IGSS-Recomendaciones-polvo-del-Sahara-20254-768x512.jpg 768w, \/wp-content\/uploads\/sites\/5\/2025\/05\/IGSS-Recomendaciones-polvo-del-Sahara-20254-1536x1024.jpg 1536w, \/wp-content\/uploads\/sites\/5\/2025\/05\/IGSS-Recomendaciones-polvo-del-Sahara-20254-2048x1365.jpg 2048w, \/wp-content\/uploads\/sites\/5\/2025\/05\/IGSS-Recomendaciones-polvo-del-Sahara-20254-630x420.jpg 630w, \/wp-content\/uploads\/sites\/5\/2025\/05\/IGSS-Recomendaciones-polvo-del-Sahara-20254-696x464.jpg 696w, \/wp-content\/uploads\/sites\/5\/2025\/05\/IGSS-Recomendaciones-polvo-del-Sahara-20254-1068x712.jpg 1068w, \/wp-content\/uploads\/sites\/5\/2025\/05\/IGSS-Recomendaciones-polvo-del-Sahara-20254-1920x1280.jpg 1920w, \/wp-content\/uploads\/sites\/5\/2025\/05\/IGSS-Recomendaciones-polvo-del-Sahara-20254-534x356.jpg 534w\" sizes=\"auto, (max-width: 713px) 100vw, 713px\" \/><figcaption id=\"caption-attachment-48206\" class=\"wp-caption-text\">El IGSS advierte a la poblaci\u00f3n estar atentos ante el nuevo ingreso del polvo proveniente del desierto del Sahara, que afecta de forma directa al sistema respiratorio y ojos.<\/figcaption><\/figure>\n<p>Seg\u00fan la Organizaci\u00f3n Mundial de la Salud (OMS) y la Organizaci\u00f3n Panamericana de la Salud (OPS), la exposici\u00f3n a este tipo de polvo puede causar alergias, crisis asm\u00e1ticas y complicaciones respiratorias. Por ello, es fundamental seguir las medidas preventivas y acudir al m\u00e9dico ante cualquier s\u00edntoma.<\/p>\n\r\n                <style type=\"text\/css\">\r\n                    \r\n                    #tdi_1  .td-doubleSlider-2 .td-item1 {\r\n                        background: url(\/wp-content\/uploads\/sites\/5\/2025\/05\/IGSS-Recomendaciones-polvo-del-Sahara-20253-80x60.jpg) 0 0 no-repeat;\r\n                    }\r\n                    #tdi_1  .td-doubleSlider-2 .td-item2 {\r\n                        background: url(\/wp-content\/uploads\/sites\/5\/2025\/05\/IGSS-Recomendaciones-polvo-del-Sahara-20252-80x60.jpg) 0 0 no-repeat;\r\n                    }\r\n                    #tdi_1  .td-doubleSlider-2 .td-item3 {\r\n                        background: url(\/wp-content\/uploads\/sites\/5\/2025\/05\/IGSS-Recomendaciones-polvo-del-Sahara-20255-80x60.jpg) 0 0 no-repeat;\r\n                    }\r\n                    #tdi_1  .td-doubleSlider-2 .td-item4 {\r\n                        background: url(\/wp-content\/uploads\/sites\/5\/2025\/05\/IGSS-Recomendaciones-polvo-del-Sahara-20256-80x60.jpg) 0 0 no-repeat;\r\n                    }\r\n                    #tdi_1  .td-doubleSlider-2 .td-item5 {\r\n                        background: url(\/wp-content\/uploads\/sites\/5\/2025\/05\/IGSS-Recomendaciones-polvo-del-Sahara-20257-1-80x60.jpg) 0 0 no-repeat;\r\n                    }\r\n                    #tdi_1  .td-doubleSlider-2 .td-item6 {\r\n                        background: url(\/wp-content\/uploads\/sites\/5\/2025\/05\/IGSS-Recomendaciones-polvo-del-Sahara-20259-80x60.jpg) 0 0 no-repeat;\r\n                    }\r\n                <\/style>\r\n\r\n                <div id=\"tdi_1\" class=\"td-gallery td-slide-on-2-columns\">\r\n                    <div class=\"post_td_gallery\">\r\n                        <div class=\"td-gallery-slide-top\">\r\n                           <div class=\"td-gallery-title\">M\u00e1s fotos:<\/div>\r\n\r\n                            <div class=\"td-gallery-controls-wrapper\">\r\n                                <div class=\"td-gallery-slide-count\"><span class=\"td-gallery-slide-item-focus\">1<\/span> de 6<\/div>\r\n                                <div class=\"td-gallery-slide-prev-next-but\">\r\n                                    <i class = \"td-icon-left doubleSliderPrevButton\"><\/i>\r\n                                    <i class = \"td-icon-right doubleSliderNextButton\"><\/i>\r\n                                <\/div>\r\n                            <\/div>\r\n                        <\/div>\r\n\r\n                        <div class = \"td-doubleSlider-1 \">\r\n                            <div class = \"td-slider\">\r\n                                \r\n                    <div class = \"td-slide-item td-item1\">\r\n                        <figure class=\"td-slide-galery-figure td-slide-popup-gallery\">\r\n                            <a class=\"slide-gallery-image-link\" href=\"\/wp-content\/uploads\/sites\/5\/2025\/05\/IGSS-Recomendaciones-polvo-del-Sahara-20253-scaled.jpg\" title=\"IGSS Recomendaciones polvo del Sahara 20253\"  data-caption=\"\"  data-description=\"\">\r\n                                <img decoding=\"async\" src=\"\/wp-content\/uploads\/sites\/5\/2025\/05\/IGSS-Recomendaciones-polvo-del-Sahara-20253-630x420.jpg\" srcset=\"\/wp-content\/uploads\/sites\/5\/2025\/05\/IGSS-Recomendaciones-polvo-del-Sahara-20253-630x420.jpg 630w, \/wp-content\/uploads\/sites\/5\/2025\/05\/IGSS-Recomendaciones-polvo-del-Sahara-20253-300x200.jpg 300w, \/wp-content\/uploads\/sites\/5\/2025\/05\/IGSS-Recomendaciones-polvo-del-Sahara-20253-1024x683.jpg 1024w, \/wp-content\/uploads\/sites\/5\/2025\/05\/IGSS-Recomendaciones-polvo-del-Sahara-20253-768x512.jpg 768w, \/wp-content\/uploads\/sites\/5\/2025\/05\/IGSS-Recomendaciones-polvo-del-Sahara-20253-1536x1024.jpg 1536w, \/wp-content\/uploads\/sites\/5\/2025\/05\/IGSS-Recomendaciones-polvo-del-Sahara-20253-2048x1365.jpg 2048w, \/wp-content\/uploads\/sites\/5\/2025\/05\/IGSS-Recomendaciones-polvo-del-Sahara-20253-696x464.jpg 696w, \/wp-content\/uploads\/sites\/5\/2025\/05\/IGSS-Recomendaciones-polvo-del-Sahara-20253-1068x712.jpg 1068w, \/wp-content\/uploads\/sites\/5\/2025\/05\/IGSS-Recomendaciones-polvo-del-Sahara-20253-1920x1280.jpg 1920w, \/wp-content\/uploads\/sites\/5\/2025\/05\/IGSS-Recomendaciones-polvo-del-Sahara-20253-534x356.jpg 534w\" sizes=\"(max-width: 630px) 100vw, 630px\" alt=\"\">\r\n                            <\/a>\r\n                            \r\n                        <\/figure>\r\n                    <\/div>\r\n                    <div class = \"td-slide-item td-item2\">\r\n                        <figure class=\"td-slide-galery-figure td-slide-popup-gallery\">\r\n                            <a class=\"slide-gallery-image-link\" href=\"\/wp-content\/uploads\/sites\/5\/2025\/05\/IGSS-Recomendaciones-polvo-del-Sahara-20252-scaled.jpg\" title=\"IGSS Recomendaciones polvo del Sahara 20252\"  data-caption=\"\"  data-description=\"\">\r\n                                <img decoding=\"async\" src=\"\/wp-content\/uploads\/sites\/5\/2025\/05\/IGSS-Recomendaciones-polvo-del-Sahara-20252-630x420.jpg\" srcset=\"\/wp-content\/uploads\/sites\/5\/2025\/05\/IGSS-Recomendaciones-polvo-del-Sahara-20252-630x420.jpg 630w, \/wp-content\/uploads\/sites\/5\/2025\/05\/IGSS-Recomendaciones-polvo-del-Sahara-20252-300x200.jpg 300w, \/wp-content\/uploads\/sites\/5\/2025\/05\/IGSS-Recomendaciones-polvo-del-Sahara-20252-1024x683.jpg 1024w, \/wp-content\/uploads\/sites\/5\/2025\/05\/IGSS-Recomendaciones-polvo-del-Sahara-20252-768x512.jpg 768w, \/wp-content\/uploads\/sites\/5\/2025\/05\/IGSS-Recomendaciones-polvo-del-Sahara-20252-1536x1024.jpg 1536w, \/wp-content\/uploads\/sites\/5\/2025\/05\/IGSS-Recomendaciones-polvo-del-Sahara-20252-2048x1365.jpg 2048w, \/wp-content\/uploads\/sites\/5\/2025\/05\/IGSS-Recomendaciones-polvo-del-Sahara-20252-696x464.jpg 696w, \/wp-content\/uploads\/sites\/5\/2025\/05\/IGSS-Recomendaciones-polvo-del-Sahara-20252-1068x712.jpg 1068w, \/wp-content\/uploads\/sites\/5\/2025\/05\/IGSS-Recomendaciones-polvo-del-Sahara-20252-1920x1280.jpg 1920w, \/wp-content\/uploads\/sites\/5\/2025\/05\/IGSS-Recomendaciones-polvo-del-Sahara-20252-534x356.jpg 534w\" sizes=\"(max-width: 630px) 100vw, 630px\" alt=\"\">\r\n                            <\/a>\r\n                            \r\n                        <\/figure>\r\n                    <\/div>\r\n                    <div class = \"td-slide-item td-item3\">\r\n                        <figure class=\"td-slide-galery-figure td-slide-popup-gallery\">\r\n                            <a class=\"slide-gallery-image-link\" href=\"\/wp-content\/uploads\/sites\/5\/2025\/05\/IGSS-Recomendaciones-polvo-del-Sahara-20255-scaled.jpg\" title=\"IGSS Recomendaciones polvo del Sahara 20255\"  data-caption=\"\"  data-description=\"\">\r\n                                <img decoding=\"async\" src=\"\/wp-content\/uploads\/sites\/5\/2025\/05\/IGSS-Recomendaciones-polvo-del-Sahara-20255-630x420.jpg\" srcset=\"\/wp-content\/uploads\/sites\/5\/2025\/05\/IGSS-Recomendaciones-polvo-del-Sahara-20255-630x420.jpg 630w, \/wp-content\/uploads\/sites\/5\/2025\/05\/IGSS-Recomendaciones-polvo-del-Sahara-20255-300x200.jpg 300w, \/wp-content\/uploads\/sites\/5\/2025\/05\/IGSS-Recomendaciones-polvo-del-Sahara-20255-1024x683.jpg 1024w, \/wp-content\/uploads\/sites\/5\/2025\/05\/IGSS-Recomendaciones-polvo-del-Sahara-20255-768x512.jpg 768w, \/wp-content\/uploads\/sites\/5\/2025\/05\/IGSS-Recomendaciones-polvo-del-Sahara-20255-1536x1024.jpg 1536w, \/wp-content\/uploads\/sites\/5\/2025\/05\/IGSS-Recomendaciones-polvo-del-Sahara-20255-2048x1365.jpg 2048w, \/wp-content\/uploads\/sites\/5\/2025\/05\/IGSS-Recomendaciones-polvo-del-Sahara-20255-696x464.jpg 696w, \/wp-content\/uploads\/sites\/5\/2025\/05\/IGSS-Recomendaciones-polvo-del-Sahara-20255-1068x712.jpg 1068w, \/wp-content\/uploads\/sites\/5\/2025\/05\/IGSS-Recomendaciones-polvo-del-Sahara-20255-1920x1280.jpg 1920w, \/wp-content\/uploads\/sites\/5\/2025\/05\/IGSS-Recomendaciones-polvo-del-Sahara-20255-534x356.jpg 534w\" sizes=\"(max-width: 630px) 100vw, 630px\" alt=\"\">\r\n                            <\/a>\r\n                            \r\n                        <\/figure>\r\n                    <\/div>\r\n                    <div class = \"td-slide-item td-item4\">\r\n                        <figure class=\"td-slide-galery-figure td-slide-popup-gallery\">\r\n                            <a class=\"slide-gallery-image-link\" href=\"\/wp-content\/uploads\/sites\/5\/2025\/05\/IGSS-Recomendaciones-polvo-del-Sahara-20256-scaled.jpg\" title=\"IGSS Recomendaciones polvo del Sahara 20256\"  data-caption=\"\"  data-description=\"\">\r\n                                <img decoding=\"async\" src=\"\/wp-content\/uploads\/sites\/5\/2025\/05\/IGSS-Recomendaciones-polvo-del-Sahara-20256-630x420.jpg\" srcset=\"\/wp-content\/uploads\/sites\/5\/2025\/05\/IGSS-Recomendaciones-polvo-del-Sahara-20256-630x420.jpg 630w, \/wp-content\/uploads\/sites\/5\/2025\/05\/IGSS-Recomendaciones-polvo-del-Sahara-20256-300x200.jpg 300w, \/wp-content\/uploads\/sites\/5\/2025\/05\/IGSS-Recomendaciones-polvo-del-Sahara-20256-1024x683.jpg 1024w, \/wp-content\/uploads\/sites\/5\/2025\/05\/IGSS-Recomendaciones-polvo-del-Sahara-20256-768x512.jpg 768w, \/wp-content\/uploads\/sites\/5\/2025\/05\/IGSS-Recomendaciones-polvo-del-Sahara-20256-1536x1024.jpg 1536w, \/wp-content\/uploads\/sites\/5\/2025\/05\/IGSS-Recomendaciones-polvo-del-Sahara-20256-2048x1365.jpg 2048w, \/wp-content\/uploads\/sites\/5\/2025\/05\/IGSS-Recomendaciones-polvo-del-Sahara-20256-696x464.jpg 696w, \/wp-content\/uploads\/sites\/5\/2025\/05\/IGSS-Recomendaciones-polvo-del-Sahara-20256-1068x712.jpg 1068w, \/wp-content\/uploads\/sites\/5\/2025\/05\/IGSS-Recomendaciones-polvo-del-Sahara-20256-1920x1280.jpg 1920w, \/wp-content\/uploads\/sites\/5\/2025\/05\/IGSS-Recomendaciones-polvo-del-Sahara-20256-534x356.jpg 534w\" sizes=\"(max-width: 630px) 100vw, 630px\" alt=\"\">\r\n                            <\/a>\r\n                            \r\n                        <\/figure>\r\n                    <\/div>\r\n                    <div class = \"td-slide-item td-item5\">\r\n                        <figure class=\"td-slide-galery-figure td-slide-popup-gallery\">\r\n                            <a class=\"slide-gallery-image-link\" href=\"\/wp-content\/uploads\/sites\/5\/2025\/05\/IGSS-Recomendaciones-polvo-del-Sahara-20257-1-scaled.jpg\" title=\"IGSS Recomendaciones polvo del Sahara 20257\"  data-caption=\"\"  data-description=\"\">\r\n                                <img decoding=\"async\" src=\"\/wp-content\/uploads\/sites\/5\/2025\/05\/IGSS-Recomendaciones-polvo-del-Sahara-20257-1-630x420.jpg\" srcset=\"\/wp-content\/uploads\/sites\/5\/2025\/05\/IGSS-Recomendaciones-polvo-del-Sahara-20257-1-630x420.jpg 630w, \/wp-content\/uploads\/sites\/5\/2025\/05\/IGSS-Recomendaciones-polvo-del-Sahara-20257-1-300x200.jpg 300w, \/wp-content\/uploads\/sites\/5\/2025\/05\/IGSS-Recomendaciones-polvo-del-Sahara-20257-1-1024x683.jpg 1024w, \/wp-content\/uploads\/sites\/5\/2025\/05\/IGSS-Recomendaciones-polvo-del-Sahara-20257-1-768x512.jpg 768w, \/wp-content\/uploads\/sites\/5\/2025\/05\/IGSS-Recomendaciones-polvo-del-Sahara-20257-1-1536x1024.jpg 1536w, \/wp-content\/uploads\/sites\/5\/2025\/05\/IGSS-Recomendaciones-polvo-del-Sahara-20257-1-2048x1365.jpg 2048w, \/wp-content\/uploads\/sites\/5\/2025\/05\/IGSS-Recomendaciones-polvo-del-Sahara-20257-1-696x464.jpg 696w, \/wp-content\/uploads\/sites\/5\/2025\/05\/IGSS-Recomendaciones-polvo-del-Sahara-20257-1-1068x712.jpg 1068w, \/wp-content\/uploads\/sites\/5\/2025\/05\/IGSS-Recomendaciones-polvo-del-Sahara-20257-1-1920x1280.jpg 1920w, \/wp-content\/uploads\/sites\/5\/2025\/05\/IGSS-Recomendaciones-polvo-del-Sahara-20257-1-534x356.jpg 534w\" sizes=\"(max-width: 630px) 100vw, 630px\" alt=\"\">\r\n                            <\/a>\r\n                            \r\n                        <\/figure>\r\n                    <\/div>\r\n                    <div class = \"td-slide-item td-item6\">\r\n                        <figure class=\"td-slide-galery-figure td-slide-popup-gallery\">\r\n                            <a class=\"slide-gallery-image-link\" href=\"\/wp-content\/uploads\/sites\/5\/2025\/05\/IGSS-Recomendaciones-polvo-del-Sahara-20259-scaled.jpg\" title=\"IGSS Recomendaciones polvo del Sahara 20259\"  data-caption=\"\"  data-description=\"\">\r\n                                <img decoding=\"async\" src=\"\/wp-content\/uploads\/sites\/5\/2025\/05\/IGSS-Recomendaciones-polvo-del-Sahara-20259-630x420.jpg\" srcset=\"\/wp-content\/uploads\/sites\/5\/2025\/05\/IGSS-Recomendaciones-polvo-del-Sahara-20259-630x420.jpg 630w, \/wp-content\/uploads\/sites\/5\/2025\/05\/IGSS-Recomendaciones-polvo-del-Sahara-20259-300x200.jpg 300w, \/wp-content\/uploads\/sites\/5\/2025\/05\/IGSS-Recomendaciones-polvo-del-Sahara-20259-1024x683.jpg 1024w, \/wp-content\/uploads\/sites\/5\/2025\/05\/IGSS-Recomendaciones-polvo-del-Sahara-20259-768x512.jpg 768w, \/wp-content\/uploads\/sites\/5\/2025\/05\/IGSS-Recomendaciones-polvo-del-Sahara-20259-1536x1024.jpg 1536w, \/wp-content\/uploads\/sites\/5\/2025\/05\/IGSS-Recomendaciones-polvo-del-Sahara-20259-2048x1365.jpg 2048w, \/wp-content\/uploads\/sites\/5\/2025\/05\/IGSS-Recomendaciones-polvo-del-Sahara-20259-696x464.jpg 696w, \/wp-content\/uploads\/sites\/5\/2025\/05\/IGSS-Recomendaciones-polvo-del-Sahara-20259-1068x712.jpg 1068w, \/wp-content\/uploads\/sites\/5\/2025\/05\/IGSS-Recomendaciones-polvo-del-Sahara-20259-1920x1280.jpg 1920w, \/wp-content\/uploads\/sites\/5\/2025\/05\/IGSS-Recomendaciones-polvo-del-Sahara-20259-534x356.jpg 534w\" sizes=\"(max-width: 630px) 100vw, 630px\" alt=\"\">\r\n                            <\/a>\r\n                            \r\n                        <\/figure>\r\n                    <\/div>\r\n                            <\/div>\r\n                        <\/div>\r\n\r\n                        <div class = \"td-doubleSlider-2\">\r\n                            <div class = \"td-slider\">\r\n                                \r\n                    <div class = \"td-button td-item1\">\r\n                        <div class = \"td-border\"><\/div>\r\n                    <\/div>\r\n                    <div class = \"td-button td-item2\">\r\n                        <div class = \"td-border\"><\/div>\r\n                    <\/div>\r\n                    <div class = \"td-button td-item3\">\r\n                        <div class = \"td-border\"><\/div>\r\n                    <\/div>\r\n                    <div class = \"td-button td-item4\">\r\n                        <div class = \"td-border\"><\/div>\r\n                    <\/div>\r\n                    <div class = \"td-button td-item5\">\r\n                        <div class = \"td-border\"><\/div>\r\n                    <\/div>\r\n                    <div class = \"td-button td-item6\">\r\n                        <div class = \"td-border\"><\/div>\r\n                    <\/div>\r\n                            <\/div>\r\n                        <\/div>\r\n\r\n                    <\/div>\r\n\r\n                <\/div>\r\n                \n<p>\u00a0<\/p>\n","protected":false},"excerpt":{"rendered":"<p>El Instituto Guatemalteco de Seguridad Social (IGSS), informa a la poblaci\u00f3n sobre la presencia de una masa de polvo proveniente del desierto del Sahara, fen\u00f3meno que afectar\u00e1 el territorio durante varios d\u00edas. La mayor concentraci\u00f3n ser\u00e1 a partir de hoy, 29 de mayo y hasta el martes 3 de junio, seg\u00fan informaci\u00f3n del Instituto Nacional [&hellip;]<\/p>\n","protected":false},"author":3269,"featured_media":48204,"comment_status":"closed","ping_status":"closed","sticky":false,"template":"","format":"standard","meta":{"footnotes":""},"categories":[3,4,1903,1306,1130,15,22,27,31,33],"tags":[490,2168,1022,2169],"coauthors":[],"class_list":{"0":"post-48203","1":"post","2":"type-post","3":"status-publish","4":"format-standard","5":"has-post-thumbnail","7":"category-actualidad","8":"category-afiliados","9":"category-alertas","10":"category-avisos-generales","11":"category-consejos-medicos","12":"category-destacado","13":"category-opsoms","14":"category-prevencion-en-salud","15":"category-salud","16":"category-servicios-de-salud","17":"tag-igss","18":"tag-polvo-del-sahara","19":"tag-recomendaciones-igss","20":"tag-recomendaciones-polvo-del-sahara"},"_links":{"self":[{"href":"https:\/\/www.igssgt.org\/noticias\/wp-json\/wp\/v2\/posts\/48203","targetHints":{"allow":["GET"]}}],"collection":[{"href":"https:\/\/www.igssgt.org\/noticias\/wp-json\/wp\/v2\/posts"}],"about":[{"href":"https:\/\/www.igssgt.org\/noticias\/wp-json\/wp\/v2\/types\/post"}],"author":[{"embeddable":true,"href":"https:\/\/www.igssgt.org\/noticias\/wp-json\/wp\/v2\/users\/3269"}],"replies":[{"embeddable":true,"href":"https:\/\/www.igssgt.org\/noticias\/wp-json\/wp\/v2\/comments?post=48203"}],"version-history":[{"count":1,"href":"https:\/\/www.igssgt.org\/noticias\/wp-json\/wp\/v2\/posts\/48203\/revisions"}],"predecessor-version":[{"id":48214,"href":"https:\/\/www.igssgt.org\/noticias\/wp-json\/wp\/v2\/posts\/48203\/revisions\/48214"}],"wp:featuredmedia":[{"embeddable":true,"href":"https:\/\/www.igssgt.org\/noticias\/wp-json\/wp\/v2\/media\/48204"}],"wp:attachment":[{"href":"https:\/\/www.igssgt.org\/noticias\/wp-json\/wp\/v2\/media?parent=48203"}],"wp:term":[{"taxonomy":"category","embeddable":true,"href":"https:\/\/www.igssgt.org\/noticias\/wp-json\/wp\/v2\/categories?post=48203"},{"taxonomy":"post_tag","embeddable":true,"href":"https:\/\/www.igssgt.org\/noticias\/wp-json\/wp\/v2\/tags?post=48203"},{"taxonomy":"author","embeddable":true,"href":"https:\/\/www.igssgt.org\/noticias\/wp-json\/wp\/v2\/coauthors?post=48203"}],"curies":[{"name":"wp","href":"https:\/\/api.w.org\/{rel}","templated":true}]}}