{"id":48256,"date":"2025-06-02T09:24:33","date_gmt":"2025-06-02T15:24:33","guid":{"rendered":"https:\/\/www.igssgt.org\/noticias\/?p=48256"},"modified":"2025-06-02T09:25:11","modified_gmt":"2025-06-02T15:25:11","slug":"el-igss-presente-en-la-segunda-feria-conaprov","status":"publish","type":"post","link":"https:\/\/www.igssgt.org\/noticias\/2025\/06\/02\/el-igss-presente-en-la-segunda-feria-conaprov\/","title":{"rendered":"El IGSS presente en la Segunda Feria CONAPROV"},"content":{"rendered":"\n<p class=\"has-drop-cap\">Decenas de adultos mayores del municipio de Fraijanes disfrutaron de una ma\u00f1ana de domingo agradable, llena de din\u00e1micas y servicios de salud integrales, durante la Segunda Feria del Comit\u00e9 Nacional de Protecci\u00f3n a la Vejez (CONAPROV).<\/p>\n\n\n\n<p>El Instituto Guatemalteco de Seguridad Social (IGSS) particip\u00f3 de este esfuerzo interinstitucional por llevar bienestar a esta poblaci\u00f3n vulnerable, con una brigada de especialistas que les brindaron una atenci\u00f3n integral. De esa cuenta, el stand del IGSS cont\u00f3 con:<\/p>\n<ul>\n<li>La toma de signos vitales<\/li>\n<li>Orientaci\u00f3n en Nutrici\u00f3n<\/li>\n<li>Educaci\u00f3n en Salud<\/li>\n<li>Salud Mental<\/li>\n<li>Informaci\u00f3n sobre Prestaciones Pecuniarias<\/li>\n<li>Medicina F\u00edsica y Rehabilitaci\u00f3n<\/li>\n<\/ul>\n<figure id=\"attachment_48259\" aria-describedby=\"caption-attachment-48259\" style=\"width: 1600px\" class=\"wp-caption aligncenter\"><a href=\"\/wp-content\/uploads\/sites\/5\/2025\/06\/feria-Conaprov-IGSS-2025-6.jpg\"><img loading=\"lazy\" decoding=\"async\" class=\"wp-image-48259 size-full\" src=\"\/wp-content\/uploads\/sites\/5\/2025\/06\/feria-Conaprov-IGSS-2025-6.jpg\" alt=\"\" width=\"1600\" height=\"1066\" srcset=\"\/wp-content\/uploads\/sites\/5\/2025\/06\/feria-Conaprov-IGSS-2025-6.jpg 1600w, \/wp-content\/uploads\/sites\/5\/2025\/06\/feria-Conaprov-IGSS-2025-6-300x200.jpg 300w, \/wp-content\/uploads\/sites\/5\/2025\/06\/feria-Conaprov-IGSS-2025-6-1024x682.jpg 1024w, \/wp-content\/uploads\/sites\/5\/2025\/06\/feria-Conaprov-IGSS-2025-6-768x512.jpg 768w, \/wp-content\/uploads\/sites\/5\/2025\/06\/feria-Conaprov-IGSS-2025-6-1536x1023.jpg 1536w, \/wp-content\/uploads\/sites\/5\/2025\/06\/feria-Conaprov-IGSS-2025-6-630x420.jpg 630w, \/wp-content\/uploads\/sites\/5\/2025\/06\/feria-Conaprov-IGSS-2025-6-696x464.jpg 696w, \/wp-content\/uploads\/sites\/5\/2025\/06\/feria-Conaprov-IGSS-2025-6-1068x712.jpg 1068w, \/wp-content\/uploads\/sites\/5\/2025\/06\/feria-Conaprov-IGSS-2025-6-534x356.jpg 534w\" sizes=\"auto, (max-width: 1600px) 100vw, 1600px\" \/><\/a><figcaption id=\"caption-attachment-48259\" class=\"wp-caption-text\">La Feria del CONAPROV es un esfuerzo interinstitucional que vela por el bienestar y la protecci\u00f3n de los adultos mayores.<\/figcaption><\/figure>\n<p>\u201cReiteramos nuestro compromiso de llevar la Seguridad Social a los grupos etarios desprotegidos y de seguir brindando servicios de salud dignos en la Feria del CONAPROV\u201d, indic\u00f3 el Lic. Josu\u00e9 Espino, de la Subgerencia de Prestaciones Pecuniarias.<\/p>\n<p>Al finalizar la jornada, el personal del IGSS contabiliz\u00f3 a m\u00e1s de 70 adultos mayores atendidos en su stand.<\/p>\n<figure id=\"attachment_48260\" aria-describedby=\"caption-attachment-48260\" style=\"width: 1600px\" class=\"wp-caption aligncenter\"><a href=\"\/wp-content\/uploads\/sites\/5\/2025\/06\/feria-Conaprov-IGSS-2025-9.jpg\"><img loading=\"lazy\" decoding=\"async\" class=\"wp-image-48260 size-full\" src=\"\/wp-content\/uploads\/sites\/5\/2025\/06\/feria-Conaprov-IGSS-2025-9.jpg\" alt=\"\" width=\"1600\" height=\"1066\" srcset=\"\/wp-content\/uploads\/sites\/5\/2025\/06\/feria-Conaprov-IGSS-2025-9.jpg 1600w, \/wp-content\/uploads\/sites\/5\/2025\/06\/feria-Conaprov-IGSS-2025-9-300x200.jpg 300w, \/wp-content\/uploads\/sites\/5\/2025\/06\/feria-Conaprov-IGSS-2025-9-1024x682.jpg 1024w, \/wp-content\/uploads\/sites\/5\/2025\/06\/feria-Conaprov-IGSS-2025-9-768x512.jpg 768w, \/wp-content\/uploads\/sites\/5\/2025\/06\/feria-Conaprov-IGSS-2025-9-1536x1023.jpg 1536w, \/wp-content\/uploads\/sites\/5\/2025\/06\/feria-Conaprov-IGSS-2025-9-630x420.jpg 630w, \/wp-content\/uploads\/sites\/5\/2025\/06\/feria-Conaprov-IGSS-2025-9-696x464.jpg 696w, \/wp-content\/uploads\/sites\/5\/2025\/06\/feria-Conaprov-IGSS-2025-9-1068x712.jpg 1068w, \/wp-content\/uploads\/sites\/5\/2025\/06\/feria-Conaprov-IGSS-2025-9-534x356.jpg 534w\" sizes=\"auto, (max-width: 1600px) 100vw, 1600px\" \/><\/a><figcaption id=\"caption-attachment-48260\" class=\"wp-caption-text\">M\u00e1s de 70 adultos mayores fueron atendidos en los diferentes servicios que el IGSS les brind\u00f3.<\/figcaption><\/figure>\n<p>Los beneficiados tambi\u00e9n disfrutaron de m\u00fasica en vivo, puestas de obras teatrales, baile y clases de Tai-Chi, organizada por otras instituciones que forman parte del Comit\u00e9.<\/p>\n\r\n                <style type=\"text\/css\">\r\n                    \r\n                    #tdi_1  .td-doubleSlider-2 .td-item1 {\r\n                        background: url(\/wp-content\/uploads\/sites\/5\/2025\/06\/feria-Conaprov-IGSS-2025-5-80x60.jpg) 0 0 no-repeat;\r\n                    }\r\n                    #tdi_1  .td-doubleSlider-2 .td-item2 {\r\n                        background: url(\/wp-content\/uploads\/sites\/5\/2025\/06\/feria-Conaprov-IGSS-2025-8-80x60.jpg) 0 0 no-repeat;\r\n                    }\r\n                    #tdi_1  .td-doubleSlider-2 .td-item3 {\r\n                        background: url(\/wp-content\/uploads\/sites\/5\/2025\/06\/feria-Conaprov-IGSS-2025-3-80x60.jpg) 0 0 no-repeat;\r\n                    }\r\n                    #tdi_1  .td-doubleSlider-2 .td-item4 {\r\n                        background: url(\/wp-content\/uploads\/sites\/5\/2025\/06\/feria-Conaprov-IGSS-2025-4-80x60.jpg) 0 0 no-repeat;\r\n                    }\r\n                    #tdi_1  .td-doubleSlider-2 .td-item5 {\r\n                        background: url(\/wp-content\/uploads\/sites\/5\/2025\/06\/feria-Conaprov-IGSS-2025-1-80x60.jpg) 0 0 no-repeat;\r\n                    }\r\n                <\/style>\r\n\r\n                <div id=\"tdi_1\" class=\"td-gallery td-slide-on-2-columns\">\r\n                    <div class=\"post_td_gallery\">\r\n                        <div class=\"td-gallery-slide-top\">\r\n                           <div class=\"td-gallery-title\">Galer\u00eda de Im\u00e1genes<\/div>\r\n\r\n                            <div class=\"td-gallery-controls-wrapper\">\r\n                                <div class=\"td-gallery-slide-count\"><span class=\"td-gallery-slide-item-focus\">1<\/span> de 5<\/div>\r\n                                <div class=\"td-gallery-slide-prev-next-but\">\r\n                                    <i class = \"td-icon-left doubleSliderPrevButton\"><\/i>\r\n                                    <i class = \"td-icon-right doubleSliderNextButton\"><\/i>\r\n                                <\/div>\r\n                            <\/div>\r\n                        <\/div>\r\n\r\n                        <div class = \"td-doubleSlider-1 \">\r\n                            <div class = \"td-slider\">\r\n                                \r\n                    <div class = \"td-slide-item td-item1\">\r\n                        <figure class=\"td-slide-galery-figure td-slide-popup-gallery\">\r\n                            <a class=\"slide-gallery-image-link\" href=\"\/wp-content\/uploads\/sites\/5\/2025\/06\/feria-Conaprov-IGSS-2025-5.jpg\" title=\"feria-Conaprov-IGSS-2025-5\"  data-caption=\"\"  data-description=\"\">\r\n                                <img decoding=\"async\" src=\"\/wp-content\/uploads\/sites\/5\/2025\/06\/feria-Conaprov-IGSS-2025-5-630x420.jpg\" srcset=\"\/wp-content\/uploads\/sites\/5\/2025\/06\/feria-Conaprov-IGSS-2025-5-630x420.jpg 630w, \/wp-content\/uploads\/sites\/5\/2025\/06\/feria-Conaprov-IGSS-2025-5-300x200.jpg 300w, \/wp-content\/uploads\/sites\/5\/2025\/06\/feria-Conaprov-IGSS-2025-5-1024x682.jpg 1024w, \/wp-content\/uploads\/sites\/5\/2025\/06\/feria-Conaprov-IGSS-2025-5-768x512.jpg 768w, \/wp-content\/uploads\/sites\/5\/2025\/06\/feria-Conaprov-IGSS-2025-5-1536x1023.jpg 1536w, \/wp-content\/uploads\/sites\/5\/2025\/06\/feria-Conaprov-IGSS-2025-5-696x464.jpg 696w, \/wp-content\/uploads\/sites\/5\/2025\/06\/feria-Conaprov-IGSS-2025-5-1068x712.jpg 1068w, \/wp-content\/uploads\/sites\/5\/2025\/06\/feria-Conaprov-IGSS-2025-5-534x356.jpg 534w, \/wp-content\/uploads\/sites\/5\/2025\/06\/feria-Conaprov-IGSS-2025-5.jpg 1600w\" sizes=\"(max-width: 630px) 100vw, 630px\" alt=\"\">\r\n                            <\/a>\r\n                            \r\n                        <\/figure>\r\n                    <\/div>\r\n                    <div class = \"td-slide-item td-item2\">\r\n                        <figure class=\"td-slide-galery-figure td-slide-popup-gallery\">\r\n                            <a class=\"slide-gallery-image-link\" href=\"\/wp-content\/uploads\/sites\/5\/2025\/06\/feria-Conaprov-IGSS-2025-8.jpg\" title=\"feria-Conaprov-IGSS-2025-8\"  data-caption=\"\"  data-description=\"\">\r\n                                <img decoding=\"async\" src=\"\/wp-content\/uploads\/sites\/5\/2025\/06\/feria-Conaprov-IGSS-2025-8-630x420.jpg\" srcset=\"\/wp-content\/uploads\/sites\/5\/2025\/06\/feria-Conaprov-IGSS-2025-8-630x420.jpg 630w, \/wp-content\/uploads\/sites\/5\/2025\/06\/feria-Conaprov-IGSS-2025-8-300x200.jpg 300w, \/wp-content\/uploads\/sites\/5\/2025\/06\/feria-Conaprov-IGSS-2025-8-1024x682.jpg 1024w, \/wp-content\/uploads\/sites\/5\/2025\/06\/feria-Conaprov-IGSS-2025-8-768x512.jpg 768w, \/wp-content\/uploads\/sites\/5\/2025\/06\/feria-Conaprov-IGSS-2025-8-1536x1023.jpg 1536w, \/wp-content\/uploads\/sites\/5\/2025\/06\/feria-Conaprov-IGSS-2025-8-696x464.jpg 696w, \/wp-content\/uploads\/sites\/5\/2025\/06\/feria-Conaprov-IGSS-2025-8-1068x712.jpg 1068w, \/wp-content\/uploads\/sites\/5\/2025\/06\/feria-Conaprov-IGSS-2025-8-534x356.jpg 534w, \/wp-content\/uploads\/sites\/5\/2025\/06\/feria-Conaprov-IGSS-2025-8.jpg 1600w\" sizes=\"(max-width: 630px) 100vw, 630px\" alt=\"\">\r\n                            <\/a>\r\n                            \r\n                        <\/figure>\r\n                    <\/div>\r\n                    <div class = \"td-slide-item td-item3\">\r\n                        <figure class=\"td-slide-galery-figure td-slide-popup-gallery\">\r\n                            <a class=\"slide-gallery-image-link\" href=\"\/wp-content\/uploads\/sites\/5\/2025\/06\/feria-Conaprov-IGSS-2025-3.jpg\" title=\"feria-Conaprov-IGSS-2025-3\"  data-caption=\"\"  data-description=\"\">\r\n                                <img decoding=\"async\" src=\"\/wp-content\/uploads\/sites\/5\/2025\/06\/feria-Conaprov-IGSS-2025-3-630x420.jpg\" srcset=\"\/wp-content\/uploads\/sites\/5\/2025\/06\/feria-Conaprov-IGSS-2025-3-630x420.jpg 630w, \/wp-content\/uploads\/sites\/5\/2025\/06\/feria-Conaprov-IGSS-2025-3-300x200.jpg 300w, \/wp-content\/uploads\/sites\/5\/2025\/06\/feria-Conaprov-IGSS-2025-3-1024x682.jpg 1024w, \/wp-content\/uploads\/sites\/5\/2025\/06\/feria-Conaprov-IGSS-2025-3-768x512.jpg 768w, \/wp-content\/uploads\/sites\/5\/2025\/06\/feria-Conaprov-IGSS-2025-3-1536x1023.jpg 1536w, \/wp-content\/uploads\/sites\/5\/2025\/06\/feria-Conaprov-IGSS-2025-3-696x464.jpg 696w, \/wp-content\/uploads\/sites\/5\/2025\/06\/feria-Conaprov-IGSS-2025-3-1068x712.jpg 1068w, \/wp-content\/uploads\/sites\/5\/2025\/06\/feria-Conaprov-IGSS-2025-3-534x356.jpg 534w, \/wp-content\/uploads\/sites\/5\/2025\/06\/feria-Conaprov-IGSS-2025-3.jpg 1600w\" sizes=\"(max-width: 630px) 100vw, 630px\" alt=\"\">\r\n                            <\/a>\r\n                            \r\n                        <\/figure>\r\n                    <\/div>\r\n                    <div class = \"td-slide-item td-item4\">\r\n                        <figure class=\"td-slide-galery-figure td-slide-popup-gallery\">\r\n                            <a class=\"slide-gallery-image-link\" href=\"\/wp-content\/uploads\/sites\/5\/2025\/06\/feria-Conaprov-IGSS-2025-4.jpg\" title=\"feria-Conaprov-IGSS-2025-4\"  data-caption=\"\"  data-description=\"\">\r\n                                <img decoding=\"async\" src=\"\/wp-content\/uploads\/sites\/5\/2025\/06\/feria-Conaprov-IGSS-2025-4-630x420.jpg\" srcset=\"\/wp-content\/uploads\/sites\/5\/2025\/06\/feria-Conaprov-IGSS-2025-4-630x420.jpg 630w, \/wp-content\/uploads\/sites\/5\/2025\/06\/feria-Conaprov-IGSS-2025-4-300x200.jpg 300w, \/wp-content\/uploads\/sites\/5\/2025\/06\/feria-Conaprov-IGSS-2025-4-1024x682.jpg 1024w, \/wp-content\/uploads\/sites\/5\/2025\/06\/feria-Conaprov-IGSS-2025-4-768x512.jpg 768w, \/wp-content\/uploads\/sites\/5\/2025\/06\/feria-Conaprov-IGSS-2025-4-1536x1023.jpg 1536w, \/wp-content\/uploads\/sites\/5\/2025\/06\/feria-Conaprov-IGSS-2025-4-696x464.jpg 696w, \/wp-content\/uploads\/sites\/5\/2025\/06\/feria-Conaprov-IGSS-2025-4-1068x712.jpg 1068w, \/wp-content\/uploads\/sites\/5\/2025\/06\/feria-Conaprov-IGSS-2025-4-534x356.jpg 534w, \/wp-content\/uploads\/sites\/5\/2025\/06\/feria-Conaprov-IGSS-2025-4.jpg 1600w\" sizes=\"(max-width: 630px) 100vw, 630px\" alt=\"\">\r\n                            <\/a>\r\n                            \r\n                        <\/figure>\r\n                    <\/div>\r\n                    <div class = \"td-slide-item td-item5\">\r\n                        <figure class=\"td-slide-galery-figure td-slide-popup-gallery\">\r\n                            <a class=\"slide-gallery-image-link\" href=\"\/wp-content\/uploads\/sites\/5\/2025\/06\/feria-Conaprov-IGSS-2025-1.jpg\" title=\"feria-Conaprov-IGSS-2025-1\"  data-caption=\"\"  data-description=\"\">\r\n                                <img decoding=\"async\" src=\"\/wp-content\/uploads\/sites\/5\/2025\/06\/feria-Conaprov-IGSS-2025-1-630x420.jpg\" srcset=\"\/wp-content\/uploads\/sites\/5\/2025\/06\/feria-Conaprov-IGSS-2025-1-630x420.jpg 630w, \/wp-content\/uploads\/sites\/5\/2025\/06\/feria-Conaprov-IGSS-2025-1-300x200.jpg 300w, \/wp-content\/uploads\/sites\/5\/2025\/06\/feria-Conaprov-IGSS-2025-1-1024x682.jpg 1024w, \/wp-content\/uploads\/sites\/5\/2025\/06\/feria-Conaprov-IGSS-2025-1-768x512.jpg 768w, \/wp-content\/uploads\/sites\/5\/2025\/06\/feria-Conaprov-IGSS-2025-1-1536x1023.jpg 1536w, \/wp-content\/uploads\/sites\/5\/2025\/06\/feria-Conaprov-IGSS-2025-1-696x464.jpg 696w, \/wp-content\/uploads\/sites\/5\/2025\/06\/feria-Conaprov-IGSS-2025-1-1068x712.jpg 1068w, \/wp-content\/uploads\/sites\/5\/2025\/06\/feria-Conaprov-IGSS-2025-1-534x356.jpg 534w, \/wp-content\/uploads\/sites\/5\/2025\/06\/feria-Conaprov-IGSS-2025-1.jpg 1600w\" sizes=\"(max-width: 630px) 100vw, 630px\" alt=\"\">\r\n                            <\/a>\r\n                            \r\n                        <\/figure>\r\n                    <\/div>\r\n                            <\/div>\r\n                        <\/div>\r\n\r\n                        <div class = \"td-doubleSlider-2\">\r\n                            <div class = \"td-slider\">\r\n                                \r\n                    <div class = \"td-button td-item1\">\r\n                        <div class = \"td-border\"><\/div>\r\n                    <\/div>\r\n                    <div class = \"td-button td-item2\">\r\n                        <div class = \"td-border\"><\/div>\r\n                    <\/div>\r\n                    <div class = \"td-button td-item3\">\r\n                        <div class = \"td-border\"><\/div>\r\n                    <\/div>\r\n                    <div class = \"td-button td-item4\">\r\n                        <div class = \"td-border\"><\/div>\r\n                    <\/div>\r\n                    <div class = \"td-button td-item5\">\r\n                        <div class = \"td-border\"><\/div>\r\n                    <\/div>\r\n                            <\/div>\r\n                        <\/div>\r\n\r\n                    <\/div>\r\n\r\n                <\/div>\r\n                \n","protected":false},"excerpt":{"rendered":"<p>Decenas de adultos mayores del municipio de Fraijanes disfrutaron de una ma\u00f1ana de domingo agradable, llena de din\u00e1micas y servicios de salud integrales, durante la Segunda Feria del Comit\u00e9 Nacional de Protecci\u00f3n a la Vejez (CONAPROV). El Instituto Guatemalteco de Seguridad Social (IGSS) particip\u00f3 de este esfuerzo interinstitucional por llevar bienestar a esta poblaci\u00f3n vulnerable, [&hellip;]<\/p>\n","protected":false},"author":4,"featured_media":48258,"comment_status":"closed","ping_status":"closed","sticky":false,"template":"","format":"standard","meta":{"footnotes":""},"categories":[3,15],"tags":[1125,196],"coauthors":[],"class_list":{"0":"post-48256","1":"post","2":"type-post","3":"status-publish","4":"format-standard","5":"has-post-thumbnail","7":"category-actualidad","8":"category-destacado","9":"tag-adulto-mayor","10":"tag-conaprov"},"_links":{"self":[{"href":"https:\/\/www.igssgt.org\/noticias\/wp-json\/wp\/v2\/posts\/48256","targetHints":{"allow":["GET"]}}],"collection":[{"href":"https:\/\/www.igssgt.org\/noticias\/wp-json\/wp\/v2\/posts"}],"about":[{"href":"https:\/\/www.igssgt.org\/noticias\/wp-json\/wp\/v2\/types\/post"}],"author":[{"embeddable":true,"href":"https:\/\/www.igssgt.org\/noticias\/wp-json\/wp\/v2\/users\/4"}],"replies":[{"embeddable":true,"href":"https:\/\/www.igssgt.org\/noticias\/wp-json\/wp\/v2\/comments?post=48256"}],"version-history":[{"count":1,"href":"https:\/\/www.igssgt.org\/noticias\/wp-json\/wp\/v2\/posts\/48256\/revisions"}],"predecessor-version":[{"id":48266,"href":"https:\/\/www.igssgt.org\/noticias\/wp-json\/wp\/v2\/posts\/48256\/revisions\/48266"}],"wp:featuredmedia":[{"embeddable":true,"href":"https:\/\/www.igssgt.org\/noticias\/wp-json\/wp\/v2\/media\/48258"}],"wp:attachment":[{"href":"https:\/\/www.igssgt.org\/noticias\/wp-json\/wp\/v2\/media?parent=48256"}],"wp:term":[{"taxonomy":"category","embeddable":true,"href":"https:\/\/www.igssgt.org\/noticias\/wp-json\/wp\/v2\/categories?post=48256"},{"taxonomy":"post_tag","embeddable":true,"href":"https:\/\/www.igssgt.org\/noticias\/wp-json\/wp\/v2\/tags?post=48256"},{"taxonomy":"author","embeddable":true,"href":"https:\/\/www.igssgt.org\/noticias\/wp-json\/wp\/v2\/coauthors?post=48256"}],"curies":[{"name":"wp","href":"https:\/\/api.w.org\/{rel}","templated":true}]}}