{"id":48268,"date":"2025-06-04T06:02:00","date_gmt":"2025-06-04T12:02:00","guid":{"rendered":"https:\/\/www.igssgt.org\/noticias\/?p=48268"},"modified":"2025-06-03T11:16:03","modified_gmt":"2025-06-03T17:16:03","slug":"proteja-a-sus-pequenos-de-las-afecciones-respiratorias-y-gastrointestinales-propias-del-invierno","status":"publish","type":"post","link":"https:\/\/www.igssgt.org\/noticias\/2025\/06\/04\/proteja-a-sus-pequenos-de-las-afecciones-respiratorias-y-gastrointestinales-propias-del-invierno\/","title":{"rendered":"Proteja a sus peque\u00f1os de las afecciones respiratorias y gastrointestinales propias del invierno"},"content":{"rendered":"\n<p class=\"has-drop-cap\">El invierno y el cambio de clima favorece los procesos infecciosos, principalmente en los ni\u00f1os. En los m\u00e1s peque\u00f1os, los s\u00edntomas pueden llegar a ser confusos e inespec\u00edficos, por lo que es importante ser acuciosos al cuidarlos e identificar los signos de alerta de manera temprana.<\/p>\n\n\n\n<p>El doctor Julio C\u00e9sar Solares Mart\u00ednez, m\u00e9dico pediatra del Consultorio de Guastatoya, indic\u00f3 que la mayor\u00eda de los procesos infecciosos que ocurren durante el invierno son de origen viral y afectan a nivel respiratorio y gastrointestinal.<\/p>\n<p>\u201cLa lluvia favorece que diferentes pat\u00f3genos (virus-bacterias) que estaban ocultos en la tierra broten con facilidad y afecten principalmente a los ni\u00f1os\u201d, dijo.<\/p>\n<figure id=\"attachment_48270\" aria-describedby=\"caption-attachment-48270\" style=\"width: 712px\" class=\"wp-caption alignnone\"><img loading=\"lazy\" decoding=\"async\" class=\"wp-image-48270\" src=\"\/wp-content\/uploads\/sites\/5\/2025\/06\/IGSS-Prevencion-por-lluvias-pediatria-20253-300x187.jpg\" alt=\"\" width=\"712\" height=\"444\" srcset=\"\/wp-content\/uploads\/sites\/5\/2025\/06\/IGSS-Prevencion-por-lluvias-pediatria-20253-300x187.jpg 300w, \/wp-content\/uploads\/sites\/5\/2025\/06\/IGSS-Prevencion-por-lluvias-pediatria-20253-1024x638.jpg 1024w, \/wp-content\/uploads\/sites\/5\/2025\/06\/IGSS-Prevencion-por-lluvias-pediatria-20253-768x479.jpg 768w, \/wp-content\/uploads\/sites\/5\/2025\/06\/IGSS-Prevencion-por-lluvias-pediatria-20253-1536x957.jpg 1536w, \/wp-content\/uploads\/sites\/5\/2025\/06\/IGSS-Prevencion-por-lluvias-pediatria-20253-674x420.jpg 674w, \/wp-content\/uploads\/sites\/5\/2025\/06\/IGSS-Prevencion-por-lluvias-pediatria-20253-696x434.jpg 696w, \/wp-content\/uploads\/sites\/5\/2025\/06\/IGSS-Prevencion-por-lluvias-pediatria-20253-1068x665.jpg 1068w, \/wp-content\/uploads\/sites\/5\/2025\/06\/IGSS-Prevencion-por-lluvias-pediatria-20253-534x333.jpg 534w, \/wp-content\/uploads\/sites\/5\/2025\/06\/IGSS-Prevencion-por-lluvias-pediatria-20253.jpg 1600w\" sizes=\"auto, (max-width: 712px) 100vw, 712px\" \/><figcaption id=\"caption-attachment-48270\" class=\"wp-caption-text\">Las enfermedades m\u00e1s comunes durante el invierno son los catarros, infecciones de garganta y o\u00eddo, as\u00ed como diarrea.<\/figcaption><\/figure>\n<p>A nivel respiratorio, los menores pueden verse afectados por catarros, infecci\u00f3n de garganta, o\u00eddo y en algunos casos pueden presentar neumon\u00eda. Mientras que, a nivel gastrointestinal, pueden presentar un s\u00edndrome diarreico agudo con riesgo de deshidrataci\u00f3n.<\/p>\n<p>De acuerdo con el especialista, en los pacientes m\u00e1s peque\u00f1os, principalmente en lactantes y menores de un a\u00f1o, los s\u00edntomas pueden ser confusos, por lo que se recomienda ser acuciosos al cuidarlos y vigilar los signos de peligro.<\/p>\n<p>Los signos de que el menor est\u00e1 teniendo dificultad respiratoria son:<\/p>\n<ul>\n<li>Respiraci\u00f3n agitada<\/li>\n<li>Hundimiento en las costillas al respirar<\/li>\n<li>Fatiga<\/li>\n<li>Orificios nasales que se abren de forma exagerada<\/li>\n<li>Silbido cuando respiran<\/li>\n<\/ul>\n<p>En la parte gastrointestinal, la diarrea y los v\u00f3mitos ser\u00e1n la principal manifestaci\u00f3n, pero es riesgo la deshidrataci\u00f3n. Los signos de deshidrataci\u00f3n son los siguientes:<\/p>\n<ul>\n<li>Decaimiento<\/li>\n<li>Orilla de los ojos hundida u oscurecida<\/li>\n<li>Boca seca<\/li>\n<li>Labios agrietados<\/li>\n<li>Resequedad en la piel<\/li>\n<\/ul>\n<p>El profesional resalt\u00f3 que cualquiera de estos signos debe ser consultado de inmediato con un m\u00e9dico o en las Emergencias del IGSS.<\/p>\n<p>El doctor Solares enfatiz\u00f3 que, para la prevenci\u00f3n de estas enfermedades, lo m\u00e1s recomendable es la higiene.<\/p>\n<figure id=\"attachment_48271\" aria-describedby=\"caption-attachment-48271\" style=\"width: 726px\" class=\"wp-caption alignnone\"><img loading=\"lazy\" decoding=\"async\" class=\"wp-image-48271\" src=\"\/wp-content\/uploads\/sites\/5\/2025\/06\/IGSS-Prevencion-por-lluvias-pediatria-20252-300x183.jpg\" alt=\"\" width=\"726\" height=\"443\" srcset=\"\/wp-content\/uploads\/sites\/5\/2025\/06\/IGSS-Prevencion-por-lluvias-pediatria-20252-300x183.jpg 300w, \/wp-content\/uploads\/sites\/5\/2025\/06\/IGSS-Prevencion-por-lluvias-pediatria-20252-1024x625.jpg 1024w, \/wp-content\/uploads\/sites\/5\/2025\/06\/IGSS-Prevencion-por-lluvias-pediatria-20252-768x468.jpg 768w, \/wp-content\/uploads\/sites\/5\/2025\/06\/IGSS-Prevencion-por-lluvias-pediatria-20252-1536x937.jpg 1536w, \/wp-content\/uploads\/sites\/5\/2025\/06\/IGSS-Prevencion-por-lluvias-pediatria-20252-689x420.jpg 689w, \/wp-content\/uploads\/sites\/5\/2025\/06\/IGSS-Prevencion-por-lluvias-pediatria-20252-696x425.jpg 696w, \/wp-content\/uploads\/sites\/5\/2025\/06\/IGSS-Prevencion-por-lluvias-pediatria-20252-1068x651.jpg 1068w, \/wp-content\/uploads\/sites\/5\/2025\/06\/IGSS-Prevencion-por-lluvias-pediatria-20252-534x326.jpg 534w, \/wp-content\/uploads\/sites\/5\/2025\/06\/IGSS-Prevencion-por-lluvias-pediatria-20252.jpg 1600w\" sizes=\"auto, (max-width: 726px) 100vw, 726px\" \/><figcaption id=\"caption-attachment-48271\" class=\"wp-caption-text\">Los ni\u00f1os son la poblaci\u00f3n m\u00e1s vulnerable a contraer una enfermedad durante el invierno.<\/figcaption><\/figure>\n<p>\u201cEl problema de los procesos virales es que la prevenci\u00f3n puede ser complicada porque el virus est\u00e1 en el ambiente y no le podemos pedir a los pap\u00e1s que tengan a los ni\u00f1os en una burbuja, pero s\u00ed hay que tener ciertos cuidados\u201d, afirm\u00f3. En ese sentido, el especialista recomend\u00f3:<\/p>\n<ul>\n<li>A los m\u00e1s peque\u00f1os hay que evitar exponerlos en lugar concurridos<\/li>\n<li>Ba\u00f1arlos en un horario donde no est\u00e9 lloviendo<\/li>\n<li>Evitar que jueguen bajo la lluvia<\/li>\n<li>Si van a salir a alg\u00fan lugar muy concurrido, considerar el uso de mascarilla<\/li>\n<li>Lavar las manos constantemente<\/li>\n<li>Limpiar y cocinar adecuadamente los alimentos<\/li>\n<\/ul>\n\r\n                <style type=\"text\/css\">\r\n                    \r\n                    #tdi_1  .td-doubleSlider-2 .td-item1 {\r\n                        background: url(\/wp-content\/uploads\/sites\/5\/2025\/06\/IGSS-Prevencion-por-lluvias-pediatria-20254-80x60.jpg) 0 0 no-repeat;\r\n                    }\r\n                    #tdi_1  .td-doubleSlider-2 .td-item2 {\r\n                        background: url(\/wp-content\/uploads\/sites\/5\/2025\/06\/IGSS-Prevencion-por-lluvias-pediatria-20251-80x60.jpg) 0 0 no-repeat;\r\n                    }\r\n                    #tdi_1  .td-doubleSlider-2 .td-item3 {\r\n                        background: url(\/wp-content\/uploads\/sites\/5\/2025\/06\/IGSS-Prevencion-por-lluvias-pediatria-20255-80x60.jpg) 0 0 no-repeat;\r\n                    }\r\n                <\/style>\r\n\r\n                <div id=\"tdi_1\" class=\"td-gallery td-slide-on-2-columns\">\r\n                    <div class=\"post_td_gallery\">\r\n                        <div class=\"td-gallery-slide-top\">\r\n                           <div class=\"td-gallery-title\">M\u00e1s fotos:<\/div>\r\n\r\n                            <div class=\"td-gallery-controls-wrapper\">\r\n                                <div class=\"td-gallery-slide-count\"><span class=\"td-gallery-slide-item-focus\">1<\/span> de 3<\/div>\r\n                                <div class=\"td-gallery-slide-prev-next-but\">\r\n                                    <i class = \"td-icon-left doubleSliderPrevButton\"><\/i>\r\n                                    <i class = \"td-icon-right doubleSliderNextButton\"><\/i>\r\n                                <\/div>\r\n                            <\/div>\r\n                        <\/div>\r\n\r\n                        <div class = \"td-doubleSlider-1 \">\r\n                            <div class = \"td-slider\">\r\n                                \r\n                    <div class = \"td-slide-item td-item1\">\r\n                        <figure class=\"td-slide-galery-figure td-slide-popup-gallery\">\r\n                            <a class=\"slide-gallery-image-link\" href=\"\/wp-content\/uploads\/sites\/5\/2025\/06\/IGSS-Prevencion-por-lluvias-pediatria-20254.jpg\" title=\"IGSS Prevencio\u0301n por lluvias pediatria 20254\"  data-caption=\"\"  data-description=\"\">\r\n                                <img decoding=\"async\" src=\"\/wp-content\/uploads\/sites\/5\/2025\/06\/IGSS-Prevencion-por-lluvias-pediatria-20254-654x420.jpg\" srcset=\"\/wp-content\/uploads\/sites\/5\/2025\/06\/IGSS-Prevencion-por-lluvias-pediatria-20254-654x420.jpg 654w, \/wp-content\/uploads\/sites\/5\/2025\/06\/IGSS-Prevencion-por-lluvias-pediatria-20254-300x193.jpg 300w, \/wp-content\/uploads\/sites\/5\/2025\/06\/IGSS-Prevencion-por-lluvias-pediatria-20254-1024x658.jpg 1024w, \/wp-content\/uploads\/sites\/5\/2025\/06\/IGSS-Prevencion-por-lluvias-pediatria-20254-768x493.jpg 768w, \/wp-content\/uploads\/sites\/5\/2025\/06\/IGSS-Prevencion-por-lluvias-pediatria-20254-1536x987.jpg 1536w, \/wp-content\/uploads\/sites\/5\/2025\/06\/IGSS-Prevencion-por-lluvias-pediatria-20254-696x447.jpg 696w, \/wp-content\/uploads\/sites\/5\/2025\/06\/IGSS-Prevencion-por-lluvias-pediatria-20254-1068x686.jpg 1068w, \/wp-content\/uploads\/sites\/5\/2025\/06\/IGSS-Prevencion-por-lluvias-pediatria-20254-534x343.jpg 534w, \/wp-content\/uploads\/sites\/5\/2025\/06\/IGSS-Prevencion-por-lluvias-pediatria-20254.jpg 1600w\" sizes=\"(max-width: 654px) 100vw, 654px\" alt=\"\">\r\n                            <\/a>\r\n                            \r\n                        <\/figure>\r\n                    <\/div>\r\n                    <div class = \"td-slide-item td-item2\">\r\n                        <figure class=\"td-slide-galery-figure td-slide-popup-gallery\">\r\n                            <a class=\"slide-gallery-image-link\" href=\"\/wp-content\/uploads\/sites\/5\/2025\/06\/IGSS-Prevencion-por-lluvias-pediatria-20251.jpg\" title=\"IGSS Prevencio\u0301n por lluvias pediatria 20251\"  data-caption=\"\"  data-description=\"\">\r\n                                <img decoding=\"async\" src=\"\/wp-content\/uploads\/sites\/5\/2025\/06\/IGSS-Prevencion-por-lluvias-pediatria-20251-669x420.jpg\" srcset=\"\/wp-content\/uploads\/sites\/5\/2025\/06\/IGSS-Prevencion-por-lluvias-pediatria-20251-669x420.jpg 669w, \/wp-content\/uploads\/sites\/5\/2025\/06\/IGSS-Prevencion-por-lluvias-pediatria-20251-300x188.jpg 300w, \/wp-content\/uploads\/sites\/5\/2025\/06\/IGSS-Prevencion-por-lluvias-pediatria-20251-1024x643.jpg 1024w, \/wp-content\/uploads\/sites\/5\/2025\/06\/IGSS-Prevencion-por-lluvias-pediatria-20251-768x482.jpg 768w, \/wp-content\/uploads\/sites\/5\/2025\/06\/IGSS-Prevencion-por-lluvias-pediatria-20251-1536x964.jpg 1536w, \/wp-content\/uploads\/sites\/5\/2025\/06\/IGSS-Prevencion-por-lluvias-pediatria-20251-2048x1286.jpg 2048w, \/wp-content\/uploads\/sites\/5\/2025\/06\/IGSS-Prevencion-por-lluvias-pediatria-20251-696x437.jpg 696w, \/wp-content\/uploads\/sites\/5\/2025\/06\/IGSS-Prevencion-por-lluvias-pediatria-20251-1068x670.jpg 1068w, \/wp-content\/uploads\/sites\/5\/2025\/06\/IGSS-Prevencion-por-lluvias-pediatria-20251-1920x1205.jpg 1920w, \/wp-content\/uploads\/sites\/5\/2025\/06\/IGSS-Prevencion-por-lluvias-pediatria-20251-534x335.jpg 534w\" sizes=\"(max-width: 669px) 100vw, 669px\" alt=\"\">\r\n                            <\/a>\r\n                            \r\n                        <\/figure>\r\n                    <\/div>\r\n                    <div class = \"td-slide-item td-item3\">\r\n                        <figure class=\"td-slide-galery-figure td-slide-popup-gallery\">\r\n                            <a class=\"slide-gallery-image-link\" href=\"\/wp-content\/uploads\/sites\/5\/2025\/06\/IGSS-Prevencion-por-lluvias-pediatria-20255.jpg\" title=\"IGSS Prevencio\u0301n por lluvias pediatria 20255\"  data-caption=\"\"  data-description=\"\">\r\n                                <img decoding=\"async\" src=\"\/wp-content\/uploads\/sites\/5\/2025\/06\/IGSS-Prevencion-por-lluvias-pediatria-20255-646x420.jpg\" srcset=\"\/wp-content\/uploads\/sites\/5\/2025\/06\/IGSS-Prevencion-por-lluvias-pediatria-20255-646x420.jpg 646w, \/wp-content\/uploads\/sites\/5\/2025\/06\/IGSS-Prevencion-por-lluvias-pediatria-20255-300x195.jpg 300w, \/wp-content\/uploads\/sites\/5\/2025\/06\/IGSS-Prevencion-por-lluvias-pediatria-20255-1024x666.jpg 1024w, \/wp-content\/uploads\/sites\/5\/2025\/06\/IGSS-Prevencion-por-lluvias-pediatria-20255-768x500.jpg 768w, \/wp-content\/uploads\/sites\/5\/2025\/06\/IGSS-Prevencion-por-lluvias-pediatria-20255-1536x999.jpg 1536w, \/wp-content\/uploads\/sites\/5\/2025\/06\/IGSS-Prevencion-por-lluvias-pediatria-20255-696x453.jpg 696w, \/wp-content\/uploads\/sites\/5\/2025\/06\/IGSS-Prevencion-por-lluvias-pediatria-20255-1068x695.jpg 1068w, \/wp-content\/uploads\/sites\/5\/2025\/06\/IGSS-Prevencion-por-lluvias-pediatria-20255-534x347.jpg 534w, \/wp-content\/uploads\/sites\/5\/2025\/06\/IGSS-Prevencion-por-lluvias-pediatria-20255.jpg 1600w\" sizes=\"(max-width: 646px) 100vw, 646px\" alt=\"\">\r\n                            <\/a>\r\n                            \r\n                        <\/figure>\r\n                    <\/div>\r\n                            <\/div>\r\n                        <\/div>\r\n\r\n                        <div class = \"td-doubleSlider-2\">\r\n                            <div class = \"td-slider\">\r\n                                \r\n                    <div class = \"td-button td-item1\">\r\n                        <div class = \"td-border\"><\/div>\r\n                    <\/div>\r\n                    <div class = \"td-button td-item2\">\r\n                        <div class = \"td-border\"><\/div>\r\n                    <\/div>\r\n                    <div class = \"td-button td-item3\">\r\n                        <div class = \"td-border\"><\/div>\r\n                    <\/div>\r\n                            <\/div>\r\n                        <\/div>\r\n\r\n                    <\/div>\r\n\r\n                <\/div>\r\n                \n<p>\u00a0<\/p>\n","protected":false},"excerpt":{"rendered":"<p>El invierno y el cambio de clima favorece los procesos infecciosos, principalmente en los ni\u00f1os. En los m\u00e1s peque\u00f1os, los s\u00edntomas pueden llegar a ser confusos e inespec\u00edficos, por lo que es importante ser acuciosos al cuidarlos e identificar los signos de alerta de manera temprana. El doctor Julio C\u00e9sar Solares Mart\u00ednez, m\u00e9dico pediatra del [&hellip;]<\/p>\n","protected":false},"author":3269,"featured_media":48269,"comment_status":"closed","ping_status":"closed","sticky":false,"template":"","format":"standard","meta":{"footnotes":""},"categories":[3,1130,15,24,27,31,33],"tags":[2172,1737,405,490,726],"coauthors":[1970],"class_list":{"0":"post-48268","1":"post","2":"type-post","3":"status-publish","4":"format-standard","5":"has-post-thumbnail","7":"category-actualidad","8":"category-consejos-medicos","9":"category-destacado","10":"category-pediatria","11":"category-prevencion-en-salud","12":"category-salud","13":"category-servicios-de-salud","14":"tag-consejos-igss","15":"tag-enfermedades-gastrointestinales","16":"tag-enfermedades-respiratorias","17":"tag-igss","18":"tag-prevencion-en-salud"},"_links":{"self":[{"href":"https:\/\/www.igssgt.org\/noticias\/wp-json\/wp\/v2\/posts\/48268","targetHints":{"allow":["GET"]}}],"collection":[{"href":"https:\/\/www.igssgt.org\/noticias\/wp-json\/wp\/v2\/posts"}],"about":[{"href":"https:\/\/www.igssgt.org\/noticias\/wp-json\/wp\/v2\/types\/post"}],"author":[{"embeddable":true,"href":"https:\/\/www.igssgt.org\/noticias\/wp-json\/wp\/v2\/users\/3269"}],"replies":[{"embeddable":true,"href":"https:\/\/www.igssgt.org\/noticias\/wp-json\/wp\/v2\/comments?post=48268"}],"version-history":[{"count":1,"href":"https:\/\/www.igssgt.org\/noticias\/wp-json\/wp\/v2\/posts\/48268\/revisions"}],"predecessor-version":[{"id":48275,"href":"https:\/\/www.igssgt.org\/noticias\/wp-json\/wp\/v2\/posts\/48268\/revisions\/48275"}],"wp:featuredmedia":[{"embeddable":true,"href":"https:\/\/www.igssgt.org\/noticias\/wp-json\/wp\/v2\/media\/48269"}],"wp:attachment":[{"href":"https:\/\/www.igssgt.org\/noticias\/wp-json\/wp\/v2\/media?parent=48268"}],"wp:term":[{"taxonomy":"category","embeddable":true,"href":"https:\/\/www.igssgt.org\/noticias\/wp-json\/wp\/v2\/categories?post=48268"},{"taxonomy":"post_tag","embeddable":true,"href":"https:\/\/www.igssgt.org\/noticias\/wp-json\/wp\/v2\/tags?post=48268"},{"taxonomy":"author","embeddable":true,"href":"https:\/\/www.igssgt.org\/noticias\/wp-json\/wp\/v2\/coauthors?post=48268"}],"curies":[{"name":"wp","href":"https:\/\/api.w.org\/{rel}","templated":true}]}}