{"id":48287,"date":"2025-06-12T06:05:00","date_gmt":"2025-06-12T12:05:00","guid":{"rendered":"https:\/\/www.igssgt.org\/noticias\/?p=48287"},"modified":"2025-06-11T12:23:16","modified_gmt":"2025-06-11T18:23:16","slug":"jubilado-de-camip-suma-101-anos-de-vida-plena","status":"publish","type":"post","link":"https:\/\/www.igssgt.org\/noticias\/2025\/06\/12\/jubilado-de-camip-suma-101-anos-de-vida-plena\/","title":{"rendered":"Jubilado de CAMIP suma 101 a\u00f1os de vida plena"},"content":{"rendered":"\n<p class=\"has-drop-cap\">Fui seleccionado de f\u00fatbol\u201d, es la carta de presentaci\u00f3n que comparte con orgullo Juan Garc\u00eda Gonz\u00e1lez, paciente jubilado de CAMIP, que a sus 101 a\u00f1os y seis meses rememora sus d\u00edas de oficina como contador, en el Ministerio de Finanzas P\u00fablicas; sus d\u00edas como seleccionado nacional y como jugador del CSD Municipal.<\/p>\n\n\n\n<p><\/p>\n\n\n\n<figure id=\"attachment_48289\" aria-describedby=\"caption-attachment-48289\" style=\"width: 713px\" class=\"wp-caption alignnone\"><img loading=\"lazy\" decoding=\"async\" class=\"wp-image-48289\" src=\"\/wp-content\/uploads\/sites\/5\/2025\/06\/IGSS-CAMIP-jubilado-de-101-anos-20251-300x224.jpg\" alt=\"\" width=\"713\" height=\"532\" srcset=\"\/wp-content\/uploads\/sites\/5\/2025\/06\/IGSS-CAMIP-jubilado-de-101-anos-20251-300x224.jpg 300w, \/wp-content\/uploads\/sites\/5\/2025\/06\/IGSS-CAMIP-jubilado-de-101-anos-20251-768x574.jpg 768w, \/wp-content\/uploads\/sites\/5\/2025\/06\/IGSS-CAMIP-jubilado-de-101-anos-20251-562x420.jpg 562w, \/wp-content\/uploads\/sites\/5\/2025\/06\/IGSS-CAMIP-jubilado-de-101-anos-20251-80x60.jpg 80w, \/wp-content\/uploads\/sites\/5\/2025\/06\/IGSS-CAMIP-jubilado-de-101-anos-20251-696x520.jpg 696w, \/wp-content\/uploads\/sites\/5\/2025\/06\/IGSS-CAMIP-jubilado-de-101-anos-20251-265x198.jpg 265w, \/wp-content\/uploads\/sites\/5\/2025\/06\/IGSS-CAMIP-jubilado-de-101-anos-20251-534x399.jpg 534w, \/wp-content\/uploads\/sites\/5\/2025\/06\/IGSS-CAMIP-jubilado-de-101-anos-20251.jpg 960w\" sizes=\"auto, (max-width: 713px) 100vw, 713px\" \/><figcaption id=\"caption-attachment-48289\" class=\"wp-caption-text\">En la fotograf\u00eda del recuerdo aparece junto a su madre Antolina Gonz\u00e1lez Castellanos, su hermana Marta y su hermano Guillermo.<\/figcaption><\/figure>\n<p>Es el mayor de cinco hijos, su infancia transcurri\u00f3 en la finca de los abuelos, en Escuintla, fue all\u00ed de donde naci\u00f3 la pasi\u00f3n por la caza deportiva, se\u00f1ala Juan Emilio, Hijo del paciente. \u201cMi padre es socio fundador del Club de Caza y Pesca, desde muy joven dedic\u00f3 su vida a este pasatiempo\u201d, asegura.<\/p>\n<p>Con evidente orgullo destaca que su padre fue siempre un hombre \u201cmuy honrado, honesto e \u00edntegro, eso mismo nos inculc\u00f3 a nosotros,\u201d sostiene.<\/p>\n<figure id=\"attachment_48291\" aria-describedby=\"caption-attachment-48291\" style=\"width: 715px\" class=\"wp-caption alignnone\"><img loading=\"lazy\" decoding=\"async\" class=\"wp-image-48291\" src=\"\/wp-content\/uploads\/sites\/5\/2025\/06\/IGSS-CAMIP-jubilado-de-101-anos-20252-300x225.jpg\" alt=\"\" width=\"715\" height=\"536\" srcset=\"\/wp-content\/uploads\/sites\/5\/2025\/06\/IGSS-CAMIP-jubilado-de-101-anos-20252-300x225.jpg 300w, \/wp-content\/uploads\/sites\/5\/2025\/06\/IGSS-CAMIP-jubilado-de-101-anos-20252-1024x768.jpg 1024w, \/wp-content\/uploads\/sites\/5\/2025\/06\/IGSS-CAMIP-jubilado-de-101-anos-20252-768x576.jpg 768w, \/wp-content\/uploads\/sites\/5\/2025\/06\/IGSS-CAMIP-jubilado-de-101-anos-20252-1536x1152.jpg 1536w, \/wp-content\/uploads\/sites\/5\/2025\/06\/IGSS-CAMIP-jubilado-de-101-anos-20252-560x420.jpg 560w, \/wp-content\/uploads\/sites\/5\/2025\/06\/IGSS-CAMIP-jubilado-de-101-anos-20252-80x60.jpg 80w, \/wp-content\/uploads\/sites\/5\/2025\/06\/IGSS-CAMIP-jubilado-de-101-anos-20252-696x522.jpg 696w, \/wp-content\/uploads\/sites\/5\/2025\/06\/IGSS-CAMIP-jubilado-de-101-anos-20252-1068x801.jpg 1068w, \/wp-content\/uploads\/sites\/5\/2025\/06\/IGSS-CAMIP-jubilado-de-101-anos-20252-265x198.jpg 265w, \/wp-content\/uploads\/sites\/5\/2025\/06\/IGSS-CAMIP-jubilado-de-101-anos-20252-534x401.jpg 534w, \/wp-content\/uploads\/sites\/5\/2025\/06\/IGSS-CAMIP-jubilado-de-101-anos-20252.jpg 1600w\" sizes=\"auto, (max-width: 715px) 100vw, 715px\" \/><figcaption id=\"caption-attachment-48291\" class=\"wp-caption-text\">La pr\u00f3xima cita del paciente programada por CAMIP es para recibir atenci\u00f3n oftalmol\u00f3gica.<\/figcaption><\/figure>\n<p>Siempre activo, \u201cdon Juan\u201d registra en su historia su \u00e9poca como defensa de la Selecci\u00f3n Nacional, recuerda con especial cari\u00f1o su participaci\u00f3n en los V Juegos Centroamericanos y del Caribe, celebrados en Barranquilla, Colombia en 1946.<\/p>\n<blockquote>\n<p>\u00a0\u201cEstamos muy agradecidos con todo el personal del CAMIP por la atenci\u00f3n que le brindan a mi pap\u00e1, desde hace unos a\u00f1os lo visitan a la casa para su atenci\u00f3n como parte del Programa de Visita Domiciliar\u201d, Juan Emilio, hijo de paciente.<\/p>\n<\/blockquote>\n<p>\u00a0\u201cEs un roble\u201d exclama el doctor Armando Moscoso, al referirse a la evaluaci\u00f3n m\u00e9dica que le realiza al centenario paciente, \u201cel electrocardiograma est\u00e1 bien, eso era lo que me preocupaba\u201d, comenta con marcada familiaridad al hijo y al nieto, Francisco Emilio, que acompa\u00f1an a don Juan.<\/p>\n<p>La expresi\u00f3n del m\u00e9dico describe la condici\u00f3n f\u00edsica del paciente que a pesar de haber sobrepasado ya un siglo de vida, \u00fanicamente ha sido intervenido por cataratas en ambos ojos desde que recibe atenci\u00f3n m\u00e9dica en CAMIP.<\/p>\n<figure id=\"attachment_48292\" aria-describedby=\"caption-attachment-48292\" style=\"width: 722px\" class=\"wp-caption alignnone\"><img loading=\"lazy\" decoding=\"async\" class=\"wp-image-48292\" src=\"\/wp-content\/uploads\/sites\/5\/2025\/06\/IGSS-CAMIP-jubilado-de-101-anos-20253-300x218.jpg\" alt=\"\" width=\"722\" height=\"525\" srcset=\"\/wp-content\/uploads\/sites\/5\/2025\/06\/IGSS-CAMIP-jubilado-de-101-anos-20253-300x218.jpg 300w, \/wp-content\/uploads\/sites\/5\/2025\/06\/IGSS-CAMIP-jubilado-de-101-anos-20253-1024x744.jpg 1024w, \/wp-content\/uploads\/sites\/5\/2025\/06\/IGSS-CAMIP-jubilado-de-101-anos-20253-768x558.jpg 768w, \/wp-content\/uploads\/sites\/5\/2025\/06\/IGSS-CAMIP-jubilado-de-101-anos-20253-578x420.jpg 578w, \/wp-content\/uploads\/sites\/5\/2025\/06\/IGSS-CAMIP-jubilado-de-101-anos-20253-696x506.jpg 696w, \/wp-content\/uploads\/sites\/5\/2025\/06\/IGSS-CAMIP-jubilado-de-101-anos-20253-324x235.jpg 324w, \/wp-content\/uploads\/sites\/5\/2025\/06\/IGSS-CAMIP-jubilado-de-101-anos-20253-534x388.jpg 534w, \/wp-content\/uploads\/sites\/5\/2025\/06\/IGSS-CAMIP-jubilado-de-101-anos-20253.jpg 1053w\" sizes=\"auto, (max-width: 722px) 100vw, 722px\" \/><figcaption id=\"caption-attachment-48292\" class=\"wp-caption-text\">Juan Garc\u00eda Gonz\u00e1lez como seleccionado nacional comparti\u00f3 cancha con Carlos \u201cPepino\u201d Toledo, Guillermo \u201cMito\u201d Marroqu\u00edn y Jos\u00e9 Pedro \u201cTarz\u00e1n\u201d Segura, entre otros futbolistas.<\/figcaption><\/figure>\n<p>\u201cJuan Chucho\u201d como lo nombraban en la oficina o \u201cJuan Venado\u201d como le conoc\u00edan sus amigos de cacer\u00eda celebrar\u00e1 el 24 de noviembre de 2025 su 102 aniversario de su nacimiento con el cari\u00f1o de su familia, entre ellos sus hijos (Johanna y Juan Emilio) y de su nieto m\u00e1s cercano Francisco Emilio.<\/p>\n\r\n                <style type=\"text\/css\">\r\n                    \r\n                    #tdi_1  .td-doubleSlider-2 .td-item1 {\r\n                        background: url(\/wp-content\/uploads\/sites\/5\/2025\/06\/IGSS-CAMIP-jubilado-de-101-anos-20255-80x60.jpg) 0 0 no-repeat;\r\n                    }\r\n                    #tdi_1  .td-doubleSlider-2 .td-item2 {\r\n                        background: url(\/wp-content\/uploads\/sites\/5\/2025\/06\/IGSS-CAMIP-jubilado-de-101-anos-20254-80x60.jpg) 0 0 no-repeat;\r\n                    }\r\n                <\/style>\r\n\r\n                <div id=\"tdi_1\" class=\"td-gallery td-slide-on-2-columns\">\r\n                    <div class=\"post_td_gallery\">\r\n                        <div class=\"td-gallery-slide-top\">\r\n                           <div class=\"td-gallery-title\">M\u00e1s fotos de anta\u00f1o:<\/div>\r\n\r\n                            <div class=\"td-gallery-controls-wrapper\">\r\n                                <div class=\"td-gallery-slide-count\"><span class=\"td-gallery-slide-item-focus\">1<\/span> de 2<\/div>\r\n                                <div class=\"td-gallery-slide-prev-next-but\">\r\n                                    <i class = \"td-icon-left doubleSliderPrevButton\"><\/i>\r\n                                    <i class = \"td-icon-right doubleSliderNextButton\"><\/i>\r\n                                <\/div>\r\n                            <\/div>\r\n                        <\/div>\r\n\r\n                        <div class = \"td-doubleSlider-1 \">\r\n                            <div class = \"td-slider\">\r\n                                \r\n                    <div class = \"td-slide-item td-item1\">\r\n                        <figure class=\"td-slide-galery-figure td-slide-popup-gallery\">\r\n                            <a class=\"slide-gallery-image-link\" href=\"\/wp-content\/uploads\/sites\/5\/2025\/06\/IGSS-CAMIP-jubilado-de-101-anos-20255.jpg\" title=\"IGSS CAMIP jubilado de 101 an\u0303os 20255\"  data-caption=\"\"  data-description=\"\">\r\n                                <img decoding=\"async\" src=\"\/wp-content\/uploads\/sites\/5\/2025\/06\/IGSS-CAMIP-jubilado-de-101-anos-20255-582x420.jpg\" srcset=\"\/wp-content\/uploads\/sites\/5\/2025\/06\/IGSS-CAMIP-jubilado-de-101-anos-20255-582x420.jpg 582w, \/wp-content\/uploads\/sites\/5\/2025\/06\/IGSS-CAMIP-jubilado-de-101-anos-20255-300x216.jpg 300w, \/wp-content\/uploads\/sites\/5\/2025\/06\/IGSS-CAMIP-jubilado-de-101-anos-20255-1024x738.jpg 1024w, \/wp-content\/uploads\/sites\/5\/2025\/06\/IGSS-CAMIP-jubilado-de-101-anos-20255-768x554.jpg 768w, \/wp-content\/uploads\/sites\/5\/2025\/06\/IGSS-CAMIP-jubilado-de-101-anos-20255-696x502.jpg 696w, \/wp-content\/uploads\/sites\/5\/2025\/06\/IGSS-CAMIP-jubilado-de-101-anos-20255-1068x770.jpg 1068w, \/wp-content\/uploads\/sites\/5\/2025\/06\/IGSS-CAMIP-jubilado-de-101-anos-20255-324x235.jpg 324w, \/wp-content\/uploads\/sites\/5\/2025\/06\/IGSS-CAMIP-jubilado-de-101-anos-20255-534x385.jpg 534w, \/wp-content\/uploads\/sites\/5\/2025\/06\/IGSS-CAMIP-jubilado-de-101-anos-20255.jpg 1280w\" sizes=\"(max-width: 582px) 100vw, 582px\" alt=\"\">\r\n                            <\/a>\r\n                            \r\n                        <\/figure>\r\n                    <\/div>\r\n                    <div class = \"td-slide-item td-item2\">\r\n                        <figure class=\"td-slide-galery-figure td-slide-popup-gallery\">\r\n                            <a class=\"slide-gallery-image-link\" href=\"\/wp-content\/uploads\/sites\/5\/2025\/06\/IGSS-CAMIP-jubilado-de-101-anos-20254.jpg\" title=\"IGSS CAMIP jubilado de 101 an\u0303os 20254\"  data-caption=\"\"  data-description=\"\">\r\n                                <img decoding=\"async\" src=\"\/wp-content\/uploads\/sites\/5\/2025\/06\/IGSS-CAMIP-jubilado-de-101-anos-20254-569x420.jpg\" srcset=\"\/wp-content\/uploads\/sites\/5\/2025\/06\/IGSS-CAMIP-jubilado-de-101-anos-20254-569x420.jpg 569w, \/wp-content\/uploads\/sites\/5\/2025\/06\/IGSS-CAMIP-jubilado-de-101-anos-20254-300x221.jpg 300w, \/wp-content\/uploads\/sites\/5\/2025\/06\/IGSS-CAMIP-jubilado-de-101-anos-20254-1024x755.jpg 1024w, \/wp-content\/uploads\/sites\/5\/2025\/06\/IGSS-CAMIP-jubilado-de-101-anos-20254-768x566.jpg 768w, \/wp-content\/uploads\/sites\/5\/2025\/06\/IGSS-CAMIP-jubilado-de-101-anos-20254-80x60.jpg 80w, \/wp-content\/uploads\/sites\/5\/2025\/06\/IGSS-CAMIP-jubilado-de-101-anos-20254-696x513.jpg 696w, \/wp-content\/uploads\/sites\/5\/2025\/06\/IGSS-CAMIP-jubilado-de-101-anos-20254-1068x788.jpg 1068w, \/wp-content\/uploads\/sites\/5\/2025\/06\/IGSS-CAMIP-jubilado-de-101-anos-20254-534x394.jpg 534w, \/wp-content\/uploads\/sites\/5\/2025\/06\/IGSS-CAMIP-jubilado-de-101-anos-20254.jpg 1280w\" sizes=\"(max-width: 569px) 100vw, 569px\" alt=\"\">\r\n                            <\/a>\r\n                            \r\n                        <\/figure>\r\n                    <\/div>\r\n                            <\/div>\r\n                        <\/div>\r\n\r\n                        <div class = \"td-doubleSlider-2\">\r\n                            <div class = \"td-slider\">\r\n                                \r\n                    <div class = \"td-button td-item1\">\r\n                        <div class = \"td-border\"><\/div>\r\n                    <\/div>\r\n                    <div class = \"td-button td-item2\">\r\n                        <div class = \"td-border\"><\/div>\r\n                    <\/div>\r\n                            <\/div>\r\n                        <\/div>\r\n\r\n                    <\/div>\r\n\r\n                <\/div>\r\n                \n","protected":false},"excerpt":{"rendered":"<p>Fui seleccionado de f\u00fatbol\u201d, es la carta de presentaci\u00f3n que comparte con orgullo Juan Garc\u00eda Gonz\u00e1lez, paciente jubilado de CAMIP, que a sus 101 a\u00f1os y seis meses rememora sus d\u00edas de oficina como contador, en el Ministerio de Finanzas P\u00fablicas; sus d\u00edas como seleccionado nacional y como jugador del CSD Municipal. Es el mayor [&hellip;]<\/p>\n","protected":false},"author":3269,"featured_media":48288,"comment_status":"closed","ping_status":"closed","sticky":false,"template":"","format":"standard","meta":{"footnotes":""},"categories":[3,8,15,20,25,1291,27,31,33,36],"tags":[146,149,490,1369],"coauthors":[1970],"class_list":{"0":"post-48287","1":"post","2":"type-post","3":"status-publish","4":"format-standard","5":"has-post-thumbnail","7":"category-actualidad","8":"category-camip","9":"category-destacado","10":"category-jubilados","11":"category-pensionados","12":"category-prestaciones-en-salud","13":"category-prevencion-en-salud","14":"category-salud","15":"category-servicios-de-salud","16":"category-unidades-medicas","17":"tag-camip","18":"tag-camip-pamplona","19":"tag-igss","20":"tag-jubilados-del-igss"},"_links":{"self":[{"href":"https:\/\/www.igssgt.org\/noticias\/wp-json\/wp\/v2\/posts\/48287","targetHints":{"allow":["GET"]}}],"collection":[{"href":"https:\/\/www.igssgt.org\/noticias\/wp-json\/wp\/v2\/posts"}],"about":[{"href":"https:\/\/www.igssgt.org\/noticias\/wp-json\/wp\/v2\/types\/post"}],"author":[{"embeddable":true,"href":"https:\/\/www.igssgt.org\/noticias\/wp-json\/wp\/v2\/users\/3269"}],"replies":[{"embeddable":true,"href":"https:\/\/www.igssgt.org\/noticias\/wp-json\/wp\/v2\/comments?post=48287"}],"version-history":[{"count":2,"href":"https:\/\/www.igssgt.org\/noticias\/wp-json\/wp\/v2\/posts\/48287\/revisions"}],"predecessor-version":[{"id":48295,"href":"https:\/\/www.igssgt.org\/noticias\/wp-json\/wp\/v2\/posts\/48287\/revisions\/48295"}],"wp:featuredmedia":[{"embeddable":true,"href":"https:\/\/www.igssgt.org\/noticias\/wp-json\/wp\/v2\/media\/48288"}],"wp:attachment":[{"href":"https:\/\/www.igssgt.org\/noticias\/wp-json\/wp\/v2\/media?parent=48287"}],"wp:term":[{"taxonomy":"category","embeddable":true,"href":"https:\/\/www.igssgt.org\/noticias\/wp-json\/wp\/v2\/categories?post=48287"},{"taxonomy":"post_tag","embeddable":true,"href":"https:\/\/www.igssgt.org\/noticias\/wp-json\/wp\/v2\/tags?post=48287"},{"taxonomy":"author","embeddable":true,"href":"https:\/\/www.igssgt.org\/noticias\/wp-json\/wp\/v2\/coauthors?post=48287"}],"curies":[{"name":"wp","href":"https:\/\/api.w.org\/{rel}","templated":true}]}}