{"id":4842,"date":"2018-05-08T14:00:34","date_gmt":"2018-05-08T20:00:34","guid":{"rendered":"http:\/\/noticias.igssgt.org\/?p=4842"},"modified":"2018-05-08T14:00:34","modified_gmt":"2018-05-08T20:00:34","slug":"proteja-a-sus-ninos-de-las-infecciones-respiratorias","status":"publish","type":"post","link":"https:\/\/www.igssgt.org\/noticias\/2018\/05\/08\/proteja-a-sus-ninos-de-las-infecciones-respiratorias\/","title":{"rendered":"Proteja a sus ni\u00f1os de las infecciones respiratorias"},"content":{"rendered":"<p>Los beb\u00e9s y los ni\u00f1os son un sector vulnerable a contraer infecciones respiratorias, por esta raz\u00f3n la Secci\u00f3n de Higiene Materno Infantil del Departamento de Medicina Preventiva del IGSS da a conocer c\u00f3mo podemos proteger a nuestros hijos de este tipo de padecimientos.<\/p>\n<p>Uno de los puntos clave para prevenir infecciones u otras enfermedades en los ni\u00f1os es la alimentaci\u00f3n con leche materna exclusiva los primeros 6 meses de vida y con alimentaci\u00f3n complementaria hasta los 2 a\u00f1os, ya que proporciona al beb\u00e9 los nutrientes y defensas necesarios para crecer sano protegi\u00e9ndolo de m\u00faltiples enfermedades.<\/p>\n<p><a href=\"\/noticias\/wp-content\/uploads\/sites\/5\/2018\/05\/Prevencion-de-infecciones-respiratorias-en-ninos-IGSS-2.jpg\"><img loading=\"lazy\" decoding=\"async\" class=\"alignnone size-full wp-image-4844\" src=\"\/noticias\/wp-content\/uploads\/sites\/5\/2018\/05\/Prevencion-de-infecciones-respiratorias-en-ninos-IGSS-2.jpg\" alt=\"\" width=\"2048\" height=\"1365\" srcset=\"\/wp-content\/uploads\/sites\/5\/2018\/05\/Prevencion-de-infecciones-respiratorias-en-ninos-IGSS-2.jpg 2048w, \/wp-content\/uploads\/sites\/5\/2018\/05\/Prevencion-de-infecciones-respiratorias-en-ninos-IGSS-2-1536x1024.jpg 1536w, \/wp-content\/uploads\/sites\/5\/2018\/05\/Prevencion-de-infecciones-respiratorias-en-ninos-IGSS-2-300x200.jpg 300w, \/wp-content\/uploads\/sites\/5\/2018\/05\/Prevencion-de-infecciones-respiratorias-en-ninos-IGSS-2-768x512.jpg 768w, \/wp-content\/uploads\/sites\/5\/2018\/05\/Prevencion-de-infecciones-respiratorias-en-ninos-IGSS-2-1024x683.jpg 1024w, \/wp-content\/uploads\/sites\/5\/2018\/05\/Prevencion-de-infecciones-respiratorias-en-ninos-IGSS-2-630x420.jpg 630w, \/wp-content\/uploads\/sites\/5\/2018\/05\/Prevencion-de-infecciones-respiratorias-en-ninos-IGSS-2-696x464.jpg 696w, \/wp-content\/uploads\/sites\/5\/2018\/05\/Prevencion-de-infecciones-respiratorias-en-ninos-IGSS-2-1068x712.jpg 1068w, \/wp-content\/uploads\/sites\/5\/2018\/05\/Prevencion-de-infecciones-respiratorias-en-ninos-IGSS-2-534x356.jpg 534w, \/wp-content\/uploads\/sites\/5\/2018\/05\/Prevencion-de-infecciones-respiratorias-en-ninos-IGSS-2-1920x1280.jpg 1920w\" sizes=\"auto, (max-width: 2048px) 100vw, 2048px\" \/><\/a><\/p>\n<p>Al alimentar a los beb\u00e9s con leche materna no solo les estamos aportando cantidades adecuadas de carbohidratos, prote\u00ednas, grasas, minerales, vitaminas y hormonas sino tambi\u00e9n se les proporcionan los anticuerpos que ayudan a evitar que se enfermen, explic\u00f3 la doctora Varinia Pinto, Encargada de la Secci\u00f3n de Higiene Materno Infantil.<\/p>\n<p>Otro aspecto importante es mantener al d\u00eda el esquema de vacunaci\u00f3n, administrando las vacunas que corresponden para la edad de manera oportuna y cumplir con el control de crecimiento y desarrollo para que se mantengan saludables.\u00a0 Esta informaci\u00f3n debe registrarse en el carn\u00e9 de control que le proporciona la Instituci\u00f3n.<\/p>\n<p>Se debe evitar el contacto de los ni\u00f1os con personas afectadas por infecciones respiratorias y cuando presenten malestar general y s\u00edntomas como secreci\u00f3n nasal, lagrimeo, estornudos y tos deben guardar reposo en casa de 3 a 5 d\u00edas para evitar complicaciones y contagio a otras personas.<\/p>\n<p>En caso de fr\u00edo abrigue adecuadamente a los ni\u00f1os, evite aglomeraciones, cambios bruscos de temperatura y no olvide el lavado constante de manos; si la fiebre es alta con secreci\u00f3n nasal y tos persistente consulte al pediatra en su Unidad M\u00e9dica, en donde con gusto le atender\u00e1n; concluy\u00f3 la Dra. Pinto.<\/p>\n\r\n                <style type=\"text\/css\">\r\n                    \r\n                    #tdi_1  .td-doubleSlider-2 .td-item1 {\r\n                        background: url(\/wp-content\/uploads\/sites\/5\/2018\/05\/Prevencion-de-infecciones-respiratorias-en-ninos-IGSS-4-80x60.jpg) 0 0 no-repeat;\r\n                    }\r\n                    #tdi_1  .td-doubleSlider-2 .td-item2 {\r\n                        background: url(\/wp-content\/uploads\/sites\/5\/2018\/05\/Prevencion-de-infecciones-respiratorias-en-ninos-IGSS-3-80x60.jpg) 0 0 no-repeat;\r\n                    }\r\n                    #tdi_1  .td-doubleSlider-2 .td-item3 {\r\n                        background: url(\/wp-content\/uploads\/sites\/5\/2018\/05\/Prevencion-de-infecciones-respiratorias-en-ninos-IGSS-1-80x60.jpg) 0 0 no-repeat;\r\n                    }\r\n                    #tdi_1  .td-doubleSlider-2 .td-item4 {\r\n                        background: url(\/wp-content\/uploads\/sites\/5\/2018\/05\/Prevencion-de-infecciones-respiratorias-en-ninos-IGSS-2-80x60.jpg) 0 0 no-repeat;\r\n                    }\r\n                <\/style>\r\n\r\n                <div id=\"tdi_1\" class=\"td-gallery td-slide-on-2-columns\">\r\n                    <div class=\"post_td_gallery\">\r\n                        <div class=\"td-gallery-slide-top\">\r\n                           <div class=\"td-gallery-title\">Galer\u00eda de Im\u00e1genes<\/div>\r\n\r\n                            <div class=\"td-gallery-controls-wrapper\">\r\n                                <div class=\"td-gallery-slide-count\"><span class=\"td-gallery-slide-item-focus\">1<\/span> de 4<\/div>\r\n                                <div class=\"td-gallery-slide-prev-next-but\">\r\n                                    <i class = \"td-icon-left doubleSliderPrevButton\"><\/i>\r\n                                    <i class = \"td-icon-right doubleSliderNextButton\"><\/i>\r\n                                <\/div>\r\n                            <\/div>\r\n                        <\/div>\r\n\r\n                        <div class = \"td-doubleSlider-1 \">\r\n                            <div class = \"td-slider\">\r\n                                \r\n                    <div class = \"td-slide-item td-item1\">\r\n                        <figure class=\"td-slide-galery-figure td-slide-popup-gallery\">\r\n                            <a class=\"slide-gallery-image-link\" href=\"\/wp-content\/uploads\/sites\/5\/2018\/05\/Prevencion-de-infecciones-respiratorias-en-ninos-IGSS-4.jpg\" title=\"Prevencion de infecciones respiratorias en ninos IGSS-4\"  data-caption=\"\"  data-description=\"\">\r\n                                <img decoding=\"async\" src=\"\/wp-content\/uploads\/sites\/5\/2018\/05\/Prevencion-de-infecciones-respiratorias-en-ninos-IGSS-4-630x420.jpg\" srcset=\"\/wp-content\/uploads\/sites\/5\/2018\/05\/Prevencion-de-infecciones-respiratorias-en-ninos-IGSS-4-630x420.jpg 630w, \/wp-content\/uploads\/sites\/5\/2018\/05\/Prevencion-de-infecciones-respiratorias-en-ninos-IGSS-4-1536x1024.jpg 1536w, \/wp-content\/uploads\/sites\/5\/2018\/05\/Prevencion-de-infecciones-respiratorias-en-ninos-IGSS-4-300x200.jpg 300w, \/wp-content\/uploads\/sites\/5\/2018\/05\/Prevencion-de-infecciones-respiratorias-en-ninos-IGSS-4-768x512.jpg 768w, \/wp-content\/uploads\/sites\/5\/2018\/05\/Prevencion-de-infecciones-respiratorias-en-ninos-IGSS-4-1024x683.jpg 1024w, \/wp-content\/uploads\/sites\/5\/2018\/05\/Prevencion-de-infecciones-respiratorias-en-ninos-IGSS-4-696x464.jpg 696w, \/wp-content\/uploads\/sites\/5\/2018\/05\/Prevencion-de-infecciones-respiratorias-en-ninos-IGSS-4-1068x712.jpg 1068w, \/wp-content\/uploads\/sites\/5\/2018\/05\/Prevencion-de-infecciones-respiratorias-en-ninos-IGSS-4-534x356.jpg 534w, \/wp-content\/uploads\/sites\/5\/2018\/05\/Prevencion-de-infecciones-respiratorias-en-ninos-IGSS-4.jpg 1860w\" sizes=\"(max-width: 630px) 100vw, 630px\" alt=\"\">\r\n                            <\/a>\r\n                            \r\n                        <\/figure>\r\n                    <\/div>\r\n                    <div class = \"td-slide-item td-item2\">\r\n                        <figure class=\"td-slide-galery-figure td-slide-popup-gallery\">\r\n                            <a class=\"slide-gallery-image-link\" href=\"\/wp-content\/uploads\/sites\/5\/2018\/05\/Prevencion-de-infecciones-respiratorias-en-ninos-IGSS-3.jpg\" title=\"Prevencion de infecciones respiratorias en ninos IGSS-3\"  data-caption=\"\"  data-description=\"\">\r\n                                <img decoding=\"async\" src=\"\/wp-content\/uploads\/sites\/5\/2018\/05\/Prevencion-de-infecciones-respiratorias-en-ninos-IGSS-3-745x420.jpg\" srcset=\"\/wp-content\/uploads\/sites\/5\/2018\/05\/Prevencion-de-infecciones-respiratorias-en-ninos-IGSS-3-745x420.jpg 745w, \/wp-content\/uploads\/sites\/5\/2018\/05\/Prevencion-de-infecciones-respiratorias-en-ninos-IGSS-3-1536x866.jpg 1536w, \/wp-content\/uploads\/sites\/5\/2018\/05\/Prevencion-de-infecciones-respiratorias-en-ninos-IGSS-3-300x169.jpg 300w, \/wp-content\/uploads\/sites\/5\/2018\/05\/Prevencion-de-infecciones-respiratorias-en-ninos-IGSS-3-768x433.jpg 768w, \/wp-content\/uploads\/sites\/5\/2018\/05\/Prevencion-de-infecciones-respiratorias-en-ninos-IGSS-3-1024x577.jpg 1024w, \/wp-content\/uploads\/sites\/5\/2018\/05\/Prevencion-de-infecciones-respiratorias-en-ninos-IGSS-3-696x392.jpg 696w, \/wp-content\/uploads\/sites\/5\/2018\/05\/Prevencion-de-infecciones-respiratorias-en-ninos-IGSS-3-1068x602.jpg 1068w, \/wp-content\/uploads\/sites\/5\/2018\/05\/Prevencion-de-infecciones-respiratorias-en-ninos-IGSS-3-534x301.jpg 534w, \/wp-content\/uploads\/sites\/5\/2018\/05\/Prevencion-de-infecciones-respiratorias-en-ninos-IGSS-3-1920x1082.jpg 1920w, \/wp-content\/uploads\/sites\/5\/2018\/05\/Prevencion-de-infecciones-respiratorias-en-ninos-IGSS-3.jpg 2048w\" sizes=\"(max-width: 745px) 100vw, 745px\" alt=\"\">\r\n                            <\/a>\r\n                            \r\n                        <\/figure>\r\n                    <\/div>\r\n                    <div class = \"td-slide-item td-item3\">\r\n                        <figure class=\"td-slide-galery-figure td-slide-popup-gallery\">\r\n                            <a class=\"slide-gallery-image-link\" href=\"\/wp-content\/uploads\/sites\/5\/2018\/05\/Prevencion-de-infecciones-respiratorias-en-ninos-IGSS-1.jpg\" title=\"Prevencion de infecciones respiratorias en ninos IGSS-1\"  data-caption=\"\"  data-description=\"\">\r\n                                <img decoding=\"async\" src=\"\/wp-content\/uploads\/sites\/5\/2018\/05\/Prevencion-de-infecciones-respiratorias-en-ninos-IGSS-1-746x420.jpg\" srcset=\"\/wp-content\/uploads\/sites\/5\/2018\/05\/Prevencion-de-infecciones-respiratorias-en-ninos-IGSS-1-746x420.jpg 746w, \/wp-content\/uploads\/sites\/5\/2018\/05\/Prevencion-de-infecciones-respiratorias-en-ninos-IGSS-1-1536x865.jpg 1536w, \/wp-content\/uploads\/sites\/5\/2018\/05\/Prevencion-de-infecciones-respiratorias-en-ninos-IGSS-1-300x169.jpg 300w, \/wp-content\/uploads\/sites\/5\/2018\/05\/Prevencion-de-infecciones-respiratorias-en-ninos-IGSS-1-768x432.jpg 768w, \/wp-content\/uploads\/sites\/5\/2018\/05\/Prevencion-de-infecciones-respiratorias-en-ninos-IGSS-1-1024x577.jpg 1024w, \/wp-content\/uploads\/sites\/5\/2018\/05\/Prevencion-de-infecciones-respiratorias-en-ninos-IGSS-1-696x392.jpg 696w, \/wp-content\/uploads\/sites\/5\/2018\/05\/Prevencion-de-infecciones-respiratorias-en-ninos-IGSS-1-1068x601.jpg 1068w, \/wp-content\/uploads\/sites\/5\/2018\/05\/Prevencion-de-infecciones-respiratorias-en-ninos-IGSS-1-534x301.jpg 534w, \/wp-content\/uploads\/sites\/5\/2018\/05\/Prevencion-de-infecciones-respiratorias-en-ninos-IGSS-1.jpg 2048w\" sizes=\"(max-width: 746px) 100vw, 746px\" alt=\"\">\r\n                            <\/a>\r\n                            \r\n                        <\/figure>\r\n                    <\/div>\r\n                    <div class = \"td-slide-item td-item4\">\r\n                        <figure class=\"td-slide-galery-figure td-slide-popup-gallery\">\r\n                            <a class=\"slide-gallery-image-link\" href=\"\/wp-content\/uploads\/sites\/5\/2018\/05\/Prevencion-de-infecciones-respiratorias-en-ninos-IGSS-2.jpg\" title=\"Prevencion de infecciones respiratorias en ninos IGSS-2\"  data-caption=\"\"  data-description=\"\">\r\n                                <img decoding=\"async\" src=\"\/wp-content\/uploads\/sites\/5\/2018\/05\/Prevencion-de-infecciones-respiratorias-en-ninos-IGSS-2-630x420.jpg\" srcset=\"\/wp-content\/uploads\/sites\/5\/2018\/05\/Prevencion-de-infecciones-respiratorias-en-ninos-IGSS-2-630x420.jpg 630w, \/wp-content\/uploads\/sites\/5\/2018\/05\/Prevencion-de-infecciones-respiratorias-en-ninos-IGSS-2-1536x1024.jpg 1536w, \/wp-content\/uploads\/sites\/5\/2018\/05\/Prevencion-de-infecciones-respiratorias-en-ninos-IGSS-2-300x200.jpg 300w, \/wp-content\/uploads\/sites\/5\/2018\/05\/Prevencion-de-infecciones-respiratorias-en-ninos-IGSS-2-768x512.jpg 768w, \/wp-content\/uploads\/sites\/5\/2018\/05\/Prevencion-de-infecciones-respiratorias-en-ninos-IGSS-2-1024x683.jpg 1024w, \/wp-content\/uploads\/sites\/5\/2018\/05\/Prevencion-de-infecciones-respiratorias-en-ninos-IGSS-2-696x464.jpg 696w, \/wp-content\/uploads\/sites\/5\/2018\/05\/Prevencion-de-infecciones-respiratorias-en-ninos-IGSS-2-1068x712.jpg 1068w, \/wp-content\/uploads\/sites\/5\/2018\/05\/Prevencion-de-infecciones-respiratorias-en-ninos-IGSS-2-534x356.jpg 534w, \/wp-content\/uploads\/sites\/5\/2018\/05\/Prevencion-de-infecciones-respiratorias-en-ninos-IGSS-2-1920x1280.jpg 1920w, \/wp-content\/uploads\/sites\/5\/2018\/05\/Prevencion-de-infecciones-respiratorias-en-ninos-IGSS-2.jpg 2048w\" sizes=\"(max-width: 630px) 100vw, 630px\" alt=\"\">\r\n                            <\/a>\r\n                            \r\n                        <\/figure>\r\n                    <\/div>\r\n                            <\/div>\r\n                        <\/div>\r\n\r\n                        <div class = \"td-doubleSlider-2\">\r\n                            <div class = \"td-slider\">\r\n                                \r\n                    <div class = \"td-button td-item1\">\r\n                        <div class = \"td-border\"><\/div>\r\n                    <\/div>\r\n                    <div class = \"td-button td-item2\">\r\n                        <div class = \"td-border\"><\/div>\r\n                    <\/div>\r\n                    <div class = \"td-button td-item3\">\r\n                        <div class = \"td-border\"><\/div>\r\n                    <\/div>\r\n                    <div class = \"td-button td-item4\">\r\n                        <div class = \"td-border\"><\/div>\r\n                    <\/div>\r\n                            <\/div>\r\n                        <\/div>\r\n\r\n                    <\/div>\r\n\r\n                <\/div>\r\n                \n<hr \/>\n<p>&nbsp;<\/p>\n","protected":false},"excerpt":{"rendered":"<p>Los beb\u00e9s y los ni\u00f1os son un sector vulnerable a contraer infecciones respiratorias, por esta raz\u00f3n la Secci\u00f3n de Higiene Materno Infantil del Departamento de Medicina Preventiva del IGSS da a conocer c\u00f3mo podemos proteger a nuestros hijos de este tipo de padecimientos. Uno de los puntos clave para prevenir infecciones u otras enfermedades en [&hellip;]<\/p>\n","protected":false},"author":4,"featured_media":4843,"comment_status":"open","ping_status":"open","sticky":false,"template":"","format":"standard","meta":{"footnotes":""},"categories":[3,24,27,29],"tags":[384,405,490,698],"coauthors":[],"class_list":{"0":"post-4842","1":"post","2":"type-post","3":"status-publish","4":"format-standard","5":"has-post-thumbnail","7":"category-actualidad","8":"category-pediatria","9":"category-prevencion-en-salud","10":"category-publicaciones","11":"tag-dra-varinia-pinto","12":"tag-enfermedades-respiratorias","13":"tag-igss","14":"tag-pediatria"},"_links":{"self":[{"href":"https:\/\/www.igssgt.org\/noticias\/wp-json\/wp\/v2\/posts\/4842","targetHints":{"allow":["GET"]}}],"collection":[{"href":"https:\/\/www.igssgt.org\/noticias\/wp-json\/wp\/v2\/posts"}],"about":[{"href":"https:\/\/www.igssgt.org\/noticias\/wp-json\/wp\/v2\/types\/post"}],"author":[{"embeddable":true,"href":"https:\/\/www.igssgt.org\/noticias\/wp-json\/wp\/v2\/users\/4"}],"replies":[{"embeddable":true,"href":"https:\/\/www.igssgt.org\/noticias\/wp-json\/wp\/v2\/comments?post=4842"}],"version-history":[{"count":0,"href":"https:\/\/www.igssgt.org\/noticias\/wp-json\/wp\/v2\/posts\/4842\/revisions"}],"wp:featuredmedia":[{"embeddable":true,"href":"https:\/\/www.igssgt.org\/noticias\/wp-json\/wp\/v2\/media\/4843"}],"wp:attachment":[{"href":"https:\/\/www.igssgt.org\/noticias\/wp-json\/wp\/v2\/media?parent=4842"}],"wp:term":[{"taxonomy":"category","embeddable":true,"href":"https:\/\/www.igssgt.org\/noticias\/wp-json\/wp\/v2\/categories?post=4842"},{"taxonomy":"post_tag","embeddable":true,"href":"https:\/\/www.igssgt.org\/noticias\/wp-json\/wp\/v2\/tags?post=4842"},{"taxonomy":"author","embeddable":true,"href":"https:\/\/www.igssgt.org\/noticias\/wp-json\/wp\/v2\/coauthors?post=4842"}],"curies":[{"name":"wp","href":"https:\/\/api.w.org\/{rel}","templated":true}]}}