{"id":48547,"date":"2025-06-11T09:44:25","date_gmt":"2025-06-11T15:44:25","guid":{"rendered":"https:\/\/www.igssgt.org\/noticias\/?p=48547"},"modified":"2025-06-11T15:54:50","modified_gmt":"2025-06-11T21:54:50","slug":"dia-mundial-del-cancer-de-prostata-el-diagnostico-temprano-salva-vidas","status":"publish","type":"post","link":"https:\/\/www.igssgt.org\/noticias\/2025\/06\/11\/dia-mundial-del-cancer-de-prostata-el-diagnostico-temprano-salva-vidas\/","title":{"rendered":"D\u00eda Mundial del C\u00e1ncer de Pr\u00f3stata: el diagn\u00f3stico temprano salva vidas"},"content":{"rendered":"\n<p>La pr\u00f3stata es una gl\u00e1ndula que conforma el sistema reproductor masculino y tambi\u00e9n pertenece al sistema urinario. Tiene forma de nuez y se ubica debajo de la vejiga, delante del recto y rodea la uretra. Una de sus funciones es segregar el l\u00edquido seminal, que nutre y transporta el esperma.<\/p>\n\n\n\n<p>Cuando las c\u00e9lulas de esta gl\u00e1ndula comienzan a\u00a0crecer de manera descontrolada se origina el c\u00e1ncer de pr\u00f3stata.<\/p>\n<p>Cada 11 de junio se conmemora el D\u00eda mundial del C\u00e1ncer de Pr\u00f3stata, el cuarto c\u00e1ncer m\u00e1s com\u00fan a nivel mundial y el segundo m\u00e1s com\u00fan en hombres. Cifras de la Organizaci\u00f3n Mundial de la Salud (OMS), dan cuenta que en 2022 se diagnosticaron 1.46 millones de nuevos casos y se contabilizaron 396 mil muertes.<\/p>\n<figure id=\"attachment_48549\" aria-describedby=\"caption-attachment-48549\" style=\"width: 696px\" class=\"wp-caption alignnone\"><img loading=\"lazy\" decoding=\"async\" class=\"wp-image-48549\" src=\"\/wp-content\/uploads\/sites\/5\/2025\/06\/IGSS-dia-Mundial-del-Cancer-de-Prostata-20250-300x168.png\" alt=\"\" width=\"696\" height=\"390\" srcset=\"\/wp-content\/uploads\/sites\/5\/2025\/06\/IGSS-dia-Mundial-del-Cancer-de-Prostata-20250-300x168.png 300w, \/wp-content\/uploads\/sites\/5\/2025\/06\/IGSS-dia-Mundial-del-Cancer-de-Prostata-20250-1024x573.png 1024w, \/wp-content\/uploads\/sites\/5\/2025\/06\/IGSS-dia-Mundial-del-Cancer-de-Prostata-20250-768x430.png 768w, \/wp-content\/uploads\/sites\/5\/2025\/06\/IGSS-dia-Mundial-del-Cancer-de-Prostata-20250-1536x860.png 1536w, \/wp-content\/uploads\/sites\/5\/2025\/06\/IGSS-dia-Mundial-del-Cancer-de-Prostata-20250-2048x1146.png 2048w, \/wp-content\/uploads\/sites\/5\/2025\/06\/IGSS-dia-Mundial-del-Cancer-de-Prostata-20250-750x420.png 750w, \/wp-content\/uploads\/sites\/5\/2025\/06\/IGSS-dia-Mundial-del-Cancer-de-Prostata-20250-696x390.png 696w, \/wp-content\/uploads\/sites\/5\/2025\/06\/IGSS-dia-Mundial-del-Cancer-de-Prostata-20250-1068x598.png 1068w, \/wp-content\/uploads\/sites\/5\/2025\/06\/IGSS-dia-Mundial-del-Cancer-de-Prostata-20250-1920x1075.png 1920w, \/wp-content\/uploads\/sites\/5\/2025\/06\/IGSS-dia-Mundial-del-Cancer-de-Prostata-20250-534x299.png 534w\" sizes=\"auto, (max-width: 696px) 100vw, 696px\" \/><figcaption id=\"caption-attachment-48549\" class=\"wp-caption-text\">La pr\u00f3stata, que tiene forma de nuez y se encuentra debajo de la vejiga y delante del recto, produce parte del l\u00edquido seminal y protege a los \u00f3rganos cercanos contra infecciones.<\/figcaption><\/figure>\n<p>Seg\u00fan los datos de la Organizaci\u00f3n Panamericana de la Salud (OPS), los tipos de c\u00e1ncer diagnosticados con mayor frecuencia en los hombres, en la regi\u00f3n de las Am\u00e9ricas son: pr\u00f3stata (21.8 %), pulm\u00f3n (8.6 %), colorrectal (7.7 %) y vejiga (4.5 %).<\/p>\n<p>Es de destacar que m\u00e1s del 65 % de todos los c\u00e1nceres de pr\u00f3stata se diagnostican en hombres mayores de 65 a\u00f1os. Sin embargo, si la enfermedad es diagnosticada de manera temprana y es tratada en sus etapas iniciales, es curable en 85 por ciento de los casos.<\/p>\n<p>Por ello, los m\u00e9dicos del Instituto Guatemalteco de Seguridad Social (IGSS), \u00a0coinciden en que es fundamental tener una vida saludable. Se recomienda que todos los pacientes de m\u00e1s de 45 a\u00f1os se realicen estudios urol\u00f3gicos, de im\u00e1genes como ultrasonidos renales.<\/p>\n<figure id=\"attachment_48550\" aria-describedby=\"caption-attachment-48550\" style=\"width: 667px\" class=\"wp-caption alignnone\"><img loading=\"lazy\" decoding=\"async\" class=\"wp-image-48550\" src=\"\/wp-content\/uploads\/sites\/5\/2025\/06\/IGSS-dia-Mundial-del-Cancer-de-Prostata-20255-300x207.jpg\" alt=\"\" width=\"667\" height=\"460\" srcset=\"\/wp-content\/uploads\/sites\/5\/2025\/06\/IGSS-dia-Mundial-del-Cancer-de-Prostata-20255-300x207.jpg 300w, \/wp-content\/uploads\/sites\/5\/2025\/06\/IGSS-dia-Mundial-del-Cancer-de-Prostata-20255-1024x706.jpg 1024w, \/wp-content\/uploads\/sites\/5\/2025\/06\/IGSS-dia-Mundial-del-Cancer-de-Prostata-20255-768x529.jpg 768w, \/wp-content\/uploads\/sites\/5\/2025\/06\/IGSS-dia-Mundial-del-Cancer-de-Prostata-20255-610x420.jpg 610w, \/wp-content\/uploads\/sites\/5\/2025\/06\/IGSS-dia-Mundial-del-Cancer-de-Prostata-20255-218x150.jpg 218w, \/wp-content\/uploads\/sites\/5\/2025\/06\/IGSS-dia-Mundial-del-Cancer-de-Prostata-20255-696x480.jpg 696w, \/wp-content\/uploads\/sites\/5\/2025\/06\/IGSS-dia-Mundial-del-Cancer-de-Prostata-20255-1068x736.jpg 1068w, \/wp-content\/uploads\/sites\/5\/2025\/06\/IGSS-dia-Mundial-del-Cancer-de-Prostata-20255-100x70.jpg 100w, \/wp-content\/uploads\/sites\/5\/2025\/06\/IGSS-dia-Mundial-del-Cancer-de-Prostata-20255-534x368.jpg 534w, \/wp-content\/uploads\/sites\/5\/2025\/06\/IGSS-dia-Mundial-del-Cancer-de-Prostata-20255.jpg 1476w\" sizes=\"auto, (max-width: 667px) 100vw, 667px\" \/><figcaption id=\"caption-attachment-48550\" class=\"wp-caption-text\">El diagn\u00f3stico temprano es clave para mejorar las tasas de supervivencia. Seg\u00fan el Insabi, el c\u00e1ncer de pr\u00f3stata es curable en el 85 % de los casos si se detecta en sus etapas iniciales.<\/figcaption><\/figure>\n<p><strong>\u00a0<\/strong><strong>Factores de riesgo<\/strong><\/p>\n<ul>\n<li>La edad<\/li>\n<li>Antecedentes de c\u00e1ncer de pr\u00f3stata en familiares cercanos<\/li>\n<li>Los afroamericanos tienen m\u00e1s probabilidades de presentarlo<\/li>\n<li>Consumo en exceso de carne roja y productos l\u00e1cteos<\/li>\n<li>Beber alcohol<\/li>\n<li>Fumar<\/li>\n<li>Obesidad o sobrepeso<\/li>\n<\/ul>\n<p><strong>\u00a0<\/strong><strong>S\u00edntomas<\/strong><\/p>\n<ul>\n<li>Flujo de orina d\u00e9bil o interrumpido<\/li>\n<li>Ganas repentinas de orinar y aumento de la frecuencia<\/li>\n<li>Dificultad para iniciar el flujo de orina y para vaciar la vejiga por completo<\/li>\n<li>Dolor o ardor al orinar<\/li>\n<li>Dificultad para tener una erecci\u00f3n<\/li>\n<li>Presencia de sangre en la orina o el semen<\/li>\n<li>Dolor de espalda, las caderas o la pelvis, que no desaparece<\/li>\n<\/ul>\n<p><strong>\u00a0<\/strong><strong>Prevenci\u00f3n<\/strong><\/p>\n<p>Al ser una enfermedad silenciosa en su fase inicial, se recomienda a los hombres mayores de 45 a\u00f1os realizarse anualmente el estudio de Ant\u00edgeno Prost\u00e1tico Espec\u00edfico y exploraci\u00f3n f\u00edsica.<\/p>\n<p>Si hay antecedentes en familiares con este tipo de c\u00e1ncer, los estudios se deben de realizar a partir de los 40 a\u00f1os.<\/p>\n\r\n                <style type=\"text\/css\">\r\n                    \r\n                    #tdi_1  .td-doubleSlider-2 .td-item1 {\r\n                        background: url(\/wp-content\/uploads\/sites\/5\/2025\/06\/IGSS-dia-Mundial-del-Cancer-de-Prostata-20254-80x60.jpg) 0 0 no-repeat;\r\n                    }\r\n                    #tdi_1  .td-doubleSlider-2 .td-item2 {\r\n                        background: url(\/wp-content\/uploads\/sites\/5\/2025\/06\/IGSS-dia-Mundial-del-Cancer-de-Prostata-20253-80x60.jpg) 0 0 no-repeat;\r\n                    }\r\n                    #tdi_1  .td-doubleSlider-2 .td-item3 {\r\n                        background: url(\/wp-content\/uploads\/sites\/5\/2025\/06\/IGSS-dia-Mundial-del-Cancer-de-Prostata-20251-80x60.png) 0 0 no-repeat;\r\n                    }\r\n                    #tdi_1  .td-doubleSlider-2 .td-item4 {\r\n                        background: url(\/wp-content\/uploads\/sites\/5\/2025\/06\/IGSS-dia-Mundial-del-Cancer-de-Prostata-20256-80x60.jpg) 0 0 no-repeat;\r\n                    }\r\n                <\/style>\r\n\r\n                <div id=\"tdi_1\" class=\"td-gallery td-slide-on-2-columns\">\r\n                    <div class=\"post_td_gallery\">\r\n                        <div class=\"td-gallery-slide-top\">\r\n                           <div class=\"td-gallery-title\">M\u00e1s im\u00e1genes:<\/div>\r\n\r\n                            <div class=\"td-gallery-controls-wrapper\">\r\n                                <div class=\"td-gallery-slide-count\"><span class=\"td-gallery-slide-item-focus\">1<\/span> de 4<\/div>\r\n                                <div class=\"td-gallery-slide-prev-next-but\">\r\n                                    <i class = \"td-icon-left doubleSliderPrevButton\"><\/i>\r\n                                    <i class = \"td-icon-right doubleSliderNextButton\"><\/i>\r\n                                <\/div>\r\n                            <\/div>\r\n                        <\/div>\r\n\r\n                        <div class = \"td-doubleSlider-1 \">\r\n                            <div class = \"td-slider\">\r\n                                \r\n                    <div class = \"td-slide-item td-item1\">\r\n                        <figure class=\"td-slide-galery-figure td-slide-popup-gallery\">\r\n                            <a class=\"slide-gallery-image-link\" href=\"\/wp-content\/uploads\/sites\/5\/2025\/06\/IGSS-dia-Mundial-del-Cancer-de-Prostata-20254.jpg\" title=\"IGSS dia Mundial del Cancer de Prostata 20254\"  data-caption=\"\"  data-description=\"\">\r\n                                <img decoding=\"async\" src=\"\/wp-content\/uploads\/sites\/5\/2025\/06\/IGSS-dia-Mundial-del-Cancer-de-Prostata-20254-619x420.jpg\" srcset=\"\/wp-content\/uploads\/sites\/5\/2025\/06\/IGSS-dia-Mundial-del-Cancer-de-Prostata-20254-619x420.jpg 619w, \/wp-content\/uploads\/sites\/5\/2025\/06\/IGSS-dia-Mundial-del-Cancer-de-Prostata-20254-300x203.jpg 300w, \/wp-content\/uploads\/sites\/5\/2025\/06\/IGSS-dia-Mundial-del-Cancer-de-Prostata-20254-1024x695.jpg 1024w, \/wp-content\/uploads\/sites\/5\/2025\/06\/IGSS-dia-Mundial-del-Cancer-de-Prostata-20254-768x521.jpg 768w, \/wp-content\/uploads\/sites\/5\/2025\/06\/IGSS-dia-Mundial-del-Cancer-de-Prostata-20254-696x472.jpg 696w, \/wp-content\/uploads\/sites\/5\/2025\/06\/IGSS-dia-Mundial-del-Cancer-de-Prostata-20254-1068x724.jpg 1068w, \/wp-content\/uploads\/sites\/5\/2025\/06\/IGSS-dia-Mundial-del-Cancer-de-Prostata-20254-534x362.jpg 534w, \/wp-content\/uploads\/sites\/5\/2025\/06\/IGSS-dia-Mundial-del-Cancer-de-Prostata-20254.jpg 1489w\" sizes=\"(max-width: 619px) 100vw, 619px\" alt=\"\">\r\n                            <\/a>\r\n                            \r\n                        <\/figure>\r\n                    <\/div>\r\n                    <div class = \"td-slide-item td-item2\">\r\n                        <figure class=\"td-slide-galery-figure td-slide-popup-gallery\">\r\n                            <a class=\"slide-gallery-image-link\" href=\"\/wp-content\/uploads\/sites\/5\/2025\/06\/IGSS-dia-Mundial-del-Cancer-de-Prostata-20253.jpg\" title=\"IGSS dia Mundial del Cancer de Prostata 20253\"  data-caption=\"\"  data-description=\"\">\r\n                                <img decoding=\"async\" src=\"\/wp-content\/uploads\/sites\/5\/2025\/06\/IGSS-dia-Mundial-del-Cancer-de-Prostata-20253-642x420.jpg\" srcset=\"\/wp-content\/uploads\/sites\/5\/2025\/06\/IGSS-dia-Mundial-del-Cancer-de-Prostata-20253-642x420.jpg 642w, \/wp-content\/uploads\/sites\/5\/2025\/06\/IGSS-dia-Mundial-del-Cancer-de-Prostata-20253-300x196.jpg 300w, \/wp-content\/uploads\/sites\/5\/2025\/06\/IGSS-dia-Mundial-del-Cancer-de-Prostata-20253-1024x669.jpg 1024w, \/wp-content\/uploads\/sites\/5\/2025\/06\/IGSS-dia-Mundial-del-Cancer-de-Prostata-20253-768x502.jpg 768w, \/wp-content\/uploads\/sites\/5\/2025\/06\/IGSS-dia-Mundial-del-Cancer-de-Prostata-20253-1536x1004.jpg 1536w, \/wp-content\/uploads\/sites\/5\/2025\/06\/IGSS-dia-Mundial-del-Cancer-de-Prostata-20253-696x455.jpg 696w, \/wp-content\/uploads\/sites\/5\/2025\/06\/IGSS-dia-Mundial-del-Cancer-de-Prostata-20253-1068x698.jpg 1068w, \/wp-content\/uploads\/sites\/5\/2025\/06\/IGSS-dia-Mundial-del-Cancer-de-Prostata-20253-534x349.jpg 534w, \/wp-content\/uploads\/sites\/5\/2025\/06\/IGSS-dia-Mundial-del-Cancer-de-Prostata-20253-741x486.jpg 741w, \/wp-content\/uploads\/sites\/5\/2025\/06\/IGSS-dia-Mundial-del-Cancer-de-Prostata-20253.jpg 1600w\" sizes=\"(max-width: 642px) 100vw, 642px\" alt=\"\">\r\n                            <\/a>\r\n                            \r\n                        <\/figure>\r\n                    <\/div>\r\n                    <div class = \"td-slide-item td-item3\">\r\n                        <figure class=\"td-slide-galery-figure td-slide-popup-gallery\">\r\n                            <a class=\"slide-gallery-image-link\" href=\"\/wp-content\/uploads\/sites\/5\/2025\/06\/IGSS-dia-Mundial-del-Cancer-de-Prostata-20251.png\" title=\"IGSS dia Mundial del Cancer de Prostata 20251\"  data-caption=\"\"  data-description=\"\">\r\n                                <img decoding=\"async\" src=\"\/wp-content\/uploads\/sites\/5\/2025\/06\/IGSS-dia-Mundial-del-Cancer-de-Prostata-20251-767x420.png\" srcset=\"\/wp-content\/uploads\/sites\/5\/2025\/06\/IGSS-dia-Mundial-del-Cancer-de-Prostata-20251-767x420.png 767w, \/wp-content\/uploads\/sites\/5\/2025\/06\/IGSS-dia-Mundial-del-Cancer-de-Prostata-20251-300x164.png 300w, \/wp-content\/uploads\/sites\/5\/2025\/06\/IGSS-dia-Mundial-del-Cancer-de-Prostata-20251-1024x560.png 1024w, \/wp-content\/uploads\/sites\/5\/2025\/06\/IGSS-dia-Mundial-del-Cancer-de-Prostata-20251-768x420.png 768w, \/wp-content\/uploads\/sites\/5\/2025\/06\/IGSS-dia-Mundial-del-Cancer-de-Prostata-20251-1536x841.png 1536w, \/wp-content\/uploads\/sites\/5\/2025\/06\/IGSS-dia-Mundial-del-Cancer-de-Prostata-20251-2048x1121.png 2048w, \/wp-content\/uploads\/sites\/5\/2025\/06\/IGSS-dia-Mundial-del-Cancer-de-Prostata-20251-696x381.png 696w, \/wp-content\/uploads\/sites\/5\/2025\/06\/IGSS-dia-Mundial-del-Cancer-de-Prostata-20251-1068x585.png 1068w, \/wp-content\/uploads\/sites\/5\/2025\/06\/IGSS-dia-Mundial-del-Cancer-de-Prostata-20251-1920x1051.png 1920w, \/wp-content\/uploads\/sites\/5\/2025\/06\/IGSS-dia-Mundial-del-Cancer-de-Prostata-20251-534x292.png 534w\" sizes=\"(max-width: 767px) 100vw, 767px\" alt=\"\">\r\n                            <\/a>\r\n                            \r\n                        <\/figure>\r\n                    <\/div>\r\n                    <div class = \"td-slide-item td-item4\">\r\n                        <figure class=\"td-slide-galery-figure td-slide-popup-gallery\">\r\n                            <a class=\"slide-gallery-image-link\" href=\"\/wp-content\/uploads\/sites\/5\/2025\/06\/IGSS-dia-Mundial-del-Cancer-de-Prostata-20256.jpg\" title=\"IGSS dia Mundial del Cancer de Prostata 20256\"  data-caption=\"\"  data-description=\"\">\r\n                                <img decoding=\"async\" src=\"\/wp-content\/uploads\/sites\/5\/2025\/06\/IGSS-dia-Mundial-del-Cancer-de-Prostata-20256-612x420.jpg\" srcset=\"\/wp-content\/uploads\/sites\/5\/2025\/06\/IGSS-dia-Mundial-del-Cancer-de-Prostata-20256-612x420.jpg 612w, \/wp-content\/uploads\/sites\/5\/2025\/06\/IGSS-dia-Mundial-del-Cancer-de-Prostata-20256-300x206.jpg 300w, \/wp-content\/uploads\/sites\/5\/2025\/06\/IGSS-dia-Mundial-del-Cancer-de-Prostata-20256-1024x703.jpg 1024w, \/wp-content\/uploads\/sites\/5\/2025\/06\/IGSS-dia-Mundial-del-Cancer-de-Prostata-20256-768x527.jpg 768w, \/wp-content\/uploads\/sites\/5\/2025\/06\/IGSS-dia-Mundial-del-Cancer-de-Prostata-20256-218x150.jpg 218w, \/wp-content\/uploads\/sites\/5\/2025\/06\/IGSS-dia-Mundial-del-Cancer-de-Prostata-20256-696x477.jpg 696w, \/wp-content\/uploads\/sites\/5\/2025\/06\/IGSS-dia-Mundial-del-Cancer-de-Prostata-20256-1068x733.jpg 1068w, \/wp-content\/uploads\/sites\/5\/2025\/06\/IGSS-dia-Mundial-del-Cancer-de-Prostata-20256-100x70.jpg 100w, \/wp-content\/uploads\/sites\/5\/2025\/06\/IGSS-dia-Mundial-del-Cancer-de-Prostata-20256-534x366.jpg 534w, \/wp-content\/uploads\/sites\/5\/2025\/06\/IGSS-dia-Mundial-del-Cancer-de-Prostata-20256.jpg 1376w\" sizes=\"(max-width: 612px) 100vw, 612px\" alt=\"\">\r\n                            <\/a>\r\n                            \r\n                        <\/figure>\r\n                    <\/div>\r\n                            <\/div>\r\n                        <\/div>\r\n\r\n                        <div class = \"td-doubleSlider-2\">\r\n                            <div class = \"td-slider\">\r\n                                \r\n                    <div class = \"td-button td-item1\">\r\n                        <div class = \"td-border\"><\/div>\r\n                    <\/div>\r\n                    <div class = \"td-button td-item2\">\r\n                        <div class = \"td-border\"><\/div>\r\n                    <\/div>\r\n                    <div class = \"td-button td-item3\">\r\n                        <div class = \"td-border\"><\/div>\r\n                    <\/div>\r\n                    <div class = \"td-button td-item4\">\r\n                        <div class = \"td-border\"><\/div>\r\n                    <\/div>\r\n                            <\/div>\r\n                        <\/div>\r\n\r\n                    <\/div>\r\n\r\n                <\/div>\r\n                \n<p>\u00a0<\/p>\n","protected":false},"excerpt":{"rendered":"<p>La pr\u00f3stata es una gl\u00e1ndula que conforma el sistema reproductor masculino y tambi\u00e9n pertenece al sistema urinario. Tiene forma de nuez y se ubica debajo de la vejiga, delante del recto y rodea la uretra. Una de sus funciones es segregar el l\u00edquido seminal, que nutre y transporta el esperma. Cuando las c\u00e9lulas de esta [&hellip;]<\/p>\n","protected":false},"author":3269,"featured_media":48548,"comment_status":"closed","ping_status":"closed","sticky":false,"template":"","format":"standard","meta":{"footnotes":""},"categories":[3,4,1130,22,1291,27,33],"tags":[2218,490,678],"coauthors":[],"class_list":{"0":"post-48547","1":"post","2":"type-post","3":"status-publish","4":"format-standard","5":"has-post-thumbnail","7":"category-actualidad","8":"category-afiliados","9":"category-consejos-medicos","10":"category-opsoms","11":"category-prestaciones-en-salud","12":"category-prevencion-en-salud","13":"category-servicios-de-salud","14":"tag-dia-mundial-del-cancer-de-prostata","15":"tag-igss","16":"tag-opsoms"},"_links":{"self":[{"href":"https:\/\/www.igssgt.org\/noticias\/wp-json\/wp\/v2\/posts\/48547","targetHints":{"allow":["GET"]}}],"collection":[{"href":"https:\/\/www.igssgt.org\/noticias\/wp-json\/wp\/v2\/posts"}],"about":[{"href":"https:\/\/www.igssgt.org\/noticias\/wp-json\/wp\/v2\/types\/post"}],"author":[{"embeddable":true,"href":"https:\/\/www.igssgt.org\/noticias\/wp-json\/wp\/v2\/users\/3269"}],"replies":[{"embeddable":true,"href":"https:\/\/www.igssgt.org\/noticias\/wp-json\/wp\/v2\/comments?post=48547"}],"version-history":[{"count":2,"href":"https:\/\/www.igssgt.org\/noticias\/wp-json\/wp\/v2\/posts\/48547\/revisions"}],"predecessor-version":[{"id":48589,"href":"https:\/\/www.igssgt.org\/noticias\/wp-json\/wp\/v2\/posts\/48547\/revisions\/48589"}],"wp:featuredmedia":[{"embeddable":true,"href":"https:\/\/www.igssgt.org\/noticias\/wp-json\/wp\/v2\/media\/48548"}],"wp:attachment":[{"href":"https:\/\/www.igssgt.org\/noticias\/wp-json\/wp\/v2\/media?parent=48547"}],"wp:term":[{"taxonomy":"category","embeddable":true,"href":"https:\/\/www.igssgt.org\/noticias\/wp-json\/wp\/v2\/categories?post=48547"},{"taxonomy":"post_tag","embeddable":true,"href":"https:\/\/www.igssgt.org\/noticias\/wp-json\/wp\/v2\/tags?post=48547"},{"taxonomy":"author","embeddable":true,"href":"https:\/\/www.igssgt.org\/noticias\/wp-json\/wp\/v2\/coauthors?post=48547"}],"curies":[{"name":"wp","href":"https:\/\/api.w.org\/{rel}","templated":true}]}}