{"id":4863,"date":"2018-05-08T18:14:25","date_gmt":"2018-05-09T00:14:25","guid":{"rendered":"http:\/\/noticias.igssgt.org\/?p=4863"},"modified":"2018-05-08T18:14:25","modified_gmt":"2018-05-09T00:14:25","slug":"trabajadores-de-empresas-reciben-capacitacion-sobre-seguridad-ocupacional","status":"publish","type":"post","link":"https:\/\/www.igssgt.org\/noticias\/2018\/05\/08\/trabajadores-de-empresas-reciben-capacitacion-sobre-seguridad-ocupacional\/","title":{"rendered":"Trabajadores de empresas reciben capacitaci\u00f3n sobre seguridad ocupacional"},"content":{"rendered":"<div class=\"_1mf _1mj\" data-offset-key=\"7qv2n-0-0\"><a href=\"\/noticias\/wp-content\/uploads\/sites\/5\/2018\/05\/Capacitacion-empresas-seguridad-ocupacional-igss-2018-1.jpg\"><img loading=\"lazy\" decoding=\"async\" class=\"alignnone size-full wp-image-4864\" src=\"\/noticias\/wp-content\/uploads\/sites\/5\/2018\/05\/Capacitacion-empresas-seguridad-ocupacional-igss-2018-1.jpg\" alt=\"\" width=\"1992\" height=\"1328\" srcset=\"\/wp-content\/uploads\/sites\/5\/2018\/05\/Capacitacion-empresas-seguridad-ocupacional-igss-2018-1.jpg 1992w, \/wp-content\/uploads\/sites\/5\/2018\/05\/Capacitacion-empresas-seguridad-ocupacional-igss-2018-1-1536x1024.jpg 1536w, \/wp-content\/uploads\/sites\/5\/2018\/05\/Capacitacion-empresas-seguridad-ocupacional-igss-2018-1-300x200.jpg 300w, \/wp-content\/uploads\/sites\/5\/2018\/05\/Capacitacion-empresas-seguridad-ocupacional-igss-2018-1-768x512.jpg 768w, \/wp-content\/uploads\/sites\/5\/2018\/05\/Capacitacion-empresas-seguridad-ocupacional-igss-2018-1-1024x683.jpg 1024w, \/wp-content\/uploads\/sites\/5\/2018\/05\/Capacitacion-empresas-seguridad-ocupacional-igss-2018-1-630x420.jpg 630w, \/wp-content\/uploads\/sites\/5\/2018\/05\/Capacitacion-empresas-seguridad-ocupacional-igss-2018-1-696x464.jpg 696w, \/wp-content\/uploads\/sites\/5\/2018\/05\/Capacitacion-empresas-seguridad-ocupacional-igss-2018-1-1068x712.jpg 1068w, \/wp-content\/uploads\/sites\/5\/2018\/05\/Capacitacion-empresas-seguridad-ocupacional-igss-2018-1-534x356.jpg 534w, \/wp-content\/uploads\/sites\/5\/2018\/05\/Capacitacion-empresas-seguridad-ocupacional-igss-2018-1-1920x1280.jpg 1920w\" sizes=\"auto, (max-width: 1992px) 100vw, 1992px\" \/><\/a><\/div>\n<div class=\"_1mf _1mj\" data-offset-key=\"7qv2n-0-0\"><\/div>\n<div class=\"\" data-block=\"true\" data-editor=\"2jbcf\" data-offset-key=\"7qv2n-0-0\">\n<div class=\"_1mf _1mj\" data-offset-key=\"7qv2n-0-0\"><span data-offset-key=\"3k7tu-0-0\">Para prevenir accidentes laborales, el Instituto Guatemalteco de Seguridad Social <\/span><span class=\"_5zk7\" data-offset-key=\"3k7tu-1-0\"><span data-offset-key=\"3k7tu-1-0\">#IGSS<\/span><\/span><span data-offset-key=\"3k7tu-2-0\"> ha capacitado a 1,853 empleados del sector privado sobre seguridad ocupacional, primeros auxilios y uso adecuado del botiqu\u00edn de emergencias.<\/span><\/div>\n<\/div>\n<div class=\"\" data-block=\"true\" data-editor=\"2jbcf\" data-offset-key=\"3m11k-0-0\">\n<div class=\"_1mf _1mj\" data-offset-key=\"3m11k-0-0\"><span data-offset-key=\"3m11k-0-0\">\u00a0<\/span><\/div>\n<\/div>\n<div class=\"\" data-block=\"true\" data-editor=\"2jbcf\" data-offset-key=\"8lh40-0-0\">\n<div class=\"_1mf _1mj\" data-offset-key=\"8lh40-0-0\"><span data-offset-key=\"8lh40-0-0\">El doctor Mynor Mej\u00eda, jefe de la Secci\u00f3n de Seguridad e Higiene y Prevenci\u00f3n de Accidentes, indic\u00f3 que el Reglamento de Salud y Seguridad Ocupacional establece que los patronos deben disponer de un plan de prevenci\u00f3n de riesgos laborales autorizado por el Departamento de Salud y Seguridad Ocupacional del Ministerio de Trabajo y Previsi\u00f3n Social o por la Secci\u00f3n de Seguridad del IGSS.<\/span><\/div>\n<\/div>\n<div class=\"\" data-block=\"true\" data-editor=\"2jbcf\" data-offset-key=\"25po8-0-0\">\n<div class=\"_1mf _1mj\" data-offset-key=\"25po8-0-0\"><span data-offset-key=\"25po8-0-0\">\u00a0<\/span><\/div>\n<\/div>\n<div class=\"\" data-block=\"true\" data-editor=\"2jbcf\" data-offset-key=\"cmmac-0-0\">\n<div class=\"_1mf _1mj\" data-offset-key=\"cmmac-0-0\"><span data-offset-key=\"cmmac-0-0\">\u201cAsimismo, deben disponer de una persona capacitada por el Instituto sobre salud y seguridad ocupacional, en primeros auxilios y uso del botiqu\u00edn, y disponer de un botiqu\u00edn port\u00e1til y accesible, de conformidad con la normativa vigente, establecida en ese reglamento\u201d, explic\u00f3 el doctor Mej\u00eda.<\/span><\/div>\n<\/div>\n<div class=\"\" data-block=\"true\" data-editor=\"2jbcf\" data-offset-key=\"o50j-0-0\">\n<div class=\"_1mf _1mj\" data-offset-key=\"o50j-0-0\"><span data-offset-key=\"o50j-0-0\">\u00a0<\/span><\/div>\n<\/div>\n<div class=\"\" data-block=\"true\" data-editor=\"2jbcf\" data-offset-key=\"fkmr0-0-0\">\n<div class=\"_1mf _1mj\" data-offset-key=\"fkmr0-0-0\"><span data-offset-key=\"fkmr0-0-0\">La Secci\u00f3n de Seguridad e Higiene para cumplir con esa normativa desde el a\u00f1o 2016 ha contribuido en la formaci\u00f3n de los trabajadores en materia de salud y seguridad ocupacional (SSO). En 2017 se adiestr\u00f3 a 3,694 trabajadores de 95 empresas afiliadas al Instituto y se espera que para este a\u00f1o la cifra se incremente en un 10%. Las capacitaciones se imparten permanentemente en el audit\u00f3rium Autonom\u00eda, ubicado en el edificio central del IGSS.<\/span><\/div>\n<\/div>\n<div class=\"\" data-block=\"true\" data-editor=\"2jbcf\" data-offset-key=\"delkm-0-0\">\n<div class=\"_1mf _1mj\" data-offset-key=\"delkm-0-0\"><span data-offset-key=\"delkm-0-0\">\u00a0<\/span><\/div>\n<\/div>\n<div class=\"\" data-block=\"true\" data-editor=\"2jbcf\" data-offset-key=\"3cg4e-0-0\">\n<div class=\"_1mf _1mj\" data-offset-key=\"3cg4e-0-0\"><span data-offset-key=\"3cg4e-0-0\">Entre los temas que reciben los participantes est\u00e1n: salud y seguridad ocupacional, seguridad industrial, higiene industrial, responsabilidades del monitor de SSO, m\u00e9todo de valoraci\u00f3n de riesgos. Asimismo, evaluaci\u00f3n de la escena, evaluaci\u00f3n primaria, evaluaci\u00f3n secundaria, shock, hemorragias y heridas, quemaduras, fracturas y resucitaci\u00f3n cardiopulmonar (RCP), entre otros.<\/span><\/div>\n<\/div>\n<div class=\"\" data-block=\"true\" data-editor=\"2jbcf\" data-offset-key=\"ffqbg-0-0\">\n<div class=\"_1mf _1mj\" data-offset-key=\"ffqbg-0-0\"><span data-offset-key=\"ffqbg-0-0\">\u00a0<\/span><\/div>\n<\/div>\n<div class=\"\" data-block=\"true\" data-editor=\"2jbcf\" data-offset-key=\"5ntvu-0-0\">\n<div class=\"_1mf _1mj\" data-offset-key=\"5ntvu-0-0\">\n\r\n                <style type=\"text\/css\">\r\n                    \r\n                    #tdi_1  .td-doubleSlider-2 .td-item1 {\r\n                        background: url(\/wp-content\/uploads\/sites\/5\/2018\/05\/Capacitacion-empresas-seguridad-ocupacional-igss-2018-2-80x60.jpg) 0 0 no-repeat;\r\n                    }\r\n                    #tdi_1  .td-doubleSlider-2 .td-item2 {\r\n                        background: url(\/wp-content\/uploads\/sites\/5\/2018\/05\/Capacitacion-empresas-seguridad-ocupacional-igss-2018-3-80x60.jpg) 0 0 no-repeat;\r\n                    }\r\n                    #tdi_1  .td-doubleSlider-2 .td-item3 {\r\n                        background: url(\/wp-content\/uploads\/sites\/5\/2018\/05\/Capacitacion-empresas-seguridad-ocupacional-igss-2018-4-80x60.jpg) 0 0 no-repeat;\r\n                    }\r\n                    #tdi_1  .td-doubleSlider-2 .td-item4 {\r\n                        background: url(\/wp-content\/uploads\/sites\/5\/2018\/05\/Capacitacion-empresas-seguridad-ocupacional-igss-2018-1-80x60.jpg) 0 0 no-repeat;\r\n                    }\r\n                    #tdi_1  .td-doubleSlider-2 .td-item5 {\r\n                        background: url(\/wp-content\/uploads\/sites\/5\/2018\/05\/Capacitacion-empresas-seguridad-ocupacional-igss-2018-5-80x60.jpg) 0 0 no-repeat;\r\n                    }\r\n                    #tdi_1  .td-doubleSlider-2 .td-item6 {\r\n                        background: url(\/wp-content\/uploads\/sites\/5\/2018\/05\/Capacitacion-empresas-seguridad-ocupacional-igss-2018-6-80x60.jpg) 0 0 no-repeat;\r\n                    }\r\n                    #tdi_1  .td-doubleSlider-2 .td-item7 {\r\n                        background: url(\/wp-content\/uploads\/sites\/5\/2018\/05\/Capacitacion-empresas-seguridad-ocupacional-igss-2018-7-80x60.jpg) 0 0 no-repeat;\r\n                    }\r\n                    #tdi_1  .td-doubleSlider-2 .td-item8 {\r\n                        background: url(\/wp-content\/uploads\/sites\/5\/2018\/05\/Capacitacion-empresas-seguridad-ocupacional-igss-2018-8-80x60.jpg) 0 0 no-repeat;\r\n                    }\r\n                    #tdi_1  .td-doubleSlider-2 .td-item9 {\r\n                        background: url(\/wp-content\/uploads\/sites\/5\/2018\/05\/Capacitacion-empresas-seguridad-ocupacional-igss-2018-9-80x60.jpg) 0 0 no-repeat;\r\n                    }\r\n                    #tdi_1  .td-doubleSlider-2 .td-item10 {\r\n                        background: url(\/wp-content\/uploads\/sites\/5\/2018\/05\/Capacitacion-empresas-seguridad-ocupacional-igss-2018-10-80x60.jpg) 0 0 no-repeat;\r\n                    }\r\n                    #tdi_1  .td-doubleSlider-2 .td-item11 {\r\n                        background: url(\/wp-content\/uploads\/sites\/5\/2018\/05\/Capacitacion-empresas-seguridad-ocupacional-igss-2018-11-80x60.jpg) 0 0 no-repeat;\r\n                    }\r\n                    #tdi_1  .td-doubleSlider-2 .td-item12 {\r\n                        background: url(\/wp-content\/uploads\/sites\/5\/2018\/05\/Capacitacion-empresas-seguridad-ocupacional-igss-2018-12-80x60.jpg) 0 0 no-repeat;\r\n                    }\r\n                    #tdi_1  .td-doubleSlider-2 .td-item13 {\r\n                        background: url(\/wp-content\/uploads\/sites\/5\/2018\/05\/Capacitacion-empresas-seguridad-ocupacional-igss-2018-13-80x60.jpg) 0 0 no-repeat;\r\n                    }\r\n                    #tdi_1  .td-doubleSlider-2 .td-item14 {\r\n                        background: url(\/wp-content\/uploads\/sites\/5\/2018\/05\/Capacitacion-empresas-seguridad-ocupacional-igss-2018-14-80x60.jpg) 0 0 no-repeat;\r\n                    }\r\n                    #tdi_1  .td-doubleSlider-2 .td-item15 {\r\n                        background: url(\/wp-content\/uploads\/sites\/5\/2018\/05\/Capacitacion-empresas-seguridad-ocupacional-igss-2018-15-80x60.jpg) 0 0 no-repeat;\r\n                    }\r\n                    #tdi_1  .td-doubleSlider-2 .td-item16 {\r\n                        background: url(\/wp-content\/uploads\/sites\/5\/2018\/05\/Capacitacion-empresas-seguridad-ocupacional-igss-2018-16-80x60.jpg) 0 0 no-repeat;\r\n                    }\r\n                <\/style>\r\n\r\n                <div id=\"tdi_1\" class=\"td-gallery td-slide-on-2-columns\">\r\n                    <div class=\"post_td_gallery\">\r\n                        <div class=\"td-gallery-slide-top\">\r\n                           <div class=\"td-gallery-title\">Galer\u00eda de Im\u00e1genes<\/div>\r\n\r\n                            <div class=\"td-gallery-controls-wrapper\">\r\n                                <div class=\"td-gallery-slide-count\"><span class=\"td-gallery-slide-item-focus\">1<\/span> de 16<\/div>\r\n                                <div class=\"td-gallery-slide-prev-next-but\">\r\n                                    <i class = \"td-icon-left doubleSliderPrevButton\"><\/i>\r\n                                    <i class = \"td-icon-right doubleSliderNextButton\"><\/i>\r\n                                <\/div>\r\n                            <\/div>\r\n                        <\/div>\r\n\r\n                        <div class = \"td-doubleSlider-1 \">\r\n                            <div class = \"td-slider\">\r\n                                \r\n                    <div class = \"td-slide-item td-item1\">\r\n                        <figure class=\"td-slide-galery-figure td-slide-popup-gallery\">\r\n                            <a class=\"slide-gallery-image-link\" href=\"\/wp-content\/uploads\/sites\/5\/2018\/05\/Capacitacion-empresas-seguridad-ocupacional-igss-2018-2.jpg\" title=\"Capacitacion empresas seguridad ocupacional igss 2018-2\"  data-caption=\"\"  data-description=\"\">\r\n                                <img decoding=\"async\" src=\"\/wp-content\/uploads\/sites\/5\/2018\/05\/Capacitacion-empresas-seguridad-ocupacional-igss-2018-2-630x420.jpg\" srcset=\"\/wp-content\/uploads\/sites\/5\/2018\/05\/Capacitacion-empresas-seguridad-ocupacional-igss-2018-2-630x420.jpg 630w, \/wp-content\/uploads\/sites\/5\/2018\/05\/Capacitacion-empresas-seguridad-ocupacional-igss-2018-2-1536x1024.jpg 1536w, \/wp-content\/uploads\/sites\/5\/2018\/05\/Capacitacion-empresas-seguridad-ocupacional-igss-2018-2-300x200.jpg 300w, \/wp-content\/uploads\/sites\/5\/2018\/05\/Capacitacion-empresas-seguridad-ocupacional-igss-2018-2-768x512.jpg 768w, \/wp-content\/uploads\/sites\/5\/2018\/05\/Capacitacion-empresas-seguridad-ocupacional-igss-2018-2-1024x683.jpg 1024w, \/wp-content\/uploads\/sites\/5\/2018\/05\/Capacitacion-empresas-seguridad-ocupacional-igss-2018-2-696x464.jpg 696w, \/wp-content\/uploads\/sites\/5\/2018\/05\/Capacitacion-empresas-seguridad-ocupacional-igss-2018-2-1068x712.jpg 1068w, \/wp-content\/uploads\/sites\/5\/2018\/05\/Capacitacion-empresas-seguridad-ocupacional-igss-2018-2-534x356.jpg 534w, \/wp-content\/uploads\/sites\/5\/2018\/05\/Capacitacion-empresas-seguridad-ocupacional-igss-2018-2.jpg 1860w\" sizes=\"(max-width: 630px) 100vw, 630px\" alt=\"\">\r\n                            <\/a>\r\n                            \r\n                        <\/figure>\r\n                    <\/div>\r\n                    <div class = \"td-slide-item td-item2\">\r\n                        <figure class=\"td-slide-galery-figure td-slide-popup-gallery\">\r\n                            <a class=\"slide-gallery-image-link\" href=\"\/wp-content\/uploads\/sites\/5\/2018\/05\/Capacitacion-empresas-seguridad-ocupacional-igss-2018-3.jpg\" title=\"Capacitacion empresas seguridad ocupacional igss 2018-3\"  data-caption=\"\"  data-description=\"\">\r\n                                <img decoding=\"async\" src=\"\/wp-content\/uploads\/sites\/5\/2018\/05\/Capacitacion-empresas-seguridad-ocupacional-igss-2018-3-630x420.jpg\" srcset=\"\/wp-content\/uploads\/sites\/5\/2018\/05\/Capacitacion-empresas-seguridad-ocupacional-igss-2018-3-630x420.jpg 630w, \/wp-content\/uploads\/sites\/5\/2018\/05\/Capacitacion-empresas-seguridad-ocupacional-igss-2018-3-1536x1024.jpg 1536w, \/wp-content\/uploads\/sites\/5\/2018\/05\/Capacitacion-empresas-seguridad-ocupacional-igss-2018-3-300x200.jpg 300w, \/wp-content\/uploads\/sites\/5\/2018\/05\/Capacitacion-empresas-seguridad-ocupacional-igss-2018-3-768x512.jpg 768w, \/wp-content\/uploads\/sites\/5\/2018\/05\/Capacitacion-empresas-seguridad-ocupacional-igss-2018-3-1024x683.jpg 1024w, \/wp-content\/uploads\/sites\/5\/2018\/05\/Capacitacion-empresas-seguridad-ocupacional-igss-2018-3-696x464.jpg 696w, \/wp-content\/uploads\/sites\/5\/2018\/05\/Capacitacion-empresas-seguridad-ocupacional-igss-2018-3-1068x712.jpg 1068w, \/wp-content\/uploads\/sites\/5\/2018\/05\/Capacitacion-empresas-seguridad-ocupacional-igss-2018-3-534x356.jpg 534w, \/wp-content\/uploads\/sites\/5\/2018\/05\/Capacitacion-empresas-seguridad-ocupacional-igss-2018-3-1920x1280.jpg 1920w, \/wp-content\/uploads\/sites\/5\/2018\/05\/Capacitacion-empresas-seguridad-ocupacional-igss-2018-3.jpg 1992w\" sizes=\"(max-width: 630px) 100vw, 630px\" alt=\"\">\r\n                            <\/a>\r\n                            \r\n                        <\/figure>\r\n                    <\/div>\r\n                    <div class = \"td-slide-item td-item3\">\r\n                        <figure class=\"td-slide-galery-figure td-slide-popup-gallery\">\r\n                            <a class=\"slide-gallery-image-link\" href=\"\/wp-content\/uploads\/sites\/5\/2018\/05\/Capacitacion-empresas-seguridad-ocupacional-igss-2018-4.jpg\" title=\"Capacitacion empresas seguridad ocupacional igss 2018-4\"  data-caption=\"\"  data-description=\"\">\r\n                                <img decoding=\"async\" src=\"\/wp-content\/uploads\/sites\/5\/2018\/05\/Capacitacion-empresas-seguridad-ocupacional-igss-2018-4-630x420.jpg\" srcset=\"\/wp-content\/uploads\/sites\/5\/2018\/05\/Capacitacion-empresas-seguridad-ocupacional-igss-2018-4-630x420.jpg 630w, \/wp-content\/uploads\/sites\/5\/2018\/05\/Capacitacion-empresas-seguridad-ocupacional-igss-2018-4-1536x1024.jpg 1536w, \/wp-content\/uploads\/sites\/5\/2018\/05\/Capacitacion-empresas-seguridad-ocupacional-igss-2018-4-300x200.jpg 300w, \/wp-content\/uploads\/sites\/5\/2018\/05\/Capacitacion-empresas-seguridad-ocupacional-igss-2018-4-768x512.jpg 768w, \/wp-content\/uploads\/sites\/5\/2018\/05\/Capacitacion-empresas-seguridad-ocupacional-igss-2018-4-1024x683.jpg 1024w, \/wp-content\/uploads\/sites\/5\/2018\/05\/Capacitacion-empresas-seguridad-ocupacional-igss-2018-4-696x464.jpg 696w, \/wp-content\/uploads\/sites\/5\/2018\/05\/Capacitacion-empresas-seguridad-ocupacional-igss-2018-4-1068x712.jpg 1068w, \/wp-content\/uploads\/sites\/5\/2018\/05\/Capacitacion-empresas-seguridad-ocupacional-igss-2018-4-534x356.jpg 534w, \/wp-content\/uploads\/sites\/5\/2018\/05\/Capacitacion-empresas-seguridad-ocupacional-igss-2018-4.jpg 1860w\" sizes=\"(max-width: 630px) 100vw, 630px\" alt=\"\">\r\n                            <\/a>\r\n                            \r\n                        <\/figure>\r\n                    <\/div>\r\n                    <div class = \"td-slide-item td-item4\">\r\n                        <figure class=\"td-slide-galery-figure td-slide-popup-gallery\">\r\n                            <a class=\"slide-gallery-image-link\" href=\"\/wp-content\/uploads\/sites\/5\/2018\/05\/Capacitacion-empresas-seguridad-ocupacional-igss-2018-1.jpg\" title=\"Capacitacion empresas seguridad ocupacional igss 2018-1\"  data-caption=\"\"  data-description=\"\">\r\n                                <img decoding=\"async\" src=\"\/wp-content\/uploads\/sites\/5\/2018\/05\/Capacitacion-empresas-seguridad-ocupacional-igss-2018-1-630x420.jpg\" srcset=\"\/wp-content\/uploads\/sites\/5\/2018\/05\/Capacitacion-empresas-seguridad-ocupacional-igss-2018-1-630x420.jpg 630w, \/wp-content\/uploads\/sites\/5\/2018\/05\/Capacitacion-empresas-seguridad-ocupacional-igss-2018-1-1536x1024.jpg 1536w, \/wp-content\/uploads\/sites\/5\/2018\/05\/Capacitacion-empresas-seguridad-ocupacional-igss-2018-1-300x200.jpg 300w, \/wp-content\/uploads\/sites\/5\/2018\/05\/Capacitacion-empresas-seguridad-ocupacional-igss-2018-1-768x512.jpg 768w, \/wp-content\/uploads\/sites\/5\/2018\/05\/Capacitacion-empresas-seguridad-ocupacional-igss-2018-1-1024x683.jpg 1024w, \/wp-content\/uploads\/sites\/5\/2018\/05\/Capacitacion-empresas-seguridad-ocupacional-igss-2018-1-696x464.jpg 696w, \/wp-content\/uploads\/sites\/5\/2018\/05\/Capacitacion-empresas-seguridad-ocupacional-igss-2018-1-1068x712.jpg 1068w, \/wp-content\/uploads\/sites\/5\/2018\/05\/Capacitacion-empresas-seguridad-ocupacional-igss-2018-1-534x356.jpg 534w, \/wp-content\/uploads\/sites\/5\/2018\/05\/Capacitacion-empresas-seguridad-ocupacional-igss-2018-1-1920x1280.jpg 1920w, \/wp-content\/uploads\/sites\/5\/2018\/05\/Capacitacion-empresas-seguridad-ocupacional-igss-2018-1.jpg 1992w\" sizes=\"(max-width: 630px) 100vw, 630px\" alt=\"\">\r\n                            <\/a>\r\n                            \r\n                        <\/figure>\r\n                    <\/div>\r\n                    <div class = \"td-slide-item td-item5\">\r\n                        <figure class=\"td-slide-galery-figure td-slide-popup-gallery\">\r\n                            <a class=\"slide-gallery-image-link\" href=\"\/wp-content\/uploads\/sites\/5\/2018\/05\/Capacitacion-empresas-seguridad-ocupacional-igss-2018-5.jpg\" title=\"Capacitacion empresas seguridad ocupacional igss 2018-5\"  data-caption=\"\"  data-description=\"\">\r\n                                <img decoding=\"async\" src=\"\/wp-content\/uploads\/sites\/5\/2018\/05\/Capacitacion-empresas-seguridad-ocupacional-igss-2018-5-630x420.jpg\" srcset=\"\/wp-content\/uploads\/sites\/5\/2018\/05\/Capacitacion-empresas-seguridad-ocupacional-igss-2018-5-630x420.jpg 630w, \/wp-content\/uploads\/sites\/5\/2018\/05\/Capacitacion-empresas-seguridad-ocupacional-igss-2018-5-1536x1024.jpg 1536w, \/wp-content\/uploads\/sites\/5\/2018\/05\/Capacitacion-empresas-seguridad-ocupacional-igss-2018-5-300x200.jpg 300w, \/wp-content\/uploads\/sites\/5\/2018\/05\/Capacitacion-empresas-seguridad-ocupacional-igss-2018-5-768x512.jpg 768w, \/wp-content\/uploads\/sites\/5\/2018\/05\/Capacitacion-empresas-seguridad-ocupacional-igss-2018-5-1024x683.jpg 1024w, \/wp-content\/uploads\/sites\/5\/2018\/05\/Capacitacion-empresas-seguridad-ocupacional-igss-2018-5-696x464.jpg 696w, \/wp-content\/uploads\/sites\/5\/2018\/05\/Capacitacion-empresas-seguridad-ocupacional-igss-2018-5-1068x712.jpg 1068w, \/wp-content\/uploads\/sites\/5\/2018\/05\/Capacitacion-empresas-seguridad-ocupacional-igss-2018-5-534x356.jpg 534w, \/wp-content\/uploads\/sites\/5\/2018\/05\/Capacitacion-empresas-seguridad-ocupacional-igss-2018-5-1920x1280.jpg 1920w, \/wp-content\/uploads\/sites\/5\/2018\/05\/Capacitacion-empresas-seguridad-ocupacional-igss-2018-5.jpg 1992w\" sizes=\"(max-width: 630px) 100vw, 630px\" alt=\"\">\r\n                            <\/a>\r\n                            \r\n                        <\/figure>\r\n                    <\/div>\r\n                    <div class = \"td-slide-item td-item6\">\r\n                        <figure class=\"td-slide-galery-figure td-slide-popup-gallery\">\r\n                            <a class=\"slide-gallery-image-link\" href=\"\/wp-content\/uploads\/sites\/5\/2018\/05\/Capacitacion-empresas-seguridad-ocupacional-igss-2018-6.jpg\" title=\"Capacitacion empresas seguridad ocupacional igss 2018-6\"  data-caption=\"\"  data-description=\"\">\r\n                                <img decoding=\"async\" src=\"\/wp-content\/uploads\/sites\/5\/2018\/05\/Capacitacion-empresas-seguridad-ocupacional-igss-2018-6-630x420.jpg\" srcset=\"\/wp-content\/uploads\/sites\/5\/2018\/05\/Capacitacion-empresas-seguridad-ocupacional-igss-2018-6-630x420.jpg 630w, \/wp-content\/uploads\/sites\/5\/2018\/05\/Capacitacion-empresas-seguridad-ocupacional-igss-2018-6-1536x1024.jpg 1536w, \/wp-content\/uploads\/sites\/5\/2018\/05\/Capacitacion-empresas-seguridad-ocupacional-igss-2018-6-300x200.jpg 300w, \/wp-content\/uploads\/sites\/5\/2018\/05\/Capacitacion-empresas-seguridad-ocupacional-igss-2018-6-768x512.jpg 768w, \/wp-content\/uploads\/sites\/5\/2018\/05\/Capacitacion-empresas-seguridad-ocupacional-igss-2018-6-1024x683.jpg 1024w, \/wp-content\/uploads\/sites\/5\/2018\/05\/Capacitacion-empresas-seguridad-ocupacional-igss-2018-6-696x464.jpg 696w, \/wp-content\/uploads\/sites\/5\/2018\/05\/Capacitacion-empresas-seguridad-ocupacional-igss-2018-6-1068x712.jpg 1068w, \/wp-content\/uploads\/sites\/5\/2018\/05\/Capacitacion-empresas-seguridad-ocupacional-igss-2018-6-534x356.jpg 534w, \/wp-content\/uploads\/sites\/5\/2018\/05\/Capacitacion-empresas-seguridad-ocupacional-igss-2018-6-1920x1280.jpg 1920w, \/wp-content\/uploads\/sites\/5\/2018\/05\/Capacitacion-empresas-seguridad-ocupacional-igss-2018-6.jpg 1992w\" sizes=\"(max-width: 630px) 100vw, 630px\" alt=\"\">\r\n                            <\/a>\r\n                            \r\n                        <\/figure>\r\n                    <\/div>\r\n                    <div class = \"td-slide-item td-item7\">\r\n                        <figure class=\"td-slide-galery-figure td-slide-popup-gallery\">\r\n                            <a class=\"slide-gallery-image-link\" href=\"\/wp-content\/uploads\/sites\/5\/2018\/05\/Capacitacion-empresas-seguridad-ocupacional-igss-2018-7.jpg\" title=\"Capacitacion empresas seguridad ocupacional igss 2018-7\"  data-caption=\"\"  data-description=\"\">\r\n                                <img decoding=\"async\" src=\"\/wp-content\/uploads\/sites\/5\/2018\/05\/Capacitacion-empresas-seguridad-ocupacional-igss-2018-7-630x420.jpg\" srcset=\"\/wp-content\/uploads\/sites\/5\/2018\/05\/Capacitacion-empresas-seguridad-ocupacional-igss-2018-7-630x420.jpg 630w, \/wp-content\/uploads\/sites\/5\/2018\/05\/Capacitacion-empresas-seguridad-ocupacional-igss-2018-7-1536x1024.jpg 1536w, \/wp-content\/uploads\/sites\/5\/2018\/05\/Capacitacion-empresas-seguridad-ocupacional-igss-2018-7-300x200.jpg 300w, \/wp-content\/uploads\/sites\/5\/2018\/05\/Capacitacion-empresas-seguridad-ocupacional-igss-2018-7-768x512.jpg 768w, \/wp-content\/uploads\/sites\/5\/2018\/05\/Capacitacion-empresas-seguridad-ocupacional-igss-2018-7-1024x683.jpg 1024w, \/wp-content\/uploads\/sites\/5\/2018\/05\/Capacitacion-empresas-seguridad-ocupacional-igss-2018-7-696x464.jpg 696w, \/wp-content\/uploads\/sites\/5\/2018\/05\/Capacitacion-empresas-seguridad-ocupacional-igss-2018-7-1068x712.jpg 1068w, \/wp-content\/uploads\/sites\/5\/2018\/05\/Capacitacion-empresas-seguridad-ocupacional-igss-2018-7-534x356.jpg 534w, \/wp-content\/uploads\/sites\/5\/2018\/05\/Capacitacion-empresas-seguridad-ocupacional-igss-2018-7.jpg 1860w\" sizes=\"(max-width: 630px) 100vw, 630px\" alt=\"\">\r\n                            <\/a>\r\n                            \r\n                        <\/figure>\r\n                    <\/div>\r\n                    <div class = \"td-slide-item td-item8\">\r\n                        <figure class=\"td-slide-galery-figure td-slide-popup-gallery\">\r\n                            <a class=\"slide-gallery-image-link\" href=\"\/wp-content\/uploads\/sites\/5\/2018\/05\/Capacitacion-empresas-seguridad-ocupacional-igss-2018-8.jpg\" title=\"Capacitacion empresas seguridad ocupacional igss 2018-8\"  data-caption=\"\"  data-description=\"\">\r\n                                <img decoding=\"async\" src=\"\/wp-content\/uploads\/sites\/5\/2018\/05\/Capacitacion-empresas-seguridad-ocupacional-igss-2018-8-630x420.jpg\" srcset=\"\/wp-content\/uploads\/sites\/5\/2018\/05\/Capacitacion-empresas-seguridad-ocupacional-igss-2018-8-630x420.jpg 630w, \/wp-content\/uploads\/sites\/5\/2018\/05\/Capacitacion-empresas-seguridad-ocupacional-igss-2018-8-1536x1024.jpg 1536w, \/wp-content\/uploads\/sites\/5\/2018\/05\/Capacitacion-empresas-seguridad-ocupacional-igss-2018-8-300x200.jpg 300w, \/wp-content\/uploads\/sites\/5\/2018\/05\/Capacitacion-empresas-seguridad-ocupacional-igss-2018-8-768x512.jpg 768w, \/wp-content\/uploads\/sites\/5\/2018\/05\/Capacitacion-empresas-seguridad-ocupacional-igss-2018-8-1024x683.jpg 1024w, \/wp-content\/uploads\/sites\/5\/2018\/05\/Capacitacion-empresas-seguridad-ocupacional-igss-2018-8-696x464.jpg 696w, \/wp-content\/uploads\/sites\/5\/2018\/05\/Capacitacion-empresas-seguridad-ocupacional-igss-2018-8-1068x712.jpg 1068w, \/wp-content\/uploads\/sites\/5\/2018\/05\/Capacitacion-empresas-seguridad-ocupacional-igss-2018-8-534x356.jpg 534w, \/wp-content\/uploads\/sites\/5\/2018\/05\/Capacitacion-empresas-seguridad-ocupacional-igss-2018-8-1920x1280.jpg 1920w, \/wp-content\/uploads\/sites\/5\/2018\/05\/Capacitacion-empresas-seguridad-ocupacional-igss-2018-8.jpg 1992w\" sizes=\"(max-width: 630px) 100vw, 630px\" alt=\"\">\r\n                            <\/a>\r\n                            \r\n                        <\/figure>\r\n                    <\/div>\r\n                    <div class = \"td-slide-item td-item9\">\r\n                        <figure class=\"td-slide-galery-figure td-slide-popup-gallery\">\r\n                            <a class=\"slide-gallery-image-link\" href=\"\/wp-content\/uploads\/sites\/5\/2018\/05\/Capacitacion-empresas-seguridad-ocupacional-igss-2018-9.jpg\" title=\"Capacitacion empresas seguridad ocupacional igss 2018-9\"  data-caption=\"\"  data-description=\"\">\r\n                                <img decoding=\"async\" src=\"\/wp-content\/uploads\/sites\/5\/2018\/05\/Capacitacion-empresas-seguridad-ocupacional-igss-2018-9-493x420.jpg\" srcset=\"\/wp-content\/uploads\/sites\/5\/2018\/05\/Capacitacion-empresas-seguridad-ocupacional-igss-2018-9-493x420.jpg 493w, \/wp-content\/uploads\/sites\/5\/2018\/05\/Capacitacion-empresas-seguridad-ocupacional-igss-2018-9-1536x1308.jpg 1536w, \/wp-content\/uploads\/sites\/5\/2018\/05\/Capacitacion-empresas-seguridad-ocupacional-igss-2018-9-300x255.jpg 300w, \/wp-content\/uploads\/sites\/5\/2018\/05\/Capacitacion-empresas-seguridad-ocupacional-igss-2018-9-768x654.jpg 768w, \/wp-content\/uploads\/sites\/5\/2018\/05\/Capacitacion-empresas-seguridad-ocupacional-igss-2018-9-1024x872.jpg 1024w, \/wp-content\/uploads\/sites\/5\/2018\/05\/Capacitacion-empresas-seguridad-ocupacional-igss-2018-9-696x592.jpg 696w, \/wp-content\/uploads\/sites\/5\/2018\/05\/Capacitacion-empresas-seguridad-ocupacional-igss-2018-9-1068x909.jpg 1068w, \/wp-content\/uploads\/sites\/5\/2018\/05\/Capacitacion-empresas-seguridad-ocupacional-igss-2018-9-534x455.jpg 534w, \/wp-content\/uploads\/sites\/5\/2018\/05\/Capacitacion-empresas-seguridad-ocupacional-igss-2018-9-1920x1634.jpg 1920w, \/wp-content\/uploads\/sites\/5\/2018\/05\/Capacitacion-empresas-seguridad-ocupacional-igss-2018-9.jpg 1950w\" sizes=\"(max-width: 493px) 100vw, 493px\" alt=\"\">\r\n                            <\/a>\r\n                            \r\n                        <\/figure>\r\n                    <\/div>\r\n                    <div class = \"td-slide-item td-item10\">\r\n                        <figure class=\"td-slide-galery-figure td-slide-popup-gallery\">\r\n                            <a class=\"slide-gallery-image-link\" href=\"\/wp-content\/uploads\/sites\/5\/2018\/05\/Capacitacion-empresas-seguridad-ocupacional-igss-2018-10.jpg\" title=\"Capacitacion empresas seguridad ocupacional igss 2018-10\"  data-caption=\"\"  data-description=\"\">\r\n                                <img decoding=\"async\" src=\"\/wp-content\/uploads\/sites\/5\/2018\/05\/Capacitacion-empresas-seguridad-ocupacional-igss-2018-10-630x420.jpg\" srcset=\"\/wp-content\/uploads\/sites\/5\/2018\/05\/Capacitacion-empresas-seguridad-ocupacional-igss-2018-10-630x420.jpg 630w, \/wp-content\/uploads\/sites\/5\/2018\/05\/Capacitacion-empresas-seguridad-ocupacional-igss-2018-10-1536x1024.jpg 1536w, \/wp-content\/uploads\/sites\/5\/2018\/05\/Capacitacion-empresas-seguridad-ocupacional-igss-2018-10-300x200.jpg 300w, \/wp-content\/uploads\/sites\/5\/2018\/05\/Capacitacion-empresas-seguridad-ocupacional-igss-2018-10-768x512.jpg 768w, \/wp-content\/uploads\/sites\/5\/2018\/05\/Capacitacion-empresas-seguridad-ocupacional-igss-2018-10-1024x683.jpg 1024w, \/wp-content\/uploads\/sites\/5\/2018\/05\/Capacitacion-empresas-seguridad-ocupacional-igss-2018-10-696x464.jpg 696w, \/wp-content\/uploads\/sites\/5\/2018\/05\/Capacitacion-empresas-seguridad-ocupacional-igss-2018-10-1068x712.jpg 1068w, \/wp-content\/uploads\/sites\/5\/2018\/05\/Capacitacion-empresas-seguridad-ocupacional-igss-2018-10-534x356.jpg 534w, \/wp-content\/uploads\/sites\/5\/2018\/05\/Capacitacion-empresas-seguridad-ocupacional-igss-2018-10.jpg 1860w\" sizes=\"(max-width: 630px) 100vw, 630px\" alt=\"\">\r\n                            <\/a>\r\n                            \r\n                        <\/figure>\r\n                    <\/div>\r\n                    <div class = \"td-slide-item td-item11\">\r\n                        <figure class=\"td-slide-galery-figure td-slide-popup-gallery\">\r\n                            <a class=\"slide-gallery-image-link\" href=\"\/wp-content\/uploads\/sites\/5\/2018\/05\/Capacitacion-empresas-seguridad-ocupacional-igss-2018-11.jpg\" title=\"Capacitacion empresas seguridad ocupacional igss 2018-11\"  data-caption=\"\"  data-description=\"\">\r\n                                <img decoding=\"async\" src=\"\/wp-content\/uploads\/sites\/5\/2018\/05\/Capacitacion-empresas-seguridad-ocupacional-igss-2018-11-630x420.jpg\" srcset=\"\/wp-content\/uploads\/sites\/5\/2018\/05\/Capacitacion-empresas-seguridad-ocupacional-igss-2018-11-630x420.jpg 630w, \/wp-content\/uploads\/sites\/5\/2018\/05\/Capacitacion-empresas-seguridad-ocupacional-igss-2018-11-1536x1024.jpg 1536w, \/wp-content\/uploads\/sites\/5\/2018\/05\/Capacitacion-empresas-seguridad-ocupacional-igss-2018-11-300x200.jpg 300w, \/wp-content\/uploads\/sites\/5\/2018\/05\/Capacitacion-empresas-seguridad-ocupacional-igss-2018-11-768x512.jpg 768w, \/wp-content\/uploads\/sites\/5\/2018\/05\/Capacitacion-empresas-seguridad-ocupacional-igss-2018-11-1024x683.jpg 1024w, \/wp-content\/uploads\/sites\/5\/2018\/05\/Capacitacion-empresas-seguridad-ocupacional-igss-2018-11-696x464.jpg 696w, \/wp-content\/uploads\/sites\/5\/2018\/05\/Capacitacion-empresas-seguridad-ocupacional-igss-2018-11-1068x712.jpg 1068w, \/wp-content\/uploads\/sites\/5\/2018\/05\/Capacitacion-empresas-seguridad-ocupacional-igss-2018-11-534x356.jpg 534w, \/wp-content\/uploads\/sites\/5\/2018\/05\/Capacitacion-empresas-seguridad-ocupacional-igss-2018-11.jpg 1860w\" sizes=\"(max-width: 630px) 100vw, 630px\" alt=\"\">\r\n                            <\/a>\r\n                            \r\n                        <\/figure>\r\n                    <\/div>\r\n                    <div class = \"td-slide-item td-item12\">\r\n                        <figure class=\"td-slide-galery-figure td-slide-popup-gallery\">\r\n                            <a class=\"slide-gallery-image-link\" href=\"\/wp-content\/uploads\/sites\/5\/2018\/05\/Capacitacion-empresas-seguridad-ocupacional-igss-2018-12.jpg\" title=\"Capacitacion empresas seguridad ocupacional igss 2018-12\"  data-caption=\"\"  data-description=\"\">\r\n                                <img decoding=\"async\" src=\"\/wp-content\/uploads\/sites\/5\/2018\/05\/Capacitacion-empresas-seguridad-ocupacional-igss-2018-12-630x420.jpg\" srcset=\"\/wp-content\/uploads\/sites\/5\/2018\/05\/Capacitacion-empresas-seguridad-ocupacional-igss-2018-12-630x420.jpg 630w, \/wp-content\/uploads\/sites\/5\/2018\/05\/Capacitacion-empresas-seguridad-ocupacional-igss-2018-12-1536x1024.jpg 1536w, \/wp-content\/uploads\/sites\/5\/2018\/05\/Capacitacion-empresas-seguridad-ocupacional-igss-2018-12-300x200.jpg 300w, \/wp-content\/uploads\/sites\/5\/2018\/05\/Capacitacion-empresas-seguridad-ocupacional-igss-2018-12-768x512.jpg 768w, \/wp-content\/uploads\/sites\/5\/2018\/05\/Capacitacion-empresas-seguridad-ocupacional-igss-2018-12-1024x683.jpg 1024w, \/wp-content\/uploads\/sites\/5\/2018\/05\/Capacitacion-empresas-seguridad-ocupacional-igss-2018-12-696x464.jpg 696w, \/wp-content\/uploads\/sites\/5\/2018\/05\/Capacitacion-empresas-seguridad-ocupacional-igss-2018-12-1068x712.jpg 1068w, \/wp-content\/uploads\/sites\/5\/2018\/05\/Capacitacion-empresas-seguridad-ocupacional-igss-2018-12-534x356.jpg 534w, \/wp-content\/uploads\/sites\/5\/2018\/05\/Capacitacion-empresas-seguridad-ocupacional-igss-2018-12.jpg 1860w\" sizes=\"(max-width: 630px) 100vw, 630px\" alt=\"\">\r\n                            <\/a>\r\n                            \r\n                        <\/figure>\r\n                    <\/div>\r\n                    <div class = \"td-slide-item td-item13\">\r\n                        <figure class=\"td-slide-galery-figure td-slide-popup-gallery\">\r\n                            <a class=\"slide-gallery-image-link\" href=\"\/wp-content\/uploads\/sites\/5\/2018\/05\/Capacitacion-empresas-seguridad-ocupacional-igss-2018-13.jpg\" title=\"Capacitacion empresas seguridad ocupacional igss 2018-13\"  data-caption=\"\"  data-description=\"\">\r\n                                <img decoding=\"async\" src=\"\/wp-content\/uploads\/sites\/5\/2018\/05\/Capacitacion-empresas-seguridad-ocupacional-igss-2018-13-630x420.jpg\" srcset=\"\/wp-content\/uploads\/sites\/5\/2018\/05\/Capacitacion-empresas-seguridad-ocupacional-igss-2018-13-630x420.jpg 630w, \/wp-content\/uploads\/sites\/5\/2018\/05\/Capacitacion-empresas-seguridad-ocupacional-igss-2018-13-1536x1024.jpg 1536w, \/wp-content\/uploads\/sites\/5\/2018\/05\/Capacitacion-empresas-seguridad-ocupacional-igss-2018-13-300x200.jpg 300w, \/wp-content\/uploads\/sites\/5\/2018\/05\/Capacitacion-empresas-seguridad-ocupacional-igss-2018-13-768x512.jpg 768w, \/wp-content\/uploads\/sites\/5\/2018\/05\/Capacitacion-empresas-seguridad-ocupacional-igss-2018-13-1024x683.jpg 1024w, \/wp-content\/uploads\/sites\/5\/2018\/05\/Capacitacion-empresas-seguridad-ocupacional-igss-2018-13-696x464.jpg 696w, \/wp-content\/uploads\/sites\/5\/2018\/05\/Capacitacion-empresas-seguridad-ocupacional-igss-2018-13-1068x712.jpg 1068w, \/wp-content\/uploads\/sites\/5\/2018\/05\/Capacitacion-empresas-seguridad-ocupacional-igss-2018-13-534x356.jpg 534w, \/wp-content\/uploads\/sites\/5\/2018\/05\/Capacitacion-empresas-seguridad-ocupacional-igss-2018-13-1920x1280.jpg 1920w, \/wp-content\/uploads\/sites\/5\/2018\/05\/Capacitacion-empresas-seguridad-ocupacional-igss-2018-13.jpg 1992w\" sizes=\"(max-width: 630px) 100vw, 630px\" alt=\"\">\r\n                            <\/a>\r\n                            \r\n                        <\/figure>\r\n                    <\/div>\r\n                    <div class = \"td-slide-item td-item14\">\r\n                        <figure class=\"td-slide-galery-figure td-slide-popup-gallery\">\r\n                            <a class=\"slide-gallery-image-link\" href=\"\/wp-content\/uploads\/sites\/5\/2018\/05\/Capacitacion-empresas-seguridad-ocupacional-igss-2018-14.jpg\" title=\"Capacitacion empresas seguridad ocupacional igss 2018-14\"  data-caption=\"\"  data-description=\"\">\r\n                                <img decoding=\"async\" src=\"\/wp-content\/uploads\/sites\/5\/2018\/05\/Capacitacion-empresas-seguridad-ocupacional-igss-2018-14-630x420.jpg\" srcset=\"\/wp-content\/uploads\/sites\/5\/2018\/05\/Capacitacion-empresas-seguridad-ocupacional-igss-2018-14-630x420.jpg 630w, \/wp-content\/uploads\/sites\/5\/2018\/05\/Capacitacion-empresas-seguridad-ocupacional-igss-2018-14-1536x1024.jpg 1536w, \/wp-content\/uploads\/sites\/5\/2018\/05\/Capacitacion-empresas-seguridad-ocupacional-igss-2018-14-300x200.jpg 300w, \/wp-content\/uploads\/sites\/5\/2018\/05\/Capacitacion-empresas-seguridad-ocupacional-igss-2018-14-768x512.jpg 768w, \/wp-content\/uploads\/sites\/5\/2018\/05\/Capacitacion-empresas-seguridad-ocupacional-igss-2018-14-1024x683.jpg 1024w, \/wp-content\/uploads\/sites\/5\/2018\/05\/Capacitacion-empresas-seguridad-ocupacional-igss-2018-14-696x464.jpg 696w, \/wp-content\/uploads\/sites\/5\/2018\/05\/Capacitacion-empresas-seguridad-ocupacional-igss-2018-14-1068x712.jpg 1068w, \/wp-content\/uploads\/sites\/5\/2018\/05\/Capacitacion-empresas-seguridad-ocupacional-igss-2018-14-534x356.jpg 534w, \/wp-content\/uploads\/sites\/5\/2018\/05\/Capacitacion-empresas-seguridad-ocupacional-igss-2018-14.jpg 1860w\" sizes=\"(max-width: 630px) 100vw, 630px\" alt=\"\">\r\n                            <\/a>\r\n                            \r\n                        <\/figure>\r\n                    <\/div>\r\n                    <div class = \"td-slide-item td-item15\">\r\n                        <figure class=\"td-slide-galery-figure td-slide-popup-gallery\">\r\n                            <a class=\"slide-gallery-image-link\" href=\"\/wp-content\/uploads\/sites\/5\/2018\/05\/Capacitacion-empresas-seguridad-ocupacional-igss-2018-15.jpg\" title=\"Capacitacion empresas seguridad ocupacional igss 2018-15\"  data-caption=\"\"  data-description=\"\">\r\n                                <img decoding=\"async\" src=\"\/wp-content\/uploads\/sites\/5\/2018\/05\/Capacitacion-empresas-seguridad-ocupacional-igss-2018-15-630x420.jpg\" srcset=\"\/wp-content\/uploads\/sites\/5\/2018\/05\/Capacitacion-empresas-seguridad-ocupacional-igss-2018-15-630x420.jpg 630w, \/wp-content\/uploads\/sites\/5\/2018\/05\/Capacitacion-empresas-seguridad-ocupacional-igss-2018-15-1536x1024.jpg 1536w, \/wp-content\/uploads\/sites\/5\/2018\/05\/Capacitacion-empresas-seguridad-ocupacional-igss-2018-15-300x200.jpg 300w, \/wp-content\/uploads\/sites\/5\/2018\/05\/Capacitacion-empresas-seguridad-ocupacional-igss-2018-15-768x512.jpg 768w, \/wp-content\/uploads\/sites\/5\/2018\/05\/Capacitacion-empresas-seguridad-ocupacional-igss-2018-15-1024x683.jpg 1024w, \/wp-content\/uploads\/sites\/5\/2018\/05\/Capacitacion-empresas-seguridad-ocupacional-igss-2018-15-696x464.jpg 696w, \/wp-content\/uploads\/sites\/5\/2018\/05\/Capacitacion-empresas-seguridad-ocupacional-igss-2018-15-1068x712.jpg 1068w, \/wp-content\/uploads\/sites\/5\/2018\/05\/Capacitacion-empresas-seguridad-ocupacional-igss-2018-15-534x356.jpg 534w, \/wp-content\/uploads\/sites\/5\/2018\/05\/Capacitacion-empresas-seguridad-ocupacional-igss-2018-15.jpg 1860w\" sizes=\"(max-width: 630px) 100vw, 630px\" alt=\"\">\r\n                            <\/a>\r\n                            \r\n                        <\/figure>\r\n                    <\/div>\r\n                    <div class = \"td-slide-item td-item16\">\r\n                        <figure class=\"td-slide-galery-figure td-slide-popup-gallery\">\r\n                            <a class=\"slide-gallery-image-link\" href=\"\/wp-content\/uploads\/sites\/5\/2018\/05\/Capacitacion-empresas-seguridad-ocupacional-igss-2018-16.jpg\" title=\"Capacitacion empresas seguridad ocupacional igss 2018-16\"  data-caption=\"\"  data-description=\"\">\r\n                                <img decoding=\"async\" src=\"\/wp-content\/uploads\/sites\/5\/2018\/05\/Capacitacion-empresas-seguridad-ocupacional-igss-2018-16-630x420.jpg\" srcset=\"\/wp-content\/uploads\/sites\/5\/2018\/05\/Capacitacion-empresas-seguridad-ocupacional-igss-2018-16-630x420.jpg 630w, \/wp-content\/uploads\/sites\/5\/2018\/05\/Capacitacion-empresas-seguridad-ocupacional-igss-2018-16-1536x1024.jpg 1536w, \/wp-content\/uploads\/sites\/5\/2018\/05\/Capacitacion-empresas-seguridad-ocupacional-igss-2018-16-300x200.jpg 300w, \/wp-content\/uploads\/sites\/5\/2018\/05\/Capacitacion-empresas-seguridad-ocupacional-igss-2018-16-768x512.jpg 768w, \/wp-content\/uploads\/sites\/5\/2018\/05\/Capacitacion-empresas-seguridad-ocupacional-igss-2018-16-1024x683.jpg 1024w, \/wp-content\/uploads\/sites\/5\/2018\/05\/Capacitacion-empresas-seguridad-ocupacional-igss-2018-16-696x464.jpg 696w, \/wp-content\/uploads\/sites\/5\/2018\/05\/Capacitacion-empresas-seguridad-ocupacional-igss-2018-16-1068x712.jpg 1068w, \/wp-content\/uploads\/sites\/5\/2018\/05\/Capacitacion-empresas-seguridad-ocupacional-igss-2018-16-534x356.jpg 534w, \/wp-content\/uploads\/sites\/5\/2018\/05\/Capacitacion-empresas-seguridad-ocupacional-igss-2018-16-1920x1280.jpg 1920w, \/wp-content\/uploads\/sites\/5\/2018\/05\/Capacitacion-empresas-seguridad-ocupacional-igss-2018-16.jpg 1992w\" sizes=\"(max-width: 630px) 100vw, 630px\" alt=\"\">\r\n                            <\/a>\r\n                            \r\n                        <\/figure>\r\n                    <\/div>\r\n                            <\/div>\r\n                        <\/div>\r\n\r\n                        <div class = \"td-doubleSlider-2\">\r\n                            <div class = \"td-slider\">\r\n                                \r\n                    <div class = \"td-button td-item1\">\r\n                        <div class = \"td-border\"><\/div>\r\n                    <\/div>\r\n                    <div class = \"td-button td-item2\">\r\n                        <div class = \"td-border\"><\/div>\r\n                    <\/div>\r\n                    <div class = \"td-button td-item3\">\r\n                        <div class = \"td-border\"><\/div>\r\n                    <\/div>\r\n                    <div class = \"td-button td-item4\">\r\n                        <div class = \"td-border\"><\/div>\r\n                    <\/div>\r\n                    <div class = \"td-button td-item5\">\r\n                        <div class = \"td-border\"><\/div>\r\n                    <\/div>\r\n                    <div class = \"td-button td-item6\">\r\n                        <div class = \"td-border\"><\/div>\r\n                    <\/div>\r\n                    <div class = \"td-button td-item7\">\r\n                        <div class = \"td-border\"><\/div>\r\n                    <\/div>\r\n                    <div class = \"td-button td-item8\">\r\n                        <div class = \"td-border\"><\/div>\r\n                    <\/div>\r\n                    <div class = \"td-button td-item9\">\r\n                        <div class = \"td-border\"><\/div>\r\n                    <\/div>\r\n                    <div class = \"td-button td-item10\">\r\n                        <div class = \"td-border\"><\/div>\r\n                    <\/div>\r\n                    <div class = \"td-button td-item11\">\r\n                        <div class = \"td-border\"><\/div>\r\n                    <\/div>\r\n                    <div class = \"td-button td-item12\">\r\n                        <div class = \"td-border\"><\/div>\r\n                    <\/div>\r\n                    <div class = \"td-button td-item13\">\r\n                        <div class = \"td-border\"><\/div>\r\n                    <\/div>\r\n                    <div class = \"td-button td-item14\">\r\n                        <div class = \"td-border\"><\/div>\r\n                    <\/div>\r\n                    <div class = \"td-button td-item15\">\r\n                        <div class = \"td-border\"><\/div>\r\n                    <\/div>\r\n                    <div class = \"td-button td-item16\">\r\n                        <div class = \"td-border\"><\/div>\r\n                    <\/div>\r\n                            <\/div>\r\n                        <\/div>\r\n\r\n                    <\/div>\r\n\r\n                <\/div>\r\n                \n<hr \/>\n<p>&nbsp;<\/p>\n<\/div>\n<\/div>\n","protected":false},"excerpt":{"rendered":"<p>Para prevenir accidentes laborales, el Instituto Guatemalteco de Seguridad Social #IGSS ha capacitado a 1,853 empleados del sector privado sobre seguridad ocupacional, primeros auxilios y uso adecuado del botiqu\u00edn de emergencias. \u00a0 El doctor Mynor Mej\u00eda, jefe de la Secci\u00f3n de Seguridad e Higiene y Prevenci\u00f3n de Accidentes, indic\u00f3 que el Reglamento de Salud y [&hellip;]<\/p>\n","protected":false},"author":4,"featured_media":4873,"comment_status":"open","ping_status":"open","sticky":false,"template":"","format":"standard","meta":{"footnotes":""},"categories":[3,17,29],"tags":[160,320,490,695,769],"coauthors":[],"class_list":{"0":"post-4863","1":"post","2":"type-post","3":"status-publish","4":"format-standard","5":"has-post-thumbnail","7":"category-actualidad","8":"category-formacion-y-desarrollo","9":"category-publicaciones","10":"tag-capacitacion","11":"tag-dr-mynor-mejia","12":"tag-igss","13":"tag-patronos","14":"tag-salud-y-seguridad-ocupacional"},"_links":{"self":[{"href":"https:\/\/www.igssgt.org\/noticias\/wp-json\/wp\/v2\/posts\/4863","targetHints":{"allow":["GET"]}}],"collection":[{"href":"https:\/\/www.igssgt.org\/noticias\/wp-json\/wp\/v2\/posts"}],"about":[{"href":"https:\/\/www.igssgt.org\/noticias\/wp-json\/wp\/v2\/types\/post"}],"author":[{"embeddable":true,"href":"https:\/\/www.igssgt.org\/noticias\/wp-json\/wp\/v2\/users\/4"}],"replies":[{"embeddable":true,"href":"https:\/\/www.igssgt.org\/noticias\/wp-json\/wp\/v2\/comments?post=4863"}],"version-history":[{"count":0,"href":"https:\/\/www.igssgt.org\/noticias\/wp-json\/wp\/v2\/posts\/4863\/revisions"}],"wp:featuredmedia":[{"embeddable":true,"href":"https:\/\/www.igssgt.org\/noticias\/wp-json\/wp\/v2\/media\/4873"}],"wp:attachment":[{"href":"https:\/\/www.igssgt.org\/noticias\/wp-json\/wp\/v2\/media?parent=4863"}],"wp:term":[{"taxonomy":"category","embeddable":true,"href":"https:\/\/www.igssgt.org\/noticias\/wp-json\/wp\/v2\/categories?post=4863"},{"taxonomy":"post_tag","embeddable":true,"href":"https:\/\/www.igssgt.org\/noticias\/wp-json\/wp\/v2\/tags?post=4863"},{"taxonomy":"author","embeddable":true,"href":"https:\/\/www.igssgt.org\/noticias\/wp-json\/wp\/v2\/coauthors?post=4863"}],"curies":[{"name":"wp","href":"https:\/\/api.w.org\/{rel}","templated":true}]}}