{"id":4902,"date":"2018-05-10T15:00:51","date_gmt":"2018-05-10T21:00:51","guid":{"rendered":"http:\/\/noticias.igssgt.org\/?p=4902"},"modified":"2018-05-10T15:00:51","modified_gmt":"2018-05-10T21:00:51","slug":"personal-del-igss-recibe-capacitacion-de-la-ops-en-epidemiologia","status":"publish","type":"post","link":"https:\/\/www.igssgt.org\/noticias\/2018\/05\/10\/personal-del-igss-recibe-capacitacion-de-la-ops-en-epidemiologia\/","title":{"rendered":"Personal del IGSS recibe capacitaci\u00f3n de la OPS en epidemiolog\u00eda"},"content":{"rendered":"<p>&nbsp;<\/p>\n<p>Representantes de 32 unidades del Instituto Guatemalteco de Seguridad Social (IGSS) en cuyas instalaciones cuentan con el servicio de hospitalizaci\u00f3n, reciben el taller \u201cM\u00f3dulos de Principios de Epidemiolog\u00eda para el Control de las Enfermedades (Mopece)\u201d, el cual es impartido por el doctor Jes\u00fas Bulux, experto de la Organizaci\u00f3n Panamericana de la Salud (OPS).<\/p>\n<p>Entre los participantes se encuentran m\u00e9dicos y personal de enfermer\u00eda con estudios universitarios, quienes luego de ser capacitados ser\u00e1n los encargados de trasladar sus conocimientos a personal del \u00e1rea a la que est\u00e1n asignados y as\u00ed continuar con la Formaci\u00f3n de la Red del Recurso Humano en Epidemiolog\u00eda, explic\u00f3 el doctor Oscar Donis Osorio, jefe de la Secci\u00f3n de Epidemiolog\u00eda.<\/p>\n<p>Luego de esta formaci\u00f3n los representantes tendr\u00e1n la capacidad de identificar la existencia de enfermedades de alto riesgo, tomar las medidas de control necesarias y c\u00f3mo prevenirlas, inform\u00f3 el doctor Donis.<\/p>\n<p><strong>M\u00f3dulos intensivos<\/strong><\/p>\n<p>Es una capacitaci\u00f3n muy intensa de principios fundamentales de epidemiolog\u00eda, la cual se desarrolla en un total de cinco d\u00edas y cada jornada consta de ocho a nueve horas consecutivas en las cuales los participantes realizan ejercicios, simulaciones de casos de campo y dem\u00e1s situaciones de emergencia epidemiol\u00f3gica, indic\u00f3 el doctor Bulux.<\/p>\n<p>La cooperaci\u00f3n interinstitucional entre el IGSS y la OPS busca fortalecer las capacidades t\u00e9cnicas de quienes trabajan en los temas de vigilancia de salud del Instituto. En lo personal ha sido una experiencia muy satisfactoria, pues he encontrado un personal con muy buenas capacidades t\u00e9cnicas, que requer\u00edan un fortalecimiento en ciertos temas los cuales han tomado muy bien, concluy\u00f3 el experto de la OPS.<\/p>\n\r\n                <style type=\"text\/css\">\r\n                    \r\n                    #tdi_1  .td-doubleSlider-2 .td-item1 {\r\n                        background: url(\/wp-content\/uploads\/sites\/5\/2018\/05\/Capacitacion-al-personal-del-IGSS-OPS-epidemiologia-2018-1-80x60.jpg) 0 0 no-repeat;\r\n                    }\r\n                    #tdi_1  .td-doubleSlider-2 .td-item2 {\r\n                        background: url(\/wp-content\/uploads\/sites\/5\/2018\/05\/Capacitacion-al-personal-del-IGSS-OPS-epidemiologia-2018-2-80x60.jpg) 0 0 no-repeat;\r\n                    }\r\n                    #tdi_1  .td-doubleSlider-2 .td-item3 {\r\n                        background: url(\/wp-content\/uploads\/sites\/5\/2018\/05\/Capacitacion-al-personal-del-IGSS-OPS-epidemiologia-2018-3-80x60.jpg) 0 0 no-repeat;\r\n                    }\r\n                    #tdi_1  .td-doubleSlider-2 .td-item4 {\r\n                        background: url(\/wp-content\/uploads\/sites\/5\/2018\/05\/Capacitacion-al-personal-del-IGSS-OPS-epidemiologia-2018-4-80x60.jpg) 0 0 no-repeat;\r\n                    }\r\n                    #tdi_1  .td-doubleSlider-2 .td-item5 {\r\n                        background: url(\/wp-content\/uploads\/sites\/5\/2018\/05\/Capacitacion-al-personal-del-IGSS-OPS-epidemiologia-2018-5-80x60.jpg) 0 0 no-repeat;\r\n                    }\r\n                    #tdi_1  .td-doubleSlider-2 .td-item6 {\r\n                        background: url(\/wp-content\/uploads\/sites\/5\/2018\/05\/Capacitacion-al-personal-del-IGSS-OPS-epidemiologia-2018-6-80x60.jpg) 0 0 no-repeat;\r\n                    }\r\n                <\/style>\r\n\r\n                <div id=\"tdi_1\" class=\"td-gallery td-slide-on-2-columns\">\r\n                    <div class=\"post_td_gallery\">\r\n                        <div class=\"td-gallery-slide-top\">\r\n                           <div class=\"td-gallery-title\">Galer\u00eda de Im\u00e1genes<\/div>\r\n\r\n                            <div class=\"td-gallery-controls-wrapper\">\r\n                                <div class=\"td-gallery-slide-count\"><span class=\"td-gallery-slide-item-focus\">1<\/span> de 6<\/div>\r\n                                <div class=\"td-gallery-slide-prev-next-but\">\r\n                                    <i class = \"td-icon-left doubleSliderPrevButton\"><\/i>\r\n                                    <i class = \"td-icon-right doubleSliderNextButton\"><\/i>\r\n                                <\/div>\r\n                            <\/div>\r\n                        <\/div>\r\n\r\n                        <div class = \"td-doubleSlider-1 \">\r\n                            <div class = \"td-slider\">\r\n                                \r\n                    <div class = \"td-slide-item td-item1\">\r\n                        <figure class=\"td-slide-galery-figure td-slide-popup-gallery\">\r\n                            <a class=\"slide-gallery-image-link\" href=\"\/wp-content\/uploads\/sites\/5\/2018\/05\/Capacitacion-al-personal-del-IGSS-OPS-epidemiologia-2018-1.jpg\" title=\"Capacitacion al personal del IGSS OPS epidemiologia 2018-1\"  data-caption=\"\"  data-description=\"\">\r\n                                <img decoding=\"async\" src=\"\/wp-content\/uploads\/sites\/5\/2018\/05\/Capacitacion-al-personal-del-IGSS-OPS-epidemiologia-2018-1-630x420.jpg\" srcset=\"\/wp-content\/uploads\/sites\/5\/2018\/05\/Capacitacion-al-personal-del-IGSS-OPS-epidemiologia-2018-1-630x420.jpg 630w, \/wp-content\/uploads\/sites\/5\/2018\/05\/Capacitacion-al-personal-del-IGSS-OPS-epidemiologia-2018-1-1536x1024.jpg 1536w, \/wp-content\/uploads\/sites\/5\/2018\/05\/Capacitacion-al-personal-del-IGSS-OPS-epidemiologia-2018-1-300x200.jpg 300w, \/wp-content\/uploads\/sites\/5\/2018\/05\/Capacitacion-al-personal-del-IGSS-OPS-epidemiologia-2018-1-768x512.jpg 768w, \/wp-content\/uploads\/sites\/5\/2018\/05\/Capacitacion-al-personal-del-IGSS-OPS-epidemiologia-2018-1-1024x683.jpg 1024w, \/wp-content\/uploads\/sites\/5\/2018\/05\/Capacitacion-al-personal-del-IGSS-OPS-epidemiologia-2018-1-696x464.jpg 696w, \/wp-content\/uploads\/sites\/5\/2018\/05\/Capacitacion-al-personal-del-IGSS-OPS-epidemiologia-2018-1-1068x712.jpg 1068w, \/wp-content\/uploads\/sites\/5\/2018\/05\/Capacitacion-al-personal-del-IGSS-OPS-epidemiologia-2018-1-534x356.jpg 534w, \/wp-content\/uploads\/sites\/5\/2018\/05\/Capacitacion-al-personal-del-IGSS-OPS-epidemiologia-2018-1.jpg 1860w\" sizes=\"(max-width: 630px) 100vw, 630px\" alt=\"\">\r\n                            <\/a>\r\n                            \r\n                        <\/figure>\r\n                    <\/div>\r\n                    <div class = \"td-slide-item td-item2\">\r\n                        <figure class=\"td-slide-galery-figure td-slide-popup-gallery\">\r\n                            <a class=\"slide-gallery-image-link\" href=\"\/wp-content\/uploads\/sites\/5\/2018\/05\/Capacitacion-al-personal-del-IGSS-OPS-epidemiologia-2018-2.jpg\" title=\"Capacitacion al personal del IGSS OPS epidemiologia 2018-2\"  data-caption=\"\"  data-description=\"\">\r\n                                <img decoding=\"async\" src=\"\/wp-content\/uploads\/sites\/5\/2018\/05\/Capacitacion-al-personal-del-IGSS-OPS-epidemiologia-2018-2-630x420.jpg\" srcset=\"\/wp-content\/uploads\/sites\/5\/2018\/05\/Capacitacion-al-personal-del-IGSS-OPS-epidemiologia-2018-2-630x420.jpg 630w, \/wp-content\/uploads\/sites\/5\/2018\/05\/Capacitacion-al-personal-del-IGSS-OPS-epidemiologia-2018-2-1536x1024.jpg 1536w, \/wp-content\/uploads\/sites\/5\/2018\/05\/Capacitacion-al-personal-del-IGSS-OPS-epidemiologia-2018-2-300x200.jpg 300w, \/wp-content\/uploads\/sites\/5\/2018\/05\/Capacitacion-al-personal-del-IGSS-OPS-epidemiologia-2018-2-768x512.jpg 768w, \/wp-content\/uploads\/sites\/5\/2018\/05\/Capacitacion-al-personal-del-IGSS-OPS-epidemiologia-2018-2-1024x683.jpg 1024w, \/wp-content\/uploads\/sites\/5\/2018\/05\/Capacitacion-al-personal-del-IGSS-OPS-epidemiologia-2018-2-696x464.jpg 696w, \/wp-content\/uploads\/sites\/5\/2018\/05\/Capacitacion-al-personal-del-IGSS-OPS-epidemiologia-2018-2-1068x712.jpg 1068w, \/wp-content\/uploads\/sites\/5\/2018\/05\/Capacitacion-al-personal-del-IGSS-OPS-epidemiologia-2018-2-534x356.jpg 534w, \/wp-content\/uploads\/sites\/5\/2018\/05\/Capacitacion-al-personal-del-IGSS-OPS-epidemiologia-2018-2.jpg 1860w\" sizes=\"(max-width: 630px) 100vw, 630px\" alt=\"\">\r\n                            <\/a>\r\n                            \r\n                        <\/figure>\r\n                    <\/div>\r\n                    <div class = \"td-slide-item td-item3\">\r\n                        <figure class=\"td-slide-galery-figure td-slide-popup-gallery\">\r\n                            <a class=\"slide-gallery-image-link\" href=\"\/wp-content\/uploads\/sites\/5\/2018\/05\/Capacitacion-al-personal-del-IGSS-OPS-epidemiologia-2018-3.jpg\" title=\"Capacitacion al personal del IGSS OPS epidemiologia 2018-3\"  data-caption=\"\"  data-description=\"\">\r\n                                <img decoding=\"async\" src=\"\/wp-content\/uploads\/sites\/5\/2018\/05\/Capacitacion-al-personal-del-IGSS-OPS-epidemiologia-2018-3-630x420.jpg\" srcset=\"\/wp-content\/uploads\/sites\/5\/2018\/05\/Capacitacion-al-personal-del-IGSS-OPS-epidemiologia-2018-3-630x420.jpg 630w, \/wp-content\/uploads\/sites\/5\/2018\/05\/Capacitacion-al-personal-del-IGSS-OPS-epidemiologia-2018-3-1536x1024.jpg 1536w, \/wp-content\/uploads\/sites\/5\/2018\/05\/Capacitacion-al-personal-del-IGSS-OPS-epidemiologia-2018-3-300x200.jpg 300w, \/wp-content\/uploads\/sites\/5\/2018\/05\/Capacitacion-al-personal-del-IGSS-OPS-epidemiologia-2018-3-768x512.jpg 768w, \/wp-content\/uploads\/sites\/5\/2018\/05\/Capacitacion-al-personal-del-IGSS-OPS-epidemiologia-2018-3-1024x683.jpg 1024w, \/wp-content\/uploads\/sites\/5\/2018\/05\/Capacitacion-al-personal-del-IGSS-OPS-epidemiologia-2018-3-696x464.jpg 696w, \/wp-content\/uploads\/sites\/5\/2018\/05\/Capacitacion-al-personal-del-IGSS-OPS-epidemiologia-2018-3-1068x712.jpg 1068w, \/wp-content\/uploads\/sites\/5\/2018\/05\/Capacitacion-al-personal-del-IGSS-OPS-epidemiologia-2018-3-534x356.jpg 534w, \/wp-content\/uploads\/sites\/5\/2018\/05\/Capacitacion-al-personal-del-IGSS-OPS-epidemiologia-2018-3.jpg 1860w\" sizes=\"(max-width: 630px) 100vw, 630px\" alt=\"\">\r\n                            <\/a>\r\n                            \r\n                        <\/figure>\r\n                    <\/div>\r\n                    <div class = \"td-slide-item td-item4\">\r\n                        <figure class=\"td-slide-galery-figure td-slide-popup-gallery\">\r\n                            <a class=\"slide-gallery-image-link\" href=\"\/wp-content\/uploads\/sites\/5\/2018\/05\/Capacitacion-al-personal-del-IGSS-OPS-epidemiologia-2018-4.jpg\" title=\"Capacitacion al personal del IGSS OPS epidemiologia 2018-4\"  data-caption=\"\"  data-description=\"\">\r\n                                <img decoding=\"async\" src=\"\/wp-content\/uploads\/sites\/5\/2018\/05\/Capacitacion-al-personal-del-IGSS-OPS-epidemiologia-2018-4-630x420.jpg\" srcset=\"\/wp-content\/uploads\/sites\/5\/2018\/05\/Capacitacion-al-personal-del-IGSS-OPS-epidemiologia-2018-4-630x420.jpg 630w, \/wp-content\/uploads\/sites\/5\/2018\/05\/Capacitacion-al-personal-del-IGSS-OPS-epidemiologia-2018-4-1536x1024.jpg 1536w, \/wp-content\/uploads\/sites\/5\/2018\/05\/Capacitacion-al-personal-del-IGSS-OPS-epidemiologia-2018-4-300x200.jpg 300w, \/wp-content\/uploads\/sites\/5\/2018\/05\/Capacitacion-al-personal-del-IGSS-OPS-epidemiologia-2018-4-768x512.jpg 768w, \/wp-content\/uploads\/sites\/5\/2018\/05\/Capacitacion-al-personal-del-IGSS-OPS-epidemiologia-2018-4-1024x683.jpg 1024w, \/wp-content\/uploads\/sites\/5\/2018\/05\/Capacitacion-al-personal-del-IGSS-OPS-epidemiologia-2018-4-696x464.jpg 696w, \/wp-content\/uploads\/sites\/5\/2018\/05\/Capacitacion-al-personal-del-IGSS-OPS-epidemiologia-2018-4-1068x712.jpg 1068w, \/wp-content\/uploads\/sites\/5\/2018\/05\/Capacitacion-al-personal-del-IGSS-OPS-epidemiologia-2018-4-534x356.jpg 534w, \/wp-content\/uploads\/sites\/5\/2018\/05\/Capacitacion-al-personal-del-IGSS-OPS-epidemiologia-2018-4.jpg 1860w\" sizes=\"(max-width: 630px) 100vw, 630px\" alt=\"\">\r\n                            <\/a>\r\n                            \r\n                        <\/figure>\r\n                    <\/div>\r\n                    <div class = \"td-slide-item td-item5\">\r\n                        <figure class=\"td-slide-galery-figure td-slide-popup-gallery\">\r\n                            <a class=\"slide-gallery-image-link\" href=\"\/wp-content\/uploads\/sites\/5\/2018\/05\/Capacitacion-al-personal-del-IGSS-OPS-epidemiologia-2018-5.jpg\" title=\"Capacitacion al personal del IGSS OPS epidemiologia 2018-5\"  data-caption=\"\"  data-description=\"\">\r\n                                <img decoding=\"async\" src=\"\/wp-content\/uploads\/sites\/5\/2018\/05\/Capacitacion-al-personal-del-IGSS-OPS-epidemiologia-2018-5-630x420.jpg\" srcset=\"\/wp-content\/uploads\/sites\/5\/2018\/05\/Capacitacion-al-personal-del-IGSS-OPS-epidemiologia-2018-5-630x420.jpg 630w, \/wp-content\/uploads\/sites\/5\/2018\/05\/Capacitacion-al-personal-del-IGSS-OPS-epidemiologia-2018-5-1536x1024.jpg 1536w, \/wp-content\/uploads\/sites\/5\/2018\/05\/Capacitacion-al-personal-del-IGSS-OPS-epidemiologia-2018-5-300x200.jpg 300w, \/wp-content\/uploads\/sites\/5\/2018\/05\/Capacitacion-al-personal-del-IGSS-OPS-epidemiologia-2018-5-768x512.jpg 768w, \/wp-content\/uploads\/sites\/5\/2018\/05\/Capacitacion-al-personal-del-IGSS-OPS-epidemiologia-2018-5-1024x683.jpg 1024w, \/wp-content\/uploads\/sites\/5\/2018\/05\/Capacitacion-al-personal-del-IGSS-OPS-epidemiologia-2018-5-696x464.jpg 696w, \/wp-content\/uploads\/sites\/5\/2018\/05\/Capacitacion-al-personal-del-IGSS-OPS-epidemiologia-2018-5-1068x712.jpg 1068w, \/wp-content\/uploads\/sites\/5\/2018\/05\/Capacitacion-al-personal-del-IGSS-OPS-epidemiologia-2018-5-534x356.jpg 534w, \/wp-content\/uploads\/sites\/5\/2018\/05\/Capacitacion-al-personal-del-IGSS-OPS-epidemiologia-2018-5.jpg 1860w\" sizes=\"(max-width: 630px) 100vw, 630px\" alt=\"\">\r\n                            <\/a>\r\n                            \r\n                        <\/figure>\r\n                    <\/div>\r\n                    <div class = \"td-slide-item td-item6\">\r\n                        <figure class=\"td-slide-galery-figure td-slide-popup-gallery\">\r\n                            <a class=\"slide-gallery-image-link\" href=\"\/wp-content\/uploads\/sites\/5\/2018\/05\/Capacitacion-al-personal-del-IGSS-OPS-epidemiologia-2018-6.jpg\" title=\"Capacitacion al personal del IGSS OPS epidemiologia 2018-6\"  data-caption=\"\"  data-description=\"\">\r\n                                <img decoding=\"async\" src=\"\/wp-content\/uploads\/sites\/5\/2018\/05\/Capacitacion-al-personal-del-IGSS-OPS-epidemiologia-2018-6-630x420.jpg\" srcset=\"\/wp-content\/uploads\/sites\/5\/2018\/05\/Capacitacion-al-personal-del-IGSS-OPS-epidemiologia-2018-6-630x420.jpg 630w, \/wp-content\/uploads\/sites\/5\/2018\/05\/Capacitacion-al-personal-del-IGSS-OPS-epidemiologia-2018-6-1536x1024.jpg 1536w, \/wp-content\/uploads\/sites\/5\/2018\/05\/Capacitacion-al-personal-del-IGSS-OPS-epidemiologia-2018-6-300x200.jpg 300w, \/wp-content\/uploads\/sites\/5\/2018\/05\/Capacitacion-al-personal-del-IGSS-OPS-epidemiologia-2018-6-768x512.jpg 768w, \/wp-content\/uploads\/sites\/5\/2018\/05\/Capacitacion-al-personal-del-IGSS-OPS-epidemiologia-2018-6-1024x683.jpg 1024w, \/wp-content\/uploads\/sites\/5\/2018\/05\/Capacitacion-al-personal-del-IGSS-OPS-epidemiologia-2018-6-696x464.jpg 696w, \/wp-content\/uploads\/sites\/5\/2018\/05\/Capacitacion-al-personal-del-IGSS-OPS-epidemiologia-2018-6-1068x712.jpg 1068w, \/wp-content\/uploads\/sites\/5\/2018\/05\/Capacitacion-al-personal-del-IGSS-OPS-epidemiologia-2018-6-534x356.jpg 534w, \/wp-content\/uploads\/sites\/5\/2018\/05\/Capacitacion-al-personal-del-IGSS-OPS-epidemiologia-2018-6.jpg 1860w\" sizes=\"(max-width: 630px) 100vw, 630px\" alt=\"\">\r\n                            <\/a>\r\n                            \r\n                        <\/figure>\r\n                    <\/div>\r\n                            <\/div>\r\n                        <\/div>\r\n\r\n                        <div class = \"td-doubleSlider-2\">\r\n                            <div class = \"td-slider\">\r\n                                \r\n                    <div class = \"td-button td-item1\">\r\n                        <div class = \"td-border\"><\/div>\r\n                    <\/div>\r\n                    <div class = \"td-button td-item2\">\r\n                        <div class = \"td-border\"><\/div>\r\n                    <\/div>\r\n                    <div class = \"td-button td-item3\">\r\n                        <div class = \"td-border\"><\/div>\r\n                    <\/div>\r\n                    <div class = \"td-button td-item4\">\r\n                        <div class = \"td-border\"><\/div>\r\n                    <\/div>\r\n                    <div class = \"td-button td-item5\">\r\n                        <div class = \"td-border\"><\/div>\r\n                    <\/div>\r\n                    <div class = \"td-button td-item6\">\r\n                        <div class = \"td-border\"><\/div>\r\n                    <\/div>\r\n                            <\/div>\r\n                        <\/div>\r\n\r\n                    <\/div>\r\n\r\n                <\/div>\r\n                \n<hr \/>\n<p>&nbsp;<\/p>\n","protected":false},"excerpt":{"rendered":"<p>&nbsp; Representantes de 32 unidades del Instituto Guatemalteco de Seguridad Social (IGSS) en cuyas instalaciones cuentan con el servicio de hospitalizaci\u00f3n, reciben el taller \u201cM\u00f3dulos de Principios de Epidemiolog\u00eda para el Control de las Enfermedades (Mopece)\u201d, el cual es impartido por el doctor Jes\u00fas Bulux, experto de la Organizaci\u00f3n Panamericana de la Salud (OPS). Entre [&hellip;]<\/p>\n","protected":false},"author":4,"featured_media":4906,"comment_status":"open","ping_status":"open","sticky":false,"template":"","format":"standard","meta":{"footnotes":""},"categories":[3,17,22,29],"tags":[160,324,490,678],"coauthors":[],"class_list":{"0":"post-4902","1":"post","2":"type-post","3":"status-publish","4":"format-standard","5":"has-post-thumbnail","7":"category-actualidad","8":"category-formacion-y-desarrollo","9":"category-opsoms","10":"category-publicaciones","11":"tag-capacitacion","12":"tag-dr-oscar-donis","13":"tag-igss","14":"tag-opsoms"},"_links":{"self":[{"href":"https:\/\/www.igssgt.org\/noticias\/wp-json\/wp\/v2\/posts\/4902","targetHints":{"allow":["GET"]}}],"collection":[{"href":"https:\/\/www.igssgt.org\/noticias\/wp-json\/wp\/v2\/posts"}],"about":[{"href":"https:\/\/www.igssgt.org\/noticias\/wp-json\/wp\/v2\/types\/post"}],"author":[{"embeddable":true,"href":"https:\/\/www.igssgt.org\/noticias\/wp-json\/wp\/v2\/users\/4"}],"replies":[{"embeddable":true,"href":"https:\/\/www.igssgt.org\/noticias\/wp-json\/wp\/v2\/comments?post=4902"}],"version-history":[{"count":0,"href":"https:\/\/www.igssgt.org\/noticias\/wp-json\/wp\/v2\/posts\/4902\/revisions"}],"wp:featuredmedia":[{"embeddable":true,"href":"https:\/\/www.igssgt.org\/noticias\/wp-json\/wp\/v2\/media\/4906"}],"wp:attachment":[{"href":"https:\/\/www.igssgt.org\/noticias\/wp-json\/wp\/v2\/media?parent=4902"}],"wp:term":[{"taxonomy":"category","embeddable":true,"href":"https:\/\/www.igssgt.org\/noticias\/wp-json\/wp\/v2\/categories?post=4902"},{"taxonomy":"post_tag","embeddable":true,"href":"https:\/\/www.igssgt.org\/noticias\/wp-json\/wp\/v2\/tags?post=4902"},{"taxonomy":"author","embeddable":true,"href":"https:\/\/www.igssgt.org\/noticias\/wp-json\/wp\/v2\/coauthors?post=4902"}],"curies":[{"name":"wp","href":"https:\/\/api.w.org\/{rel}","templated":true}]}}